{"id":17911,"date":"2019-02-22T00:16:14","date_gmt":"2019-02-22T00:16:14","guid":{"rendered":"http:\/\/quehacerpolitico.mx\/voces-del-periodista-desde-filomeno-mata-8-mouris-salloum-george-crimen-de-lesa-economia-nacional\/"},"modified":"2019-02-22T00:16:14","modified_gmt":"2019-02-22T00:16:14","slug":"voces-del-periodista-desde-filomeno-mata-8-mouris-salloum-george-crimen-de-lesa-economia-nacional","status":"publish","type":"post","link":"https:\/\/quehacerpolitico.mx\/?p=17911","title":{"rendered":"Voces del Periodista Desde Filomeno Mata 8\/\/\/Mouris Salloum George\/\/\/Crimen de lesa econom\u00eda nacional"},"content":{"rendered":"<h1 class=\"entry-title penci-entry-title penci-title-\">Crimen de lesa econom\u00eda nacional<\/h1>\n<p>Por Mouris Salloum George<br \/>Director General del Club de Periodistas de Mexico AC<\/p>\n<p>Ocurri\u00f3 en el sexenio de <strong>Enrique Pe\u00f1a Nieto<\/strong>: El Servicio de Administraci\u00f3n Tributaria (SAT) acumul\u00f3, de 2012 a 2017, adeudos de impuestos por <strong>3 billones 352 mil millones de pesos<\/strong>. S\u00f3lo recuper\u00f3 un bill\u00f3n 111 mil millones de pesos.<\/p>\n<p>El resto, <strong>m\u00e1s de dos billones de pesos<\/strong>, los convirti\u00f3 el SAT en <strong><em>cr\u00e9ditos fiscales<\/em><\/strong>. De esa suma, un alto porcentaje fue catalogada como <strong><em>incobrable <\/em><\/strong>o <strong><em>incosteable<\/em><\/strong>. Incosteable, \u00bfpara qui\u00e9n?<\/p>\n<p>Se confirma, pues, que la hacienda p\u00fablica federal est\u00e1 colgada con alfileres a cargo de los <strong>contribuyentes cautivos<\/strong>. Los <strong><em>meros cumplidores<\/em><\/strong>.<\/p>\n<p>El <strong>monstruoso hallazgo<\/strong>, que configura un <strong><em>crimen de lesa econom\u00eda nacional <\/em><\/strong>(si nos ponemos exigentes, de lesa <strong>econom\u00eda<\/strong> <strong>popular<\/strong>), corri\u00f3 a cargo de la Auditor\u00eda Superior de la Federaci\u00f3n (ASF).<\/p>\n<p>Los desagregados antes trascritos, aparecen en el tercer informa parcial de la revisi\u00f3n de la Cuenta P\u00fablica de 2017 entregado ayer por la ASF a la Comisi\u00f3n de Vigilancia de la C\u00e1mara de Diputados. Y todav\u00eda falta la revisi\u00f3n de 2018.<\/p>\n<p><strong>El modelo mexicano de la Econom\u00eda criminal<\/strong><\/p>\n<p>En el reverso de esa medalla de cobre aparecen, vistos por nosotros, que no somos auditores federales, dos datos igual de monstruosos: 1) <strong>La corrupci\u00f3n<\/strong> p\u00fablica cuesta a los mexicanos <strong>m\u00e1s de un bill\u00f3n de pesos al a\u00f1o<\/strong>, y 2) <strong>La deuda p\u00fablica<\/strong> ya est\u00e1 por encima de los <strong>10 billones de pesos<\/strong>.<\/p>\n<p>En el periodo documentado por la ASF, despacharon en la Secretar\u00eda de Hacienda y Cr\u00e9dito P\u00fablico los tecn\u00f3cratas neoliberales <strong>Luis Videgaray Caso<\/strong>, <strong>Jos\u00e9 Antonio Meade Kuribre\u00f1a <\/strong>y el ex director del IMSS y Pemex, <strong>Jos\u00e9 Antonio Gonz\u00e1lez Anaya<\/strong>, para m\u00e1s se\u00f1as concu\u00f1o de <strong>Carlos Salinas de Gortari<\/strong>.<\/p>\n<p>Meade Kuribre\u00f1a pretendi\u00f3 ser Presidente de M\u00e9xico, <strong>postulado por el PRI<\/strong>. La intuici\u00f3n de los votantes lo impidi\u00f3.<\/p>\n<p>El anterior hallazgo de la ASF, es s\u00f3lo un cap\u00edtulo m\u00e1s de la implantaci\u00f3n de la <strong>Econom\u00eda criminal <\/strong>en M\u00e9xico. La emocionante serie <strong><em>El Estado neoliberal, sus dise\u00f1adores y perpetradores<\/em><\/strong> contin\u00faa. Si resiste las n\u00e1useas, no se la pierda.<\/p>\n","protected":false},"excerpt":{"rendered":"<p>Crimen de lesa econom\u00eda nacional<br \/>\nPor Mouris Salloum George<br \/>\nDirector General del Club de Periodistas de Mexico AC<\/p>\n","protected":false},"author":2,"featured_media":17910,"comment_status":"open","ping_status":"open","sticky":false,"template":"","format":"standard","meta":{"_monsterinsights_skip_tracking":false,"_monsterinsights_sitenote_active":false,"_monsterinsights_sitenote_note":"","_monsterinsights_sitenote_category":0,"footnotes":""},"categories":[2],"tags":[],"class_list":["post-17911","post","type-post","status-publish","format-standard","has-post-thumbnail","hentry","category-noticias"],"yoast_head":"<!-- This site is optimized with the Yoast SEO plugin v27.3 - https:\/\/yoast.com\/product\/yoast-seo-wordpress\/ -->\n<title>Voces del Periodista Desde Filomeno Mata 8\/\/\/Mouris Salloum George\/\/\/Crimen de lesa econom\u00eda nacional -<\/title>\n<meta name=\"robots\" content=\"index, follow, max-snippet:-1, max-image-preview:large, max-video-preview:-1\" \/>\n<link rel=\"canonical\" href=\"https:\/\/quehacerpolitico.mx\/?p=17911\" \/>\n<meta property=\"og:locale\" content=\"es_MX\" \/>\n<meta property=\"og:type\" content=\"article\" \/>\n<meta property=\"og:title\" content=\"Voces del Periodista Desde Filomeno Mata 8\/\/\/Mouris Salloum George\/\/\/Crimen de lesa econom\u00eda nacional -\" \/>\n<meta property=\"og:description\" content=\"Crimen de lesa econom\u00eda nacional Por Mouris Salloum George Director General del Club de Periodistas de Mexico AC\" \/>\n<meta property=\"og:url\" content=\"https:\/\/quehacerpolitico.mx\/?p=17911\" \/>\n<meta property=\"article:published_time\" content=\"2019-02-22T00:16:14+00:00\" \/>\n<meta name=\"author\" content=\"Redacci\u00f3n QP\" \/>\n<meta name=\"twitter:card\" content=\"summary_large_image\" \/>\n<meta name=\"twitter:label1\" content=\"Escrito por\" \/>\n\t<meta name=\"twitter:data1\" content=\"Redacci\u00f3n QP\" \/>\n\t<meta name=\"twitter:label2\" content=\"Tiempo de lectura\" \/>\n\t<meta name=\"twitter:data2\" content=\"2 minutos\" \/>\n<script type=\"application\/ld+json\" class=\"yoast-schema-graph\">{\"@context\":\"https:\\\/\\\/schema.org\",\"@graph\":[{\"@type\":\"Article\",\"@id\":\"https:\\\/\\\/quehacerpolitico.mx\\\/?p=17911#article\",\"isPartOf\":{\"@id\":\"https:\\\/\\\/quehacerpolitico.mx\\\/?p=17911\"},\"author\":{\"name\":\"Redacci\u00f3n QP\",\"@id\":\"https:\\\/\\\/quehacerpolitico.mx\\\/#\\\/schema\\\/person\\\/496d8ad2d1d3f8036101dca7ee39e585\"},\"headline\":\"Voces del Periodista Desde Filomeno Mata 8\\\/\\\/\\\/Mouris Salloum George\\\/\\\/\\\/Crimen de lesa econom\u00eda nacional\",\"datePublished\":\"2019-02-22T00:16:14+00:00\",\"mainEntityOfPage\":{\"@id\":\"https:\\\/\\\/quehacerpolitico.mx\\\/?p=17911\"},\"wordCount\":394,\"commentCount\":0,\"image\":{\"@id\":\"https:\\\/\\\/quehacerpolitico.mx\\\/?p=17911#primaryimage\"},\"thumbnailUrl\":\"\",\"articleSection\":[\"Noticias\"],\"inLanguage\":\"es\",\"potentialAction\":[{\"@type\":\"CommentAction\",\"name\":\"Comment\",\"target\":[\"https:\\\/\\\/quehacerpolitico.mx\\\/?p=17911#respond\"]}]},{\"@type\":\"WebPage\",\"@id\":\"https:\\\/\\\/quehacerpolitico.mx\\\/?p=17911\",\"url\":\"https:\\\/\\\/quehacerpolitico.mx\\\/?p=17911\",\"name\":\"Voces del Periodista Desde Filomeno Mata 8\\\/\\\/\\\/Mouris Salloum George\\\/\\\/\\\/Crimen de lesa econom\u00eda nacional -\",\"isPartOf\":{\"@id\":\"https:\\\/\\\/quehacerpolitico.mx\\\/#website\"},\"primaryImageOfPage\":{\"@id\":\"https:\\\/\\\/quehacerpolitico.mx\\\/?p=17911#primaryimage\"},\"image\":{\"@id\":\"https:\\\/\\\/quehacerpolitico.mx\\\/?p=17911#primaryimage\"},\"thumbnailUrl\":\"\",\"datePublished\":\"2019-02-22T00:16:14+00:00\",\"author\":{\"@id\":\"https:\\\/\\\/quehacerpolitico.mx\\\/#\\\/schema\\\/person\\\/496d8ad2d1d3f8036101dca7ee39e585\"},\"breadcrumb\":{\"@id\":\"https:\\\/\\\/quehacerpolitico.mx\\\/?p=17911#breadcrumb\"},\"inLanguage\":\"es\",\"potentialAction\":[{\"@type\":\"ReadAction\",\"target\":[\"https:\\\/\\\/quehacerpolitico.mx\\\/?p=17911\"]}]},{\"@type\":\"ImageObject\",\"inLanguage\":\"es\",\"@id\":\"https:\\\/\\\/quehacerpolitico.mx\\\/?p=17911#primaryimage\",\"url\":\"\",\"contentUrl\":\"\"},{\"@type\":\"BreadcrumbList\",\"@id\":\"https:\\\/\\\/quehacerpolitico.mx\\\/?p=17911#breadcrumb\",\"itemListElement\":[{\"@type\":\"ListItem\",\"position\":1,\"name\":\"Inicio\",\"item\":\"https:\\\/\\\/quehacerpolitico.mx\\\/\"},{\"@type\":\"ListItem\",\"position\":2,\"name\":\"Voces del Periodista Desde Filomeno Mata 8\\\/\\\/\\\/Mouris Salloum George\\\/\\\/\\\/Crimen de lesa econom\u00eda nacional\"}]},{\"@type\":\"WebSite\",\"@id\":\"https:\\\/\\\/quehacerpolitico.mx\\\/#website\",\"url\":\"https:\\\/\\\/quehacerpolitico.mx\\\/\",\"name\":\"\",\"description\":\"\",\"potentialAction\":[{\"@type\":\"SearchAction\",\"target\":{\"@type\":\"EntryPoint\",\"urlTemplate\":\"https:\\\/\\\/quehacerpolitico.mx\\\/?s={search_term_string}\"},\"query-input\":{\"@type\":\"PropertyValueSpecification\",\"valueRequired\":true,\"valueName\":\"search_term_string\"}}],\"inLanguage\":\"es\"},{\"@type\":\"Person\",\"@id\":\"https:\\\/\\\/quehacerpolitico.mx\\\/#\\\/schema\\\/person\\\/496d8ad2d1d3f8036101dca7ee39e585\",\"name\":\"Redacci\u00f3n QP\",\"image\":{\"@type\":\"ImageObject\",\"inLanguage\":\"es\",\"@id\":\"https:\\\/\\\/secure.gravatar.com\\\/avatar\\\/c7164ed6fdec453195284ad24a5ae5b6e1eed2b848477fa2a4787ba9adf39a41?s=96&d=mm&r=g\",\"url\":\"https:\\\/\\\/secure.gravatar.com\\\/avatar\\\/c7164ed6fdec453195284ad24a5ae5b6e1eed2b848477fa2a4787ba9adf39a41?s=96&d=mm&r=g\",\"contentUrl\":\"https:\\\/\\\/secure.gravatar.com\\\/avatar\\\/c7164ed6fdec453195284ad24a5ae5b6e1eed2b848477fa2a4787ba9adf39a41?s=96&d=mm&r=g\",\"caption\":\"Redacci\u00f3n QP\"},\"url\":\"https:\\\/\\\/quehacerpolitico.mx\\\/?author=2\"}]}<\/script>\n<!-- \/ Yoast SEO plugin. -->","yoast_head_json":{"title":"Voces del Periodista Desde Filomeno Mata 8\/\/\/Mouris Salloum George\/\/\/Crimen de lesa econom\u00eda nacional -","robots":{"index":"index","follow":"follow","max-snippet":"max-snippet:-1","max-image-preview":"max-image-preview:large","max-video-preview":"max-video-preview:-1"},"canonical":"https:\/\/quehacerpolitico.mx\/?p=17911","og_locale":"es_MX","og_type":"article","og_title":"Voces del Periodista Desde Filomeno Mata 8\/\/\/Mouris Salloum George\/\/\/Crimen de lesa econom\u00eda nacional -","og_description":"Crimen de lesa econom\u00eda nacional Por Mouris Salloum George Director General del Club de Periodistas de Mexico AC","og_url":"https:\/\/quehacerpolitico.mx\/?p=17911","article_published_time":"2019-02-22T00:16:14+00:00","author":"Redacci\u00f3n QP","twitter_card":"summary_large_image","twitter_misc":{"Escrito por":"Redacci\u00f3n QP","Tiempo de lectura":"2 minutos"},"schema":{"@context":"https:\/\/schema.org","@graph":[{"@type":"Article","@id":"https:\/\/quehacerpolitico.mx\/?p=17911#article","isPartOf":{"@id":"https:\/\/quehacerpolitico.mx\/?p=17911"},"author":{"name":"Redacci\u00f3n QP","@id":"https:\/\/quehacerpolitico.mx\/#\/schema\/person\/496d8ad2d1d3f8036101dca7ee39e585"},"headline":"Voces del Periodista Desde Filomeno Mata 8\/\/\/Mouris Salloum George\/\/\/Crimen de lesa econom\u00eda nacional","datePublished":"2019-02-22T00:16:14+00:00","mainEntityOfPage":{"@id":"https:\/\/quehacerpolitico.mx\/?p=17911"},"wordCount":394,"commentCount":0,"image":{"@id":"https:\/\/quehacerpolitico.mx\/?p=17911#primaryimage"},"thumbnailUrl":"","articleSection":["Noticias"],"inLanguage":"es","potentialAction":[{"@type":"CommentAction","name":"Comment","target":["https:\/\/quehacerpolitico.mx\/?p=17911#respond"]}]},{"@type":"WebPage","@id":"https:\/\/quehacerpolitico.mx\/?p=17911","url":"https:\/\/quehacerpolitico.mx\/?p=17911","name":"Voces del Periodista Desde Filomeno Mata 8\/\/\/Mouris Salloum George\/\/\/Crimen de lesa econom\u00eda nacional -","isPartOf":{"@id":"https:\/\/quehacerpolitico.mx\/#website"},"primaryImageOfPage":{"@id":"https:\/\/quehacerpolitico.mx\/?p=17911#primaryimage"},"image":{"@id":"https:\/\/quehacerpolitico.mx\/?p=17911#primaryimage"},"thumbnailUrl":"","datePublished":"2019-02-22T00:16:14+00:00","author":{"@id":"https:\/\/quehacerpolitico.mx\/#\/schema\/person\/496d8ad2d1d3f8036101dca7ee39e585"},"breadcrumb":{"@id":"https:\/\/quehacerpolitico.mx\/?p=17911#breadcrumb"},"inLanguage":"es","potentialAction":[{"@type":"ReadAction","target":["https:\/\/quehacerpolitico.mx\/?p=17911"]}]},{"@type":"ImageObject","inLanguage":"es","@id":"https:\/\/quehacerpolitico.mx\/?p=17911#primaryimage","url":"","contentUrl":""},{"@type":"BreadcrumbList","@id":"https:\/\/quehacerpolitico.mx\/?p=17911#breadcrumb","itemListElement":[{"@type":"ListItem","position":1,"name":"Inicio","item":"https:\/\/quehacerpolitico.mx\/"},{"@type":"ListItem","position":2,"name":"Voces del Periodista Desde Filomeno Mata 8\/\/\/Mouris Salloum George\/\/\/Crimen de lesa econom\u00eda nacional"}]},{"@type":"WebSite","@id":"https:\/\/quehacerpolitico.mx\/#website","url":"https:\/\/quehacerpolitico.mx\/","name":"","description":"","potentialAction":[{"@type":"SearchAction","target":{"@type":"EntryPoint","urlTemplate":"https:\/\/quehacerpolitico.mx\/?s={search_term_string}"},"query-input":{"@type":"PropertyValueSpecification","valueRequired":true,"valueName":"search_term_string"}}],"inLanguage":"es"},{"@type":"Person","@id":"https:\/\/quehacerpolitico.mx\/#\/schema\/person\/496d8ad2d1d3f8036101dca7ee39e585","name":"Redacci\u00f3n QP","image":{"@type":"ImageObject","inLanguage":"es","@id":"https:\/\/secure.gravatar.com\/avatar\/c7164ed6fdec453195284ad24a5ae5b6e1eed2b848477fa2a4787ba9adf39a41?s=96&d=mm&r=g","url":"https:\/\/secure.gravatar.com\/avatar\/c7164ed6fdec453195284ad24a5ae5b6e1eed2b848477fa2a4787ba9adf39a41?s=96&d=mm&r=g","contentUrl":"https:\/\/secure.gravatar.com\/avatar\/c7164ed6fdec453195284ad24a5ae5b6e1eed2b848477fa2a4787ba9adf39a41?s=96&d=mm&r=g","caption":"Redacci\u00f3n QP"},"url":"https:\/\/quehacerpolitico.mx\/?author=2"}]}},"featured_image_urls":{"full":"","thumbnail":"","medium":"","medium_large":"","large":"","1536x1536":"","2048x2048":"","covernews-featured":"","covernews-medium":""},"author_info":{"display_name":"Redacci\u00f3n QP","author_link":"https:\/\/quehacerpolitico.mx\/?author=2"},"category_info":"<a href=\"https:\/\/quehacerpolitico.mx\/?cat=2\" rel=\"category\">Noticias<\/a>","tag_info":"Noticias","comment_count":"0","_links":{"self":[{"href":"https:\/\/quehacerpolitico.mx\/index.php?rest_route=\/wp\/v2\/posts\/17911","targetHints":{"allow":["GET"]}}],"collection":[{"href":"https:\/\/quehacerpolitico.mx\/index.php?rest_route=\/wp\/v2\/posts"}],"about":[{"href":"https:\/\/quehacerpolitico.mx\/index.php?rest_route=\/wp\/v2\/types\/post"}],"author":[{"embeddable":true,"href":"https:\/\/quehacerpolitico.mx\/index.php?rest_route=\/wp\/v2\/users\/2"}],"replies":[{"embeddable":true,"href":"https:\/\/quehacerpolitico.mx\/index.php?rest_route=%2Fwp%2Fv2%2Fcomments&post=17911"}],"version-history":[{"count":0,"href":"https:\/\/quehacerpolitico.mx\/index.php?rest_route=\/wp\/v2\/posts\/17911\/revisions"}],"wp:featuredmedia":[{"embeddable":true,"href":"https:\/\/quehacerpolitico.mx\/index.php?rest_route=\/"}],"wp:attachment":[{"href":"https:\/\/quehacerpolitico.mx\/index.php?rest_route=%2Fwp%2Fv2%2Fmedia&parent=17911"}],"wp:term":[{"taxonomy":"category","embeddable":true,"href":"https:\/\/quehacerpolitico.mx\/index.php?rest_route=%2Fwp%2Fv2%2Fcategories&post=17911"},{"taxonomy":"post_tag","embeddable":true,"href":"https:\/\/quehacerpolitico.mx\/index.php?rest_route=%2Fwp%2Fv2%2Ftags&post=17911"}],"curies":[{"name":"wp","href":"https:\/\/api.w.org\/{rel}","templated":true}]}}