{"id":17905,"date":"2019-02-21T21:29:39","date_gmt":"2019-02-21T21:29:39","guid":{"rendered":"http:\/\/quehacerpolitico.mx\/hulkenberg-cierra-primera-semana-de-practicas-con-el-mejor-tiempo\/"},"modified":"2019-02-21T21:29:39","modified_gmt":"2019-02-21T21:29:39","slug":"hulkenberg-cierra-primera-semana-de-practicas-con-el-mejor-tiempo","status":"publish","type":"post","link":"https:\/\/quehacerpolitico.mx\/?p=17905","title":{"rendered":"H\u00fclkenberg cierra primera semana de pr\u00e1cticas con el mejor tiempo"},"content":{"rendered":"<h1 class=\"news-title\">H\u00fclkenberg cierra primera semana de pr\u00e1cticas con el mejor tiempo<\/h1>\n<p>Por Redacci\u00f3n QP<\/p>\n<header class=\"news-header\">\n<div class=\"news-subtitle\">\n<p>El piloto de alem\u00e1n de Renault termina en el primer lugar este jueves en\u00a0el circuito de Barcelona-Catalu\u00f1a<\/p>\n<\/div>\n<\/header>\n<div class=\"news-content\">\n<div class=\"news-body row\">\n<p><strong>El alem\u00e1n Nico Hulkenberg\u00a0(Renault) se apunt\u00f3 este jueves el mejor tiempo de los cuatro primeros d\u00edas de entrenamiento de la pretemporada de F\u00f3rmula Uno,<\/strong> que tuvieron lugar en el circuito de Barcelona-Catalu\u00f1a, al parar el cron\u00f3metro en 1:17.393.<\/p>\n<p><strong>La semana inaugural<\/strong> de test de la pretemporada 2019 se <strong>cerr\u00f3 con un motor Renault en lo m\u00e1s alto, tras el dominio de los tiempos del propulsor Ferrari el lunes y el martes, y la victoria de un motor Honda el mi\u00e9rcoles,<\/strong>gracias a la vuelta que consigui\u00f3 el ruso Daniil Kvyat a los mandos de su Toro Rosso.<\/p>\n<p>Los Mercedes\u00a0por su parte, no lograron estar en el podio en ninguna de las cuatro jornadas, dada su estrategia, centrada en medir la fiabilidad del coche y su respuesta al desgaste. Aun as\u00ed, este jueves tanto el finland\u00e9s Valtteri Bottas como el ingl\u00e9s Lewis Hamilton se colocaron entre los cinco mejores tiempos, dando 115 vueltas entre ambos.<\/p>\n<blockquote class=\"twitter-tweet\" data-width=\"550\" data-dnt=\"true\">\n<p lang=\"en\" dir=\"ltr\">WEEK ONE = DONE \u2705<\/p>\n<p>The Renault pair are split at the top of the timesheets by <a href=\"https:\/\/twitter.com\/alex_albon?ref_src=twsrc%5Etfw\">@alex_albon<\/a> \ud83d\udcaa<\/p>\n<p>1\u20e31\u20e34\u20e36\u20e3 laps completed on Day 4 &#8211; that&#39;s more than 17 race distances!<a href=\"https:\/\/twitter.com\/hashtag\/F1?src=hash&amp;ref_src=twsrc%5Etfw\">#F1<\/a> <a href=\"https:\/\/twitter.com\/hashtag\/F1Testing?src=hash&amp;ref_src=twsrc%5Etfw\">#F1Testing<\/a> <a href=\"https:\/\/t.co\/WK9wFg49Yd\">pic.twitter.com\/WK9wFg49Yd<\/a><\/p>\n<p>&mdash; Formula 1 (@F1) <a href=\"https:\/\/twitter.com\/F1\/status\/1098634683120828417?ref_src=twsrc%5Etfw\">February 21, 2019<\/a><\/p><\/blockquote>\n<p><script async src=\"https:\/\/platform.twitter.com\/widgets.js\" charset=\"utf-8\"><\/script><\/p>\n<p>El equipo <strong>Ferrari demostr\u00f3 a lo largo de todos los entrenamientos la voluntad de recuperar terreno a Mercedes y consigui\u00f3 los dos primeros d\u00edas los mejores tiempos,<\/strong> adem\u00e1s de acumular durante cada sesi\u00f3n m\u00e1s de 130 vueltas de pruebas.<\/p>\n<p>El nuevo piloto de Ferrari,\u00a0<strong>el monegasco Charles Leclerc, dej\u00f3 grandes sensaciones en su estreno con la escuder\u00eda italiana,<\/strong> tanto por tiempos como por sensaciones.<\/p>\n<p>Quien tambi\u00e9n quiere certificar su resurgimiento es Mc Laren. La formaci\u00f3n brit\u00e1nica acumul\u00f3 muchos kil\u00f3metros al superar ampliamente los 400 pasos por meta en esta primera semana, adem\u00e1s de firmar, mediante el espa\u00f1ol Carlos Sainz el lunes y Lando Norris el martes, el segundo mejor tiempo del d\u00eda, aunque con neum\u00e1ticos ultrablandos.<\/p>\n<p><strong>Los pilotos novatos dejaron su impacto en el trazado de Montmel\u00f3.<\/strong> El m\u00e1s destacado de los cuatro debutantes -el italiano Antonio Giovinazzi, el tailand\u00e9s de origen brit\u00e1nico Alex Albon y los brit\u00e1nicos Lando Norris y George Russell- fue Albon, que consigui\u00f3 grandes tiempos, entre ellos el mejor del mi\u00e9rcoles, al volante de su Toro Rosso.<\/p>\n<p>Alfa Romei -antigua Sauber- dej\u00f3 buenas sensaciones con la mezcla de veteran\u00eda y juventud que aportan sus pilotos: el finland\u00e9s Kimi Raikkonen y Giovinazzi.<\/p>\n<p><strong>La escuder\u00eda peor parada en esta primera semana de entrenamientos fue Williams,<\/strong> que no sac\u00f3 un coche a pista hasta el mi\u00e9rcoles y que el jueves se qued\u00f3 a 3.604 segundos de la cabeza.<\/p>\n<p>La pretemporada se reanudar\u00e1 en el circuito Barcelona-Catalu\u00f1a, donde todav\u00eda quedan cuatro d\u00edas de pruebas, el pr\u00f3ximo martes a las 09:00 horas locales.<\/p>\n<\/div>\n<\/div>\n","protected":false},"excerpt":{"rendered":"<p>H\u00fclkenberg cierra primera semana de pr\u00e1cticas con el mejor tiempo<br \/>\nPor Redacci\u00f3n QP<\/p>\n","protected":false},"author":2,"featured_media":17904,"comment_status":"open","ping_status":"open","sticky":false,"template":"","format":"standard","meta":{"_monsterinsights_skip_tracking":false,"_monsterinsights_sitenote_active":false,"_monsterinsights_sitenote_note":"","_monsterinsights_sitenote_category":0,"footnotes":""},"categories":[54],"tags":[],"class_list":["post-17905","post","type-post","status-publish","format-standard","has-post-thumbnail","hentry","category-deportes"],"yoast_head":"<!-- This site is optimized with the Yoast SEO plugin v27.3 - https:\/\/yoast.com\/product\/yoast-seo-wordpress\/ -->\n<title>H\u00fclkenberg cierra primera semana de pr\u00e1cticas con el mejor tiempo -<\/title>\n<meta name=\"robots\" content=\"index, follow, max-snippet:-1, max-image-preview:large, max-video-preview:-1\" \/>\n<link rel=\"canonical\" href=\"https:\/\/quehacerpolitico.mx\/?p=17905\" \/>\n<meta property=\"og:locale\" content=\"es_MX\" \/>\n<meta property=\"og:type\" content=\"article\" \/>\n<meta property=\"og:title\" content=\"H\u00fclkenberg cierra primera semana de pr\u00e1cticas con el mejor tiempo -\" \/>\n<meta property=\"og:description\" content=\"H\u00fclkenberg cierra primera semana de pr\u00e1cticas con el mejor tiempo Por Redacci\u00f3n QP\" \/>\n<meta property=\"og:url\" content=\"https:\/\/quehacerpolitico.mx\/?p=17905\" \/>\n<meta property=\"article:published_time\" content=\"2019-02-21T21:29:39+00:00\" \/>\n<meta name=\"author\" content=\"Redacci\u00f3n QP\" \/>\n<meta name=\"twitter:card\" content=\"summary_large_image\" \/>\n<meta name=\"twitter:label1\" content=\"Escrito por\" \/>\n\t<meta name=\"twitter:data1\" content=\"Redacci\u00f3n QP\" \/>\n\t<meta name=\"twitter:label2\" content=\"Tiempo de lectura\" \/>\n\t<meta name=\"twitter:data2\" content=\"2 minutos\" \/>\n<script type=\"application\/ld+json\" class=\"yoast-schema-graph\">{\"@context\":\"https:\\\/\\\/schema.org\",\"@graph\":[{\"@type\":\"Article\",\"@id\":\"https:\\\/\\\/quehacerpolitico.mx\\\/?p=17905#article\",\"isPartOf\":{\"@id\":\"https:\\\/\\\/quehacerpolitico.mx\\\/?p=17905\"},\"author\":{\"name\":\"Redacci\u00f3n QP\",\"@id\":\"https:\\\/\\\/quehacerpolitico.mx\\\/#\\\/schema\\\/person\\\/496d8ad2d1d3f8036101dca7ee39e585\"},\"headline\":\"H\u00fclkenberg cierra primera semana de pr\u00e1cticas con el mejor tiempo\",\"datePublished\":\"2019-02-21T21:29:39+00:00\",\"mainEntityOfPage\":{\"@id\":\"https:\\\/\\\/quehacerpolitico.mx\\\/?p=17905\"},\"wordCount\":490,\"commentCount\":0,\"image\":{\"@id\":\"https:\\\/\\\/quehacerpolitico.mx\\\/?p=17905#primaryimage\"},\"thumbnailUrl\":\"\",\"articleSection\":[\"Deportes\"],\"inLanguage\":\"es\",\"potentialAction\":[{\"@type\":\"CommentAction\",\"name\":\"Comment\",\"target\":[\"https:\\\/\\\/quehacerpolitico.mx\\\/?p=17905#respond\"]}]},{\"@type\":\"WebPage\",\"@id\":\"https:\\\/\\\/quehacerpolitico.mx\\\/?p=17905\",\"url\":\"https:\\\/\\\/quehacerpolitico.mx\\\/?p=17905\",\"name\":\"H\u00fclkenberg cierra primera semana de pr\u00e1cticas con el mejor tiempo -\",\"isPartOf\":{\"@id\":\"https:\\\/\\\/quehacerpolitico.mx\\\/#website\"},\"primaryImageOfPage\":{\"@id\":\"https:\\\/\\\/quehacerpolitico.mx\\\/?p=17905#primaryimage\"},\"image\":{\"@id\":\"https:\\\/\\\/quehacerpolitico.mx\\\/?p=17905#primaryimage\"},\"thumbnailUrl\":\"\",\"datePublished\":\"2019-02-21T21:29:39+00:00\",\"author\":{\"@id\":\"https:\\\/\\\/quehacerpolitico.mx\\\/#\\\/schema\\\/person\\\/496d8ad2d1d3f8036101dca7ee39e585\"},\"breadcrumb\":{\"@id\":\"https:\\\/\\\/quehacerpolitico.mx\\\/?p=17905#breadcrumb\"},\"inLanguage\":\"es\",\"potentialAction\":[{\"@type\":\"ReadAction\",\"target\":[\"https:\\\/\\\/quehacerpolitico.mx\\\/?p=17905\"]}]},{\"@type\":\"ImageObject\",\"inLanguage\":\"es\",\"@id\":\"https:\\\/\\\/quehacerpolitico.mx\\\/?p=17905#primaryimage\",\"url\":\"\",\"contentUrl\":\"\"},{\"@type\":\"BreadcrumbList\",\"@id\":\"https:\\\/\\\/quehacerpolitico.mx\\\/?p=17905#breadcrumb\",\"itemListElement\":[{\"@type\":\"ListItem\",\"position\":1,\"name\":\"Inicio\",\"item\":\"https:\\\/\\\/quehacerpolitico.mx\\\/\"},{\"@type\":\"ListItem\",\"position\":2,\"name\":\"H\u00fclkenberg cierra primera semana de pr\u00e1cticas con el mejor tiempo\"}]},{\"@type\":\"WebSite\",\"@id\":\"https:\\\/\\\/quehacerpolitico.mx\\\/#website\",\"url\":\"https:\\\/\\\/quehacerpolitico.mx\\\/\",\"name\":\"\",\"description\":\"\",\"potentialAction\":[{\"@type\":\"SearchAction\",\"target\":{\"@type\":\"EntryPoint\",\"urlTemplate\":\"https:\\\/\\\/quehacerpolitico.mx\\\/?s={search_term_string}\"},\"query-input\":{\"@type\":\"PropertyValueSpecification\",\"valueRequired\":true,\"valueName\":\"search_term_string\"}}],\"inLanguage\":\"es\"},{\"@type\":\"Person\",\"@id\":\"https:\\\/\\\/quehacerpolitico.mx\\\/#\\\/schema\\\/person\\\/496d8ad2d1d3f8036101dca7ee39e585\",\"name\":\"Redacci\u00f3n QP\",\"image\":{\"@type\":\"ImageObject\",\"inLanguage\":\"es\",\"@id\":\"https:\\\/\\\/secure.gravatar.com\\\/avatar\\\/c7164ed6fdec453195284ad24a5ae5b6e1eed2b848477fa2a4787ba9adf39a41?s=96&d=mm&r=g\",\"url\":\"https:\\\/\\\/secure.gravatar.com\\\/avatar\\\/c7164ed6fdec453195284ad24a5ae5b6e1eed2b848477fa2a4787ba9adf39a41?s=96&d=mm&r=g\",\"contentUrl\":\"https:\\\/\\\/secure.gravatar.com\\\/avatar\\\/c7164ed6fdec453195284ad24a5ae5b6e1eed2b848477fa2a4787ba9adf39a41?s=96&d=mm&r=g\",\"caption\":\"Redacci\u00f3n QP\"},\"url\":\"https:\\\/\\\/quehacerpolitico.mx\\\/?author=2\"}]}<\/script>\n<!-- \/ Yoast SEO plugin. -->","yoast_head_json":{"title":"H\u00fclkenberg cierra primera semana de pr\u00e1cticas con el mejor tiempo -","robots":{"index":"index","follow":"follow","max-snippet":"max-snippet:-1","max-image-preview":"max-image-preview:large","max-video-preview":"max-video-preview:-1"},"canonical":"https:\/\/quehacerpolitico.mx\/?p=17905","og_locale":"es_MX","og_type":"article","og_title":"H\u00fclkenberg cierra primera semana de pr\u00e1cticas con el mejor tiempo -","og_description":"H\u00fclkenberg cierra primera semana de pr\u00e1cticas con el mejor tiempo Por Redacci\u00f3n QP","og_url":"https:\/\/quehacerpolitico.mx\/?p=17905","article_published_time":"2019-02-21T21:29:39+00:00","author":"Redacci\u00f3n QP","twitter_card":"summary_large_image","twitter_misc":{"Escrito por":"Redacci\u00f3n QP","Tiempo de lectura":"2 minutos"},"schema":{"@context":"https:\/\/schema.org","@graph":[{"@type":"Article","@id":"https:\/\/quehacerpolitico.mx\/?p=17905#article","isPartOf":{"@id":"https:\/\/quehacerpolitico.mx\/?p=17905"},"author":{"name":"Redacci\u00f3n QP","@id":"https:\/\/quehacerpolitico.mx\/#\/schema\/person\/496d8ad2d1d3f8036101dca7ee39e585"},"headline":"H\u00fclkenberg cierra primera semana de pr\u00e1cticas con el mejor tiempo","datePublished":"2019-02-21T21:29:39+00:00","mainEntityOfPage":{"@id":"https:\/\/quehacerpolitico.mx\/?p=17905"},"wordCount":490,"commentCount":0,"image":{"@id":"https:\/\/quehacerpolitico.mx\/?p=17905#primaryimage"},"thumbnailUrl":"","articleSection":["Deportes"],"inLanguage":"es","potentialAction":[{"@type":"CommentAction","name":"Comment","target":["https:\/\/quehacerpolitico.mx\/?p=17905#respond"]}]},{"@type":"WebPage","@id":"https:\/\/quehacerpolitico.mx\/?p=17905","url":"https:\/\/quehacerpolitico.mx\/?p=17905","name":"H\u00fclkenberg cierra primera semana de pr\u00e1cticas con el mejor tiempo -","isPartOf":{"@id":"https:\/\/quehacerpolitico.mx\/#website"},"primaryImageOfPage":{"@id":"https:\/\/quehacerpolitico.mx\/?p=17905#primaryimage"},"image":{"@id":"https:\/\/quehacerpolitico.mx\/?p=17905#primaryimage"},"thumbnailUrl":"","datePublished":"2019-02-21T21:29:39+00:00","author":{"@id":"https:\/\/quehacerpolitico.mx\/#\/schema\/person\/496d8ad2d1d3f8036101dca7ee39e585"},"breadcrumb":{"@id":"https:\/\/quehacerpolitico.mx\/?p=17905#breadcrumb"},"inLanguage":"es","potentialAction":[{"@type":"ReadAction","target":["https:\/\/quehacerpolitico.mx\/?p=17905"]}]},{"@type":"ImageObject","inLanguage":"es","@id":"https:\/\/quehacerpolitico.mx\/?p=17905#primaryimage","url":"","contentUrl":""},{"@type":"BreadcrumbList","@id":"https:\/\/quehacerpolitico.mx\/?p=17905#breadcrumb","itemListElement":[{"@type":"ListItem","position":1,"name":"Inicio","item":"https:\/\/quehacerpolitico.mx\/"},{"@type":"ListItem","position":2,"name":"H\u00fclkenberg cierra primera semana de pr\u00e1cticas con el mejor tiempo"}]},{"@type":"WebSite","@id":"https:\/\/quehacerpolitico.mx\/#website","url":"https:\/\/quehacerpolitico.mx\/","name":"","description":"","potentialAction":[{"@type":"SearchAction","target":{"@type":"EntryPoint","urlTemplate":"https:\/\/quehacerpolitico.mx\/?s={search_term_string}"},"query-input":{"@type":"PropertyValueSpecification","valueRequired":true,"valueName":"search_term_string"}}],"inLanguage":"es"},{"@type":"Person","@id":"https:\/\/quehacerpolitico.mx\/#\/schema\/person\/496d8ad2d1d3f8036101dca7ee39e585","name":"Redacci\u00f3n QP","image":{"@type":"ImageObject","inLanguage":"es","@id":"https:\/\/secure.gravatar.com\/avatar\/c7164ed6fdec453195284ad24a5ae5b6e1eed2b848477fa2a4787ba9adf39a41?s=96&d=mm&r=g","url":"https:\/\/secure.gravatar.com\/avatar\/c7164ed6fdec453195284ad24a5ae5b6e1eed2b848477fa2a4787ba9adf39a41?s=96&d=mm&r=g","contentUrl":"https:\/\/secure.gravatar.com\/avatar\/c7164ed6fdec453195284ad24a5ae5b6e1eed2b848477fa2a4787ba9adf39a41?s=96&d=mm&r=g","caption":"Redacci\u00f3n QP"},"url":"https:\/\/quehacerpolitico.mx\/?author=2"}]}},"featured_image_urls":{"full":"","thumbnail":"","medium":"","medium_large":"","large":"","1536x1536":"","2048x2048":"","covernews-featured":"","covernews-medium":""},"author_info":{"display_name":"Redacci\u00f3n QP","author_link":"https:\/\/quehacerpolitico.mx\/?author=2"},"category_info":"<a href=\"https:\/\/quehacerpolitico.mx\/?cat=54\" rel=\"category\">Deportes<\/a>","tag_info":"Deportes","comment_count":"0","_links":{"self":[{"href":"https:\/\/quehacerpolitico.mx\/index.php?rest_route=\/wp\/v2\/posts\/17905","targetHints":{"allow":["GET"]}}],"collection":[{"href":"https:\/\/quehacerpolitico.mx\/index.php?rest_route=\/wp\/v2\/posts"}],"about":[{"href":"https:\/\/quehacerpolitico.mx\/index.php?rest_route=\/wp\/v2\/types\/post"}],"author":[{"embeddable":true,"href":"https:\/\/quehacerpolitico.mx\/index.php?rest_route=\/wp\/v2\/users\/2"}],"replies":[{"embeddable":true,"href":"https:\/\/quehacerpolitico.mx\/index.php?rest_route=%2Fwp%2Fv2%2Fcomments&post=17905"}],"version-history":[{"count":0,"href":"https:\/\/quehacerpolitico.mx\/index.php?rest_route=\/wp\/v2\/posts\/17905\/revisions"}],"wp:featuredmedia":[{"embeddable":true,"href":"https:\/\/quehacerpolitico.mx\/index.php?rest_route=\/"}],"wp:attachment":[{"href":"https:\/\/quehacerpolitico.mx\/index.php?rest_route=%2Fwp%2Fv2%2Fmedia&parent=17905"}],"wp:term":[{"taxonomy":"category","embeddable":true,"href":"https:\/\/quehacerpolitico.mx\/index.php?rest_route=%2Fwp%2Fv2%2Fcategories&post=17905"},{"taxonomy":"post_tag","embeddable":true,"href":"https:\/\/quehacerpolitico.mx\/index.php?rest_route=%2Fwp%2Fv2%2Ftags&post=17905"}],"curies":[{"name":"wp","href":"https:\/\/api.w.org\/{rel}","templated":true}]}}