{"id":17902,"date":"2019-02-21T21:21:05","date_gmt":"2019-02-21T21:21:05","guid":{"rendered":"http:\/\/quehacerpolitico.mx\/logramos-un-documento-historico-y-unificado-sobre-guardia-nacional-senado\/"},"modified":"2019-02-21T21:21:05","modified_gmt":"2019-02-21T21:21:05","slug":"logramos-un-documento-historico-y-unificado-sobre-guardia-nacional-senado","status":"publish","type":"post","link":"https:\/\/quehacerpolitico.mx\/?p=17902","title":{"rendered":"Logramos un documento hist\u00f3rico y unificado sobre Guardia Nacional: Senado"},"content":{"rendered":"<h1 class=\"news-title\">Logramos un documento hist\u00f3rico y unificado sobre Guardia Nacional: Senado<\/h1>\n<p>Por Redacci\u00f3n QP<\/p>\n<header class=\"news-header\">\n<div class=\"news-subtitle\">\n<p>Con el consenso de todas las fuerzas pol\u00edticas; tendr\u00e1 un mando civil y no militar, como propone L\u00f3pez Obrador<\/p>\n<\/div>\n<\/header>\n<div class=\"news-content\">\n<div class=\"news-body row\">\n<p>El Senado alcanz\u00f3 los acuerdos necesarios para la aprobaci\u00f3n del dictamen que crea la Guardia Nacional, con el consenso de todas las fuerzas pol\u00edticas.<\/p>\n<p>En conferencia de prensa <strong>el coordinador de Morena, Ricardo Monreal, se congratul\u00f3 del proyecto modificado que ser\u00e1 publicado en la Gaceta Parlamentaria<\/strong>, y que se discutir\u00e1 y eventualmente ser\u00e1 aprobar\u00e1 en el pleno en las pr\u00f3ximas horas.<\/p>\n<p>&#8220;Me alegra que hoy estemos celebrando un acuerdo hist\u00f3rico, siempre ha sido complicado y complejo en este camino. <strong>El acuerdo es por unanimidad, en el pleno se leer\u00e1 el dictamen con modificaciones, que posteriormente avalaremos por unanimidad&#8221;, sostuvo<\/strong>.<\/p>\n<p><strong>Monreal \u00c1vila asent\u00f3 que la Guardia Nacional &#8220;no va a sustituir a las polic\u00edas estatales y municipales<\/strong>, ser\u00e1 una instituci\u00f3n federal que actuar\u00e1 de manera subsidiaria apoyando a \u00e9stas seg\u00fan sus necesidades, por lo que la Guardia responde al respeto del federalismo.<\/p>\n<p>&#8220;Un cuerpo policial especial, disciplinado, dotado de una nueva arquitectura para enfrentar la inseguridad, eficiente en su actuar y que cuente con la confianza de los ciudadanos. La base de la Guardia ser\u00e1 la Polic\u00eda Militar, Naval y Federal, con capacitaci\u00f3n adicional, van hacer homologados en disciplina jerarqu\u00eda, y el car\u00e1cter ser\u00e1 civil. Su homologaci\u00f3n no significa la militarizaci\u00f3n de la estructura del Estado, es la oportunidad para que las fuerzas armadas dejen de hacer la funci\u00f3n de seguridad p\u00fablica y regresen a sus funciones&#8221;, a\u00f1adi\u00f3.<\/p>\n<p>En tanto que el coordinador de la fracci\u00f3n del Partido Revolucionario Institucional (PRI), <strong>Miguel \u00c1ngel Osorio Chong, dijo que los cambios hechos al dictamen es una &#8220;victoria para la buena pol\u00edtica&#8221;<\/strong>, la que dialoga y construye acuerdos entre quienes piensan distinto, ya que dentro de las negociaciones no se pens\u00f3 en partidos o gobiernos, sino en construir instituciones con visi\u00f3n de Estado.<\/p>\n<p>&#8220;<strong>Antepusimos el inter\u00e9s general por particulares<\/strong>. Fue gracias a la labor de la oposici\u00f3n que se lograron cambios importantes de fondo y forma, para tener una Guardia civil con contrapesos y control parlamentario, que no vulnera la soberan\u00eda de la entidades federativas y que en su r\u00e9gimen transitorio contempla el fortalecimiento de las corporaciones de seguridad local. Una instituci\u00f3n que no est\u00e1 pensada en un gobierno, sino en un pa\u00eds&#8221;, expres\u00f3.<\/p>\n<p><strong>El l\u00edder de los senadores del Partido Acci\u00f3n Nacional (PAN), Mauricio Kuri, se\u00f1al\u00f3 que gracias a la participaci\u00f3n de la sociedad civil organizada, especialistas y al di\u00e1logo con las distintas fuerzas pol\u00edticas, se logr\u00f3 pasar de una Guardia Nacional militar una Guardia civil<\/strong>.<\/p>\n<p>&#8220;Con esta Guardia civil tendremos una instituci\u00f3n con mando civil, se privilegiar\u00e1n los derechos humanos, el Ej\u00e9rcito regresar\u00e1 de manera paulatina a los cuarteles, se respetar\u00e1 la soberan\u00eda de los estados y el Senado tendr\u00e1 un control en sus acciones. Estamos convencidos de que el di\u00e1logo es mejor que la confrontaci\u00f3n, que la apertura funciona m\u00e1s que la descalificaci\u00f3n. As\u00ed debe ser por el bien de Mexico&#8221;, asent\u00f3.<\/p>\n<p><strong>Miguel Mancera, coordinador de la bancada del Partido de la Revoluci\u00f3n Democr\u00e1tica (PRD), indic\u00f3 que por unanimidad lograron una Polic\u00eda naci\u00f3n que operar\u00e1 con un marco constitucional y que cumple con disposiciones internacionales apegadas a la convencionalidad<\/strong>.<\/p>\n<p>&#8220;Ha triunfado la raz\u00f3n sobre la emoci\u00f3n, sobre el impulso. Se est\u00e1 cuidando al Presidente, a la Presidenta de la Rep\u00fablica. Se logr\u00f3 eliminar la posibilidad de que contara con un fuero militar, es una instituci\u00f3n meramente civil, y en lo jur\u00eddico se elimin\u00f3 cualquier figura mayor dentro de la estructura de la Guardia&#8221;, detall\u00f3.<\/p>\n<p><strong>Por Movimiento Ciudadano, su coordinador, Dante Delgado, asever\u00f3 que la Guardia Nacional informar\u00e1 al Senado de sus actividades anualmente en voz del secretario de Seguridad P\u00fablica, adem\u00e1s de que se fortalecer\u00e1n las polic\u00edas estatales y se har\u00e1 una evaluaci\u00f3n y capacitaci\u00f3n de los elementos estatales y municipales<\/strong>.<\/p>\n<p><iframe loading=\"lazy\" title=\"Conferencia de la Junta de Coordinaci\u00f3n Pol\u00edtica\" width=\"640\" height=\"360\" src=\"https:\/\/www.youtube.com\/embed\/bUQvoauKnUI?feature=oembed\" frameborder=\"0\" allow=\"accelerometer; autoplay; clipboard-write; encrypted-media; gyroscope; picture-in-picture; web-share\" referrerpolicy=\"strict-origin-when-cross-origin\" allowfullscreen><\/iframe><\/p>\n<p>&#8220;Se expedir\u00e1 reforma a la ley del Sistema Nacional de Seguridad P\u00fablica, ley de la Guardia Nacional\u00a0ley Nacional del uso de la Fuerza, ley Nacional de Registro de detenciones. Se regular\u00e1 el armamento que usar\u00e1 la Guardia Nacional, y no ser\u00e1 el del uso exclusivo de las fuerzas armadas&#8221;, precis\u00f3.<\/p>\n<p>Indic\u00f3 que no existir\u00e1 la junta de jefe de Estado Mayor que integraban la Secretar\u00eda de Seguridad, Defensa y Marina, sino que ser\u00e1 un ente interinstitucional.<\/p>\n<\/div>\n<\/div>\n","protected":false},"excerpt":{"rendered":"<p>Logramos un documento hist\u00f3rico y unificado sobre Guardia Nacional: Senado<br \/>\nPor Redacci\u00f3n QP<\/p>\n","protected":false},"author":2,"featured_media":17901,"comment_status":"open","ping_status":"open","sticky":false,"template":"","format":"standard","meta":{"_monsterinsights_skip_tracking":false,"_monsterinsights_sitenote_active":false,"_monsterinsights_sitenote_note":"","_monsterinsights_sitenote_category":0,"footnotes":""},"categories":[2],"tags":[],"class_list":["post-17902","post","type-post","status-publish","format-standard","has-post-thumbnail","hentry","category-noticias"],"yoast_head":"<!-- This site is optimized with the Yoast SEO plugin v27.3 - https:\/\/yoast.com\/product\/yoast-seo-wordpress\/ -->\n<title>Logramos un documento hist\u00f3rico y unificado sobre Guardia Nacional: Senado -<\/title>\n<meta name=\"robots\" content=\"index, follow, max-snippet:-1, max-image-preview:large, max-video-preview:-1\" \/>\n<link rel=\"canonical\" href=\"https:\/\/quehacerpolitico.mx\/?p=17902\" \/>\n<meta property=\"og:locale\" content=\"es_MX\" \/>\n<meta property=\"og:type\" content=\"article\" \/>\n<meta property=\"og:title\" content=\"Logramos un documento hist\u00f3rico y unificado sobre Guardia Nacional: Senado -\" \/>\n<meta property=\"og:description\" content=\"Logramos un documento hist\u00f3rico y unificado sobre Guardia Nacional: Senado Por Redacci\u00f3n QP\" \/>\n<meta property=\"og:url\" content=\"https:\/\/quehacerpolitico.mx\/?p=17902\" \/>\n<meta property=\"article:published_time\" content=\"2019-02-21T21:21:05+00:00\" \/>\n<meta name=\"author\" content=\"Redacci\u00f3n QP\" \/>\n<meta name=\"twitter:card\" content=\"summary_large_image\" \/>\n<meta name=\"twitter:label1\" content=\"Escrito por\" \/>\n\t<meta name=\"twitter:data1\" content=\"Redacci\u00f3n QP\" \/>\n\t<meta name=\"twitter:label2\" content=\"Tiempo de lectura\" \/>\n\t<meta name=\"twitter:data2\" content=\"4 minutos\" \/>\n<script type=\"application\/ld+json\" class=\"yoast-schema-graph\">{\"@context\":\"https:\\\/\\\/schema.org\",\"@graph\":[{\"@type\":\"Article\",\"@id\":\"https:\\\/\\\/quehacerpolitico.mx\\\/?p=17902#article\",\"isPartOf\":{\"@id\":\"https:\\\/\\\/quehacerpolitico.mx\\\/?p=17902\"},\"author\":{\"name\":\"Redacci\u00f3n QP\",\"@id\":\"https:\\\/\\\/quehacerpolitico.mx\\\/#\\\/schema\\\/person\\\/496d8ad2d1d3f8036101dca7ee39e585\"},\"headline\":\"Logramos un documento hist\u00f3rico y unificado sobre Guardia Nacional: Senado\",\"datePublished\":\"2019-02-21T21:21:05+00:00\",\"mainEntityOfPage\":{\"@id\":\"https:\\\/\\\/quehacerpolitico.mx\\\/?p=17902\"},\"wordCount\":794,\"commentCount\":0,\"image\":{\"@id\":\"https:\\\/\\\/quehacerpolitico.mx\\\/?p=17902#primaryimage\"},\"thumbnailUrl\":\"\",\"articleSection\":[\"Noticias\"],\"inLanguage\":\"es\",\"potentialAction\":[{\"@type\":\"CommentAction\",\"name\":\"Comment\",\"target\":[\"https:\\\/\\\/quehacerpolitico.mx\\\/?p=17902#respond\"]}]},{\"@type\":\"WebPage\",\"@id\":\"https:\\\/\\\/quehacerpolitico.mx\\\/?p=17902\",\"url\":\"https:\\\/\\\/quehacerpolitico.mx\\\/?p=17902\",\"name\":\"Logramos un documento hist\u00f3rico y unificado sobre Guardia Nacional: Senado -\",\"isPartOf\":{\"@id\":\"https:\\\/\\\/quehacerpolitico.mx\\\/#website\"},\"primaryImageOfPage\":{\"@id\":\"https:\\\/\\\/quehacerpolitico.mx\\\/?p=17902#primaryimage\"},\"image\":{\"@id\":\"https:\\\/\\\/quehacerpolitico.mx\\\/?p=17902#primaryimage\"},\"thumbnailUrl\":\"\",\"datePublished\":\"2019-02-21T21:21:05+00:00\",\"author\":{\"@id\":\"https:\\\/\\\/quehacerpolitico.mx\\\/#\\\/schema\\\/person\\\/496d8ad2d1d3f8036101dca7ee39e585\"},\"breadcrumb\":{\"@id\":\"https:\\\/\\\/quehacerpolitico.mx\\\/?p=17902#breadcrumb\"},\"inLanguage\":\"es\",\"potentialAction\":[{\"@type\":\"ReadAction\",\"target\":[\"https:\\\/\\\/quehacerpolitico.mx\\\/?p=17902\"]}]},{\"@type\":\"ImageObject\",\"inLanguage\":\"es\",\"@id\":\"https:\\\/\\\/quehacerpolitico.mx\\\/?p=17902#primaryimage\",\"url\":\"\",\"contentUrl\":\"\"},{\"@type\":\"BreadcrumbList\",\"@id\":\"https:\\\/\\\/quehacerpolitico.mx\\\/?p=17902#breadcrumb\",\"itemListElement\":[{\"@type\":\"ListItem\",\"position\":1,\"name\":\"Inicio\",\"item\":\"https:\\\/\\\/quehacerpolitico.mx\\\/\"},{\"@type\":\"ListItem\",\"position\":2,\"name\":\"Logramos un documento hist\u00f3rico y unificado sobre Guardia Nacional: Senado\"}]},{\"@type\":\"WebSite\",\"@id\":\"https:\\\/\\\/quehacerpolitico.mx\\\/#website\",\"url\":\"https:\\\/\\\/quehacerpolitico.mx\\\/\",\"name\":\"\",\"description\":\"\",\"potentialAction\":[{\"@type\":\"SearchAction\",\"target\":{\"@type\":\"EntryPoint\",\"urlTemplate\":\"https:\\\/\\\/quehacerpolitico.mx\\\/?s={search_term_string}\"},\"query-input\":{\"@type\":\"PropertyValueSpecification\",\"valueRequired\":true,\"valueName\":\"search_term_string\"}}],\"inLanguage\":\"es\"},{\"@type\":\"Person\",\"@id\":\"https:\\\/\\\/quehacerpolitico.mx\\\/#\\\/schema\\\/person\\\/496d8ad2d1d3f8036101dca7ee39e585\",\"name\":\"Redacci\u00f3n QP\",\"image\":{\"@type\":\"ImageObject\",\"inLanguage\":\"es\",\"@id\":\"https:\\\/\\\/secure.gravatar.com\\\/avatar\\\/c7164ed6fdec453195284ad24a5ae5b6e1eed2b848477fa2a4787ba9adf39a41?s=96&d=mm&r=g\",\"url\":\"https:\\\/\\\/secure.gravatar.com\\\/avatar\\\/c7164ed6fdec453195284ad24a5ae5b6e1eed2b848477fa2a4787ba9adf39a41?s=96&d=mm&r=g\",\"contentUrl\":\"https:\\\/\\\/secure.gravatar.com\\\/avatar\\\/c7164ed6fdec453195284ad24a5ae5b6e1eed2b848477fa2a4787ba9adf39a41?s=96&d=mm&r=g\",\"caption\":\"Redacci\u00f3n QP\"},\"url\":\"https:\\\/\\\/quehacerpolitico.mx\\\/?author=2\"}]}<\/script>\n<!-- \/ Yoast SEO plugin. -->","yoast_head_json":{"title":"Logramos un documento hist\u00f3rico y unificado sobre Guardia Nacional: Senado -","robots":{"index":"index","follow":"follow","max-snippet":"max-snippet:-1","max-image-preview":"max-image-preview:large","max-video-preview":"max-video-preview:-1"},"canonical":"https:\/\/quehacerpolitico.mx\/?p=17902","og_locale":"es_MX","og_type":"article","og_title":"Logramos un documento hist\u00f3rico y unificado sobre Guardia Nacional: Senado -","og_description":"Logramos un documento hist\u00f3rico y unificado sobre Guardia Nacional: Senado Por Redacci\u00f3n QP","og_url":"https:\/\/quehacerpolitico.mx\/?p=17902","article_published_time":"2019-02-21T21:21:05+00:00","author":"Redacci\u00f3n QP","twitter_card":"summary_large_image","twitter_misc":{"Escrito por":"Redacci\u00f3n QP","Tiempo de lectura":"4 minutos"},"schema":{"@context":"https:\/\/schema.org","@graph":[{"@type":"Article","@id":"https:\/\/quehacerpolitico.mx\/?p=17902#article","isPartOf":{"@id":"https:\/\/quehacerpolitico.mx\/?p=17902"},"author":{"name":"Redacci\u00f3n QP","@id":"https:\/\/quehacerpolitico.mx\/#\/schema\/person\/496d8ad2d1d3f8036101dca7ee39e585"},"headline":"Logramos un documento hist\u00f3rico y unificado sobre Guardia Nacional: Senado","datePublished":"2019-02-21T21:21:05+00:00","mainEntityOfPage":{"@id":"https:\/\/quehacerpolitico.mx\/?p=17902"},"wordCount":794,"commentCount":0,"image":{"@id":"https:\/\/quehacerpolitico.mx\/?p=17902#primaryimage"},"thumbnailUrl":"","articleSection":["Noticias"],"inLanguage":"es","potentialAction":[{"@type":"CommentAction","name":"Comment","target":["https:\/\/quehacerpolitico.mx\/?p=17902#respond"]}]},{"@type":"WebPage","@id":"https:\/\/quehacerpolitico.mx\/?p=17902","url":"https:\/\/quehacerpolitico.mx\/?p=17902","name":"Logramos un documento hist\u00f3rico y unificado sobre Guardia Nacional: Senado -","isPartOf":{"@id":"https:\/\/quehacerpolitico.mx\/#website"},"primaryImageOfPage":{"@id":"https:\/\/quehacerpolitico.mx\/?p=17902#primaryimage"},"image":{"@id":"https:\/\/quehacerpolitico.mx\/?p=17902#primaryimage"},"thumbnailUrl":"","datePublished":"2019-02-21T21:21:05+00:00","author":{"@id":"https:\/\/quehacerpolitico.mx\/#\/schema\/person\/496d8ad2d1d3f8036101dca7ee39e585"},"breadcrumb":{"@id":"https:\/\/quehacerpolitico.mx\/?p=17902#breadcrumb"},"inLanguage":"es","potentialAction":[{"@type":"ReadAction","target":["https:\/\/quehacerpolitico.mx\/?p=17902"]}]},{"@type":"ImageObject","inLanguage":"es","@id":"https:\/\/quehacerpolitico.mx\/?p=17902#primaryimage","url":"","contentUrl":""},{"@type":"BreadcrumbList","@id":"https:\/\/quehacerpolitico.mx\/?p=17902#breadcrumb","itemListElement":[{"@type":"ListItem","position":1,"name":"Inicio","item":"https:\/\/quehacerpolitico.mx\/"},{"@type":"ListItem","position":2,"name":"Logramos un documento hist\u00f3rico y unificado sobre Guardia Nacional: Senado"}]},{"@type":"WebSite","@id":"https:\/\/quehacerpolitico.mx\/#website","url":"https:\/\/quehacerpolitico.mx\/","name":"","description":"","potentialAction":[{"@type":"SearchAction","target":{"@type":"EntryPoint","urlTemplate":"https:\/\/quehacerpolitico.mx\/?s={search_term_string}"},"query-input":{"@type":"PropertyValueSpecification","valueRequired":true,"valueName":"search_term_string"}}],"inLanguage":"es"},{"@type":"Person","@id":"https:\/\/quehacerpolitico.mx\/#\/schema\/person\/496d8ad2d1d3f8036101dca7ee39e585","name":"Redacci\u00f3n QP","image":{"@type":"ImageObject","inLanguage":"es","@id":"https:\/\/secure.gravatar.com\/avatar\/c7164ed6fdec453195284ad24a5ae5b6e1eed2b848477fa2a4787ba9adf39a41?s=96&d=mm&r=g","url":"https:\/\/secure.gravatar.com\/avatar\/c7164ed6fdec453195284ad24a5ae5b6e1eed2b848477fa2a4787ba9adf39a41?s=96&d=mm&r=g","contentUrl":"https:\/\/secure.gravatar.com\/avatar\/c7164ed6fdec453195284ad24a5ae5b6e1eed2b848477fa2a4787ba9adf39a41?s=96&d=mm&r=g","caption":"Redacci\u00f3n QP"},"url":"https:\/\/quehacerpolitico.mx\/?author=2"}]}},"featured_image_urls":{"full":"","thumbnail":"","medium":"","medium_large":"","large":"","1536x1536":"","2048x2048":"","covernews-featured":"","covernews-medium":""},"author_info":{"display_name":"Redacci\u00f3n QP","author_link":"https:\/\/quehacerpolitico.mx\/?author=2"},"category_info":"<a href=\"https:\/\/quehacerpolitico.mx\/?cat=2\" rel=\"category\">Noticias<\/a>","tag_info":"Noticias","comment_count":"0","_links":{"self":[{"href":"https:\/\/quehacerpolitico.mx\/index.php?rest_route=\/wp\/v2\/posts\/17902","targetHints":{"allow":["GET"]}}],"collection":[{"href":"https:\/\/quehacerpolitico.mx\/index.php?rest_route=\/wp\/v2\/posts"}],"about":[{"href":"https:\/\/quehacerpolitico.mx\/index.php?rest_route=\/wp\/v2\/types\/post"}],"author":[{"embeddable":true,"href":"https:\/\/quehacerpolitico.mx\/index.php?rest_route=\/wp\/v2\/users\/2"}],"replies":[{"embeddable":true,"href":"https:\/\/quehacerpolitico.mx\/index.php?rest_route=%2Fwp%2Fv2%2Fcomments&post=17902"}],"version-history":[{"count":0,"href":"https:\/\/quehacerpolitico.mx\/index.php?rest_route=\/wp\/v2\/posts\/17902\/revisions"}],"wp:featuredmedia":[{"embeddable":true,"href":"https:\/\/quehacerpolitico.mx\/index.php?rest_route=\/"}],"wp:attachment":[{"href":"https:\/\/quehacerpolitico.mx\/index.php?rest_route=%2Fwp%2Fv2%2Fmedia&parent=17902"}],"wp:term":[{"taxonomy":"category","embeddable":true,"href":"https:\/\/quehacerpolitico.mx\/index.php?rest_route=%2Fwp%2Fv2%2Fcategories&post=17902"},{"taxonomy":"post_tag","embeddable":true,"href":"https:\/\/quehacerpolitico.mx\/index.php?rest_route=%2Fwp%2Fv2%2Ftags&post=17902"}],"curies":[{"name":"wp","href":"https:\/\/api.w.org\/{rel}","templated":true}]}}