{"id":17893,"date":"2019-02-21T20:50:58","date_gmt":"2019-02-21T20:50:58","guid":{"rendered":"http:\/\/quehacerpolitico.mx\/el-cjng-cumplio-su-amenaza-deguellan-a-un-hombre-acusado-de-robar-ninos-en-la-gam-cdmx\/"},"modified":"2019-02-21T20:50:58","modified_gmt":"2019-02-21T20:50:58","slug":"el-cjng-cumplio-su-amenaza-deguellan-a-un-hombre-acusado-de-robar-ninos-en-la-gam-cdmx","status":"publish","type":"post","link":"https:\/\/quehacerpolitico.mx\/?p=17893","title":{"rendered":"\u00bfEl CJNG cumpli\u00f3 su amenaza? Deg\u00fcellan a un hombre acusado de \u201crobar ni\u00f1os\u201d en la GAM, CdMx"},"content":{"rendered":"<h1>\u00bfEl CJNG cumpli\u00f3 su amenaza? Deg\u00fcellan a un hombre acusado de \u201crobar ni\u00f1os\u201d en la GAM, CdMx<\/h1>\n<p>Por Redacci\u00f3n QP<\/p>\n<p>El cuerpo de un hombre con signos de tortura fue localizado en la colonia La Casilda, de la Alcald\u00eda\u00a0<strong>Gustavo A. Madero, <\/strong>en\u00a0la Ciudad de M\u00e9xico. Junto al cad\u00e1ver fue dejado una cartulina en la que se le acusaba de \u201c<strong>robar ni\u00f1os<\/strong>\u201c. El asesinato se registr\u00f3 dos semanas despu\u00e9s de la difusi\u00f3n de un video en redes sociales donde presuntos integrantes del<span class=\"s1\">\u00a0<\/span><strong>C\u00e1rtel Jalisco Nueva Generaci\u00f3n <\/strong>(<strong>CJNG<\/strong>) amenazaran con asesinar a las personas que se dedicaran al robo o secuestro de ni\u00f1os en esa demarcaci\u00f3n.<\/p>\n<p>El cad\u00e1ver fue encontrado la tarde de ayer envuelto en una Bandera de M\u00e9xico y con cobijas en una calle del pueblo de<strong> Cuautepec, <\/strong>de\u00a0acuerdo con informaci\u00f3n publicada por medios nacionales.<\/p>\n<p>Seg\u00fan <em>Reforma<\/em>, a las 17:00 horas, la Secretar\u00eda de Seguridad Ciudadana recibi\u00f3 el reporte de la presencia de un cuerpo en las calles Joya de Nieve y Esmeralda, en la zona de Cuautepec, por lo que acudi\u00f3 para acordonar la zona, levantar el cuerpo e iniciar las investigaciones correspondientes.<\/p>\n<p><strong>El cuerpo presentaba una herida alrededor del cuello<\/strong>, aparentemente generada por un arma blanca.<\/p>\n<blockquote>\n<p>Junto al hallazgo se ubic\u00f3 una cartulina en la que se acusaba al fallecido de haber sustra\u00eddo a menores. \u201cAviso por robar ni\u00f1os le pas\u00f3 esto\u201d, se le\u00eda en el papel blanco.<\/p>\n<\/blockquote>\n<p>El cuerpo del hombre fue trasladado a la Coordinaci\u00f3n Territorial de la delegaci\u00f3n.<\/p>\n<blockquote>\n<p>El pasado 11 de febrero, se difundi\u00f3 un video en el que se mostraba a cinco hombres con el rostro tapado y una gorra en la que se podr\u00eda ver las siglas del C\u00e1rtel Jalisco Nueva Generaci\u00f3n (CJNG). En las im\u00e1genes de un minuto con 22 segundos, un hombre, a bordo de un veh\u00edculo, y quien se hizo llamar \u201cEl Canguro\u201d,\u00a0lanz\u00f3 la amenaza: \u201cEs la primera y \u00faltima vez que les voy a decir: Les voy a matar a toda la puta familia. Al cabr\u00f3n que se le sorprenda [\u2026]\u00a0 somos gente que estamos trabajando aqu\u00ed y aqu\u00ed vamos a estar\u201d.<\/p>\n<\/blockquote>\n<p>En el video, el hombre advirti\u00f3 que el grupo buscar\u00e1\u00a0\u201ca quienes anden roben ni\u00f1os, robando motitos y los tel\u00e9fonos tambi\u00e9n\u201d.<\/p>\n<p>Posteriormente, la <strong>Secretar\u00eda de Seguridad Ciudadana<\/strong> inform\u00f3 ese d\u00eda que la grabaci\u00f3n estaba siendo analizada para dar con los responsables. La Jefa de Gobierno de la capital, Claudia Sheinbaum Pardo, dijo en su conferencia matutina que tiene conocimiento del video y que est\u00e1 ya trabajando con el Gobierno federal para dar con los autores.<\/p>\n<p>Asegur\u00f3 que desde que tuvo conocimiento del video el Secretario de Seguridad y Protecci\u00f3n Ciudadana,<strong> Jes\u00fas Orta Mart\u00ednez<\/strong>, contact\u00f3 al Gobierno Federal; dijo que de manera conjunta se estudia de d\u00f3nde proviene y que hasta el momento no tienen m\u00e1s datos.\u00a0Sobre incrementar las medidas de seguridad en la zona, la mandataria afirm\u00f3 que continuar\u00e1 con la misma estrategia de seguridad que en Iztapalapa, donde polic\u00edas auxiliares y bancaria se incorporar\u00e1n a las labores preventivas.<\/p>\n<p><strong>EL CJNG EN LA CAPITAL<\/strong><\/p>\n<p>A mediados del a\u00f1o pasado, una manta puso en advertencia a las autoridades. Apareci\u00f3 en la colonia Tlaxpana, en la delegaci\u00f3n Miguel Hidalgo. La firmaba el C\u00e1rtel de Jalisco Nueva Generaci\u00f3n y ten\u00eda amenazas contra las autoridades de la capital y contra el llamado C\u00e1rtel de La Uni\u00f3n de Tepito.<\/p>\n<p>En noviembre pasado se report\u00f3 que el <strong>CJNG repart\u00eda volantes<\/strong> para \u201creclutar personal\u201d en Metro Cuatro Caminos, ubicado en el municipio de Naucalpan, Estado de M\u00e9xico.<\/p>\n<p>Sujetos con mochilas tipo mariconeras daban los volantes a aquellos quienes consideraran que cumpl\u00eda con \u201cel perfil\u201d: militares y ex militares de buena condici\u00f3n f\u00edsica que acuden al Campo Militar 1-A o al Escuela Militar de Transmisiones.<\/p>\n<p>Los individuos entregaron hojas blancas y rojas a los posibles candidatos y les susurraron: \u201cNo tienes que morirte de hambre, hay chamba bien pagada\u201d.<\/p>\n<p>\u201cQue ya no te den sopas instant\u00e1neas, ni un cart\u00f3n para dormir como perro, nosotros s\u00ed pagamos bien y damos atenci\u00f3n a ti y tu familia. Buscamos a militares y ex militares que quieran unirse a un grupo en expansi\u00f3n que brinda seguridad privada a un importante empresario, dec\u00eddete a ganar bien y a cuidar a tu familia\u201d, dec\u00edan los folletos.<\/p>\n<p>Sin embargo, durante la anterior administraci\u00f3n, Miguel \u00c1ngel Mancera, ex Jefe de Gobierno de la capital mexicana, neg\u00f3 durante seis a\u00f1os la presencia de c\u00e1rteles de la droga en la Ciudad de M\u00e9xico cuando distintos informes dec\u00edan lo contrario.<\/p>\n<p>Desde agosto de 2018 el Observatorio Nacional Ciudadano alert\u00f3 que el narcomenudeo es el delito que m\u00e1s ha aumentado en la Ciudad de M\u00e9xico durante los \u00faltimos meses. Sin embargo, las autoridades capitalinas apenas reconocieron la presencia de dos grupos criminales en la capital del pa\u00eds.<\/p>\n","protected":false},"excerpt":{"rendered":"<p>\u00bfEl CJNG cumpli\u00f3 su amenaza? Deg\u00fcellan a un hombre acusado de \u201crobar ni\u00f1os\u201d en la GAM, CdMx<br \/>\nPor Redacci\u00f3n QP<\/p>\n","protected":false},"author":2,"featured_media":17892,"comment_status":"open","ping_status":"open","sticky":false,"template":"","format":"standard","meta":{"_monsterinsights_skip_tracking":false,"_monsterinsights_sitenote_active":false,"_monsterinsights_sitenote_note":"","_monsterinsights_sitenote_category":0,"footnotes":""},"categories":[55],"tags":[],"class_list":["post-17893","post","type-post","status-publish","format-standard","has-post-thumbnail","hentry","category-cdmx"],"yoast_head":"<!-- This site is optimized with the Yoast SEO plugin v27.3 - https:\/\/yoast.com\/product\/yoast-seo-wordpress\/ -->\n<title>\u00bfEl CJNG cumpli\u00f3 su amenaza? Deg\u00fcellan a un hombre acusado de \u201crobar ni\u00f1os\u201d en la GAM, CdMx -<\/title>\n<meta name=\"robots\" content=\"index, follow, max-snippet:-1, max-image-preview:large, max-video-preview:-1\" \/>\n<link rel=\"canonical\" href=\"https:\/\/quehacerpolitico.mx\/?p=17893\" \/>\n<meta property=\"og:locale\" content=\"es_MX\" \/>\n<meta property=\"og:type\" content=\"article\" \/>\n<meta property=\"og:title\" content=\"\u00bfEl CJNG cumpli\u00f3 su amenaza? Deg\u00fcellan a un hombre acusado de \u201crobar ni\u00f1os\u201d en la GAM, CdMx -\" \/>\n<meta property=\"og:description\" content=\"\u00bfEl CJNG cumpli\u00f3 su amenaza? Deg\u00fcellan a un hombre acusado de \u201crobar ni\u00f1os\u201d en la GAM, CdMx Por Redacci\u00f3n QP\" \/>\n<meta property=\"og:url\" content=\"https:\/\/quehacerpolitico.mx\/?p=17893\" \/>\n<meta property=\"article:published_time\" content=\"2019-02-21T20:50:58+00:00\" \/>\n<meta name=\"author\" content=\"Redacci\u00f3n QP\" \/>\n<meta name=\"twitter:card\" content=\"summary_large_image\" \/>\n<meta name=\"twitter:label1\" content=\"Escrito por\" \/>\n\t<meta name=\"twitter:data1\" content=\"Redacci\u00f3n QP\" \/>\n\t<meta name=\"twitter:label2\" content=\"Tiempo de lectura\" \/>\n\t<meta name=\"twitter:data2\" content=\"4 minutos\" \/>\n<script type=\"application\/ld+json\" class=\"yoast-schema-graph\">{\"@context\":\"https:\\\/\\\/schema.org\",\"@graph\":[{\"@type\":\"Article\",\"@id\":\"https:\\\/\\\/quehacerpolitico.mx\\\/?p=17893#article\",\"isPartOf\":{\"@id\":\"https:\\\/\\\/quehacerpolitico.mx\\\/?p=17893\"},\"author\":{\"name\":\"Redacci\u00f3n QP\",\"@id\":\"https:\\\/\\\/quehacerpolitico.mx\\\/#\\\/schema\\\/person\\\/496d8ad2d1d3f8036101dca7ee39e585\"},\"headline\":\"\u00bfEl CJNG cumpli\u00f3 su amenaza? Deg\u00fcellan a un hombre acusado de \u201crobar ni\u00f1os\u201d en la GAM, CdMx\",\"datePublished\":\"2019-02-21T20:50:58+00:00\",\"mainEntityOfPage\":{\"@id\":\"https:\\\/\\\/quehacerpolitico.mx\\\/?p=17893\"},\"wordCount\":868,\"commentCount\":0,\"image\":{\"@id\":\"https:\\\/\\\/quehacerpolitico.mx\\\/?p=17893#primaryimage\"},\"thumbnailUrl\":\"\",\"articleSection\":[\"CDMX\"],\"inLanguage\":\"es\",\"potentialAction\":[{\"@type\":\"CommentAction\",\"name\":\"Comment\",\"target\":[\"https:\\\/\\\/quehacerpolitico.mx\\\/?p=17893#respond\"]}]},{\"@type\":\"WebPage\",\"@id\":\"https:\\\/\\\/quehacerpolitico.mx\\\/?p=17893\",\"url\":\"https:\\\/\\\/quehacerpolitico.mx\\\/?p=17893\",\"name\":\"\u00bfEl CJNG cumpli\u00f3 su amenaza? Deg\u00fcellan a un hombre acusado de \u201crobar ni\u00f1os\u201d en la GAM, CdMx -\",\"isPartOf\":{\"@id\":\"https:\\\/\\\/quehacerpolitico.mx\\\/#website\"},\"primaryImageOfPage\":{\"@id\":\"https:\\\/\\\/quehacerpolitico.mx\\\/?p=17893#primaryimage\"},\"image\":{\"@id\":\"https:\\\/\\\/quehacerpolitico.mx\\\/?p=17893#primaryimage\"},\"thumbnailUrl\":\"\",\"datePublished\":\"2019-02-21T20:50:58+00:00\",\"author\":{\"@id\":\"https:\\\/\\\/quehacerpolitico.mx\\\/#\\\/schema\\\/person\\\/496d8ad2d1d3f8036101dca7ee39e585\"},\"breadcrumb\":{\"@id\":\"https:\\\/\\\/quehacerpolitico.mx\\\/?p=17893#breadcrumb\"},\"inLanguage\":\"es\",\"potentialAction\":[{\"@type\":\"ReadAction\",\"target\":[\"https:\\\/\\\/quehacerpolitico.mx\\\/?p=17893\"]}]},{\"@type\":\"ImageObject\",\"inLanguage\":\"es\",\"@id\":\"https:\\\/\\\/quehacerpolitico.mx\\\/?p=17893#primaryimage\",\"url\":\"\",\"contentUrl\":\"\"},{\"@type\":\"BreadcrumbList\",\"@id\":\"https:\\\/\\\/quehacerpolitico.mx\\\/?p=17893#breadcrumb\",\"itemListElement\":[{\"@type\":\"ListItem\",\"position\":1,\"name\":\"Inicio\",\"item\":\"https:\\\/\\\/quehacerpolitico.mx\\\/\"},{\"@type\":\"ListItem\",\"position\":2,\"name\":\"\u00bfEl CJNG cumpli\u00f3 su amenaza? Deg\u00fcellan a un hombre acusado de \u201crobar ni\u00f1os\u201d en la GAM, CdMx\"}]},{\"@type\":\"WebSite\",\"@id\":\"https:\\\/\\\/quehacerpolitico.mx\\\/#website\",\"url\":\"https:\\\/\\\/quehacerpolitico.mx\\\/\",\"name\":\"\",\"description\":\"\",\"potentialAction\":[{\"@type\":\"SearchAction\",\"target\":{\"@type\":\"EntryPoint\",\"urlTemplate\":\"https:\\\/\\\/quehacerpolitico.mx\\\/?s={search_term_string}\"},\"query-input\":{\"@type\":\"PropertyValueSpecification\",\"valueRequired\":true,\"valueName\":\"search_term_string\"}}],\"inLanguage\":\"es\"},{\"@type\":\"Person\",\"@id\":\"https:\\\/\\\/quehacerpolitico.mx\\\/#\\\/schema\\\/person\\\/496d8ad2d1d3f8036101dca7ee39e585\",\"name\":\"Redacci\u00f3n QP\",\"image\":{\"@type\":\"ImageObject\",\"inLanguage\":\"es\",\"@id\":\"https:\\\/\\\/secure.gravatar.com\\\/avatar\\\/c7164ed6fdec453195284ad24a5ae5b6e1eed2b848477fa2a4787ba9adf39a41?s=96&d=mm&r=g\",\"url\":\"https:\\\/\\\/secure.gravatar.com\\\/avatar\\\/c7164ed6fdec453195284ad24a5ae5b6e1eed2b848477fa2a4787ba9adf39a41?s=96&d=mm&r=g\",\"contentUrl\":\"https:\\\/\\\/secure.gravatar.com\\\/avatar\\\/c7164ed6fdec453195284ad24a5ae5b6e1eed2b848477fa2a4787ba9adf39a41?s=96&d=mm&r=g\",\"caption\":\"Redacci\u00f3n QP\"},\"url\":\"https:\\\/\\\/quehacerpolitico.mx\\\/?author=2\"}]}<\/script>\n<!-- \/ Yoast SEO plugin. -->","yoast_head_json":{"title":"\u00bfEl CJNG cumpli\u00f3 su amenaza? Deg\u00fcellan a un hombre acusado de \u201crobar ni\u00f1os\u201d en la GAM, CdMx -","robots":{"index":"index","follow":"follow","max-snippet":"max-snippet:-1","max-image-preview":"max-image-preview:large","max-video-preview":"max-video-preview:-1"},"canonical":"https:\/\/quehacerpolitico.mx\/?p=17893","og_locale":"es_MX","og_type":"article","og_title":"\u00bfEl CJNG cumpli\u00f3 su amenaza? Deg\u00fcellan a un hombre acusado de \u201crobar ni\u00f1os\u201d en la GAM, CdMx -","og_description":"\u00bfEl CJNG cumpli\u00f3 su amenaza? Deg\u00fcellan a un hombre acusado de \u201crobar ni\u00f1os\u201d en la GAM, CdMx Por Redacci\u00f3n QP","og_url":"https:\/\/quehacerpolitico.mx\/?p=17893","article_published_time":"2019-02-21T20:50:58+00:00","author":"Redacci\u00f3n QP","twitter_card":"summary_large_image","twitter_misc":{"Escrito por":"Redacci\u00f3n QP","Tiempo de lectura":"4 minutos"},"schema":{"@context":"https:\/\/schema.org","@graph":[{"@type":"Article","@id":"https:\/\/quehacerpolitico.mx\/?p=17893#article","isPartOf":{"@id":"https:\/\/quehacerpolitico.mx\/?p=17893"},"author":{"name":"Redacci\u00f3n QP","@id":"https:\/\/quehacerpolitico.mx\/#\/schema\/person\/496d8ad2d1d3f8036101dca7ee39e585"},"headline":"\u00bfEl CJNG cumpli\u00f3 su amenaza? Deg\u00fcellan a un hombre acusado de \u201crobar ni\u00f1os\u201d en la GAM, CdMx","datePublished":"2019-02-21T20:50:58+00:00","mainEntityOfPage":{"@id":"https:\/\/quehacerpolitico.mx\/?p=17893"},"wordCount":868,"commentCount":0,"image":{"@id":"https:\/\/quehacerpolitico.mx\/?p=17893#primaryimage"},"thumbnailUrl":"","articleSection":["CDMX"],"inLanguage":"es","potentialAction":[{"@type":"CommentAction","name":"Comment","target":["https:\/\/quehacerpolitico.mx\/?p=17893#respond"]}]},{"@type":"WebPage","@id":"https:\/\/quehacerpolitico.mx\/?p=17893","url":"https:\/\/quehacerpolitico.mx\/?p=17893","name":"\u00bfEl CJNG cumpli\u00f3 su amenaza? Deg\u00fcellan a un hombre acusado de \u201crobar ni\u00f1os\u201d en la GAM, CdMx -","isPartOf":{"@id":"https:\/\/quehacerpolitico.mx\/#website"},"primaryImageOfPage":{"@id":"https:\/\/quehacerpolitico.mx\/?p=17893#primaryimage"},"image":{"@id":"https:\/\/quehacerpolitico.mx\/?p=17893#primaryimage"},"thumbnailUrl":"","datePublished":"2019-02-21T20:50:58+00:00","author":{"@id":"https:\/\/quehacerpolitico.mx\/#\/schema\/person\/496d8ad2d1d3f8036101dca7ee39e585"},"breadcrumb":{"@id":"https:\/\/quehacerpolitico.mx\/?p=17893#breadcrumb"},"inLanguage":"es","potentialAction":[{"@type":"ReadAction","target":["https:\/\/quehacerpolitico.mx\/?p=17893"]}]},{"@type":"ImageObject","inLanguage":"es","@id":"https:\/\/quehacerpolitico.mx\/?p=17893#primaryimage","url":"","contentUrl":""},{"@type":"BreadcrumbList","@id":"https:\/\/quehacerpolitico.mx\/?p=17893#breadcrumb","itemListElement":[{"@type":"ListItem","position":1,"name":"Inicio","item":"https:\/\/quehacerpolitico.mx\/"},{"@type":"ListItem","position":2,"name":"\u00bfEl CJNG cumpli\u00f3 su amenaza? Deg\u00fcellan a un hombre acusado de \u201crobar ni\u00f1os\u201d en la GAM, CdMx"}]},{"@type":"WebSite","@id":"https:\/\/quehacerpolitico.mx\/#website","url":"https:\/\/quehacerpolitico.mx\/","name":"","description":"","potentialAction":[{"@type":"SearchAction","target":{"@type":"EntryPoint","urlTemplate":"https:\/\/quehacerpolitico.mx\/?s={search_term_string}"},"query-input":{"@type":"PropertyValueSpecification","valueRequired":true,"valueName":"search_term_string"}}],"inLanguage":"es"},{"@type":"Person","@id":"https:\/\/quehacerpolitico.mx\/#\/schema\/person\/496d8ad2d1d3f8036101dca7ee39e585","name":"Redacci\u00f3n QP","image":{"@type":"ImageObject","inLanguage":"es","@id":"https:\/\/secure.gravatar.com\/avatar\/c7164ed6fdec453195284ad24a5ae5b6e1eed2b848477fa2a4787ba9adf39a41?s=96&d=mm&r=g","url":"https:\/\/secure.gravatar.com\/avatar\/c7164ed6fdec453195284ad24a5ae5b6e1eed2b848477fa2a4787ba9adf39a41?s=96&d=mm&r=g","contentUrl":"https:\/\/secure.gravatar.com\/avatar\/c7164ed6fdec453195284ad24a5ae5b6e1eed2b848477fa2a4787ba9adf39a41?s=96&d=mm&r=g","caption":"Redacci\u00f3n QP"},"url":"https:\/\/quehacerpolitico.mx\/?author=2"}]}},"featured_image_urls":{"full":"","thumbnail":"","medium":"","medium_large":"","large":"","1536x1536":"","2048x2048":"","covernews-featured":"","covernews-medium":""},"author_info":{"display_name":"Redacci\u00f3n QP","author_link":"https:\/\/quehacerpolitico.mx\/?author=2"},"category_info":"<a href=\"https:\/\/quehacerpolitico.mx\/?cat=55\" rel=\"category\">CDMX<\/a>","tag_info":"CDMX","comment_count":"0","_links":{"self":[{"href":"https:\/\/quehacerpolitico.mx\/index.php?rest_route=\/wp\/v2\/posts\/17893","targetHints":{"allow":["GET"]}}],"collection":[{"href":"https:\/\/quehacerpolitico.mx\/index.php?rest_route=\/wp\/v2\/posts"}],"about":[{"href":"https:\/\/quehacerpolitico.mx\/index.php?rest_route=\/wp\/v2\/types\/post"}],"author":[{"embeddable":true,"href":"https:\/\/quehacerpolitico.mx\/index.php?rest_route=\/wp\/v2\/users\/2"}],"replies":[{"embeddable":true,"href":"https:\/\/quehacerpolitico.mx\/index.php?rest_route=%2Fwp%2Fv2%2Fcomments&post=17893"}],"version-history":[{"count":0,"href":"https:\/\/quehacerpolitico.mx\/index.php?rest_route=\/wp\/v2\/posts\/17893\/revisions"}],"wp:featuredmedia":[{"embeddable":true,"href":"https:\/\/quehacerpolitico.mx\/index.php?rest_route=\/"}],"wp:attachment":[{"href":"https:\/\/quehacerpolitico.mx\/index.php?rest_route=%2Fwp%2Fv2%2Fmedia&parent=17893"}],"wp:term":[{"taxonomy":"category","embeddable":true,"href":"https:\/\/quehacerpolitico.mx\/index.php?rest_route=%2Fwp%2Fv2%2Fcategories&post=17893"},{"taxonomy":"post_tag","embeddable":true,"href":"https:\/\/quehacerpolitico.mx\/index.php?rest_route=%2Fwp%2Fv2%2Ftags&post=17893"}],"curies":[{"name":"wp","href":"https:\/\/api.w.org\/{rel}","templated":true}]}}