{"id":17890,"date":"2019-02-21T17:41:27","date_gmt":"2019-02-21T17:41:27","guid":{"rendered":"http:\/\/quehacerpolitico.mx\/alerta-sismica-interrumpe-conferencia-de-lopez-obrador-en-palacio-nacional\/"},"modified":"2019-02-21T17:41:27","modified_gmt":"2019-02-21T17:41:27","slug":"alerta-sismica-interrumpe-conferencia-de-lopez-obrador-en-palacio-nacional","status":"publish","type":"post","link":"https:\/\/quehacerpolitico.mx\/?p=17890","title":{"rendered":"Alerta s\u00edsmica interrumpe conferencia de L\u00f3pez Obrador en Palacio Nacional"},"content":{"rendered":"<h1 class=\"news-title\">Alerta s\u00edsmica interrumpe conferencia de L\u00f3pez Obrador en Palacio Nacional<\/h1>\n<p>Por Redacci\u00f3n QP<\/p>\n<header class=\"news-header\">\n<div class=\"news-subtitle\">\n<p>Ante el hecho, el Presidente de M\u00e9xico pidi\u00f3 a los presentes abandonar con cuidado el Sal\u00f3n Tesorer\u00eda<\/p>\n<\/div>\n<\/header>\n<div class=\"news-content\">\n<div class=\"news-body row\">\n<p>La alerta s\u00edsmica\u00a0que se escuch\u00f3 la ma\u00f1ana de este jueves en Palacio Nacional <strong>interrumpi\u00f3 la conferencia matutina del Presidente Andr\u00e9s Manuel L\u00f3pez Obrador, quien pidi\u00f3 a los presentes abandonar con cuidado el Sal\u00f3n Tesorer\u00eda.<\/strong><\/p>\n<p>Justo cuando se abordaba el tema de la Guardia Nacional, se escuch\u00f3 la alerta s\u00edsmica y entre los presentes se comentaba el sonido, por lo que el mandatario federal invit\u00f3 a los presentes a salir con cuidado, en tanto que \u00e9l tambi\u00e9n desalojado del lugar.<\/p>\n<p>Al salir al patio ubicado a un costado del Sal\u00f3n Tesorer\u00eda de Palacio Nacional\u00a0<strong>algunos elementos de seguridad del lugar comentaron que en esa parte del recinto no se escuch\u00f3 la alerta.<\/strong> Las actividades de visita al interior de Palacio Nacional continuaron.<\/p>\n<blockquote class=\"twitter-tweet\" data-width=\"550\" data-dnt=\"true\">\n<p lang=\"es\" dir=\"ltr\">\ud83d\udea8Activaci\u00f3n de <a href=\"https:\/\/twitter.com\/hashtag\/AlertaS%C3%ADsmica?src=hash&amp;ref_src=twsrc%5Etfw\">#AlertaS\u00edsmica<\/a> termina con la <a href=\"https:\/\/twitter.com\/hashtag\/ConferenciaPresidente?src=hash&amp;ref_src=twsrc%5Etfw\">#ConferenciaPresidente<\/a> de <a href=\"https:\/\/twitter.com\/lopezobrador_?ref_src=twsrc%5Etfw\">@lopezobrador_<\/a> <a href=\"https:\/\/t.co\/vq6JfVTsLh\">pic.twitter.com\/vq6JfVTsLh<\/a><\/p>\n<p>&mdash; Ruido en la Red (@RuidoEnLaRed) <a href=\"https:\/\/twitter.com\/RuidoEnLaRed\/status\/1098606326123503616?ref_src=twsrc%5Etfw\">February 21, 2019<\/a><\/p><\/blockquote>\n<p><script async src=\"https:\/\/platform.twitter.com\/widgets.js\" charset=\"utf-8\"><\/script><\/p>\n<p><iframe loading=\"lazy\" title=\"Alerta S\u00edsmica interrumpe Conferencia Ma\u00f1anera de AMLO Video Susto 21 Febrero 2019\" width=\"640\" height=\"360\" src=\"https:\/\/www.youtube.com\/embed\/demyBPR2j40?feature=oembed\" frameborder=\"0\" allow=\"accelerometer; autoplay; clipboard-write; encrypted-media; gyroscope; picture-in-picture; web-share\" referrerpolicy=\"strict-origin-when-cross-origin\" allowfullscreen><\/iframe><\/p>\n<h4>Sistema de Alerta S\u00edsmica Mexicano no registr\u00f3 activaci\u00f3n de alerta<\/h4>\n<p>El Centro de Comando, Control, C\u00f3mputo, Comunicaciones y Contacto Ciudadano (C5) de la Ciudad de M\u00e9xico inform\u00f3 que <strong>el Sistema de Alerta S\u00edsmica Mexicano no registr\u00f3 la activaci\u00f3n de la alerta s\u00edsmica por el sistema de altavoces de la Ciudad de M\u00e9xico.<\/strong><\/p>\n<p>En su cuenta de Twitter <strong><a href=\"https:\/\/twitter.com\/C5_CDMX\" target=\"_blank\" rel=\"noopener\">@C5_CDMX<\/a><\/strong> record\u00f3 que en la aplicaci\u00f3n para dispositivos m\u00f3viles (app) 911 CDMX s\u00f3lo llega la alerta s\u00edsmica cuando se activa para la ciudad, por lo que recomend\u00f3 descargarla.<\/p>\n<\/div>\n<\/div>\n","protected":false},"excerpt":{"rendered":"<p>Alerta s\u00edsmica interrumpe conferencia de L\u00f3pez Obrador en Palacio Nacional<br \/>\nPor Redacci\u00f3n QP<\/p>\n","protected":false},"author":2,"featured_media":17889,"comment_status":"open","ping_status":"open","sticky":false,"template":"","format":"standard","meta":{"_monsterinsights_skip_tracking":false,"_monsterinsights_sitenote_active":false,"_monsterinsights_sitenote_note":"","_monsterinsights_sitenote_category":0,"footnotes":""},"categories":[2],"tags":[],"class_list":["post-17890","post","type-post","status-publish","format-standard","has-post-thumbnail","hentry","category-noticias"],"yoast_head":"<!-- This site is optimized with the Yoast SEO plugin v27.3 - https:\/\/yoast.com\/product\/yoast-seo-wordpress\/ -->\n<title>Alerta s\u00edsmica interrumpe conferencia de L\u00f3pez Obrador en Palacio Nacional -<\/title>\n<meta name=\"robots\" content=\"index, follow, max-snippet:-1, max-image-preview:large, max-video-preview:-1\" \/>\n<link rel=\"canonical\" href=\"https:\/\/quehacerpolitico.mx\/?p=17890\" \/>\n<meta property=\"og:locale\" content=\"es_MX\" \/>\n<meta property=\"og:type\" content=\"article\" \/>\n<meta property=\"og:title\" content=\"Alerta s\u00edsmica interrumpe conferencia de L\u00f3pez Obrador en Palacio Nacional -\" \/>\n<meta property=\"og:description\" content=\"Alerta s\u00edsmica interrumpe conferencia de L\u00f3pez Obrador en Palacio Nacional Por Redacci\u00f3n QP\" \/>\n<meta property=\"og:url\" content=\"https:\/\/quehacerpolitico.mx\/?p=17890\" \/>\n<meta property=\"article:published_time\" content=\"2019-02-21T17:41:27+00:00\" \/>\n<meta name=\"author\" content=\"Redacci\u00f3n QP\" \/>\n<meta name=\"twitter:card\" content=\"summary_large_image\" \/>\n<meta name=\"twitter:label1\" content=\"Escrito por\" \/>\n\t<meta name=\"twitter:data1\" content=\"Redacci\u00f3n QP\" \/>\n\t<meta name=\"twitter:label2\" content=\"Tiempo de lectura\" \/>\n\t<meta name=\"twitter:data2\" content=\"1 minuto\" \/>\n<script type=\"application\/ld+json\" class=\"yoast-schema-graph\">{\"@context\":\"https:\\\/\\\/schema.org\",\"@graph\":[{\"@type\":\"Article\",\"@id\":\"https:\\\/\\\/quehacerpolitico.mx\\\/?p=17890#article\",\"isPartOf\":{\"@id\":\"https:\\\/\\\/quehacerpolitico.mx\\\/?p=17890\"},\"author\":{\"name\":\"Redacci\u00f3n QP\",\"@id\":\"https:\\\/\\\/quehacerpolitico.mx\\\/#\\\/schema\\\/person\\\/496d8ad2d1d3f8036101dca7ee39e585\"},\"headline\":\"Alerta s\u00edsmica interrumpe conferencia de L\u00f3pez Obrador en Palacio Nacional\",\"datePublished\":\"2019-02-21T17:41:27+00:00\",\"mainEntityOfPage\":{\"@id\":\"https:\\\/\\\/quehacerpolitico.mx\\\/?p=17890\"},\"wordCount\":288,\"commentCount\":0,\"image\":{\"@id\":\"https:\\\/\\\/quehacerpolitico.mx\\\/?p=17890#primaryimage\"},\"thumbnailUrl\":\"\",\"articleSection\":[\"Noticias\"],\"inLanguage\":\"es\",\"potentialAction\":[{\"@type\":\"CommentAction\",\"name\":\"Comment\",\"target\":[\"https:\\\/\\\/quehacerpolitico.mx\\\/?p=17890#respond\"]}]},{\"@type\":\"WebPage\",\"@id\":\"https:\\\/\\\/quehacerpolitico.mx\\\/?p=17890\",\"url\":\"https:\\\/\\\/quehacerpolitico.mx\\\/?p=17890\",\"name\":\"Alerta s\u00edsmica interrumpe conferencia de L\u00f3pez Obrador en Palacio Nacional -\",\"isPartOf\":{\"@id\":\"https:\\\/\\\/quehacerpolitico.mx\\\/#website\"},\"primaryImageOfPage\":{\"@id\":\"https:\\\/\\\/quehacerpolitico.mx\\\/?p=17890#primaryimage\"},\"image\":{\"@id\":\"https:\\\/\\\/quehacerpolitico.mx\\\/?p=17890#primaryimage\"},\"thumbnailUrl\":\"\",\"datePublished\":\"2019-02-21T17:41:27+00:00\",\"author\":{\"@id\":\"https:\\\/\\\/quehacerpolitico.mx\\\/#\\\/schema\\\/person\\\/496d8ad2d1d3f8036101dca7ee39e585\"},\"breadcrumb\":{\"@id\":\"https:\\\/\\\/quehacerpolitico.mx\\\/?p=17890#breadcrumb\"},\"inLanguage\":\"es\",\"potentialAction\":[{\"@type\":\"ReadAction\",\"target\":[\"https:\\\/\\\/quehacerpolitico.mx\\\/?p=17890\"]}]},{\"@type\":\"ImageObject\",\"inLanguage\":\"es\",\"@id\":\"https:\\\/\\\/quehacerpolitico.mx\\\/?p=17890#primaryimage\",\"url\":\"\",\"contentUrl\":\"\"},{\"@type\":\"BreadcrumbList\",\"@id\":\"https:\\\/\\\/quehacerpolitico.mx\\\/?p=17890#breadcrumb\",\"itemListElement\":[{\"@type\":\"ListItem\",\"position\":1,\"name\":\"Inicio\",\"item\":\"https:\\\/\\\/quehacerpolitico.mx\\\/\"},{\"@type\":\"ListItem\",\"position\":2,\"name\":\"Alerta s\u00edsmica interrumpe conferencia de L\u00f3pez Obrador en Palacio Nacional\"}]},{\"@type\":\"WebSite\",\"@id\":\"https:\\\/\\\/quehacerpolitico.mx\\\/#website\",\"url\":\"https:\\\/\\\/quehacerpolitico.mx\\\/\",\"name\":\"\",\"description\":\"\",\"potentialAction\":[{\"@type\":\"SearchAction\",\"target\":{\"@type\":\"EntryPoint\",\"urlTemplate\":\"https:\\\/\\\/quehacerpolitico.mx\\\/?s={search_term_string}\"},\"query-input\":{\"@type\":\"PropertyValueSpecification\",\"valueRequired\":true,\"valueName\":\"search_term_string\"}}],\"inLanguage\":\"es\"},{\"@type\":\"Person\",\"@id\":\"https:\\\/\\\/quehacerpolitico.mx\\\/#\\\/schema\\\/person\\\/496d8ad2d1d3f8036101dca7ee39e585\",\"name\":\"Redacci\u00f3n QP\",\"image\":{\"@type\":\"ImageObject\",\"inLanguage\":\"es\",\"@id\":\"https:\\\/\\\/secure.gravatar.com\\\/avatar\\\/c7164ed6fdec453195284ad24a5ae5b6e1eed2b848477fa2a4787ba9adf39a41?s=96&d=mm&r=g\",\"url\":\"https:\\\/\\\/secure.gravatar.com\\\/avatar\\\/c7164ed6fdec453195284ad24a5ae5b6e1eed2b848477fa2a4787ba9adf39a41?s=96&d=mm&r=g\",\"contentUrl\":\"https:\\\/\\\/secure.gravatar.com\\\/avatar\\\/c7164ed6fdec453195284ad24a5ae5b6e1eed2b848477fa2a4787ba9adf39a41?s=96&d=mm&r=g\",\"caption\":\"Redacci\u00f3n QP\"},\"url\":\"https:\\\/\\\/quehacerpolitico.mx\\\/?author=2\"}]}<\/script>\n<!-- \/ Yoast SEO plugin. -->","yoast_head_json":{"title":"Alerta s\u00edsmica interrumpe conferencia de L\u00f3pez Obrador en Palacio Nacional -","robots":{"index":"index","follow":"follow","max-snippet":"max-snippet:-1","max-image-preview":"max-image-preview:large","max-video-preview":"max-video-preview:-1"},"canonical":"https:\/\/quehacerpolitico.mx\/?p=17890","og_locale":"es_MX","og_type":"article","og_title":"Alerta s\u00edsmica interrumpe conferencia de L\u00f3pez Obrador en Palacio Nacional -","og_description":"Alerta s\u00edsmica interrumpe conferencia de L\u00f3pez Obrador en Palacio Nacional Por Redacci\u00f3n QP","og_url":"https:\/\/quehacerpolitico.mx\/?p=17890","article_published_time":"2019-02-21T17:41:27+00:00","author":"Redacci\u00f3n QP","twitter_card":"summary_large_image","twitter_misc":{"Escrito por":"Redacci\u00f3n QP","Tiempo de lectura":"1 minuto"},"schema":{"@context":"https:\/\/schema.org","@graph":[{"@type":"Article","@id":"https:\/\/quehacerpolitico.mx\/?p=17890#article","isPartOf":{"@id":"https:\/\/quehacerpolitico.mx\/?p=17890"},"author":{"name":"Redacci\u00f3n QP","@id":"https:\/\/quehacerpolitico.mx\/#\/schema\/person\/496d8ad2d1d3f8036101dca7ee39e585"},"headline":"Alerta s\u00edsmica interrumpe conferencia de L\u00f3pez Obrador en Palacio Nacional","datePublished":"2019-02-21T17:41:27+00:00","mainEntityOfPage":{"@id":"https:\/\/quehacerpolitico.mx\/?p=17890"},"wordCount":288,"commentCount":0,"image":{"@id":"https:\/\/quehacerpolitico.mx\/?p=17890#primaryimage"},"thumbnailUrl":"","articleSection":["Noticias"],"inLanguage":"es","potentialAction":[{"@type":"CommentAction","name":"Comment","target":["https:\/\/quehacerpolitico.mx\/?p=17890#respond"]}]},{"@type":"WebPage","@id":"https:\/\/quehacerpolitico.mx\/?p=17890","url":"https:\/\/quehacerpolitico.mx\/?p=17890","name":"Alerta s\u00edsmica interrumpe conferencia de L\u00f3pez Obrador en Palacio Nacional -","isPartOf":{"@id":"https:\/\/quehacerpolitico.mx\/#website"},"primaryImageOfPage":{"@id":"https:\/\/quehacerpolitico.mx\/?p=17890#primaryimage"},"image":{"@id":"https:\/\/quehacerpolitico.mx\/?p=17890#primaryimage"},"thumbnailUrl":"","datePublished":"2019-02-21T17:41:27+00:00","author":{"@id":"https:\/\/quehacerpolitico.mx\/#\/schema\/person\/496d8ad2d1d3f8036101dca7ee39e585"},"breadcrumb":{"@id":"https:\/\/quehacerpolitico.mx\/?p=17890#breadcrumb"},"inLanguage":"es","potentialAction":[{"@type":"ReadAction","target":["https:\/\/quehacerpolitico.mx\/?p=17890"]}]},{"@type":"ImageObject","inLanguage":"es","@id":"https:\/\/quehacerpolitico.mx\/?p=17890#primaryimage","url":"","contentUrl":""},{"@type":"BreadcrumbList","@id":"https:\/\/quehacerpolitico.mx\/?p=17890#breadcrumb","itemListElement":[{"@type":"ListItem","position":1,"name":"Inicio","item":"https:\/\/quehacerpolitico.mx\/"},{"@type":"ListItem","position":2,"name":"Alerta s\u00edsmica interrumpe conferencia de L\u00f3pez Obrador en Palacio Nacional"}]},{"@type":"WebSite","@id":"https:\/\/quehacerpolitico.mx\/#website","url":"https:\/\/quehacerpolitico.mx\/","name":"","description":"","potentialAction":[{"@type":"SearchAction","target":{"@type":"EntryPoint","urlTemplate":"https:\/\/quehacerpolitico.mx\/?s={search_term_string}"},"query-input":{"@type":"PropertyValueSpecification","valueRequired":true,"valueName":"search_term_string"}}],"inLanguage":"es"},{"@type":"Person","@id":"https:\/\/quehacerpolitico.mx\/#\/schema\/person\/496d8ad2d1d3f8036101dca7ee39e585","name":"Redacci\u00f3n QP","image":{"@type":"ImageObject","inLanguage":"es","@id":"https:\/\/secure.gravatar.com\/avatar\/c7164ed6fdec453195284ad24a5ae5b6e1eed2b848477fa2a4787ba9adf39a41?s=96&d=mm&r=g","url":"https:\/\/secure.gravatar.com\/avatar\/c7164ed6fdec453195284ad24a5ae5b6e1eed2b848477fa2a4787ba9adf39a41?s=96&d=mm&r=g","contentUrl":"https:\/\/secure.gravatar.com\/avatar\/c7164ed6fdec453195284ad24a5ae5b6e1eed2b848477fa2a4787ba9adf39a41?s=96&d=mm&r=g","caption":"Redacci\u00f3n QP"},"url":"https:\/\/quehacerpolitico.mx\/?author=2"}]}},"featured_image_urls":{"full":"","thumbnail":"","medium":"","medium_large":"","large":"","1536x1536":"","2048x2048":"","covernews-featured":"","covernews-medium":""},"author_info":{"display_name":"Redacci\u00f3n QP","author_link":"https:\/\/quehacerpolitico.mx\/?author=2"},"category_info":"<a href=\"https:\/\/quehacerpolitico.mx\/?cat=2\" rel=\"category\">Noticias<\/a>","tag_info":"Noticias","comment_count":"0","_links":{"self":[{"href":"https:\/\/quehacerpolitico.mx\/index.php?rest_route=\/wp\/v2\/posts\/17890","targetHints":{"allow":["GET"]}}],"collection":[{"href":"https:\/\/quehacerpolitico.mx\/index.php?rest_route=\/wp\/v2\/posts"}],"about":[{"href":"https:\/\/quehacerpolitico.mx\/index.php?rest_route=\/wp\/v2\/types\/post"}],"author":[{"embeddable":true,"href":"https:\/\/quehacerpolitico.mx\/index.php?rest_route=\/wp\/v2\/users\/2"}],"replies":[{"embeddable":true,"href":"https:\/\/quehacerpolitico.mx\/index.php?rest_route=%2Fwp%2Fv2%2Fcomments&post=17890"}],"version-history":[{"count":0,"href":"https:\/\/quehacerpolitico.mx\/index.php?rest_route=\/wp\/v2\/posts\/17890\/revisions"}],"wp:featuredmedia":[{"embeddable":true,"href":"https:\/\/quehacerpolitico.mx\/index.php?rest_route=\/"}],"wp:attachment":[{"href":"https:\/\/quehacerpolitico.mx\/index.php?rest_route=%2Fwp%2Fv2%2Fmedia&parent=17890"}],"wp:term":[{"taxonomy":"category","embeddable":true,"href":"https:\/\/quehacerpolitico.mx\/index.php?rest_route=%2Fwp%2Fv2%2Fcategories&post=17890"},{"taxonomy":"post_tag","embeddable":true,"href":"https:\/\/quehacerpolitico.mx\/index.php?rest_route=%2Fwp%2Fv2%2Ftags&post=17890"}],"curies":[{"name":"wp","href":"https:\/\/api.w.org\/{rel}","templated":true}]}}