{"id":17470,"date":"2019-02-17T17:54:55","date_gmt":"2019-02-17T17:54:55","guid":{"rendered":"http:\/\/quehacerpolitico.mx\/la-onu-mujeres-pide-al-gobierno-de-mexico-que-pase-de-anuncios-a-acciones-en-materia-de-genero\/"},"modified":"2019-02-17T17:54:55","modified_gmt":"2019-02-17T17:54:55","slug":"la-onu-mujeres-pide-al-gobierno-de-mexico-que-pase-de-anuncios-a-acciones-en-materia-de-genero","status":"publish","type":"post","link":"https:\/\/quehacerpolitico.mx\/?p=17470","title":{"rendered":"La ONU Mujeres pide al Gobierno de M\u00e9xico que pase de \u201canuncios\u201d a acciones en materia de g\u00e9nero"},"content":{"rendered":"<h1>La ONU Mujeres pide al Gobierno de M\u00e9xico que pase de \u201canuncios\u201d a acciones en materia de g\u00e9nero<\/h1>\n<p>Por Redacci\u00f3n QP<\/p>\n<p><strong>ONU Mujeres M\u00e9xico<\/strong>insta al nuevo <strong>Gobierno mexicano<\/strong> a materializar los \u201canuncios\u201d que ha hecho en sus casi tres meses de gesti\u00f3n sobre la lucha contra la violencia mediante una estrategia que incorpore<strong> pol\u00edticas con perspectiva de g\u00e9nero<\/strong>, seg\u00fan indic\u00f3 la representante de la organizaci\u00f3n en el pa\u00eds, Bel\u00e9n Sanz.<\/p>\n<blockquote>\n<p>\u201cCreemos los anuncios que hemos escuchado en cuanto al desarrollo de una estrategia integral para la lucha contra el homicidio, incluyendo el feminicidio, son alentadores, ya que el Gobierno reconoce que hay una fuerte problem\u00e1tica en la materia. Esperamos que se concrete con una estrategia muy espec\u00edfica\u201d, dijo Sanz a <em>Efe<\/em>.<\/p>\n<p>Para ONU Mujeres es dif\u00edcil realizar una valoraci\u00f3n del Gobierno del Presidente Andr\u00e9s Manuel L\u00f3pez Obrador en relaci\u00f3n a sus esfuerzos por reducir la violencia contra las mujeres porque todav\u00eda no se pueden medir los impactos.<\/p>\n<p>Aun as\u00ed, la representante consider\u00f3 que las propuestas pol\u00edticas \u201ccon foco en derechos humanos, seguridad que prevenga la violencia generalizada y que tenga un enfoque para combatir la desigualdad social\u201d deben tener como denominador com\u00fan la lucha contra la violencia hacia la mujer.<\/p>\n<blockquote>\n<p>Tras este breve periodo de mandato de L\u00f3pez Obrador (desde su investidura el d\u00eda 1 de diciembre), las colaboraciones de la organizaci\u00f3n internacional con las instituciones mexicanas todav\u00eda se est\u00e1n gestando pero ya ha habido \u201cbuenos acercamientos\u201d con la Canciller\u00eda, la Secretar\u00eda de Gobernaci\u00f3n o la Secretar\u00eda de Trabajo.<\/p>\n<p>Por ahora se est\u00e1 llevando a cabo un proceso de acercamiento mediante el que ONU Mujeres pretende saber c\u00f3mo se van a ir concretando las prioridades del Gobierno y, dependiendo de esto, se ver\u00e1 qu\u00e9 colaboraci\u00f3n pueden ofrecer.<\/p>\n<p>Una de las situaciones m\u00e1s alarmantes relacionadas con el machismo que se ha dado en Ciudad de M\u00e9xico en las \u00faltimas semanas es la de los intentos de secuestro en la red del Metro, que ONU Mujeres M\u00e9xico ya estudi\u00f3 hace algunos a\u00f1os.<\/p>\n<blockquote>\n<p>\u201cCiudad de M\u00e9xico est\u00e1 enfrentando una situaci\u00f3n que no es nueva, pero en relaci\u00f3n a los secuestros que se han hecho p\u00fablicos es importante que las autoridades lleven a cabo una investigaci\u00f3n seria y que se vea si hay un patr\u00f3n para as\u00ed poder entender que est\u00e1 pasando\u201d, coment\u00f3 Sanz.<\/p>\n<\/blockquote>\n<p>En 2017 la organizaci\u00f3n trabaj\u00f3 con el Gobierno capitalino en la implementaci\u00f3n de un programa que ya existe en otros pa\u00edses para la prevenci\u00f3n y atenci\u00f3n del acoso sexual a mujeres y ni\u00f1as en el transporte p\u00fablico.<\/p>\n<p>Con este programa se hizo un estudio cuyos resultados calific\u00f3 Sanz de \u201calarmantes\u201d.<\/p>\n<p>M\u00e1s de 96 por ciento de las mujeres encuestadas dijo haber sido objeto de violencia sexual en espacios p\u00fablicos al menos una vez en su vida. De ellas, 73 por ciento se\u00f1al\u00f3 que fue en el Metro donde sufrieron ese acoso.<\/p>\n<p>Para enfrentar la situaci\u00f3n en 2017 se hizo una campa\u00f1a llamada \u201cNo es de hombre\u201d, con el objetivo de transformar las mentalidades que justifican el acoso en el transporte p\u00fablico, y que Sanz consider\u00f3 que tuvo \u201cimpacto tanto en mujeres, al darse cuenta de que no tienen por qu\u00e9 sufrir acoso, como en hombres, que supieron que hacerlo no est\u00e1 bien\u201d.<\/p>\n<p>ONU Mujeres M\u00e9xico considera que las autoridades deben volver a observar estos datos y darle continuidad al programa de prevenci\u00f3n de acoso hacia mujeres y ni\u00f1as para, junto a las medidas que pretende sacar adelante el nuevo Gobierno, combatir este problema tan grave para la ciudadan\u00eda.<\/p>\n<p>Con Informaci\u00f3n de EFE<\/p>\n<\/blockquote>\n<\/blockquote>\n","protected":false},"excerpt":{"rendered":"<p>La ONU Mujeres pide al Gobierno de M\u00e9xico que pase de \u201canuncios\u201d a acciones en materia de g\u00e9nero<br \/>\nPor Redacci\u00f3n QP<\/p>\n","protected":false},"author":2,"featured_media":17469,"comment_status":"open","ping_status":"open","sticky":false,"template":"","format":"standard","meta":{"_monsterinsights_skip_tracking":false,"_monsterinsights_sitenote_active":false,"_monsterinsights_sitenote_note":"","_monsterinsights_sitenote_category":0,"footnotes":""},"categories":[2],"tags":[],"class_list":["post-17470","post","type-post","status-publish","format-standard","has-post-thumbnail","hentry","category-noticias"],"yoast_head":"<!-- This site is optimized with the Yoast SEO plugin v27.3 - https:\/\/yoast.com\/product\/yoast-seo-wordpress\/ -->\n<title>La ONU Mujeres pide al Gobierno de M\u00e9xico que pase de \u201canuncios\u201d a acciones en materia de g\u00e9nero -<\/title>\n<meta name=\"robots\" content=\"index, follow, max-snippet:-1, max-image-preview:large, max-video-preview:-1\" \/>\n<link rel=\"canonical\" href=\"https:\/\/quehacerpolitico.mx\/?p=17470\" \/>\n<meta property=\"og:locale\" content=\"es_MX\" \/>\n<meta property=\"og:type\" content=\"article\" \/>\n<meta property=\"og:title\" content=\"La ONU Mujeres pide al Gobierno de M\u00e9xico que pase de \u201canuncios\u201d a acciones en materia de g\u00e9nero -\" \/>\n<meta property=\"og:description\" content=\"La ONU Mujeres pide al Gobierno de M\u00e9xico que pase de \u201canuncios\u201d a acciones en materia de g\u00e9nero Por Redacci\u00f3n QP\" \/>\n<meta property=\"og:url\" content=\"https:\/\/quehacerpolitico.mx\/?p=17470\" \/>\n<meta property=\"article:published_time\" content=\"2019-02-17T17:54:55+00:00\" \/>\n<meta name=\"author\" content=\"Redacci\u00f3n QP\" \/>\n<meta name=\"twitter:card\" content=\"summary_large_image\" \/>\n<meta name=\"twitter:label1\" content=\"Escrito por\" \/>\n\t<meta name=\"twitter:data1\" content=\"Redacci\u00f3n QP\" \/>\n\t<meta name=\"twitter:label2\" content=\"Tiempo de lectura\" \/>\n\t<meta name=\"twitter:data2\" content=\"3 minutos\" \/>\n<script type=\"application\/ld+json\" class=\"yoast-schema-graph\">{\"@context\":\"https:\\\/\\\/schema.org\",\"@graph\":[{\"@type\":\"Article\",\"@id\":\"https:\\\/\\\/quehacerpolitico.mx\\\/?p=17470#article\",\"isPartOf\":{\"@id\":\"https:\\\/\\\/quehacerpolitico.mx\\\/?p=17470\"},\"author\":{\"name\":\"Redacci\u00f3n QP\",\"@id\":\"https:\\\/\\\/quehacerpolitico.mx\\\/#\\\/schema\\\/person\\\/496d8ad2d1d3f8036101dca7ee39e585\"},\"headline\":\"La ONU Mujeres pide al Gobierno de M\u00e9xico que pase de \u201canuncios\u201d a acciones en materia de g\u00e9nero\",\"datePublished\":\"2019-02-17T17:54:55+00:00\",\"mainEntityOfPage\":{\"@id\":\"https:\\\/\\\/quehacerpolitico.mx\\\/?p=17470\"},\"wordCount\":657,\"commentCount\":0,\"image\":{\"@id\":\"https:\\\/\\\/quehacerpolitico.mx\\\/?p=17470#primaryimage\"},\"thumbnailUrl\":\"\",\"articleSection\":[\"Noticias\"],\"inLanguage\":\"es\",\"potentialAction\":[{\"@type\":\"CommentAction\",\"name\":\"Comment\",\"target\":[\"https:\\\/\\\/quehacerpolitico.mx\\\/?p=17470#respond\"]}]},{\"@type\":\"WebPage\",\"@id\":\"https:\\\/\\\/quehacerpolitico.mx\\\/?p=17470\",\"url\":\"https:\\\/\\\/quehacerpolitico.mx\\\/?p=17470\",\"name\":\"La ONU Mujeres pide al Gobierno de M\u00e9xico que pase de \u201canuncios\u201d a acciones en materia de g\u00e9nero -\",\"isPartOf\":{\"@id\":\"https:\\\/\\\/quehacerpolitico.mx\\\/#website\"},\"primaryImageOfPage\":{\"@id\":\"https:\\\/\\\/quehacerpolitico.mx\\\/?p=17470#primaryimage\"},\"image\":{\"@id\":\"https:\\\/\\\/quehacerpolitico.mx\\\/?p=17470#primaryimage\"},\"thumbnailUrl\":\"\",\"datePublished\":\"2019-02-17T17:54:55+00:00\",\"author\":{\"@id\":\"https:\\\/\\\/quehacerpolitico.mx\\\/#\\\/schema\\\/person\\\/496d8ad2d1d3f8036101dca7ee39e585\"},\"breadcrumb\":{\"@id\":\"https:\\\/\\\/quehacerpolitico.mx\\\/?p=17470#breadcrumb\"},\"inLanguage\":\"es\",\"potentialAction\":[{\"@type\":\"ReadAction\",\"target\":[\"https:\\\/\\\/quehacerpolitico.mx\\\/?p=17470\"]}]},{\"@type\":\"ImageObject\",\"inLanguage\":\"es\",\"@id\":\"https:\\\/\\\/quehacerpolitico.mx\\\/?p=17470#primaryimage\",\"url\":\"\",\"contentUrl\":\"\"},{\"@type\":\"BreadcrumbList\",\"@id\":\"https:\\\/\\\/quehacerpolitico.mx\\\/?p=17470#breadcrumb\",\"itemListElement\":[{\"@type\":\"ListItem\",\"position\":1,\"name\":\"Inicio\",\"item\":\"https:\\\/\\\/quehacerpolitico.mx\\\/\"},{\"@type\":\"ListItem\",\"position\":2,\"name\":\"La ONU Mujeres pide al Gobierno de M\u00e9xico que pase de \u201canuncios\u201d a acciones en materia de g\u00e9nero\"}]},{\"@type\":\"WebSite\",\"@id\":\"https:\\\/\\\/quehacerpolitico.mx\\\/#website\",\"url\":\"https:\\\/\\\/quehacerpolitico.mx\\\/\",\"name\":\"\",\"description\":\"\",\"potentialAction\":[{\"@type\":\"SearchAction\",\"target\":{\"@type\":\"EntryPoint\",\"urlTemplate\":\"https:\\\/\\\/quehacerpolitico.mx\\\/?s={search_term_string}\"},\"query-input\":{\"@type\":\"PropertyValueSpecification\",\"valueRequired\":true,\"valueName\":\"search_term_string\"}}],\"inLanguage\":\"es\"},{\"@type\":\"Person\",\"@id\":\"https:\\\/\\\/quehacerpolitico.mx\\\/#\\\/schema\\\/person\\\/496d8ad2d1d3f8036101dca7ee39e585\",\"name\":\"Redacci\u00f3n QP\",\"image\":{\"@type\":\"ImageObject\",\"inLanguage\":\"es\",\"@id\":\"https:\\\/\\\/secure.gravatar.com\\\/avatar\\\/c7164ed6fdec453195284ad24a5ae5b6e1eed2b848477fa2a4787ba9adf39a41?s=96&d=mm&r=g\",\"url\":\"https:\\\/\\\/secure.gravatar.com\\\/avatar\\\/c7164ed6fdec453195284ad24a5ae5b6e1eed2b848477fa2a4787ba9adf39a41?s=96&d=mm&r=g\",\"contentUrl\":\"https:\\\/\\\/secure.gravatar.com\\\/avatar\\\/c7164ed6fdec453195284ad24a5ae5b6e1eed2b848477fa2a4787ba9adf39a41?s=96&d=mm&r=g\",\"caption\":\"Redacci\u00f3n QP\"},\"url\":\"https:\\\/\\\/quehacerpolitico.mx\\\/?author=2\"}]}<\/script>\n<!-- \/ Yoast SEO plugin. -->","yoast_head_json":{"title":"La ONU Mujeres pide al Gobierno de M\u00e9xico que pase de \u201canuncios\u201d a acciones en materia de g\u00e9nero -","robots":{"index":"index","follow":"follow","max-snippet":"max-snippet:-1","max-image-preview":"max-image-preview:large","max-video-preview":"max-video-preview:-1"},"canonical":"https:\/\/quehacerpolitico.mx\/?p=17470","og_locale":"es_MX","og_type":"article","og_title":"La ONU Mujeres pide al Gobierno de M\u00e9xico que pase de \u201canuncios\u201d a acciones en materia de g\u00e9nero -","og_description":"La ONU Mujeres pide al Gobierno de M\u00e9xico que pase de \u201canuncios\u201d a acciones en materia de g\u00e9nero Por Redacci\u00f3n QP","og_url":"https:\/\/quehacerpolitico.mx\/?p=17470","article_published_time":"2019-02-17T17:54:55+00:00","author":"Redacci\u00f3n QP","twitter_card":"summary_large_image","twitter_misc":{"Escrito por":"Redacci\u00f3n QP","Tiempo de lectura":"3 minutos"},"schema":{"@context":"https:\/\/schema.org","@graph":[{"@type":"Article","@id":"https:\/\/quehacerpolitico.mx\/?p=17470#article","isPartOf":{"@id":"https:\/\/quehacerpolitico.mx\/?p=17470"},"author":{"name":"Redacci\u00f3n QP","@id":"https:\/\/quehacerpolitico.mx\/#\/schema\/person\/496d8ad2d1d3f8036101dca7ee39e585"},"headline":"La ONU Mujeres pide al Gobierno de M\u00e9xico que pase de \u201canuncios\u201d a acciones en materia de g\u00e9nero","datePublished":"2019-02-17T17:54:55+00:00","mainEntityOfPage":{"@id":"https:\/\/quehacerpolitico.mx\/?p=17470"},"wordCount":657,"commentCount":0,"image":{"@id":"https:\/\/quehacerpolitico.mx\/?p=17470#primaryimage"},"thumbnailUrl":"","articleSection":["Noticias"],"inLanguage":"es","potentialAction":[{"@type":"CommentAction","name":"Comment","target":["https:\/\/quehacerpolitico.mx\/?p=17470#respond"]}]},{"@type":"WebPage","@id":"https:\/\/quehacerpolitico.mx\/?p=17470","url":"https:\/\/quehacerpolitico.mx\/?p=17470","name":"La ONU Mujeres pide al Gobierno de M\u00e9xico que pase de \u201canuncios\u201d a acciones en materia de g\u00e9nero -","isPartOf":{"@id":"https:\/\/quehacerpolitico.mx\/#website"},"primaryImageOfPage":{"@id":"https:\/\/quehacerpolitico.mx\/?p=17470#primaryimage"},"image":{"@id":"https:\/\/quehacerpolitico.mx\/?p=17470#primaryimage"},"thumbnailUrl":"","datePublished":"2019-02-17T17:54:55+00:00","author":{"@id":"https:\/\/quehacerpolitico.mx\/#\/schema\/person\/496d8ad2d1d3f8036101dca7ee39e585"},"breadcrumb":{"@id":"https:\/\/quehacerpolitico.mx\/?p=17470#breadcrumb"},"inLanguage":"es","potentialAction":[{"@type":"ReadAction","target":["https:\/\/quehacerpolitico.mx\/?p=17470"]}]},{"@type":"ImageObject","inLanguage":"es","@id":"https:\/\/quehacerpolitico.mx\/?p=17470#primaryimage","url":"","contentUrl":""},{"@type":"BreadcrumbList","@id":"https:\/\/quehacerpolitico.mx\/?p=17470#breadcrumb","itemListElement":[{"@type":"ListItem","position":1,"name":"Inicio","item":"https:\/\/quehacerpolitico.mx\/"},{"@type":"ListItem","position":2,"name":"La ONU Mujeres pide al Gobierno de M\u00e9xico que pase de \u201canuncios\u201d a acciones en materia de g\u00e9nero"}]},{"@type":"WebSite","@id":"https:\/\/quehacerpolitico.mx\/#website","url":"https:\/\/quehacerpolitico.mx\/","name":"","description":"","potentialAction":[{"@type":"SearchAction","target":{"@type":"EntryPoint","urlTemplate":"https:\/\/quehacerpolitico.mx\/?s={search_term_string}"},"query-input":{"@type":"PropertyValueSpecification","valueRequired":true,"valueName":"search_term_string"}}],"inLanguage":"es"},{"@type":"Person","@id":"https:\/\/quehacerpolitico.mx\/#\/schema\/person\/496d8ad2d1d3f8036101dca7ee39e585","name":"Redacci\u00f3n QP","image":{"@type":"ImageObject","inLanguage":"es","@id":"https:\/\/secure.gravatar.com\/avatar\/c7164ed6fdec453195284ad24a5ae5b6e1eed2b848477fa2a4787ba9adf39a41?s=96&d=mm&r=g","url":"https:\/\/secure.gravatar.com\/avatar\/c7164ed6fdec453195284ad24a5ae5b6e1eed2b848477fa2a4787ba9adf39a41?s=96&d=mm&r=g","contentUrl":"https:\/\/secure.gravatar.com\/avatar\/c7164ed6fdec453195284ad24a5ae5b6e1eed2b848477fa2a4787ba9adf39a41?s=96&d=mm&r=g","caption":"Redacci\u00f3n QP"},"url":"https:\/\/quehacerpolitico.mx\/?author=2"}]}},"featured_image_urls":{"full":"","thumbnail":"","medium":"","medium_large":"","large":"","1536x1536":"","2048x2048":"","covernews-featured":"","covernews-medium":""},"author_info":{"display_name":"Redacci\u00f3n QP","author_link":"https:\/\/quehacerpolitico.mx\/?author=2"},"category_info":"<a href=\"https:\/\/quehacerpolitico.mx\/?cat=2\" rel=\"category\">Noticias<\/a>","tag_info":"Noticias","comment_count":"0","_links":{"self":[{"href":"https:\/\/quehacerpolitico.mx\/index.php?rest_route=\/wp\/v2\/posts\/17470","targetHints":{"allow":["GET"]}}],"collection":[{"href":"https:\/\/quehacerpolitico.mx\/index.php?rest_route=\/wp\/v2\/posts"}],"about":[{"href":"https:\/\/quehacerpolitico.mx\/index.php?rest_route=\/wp\/v2\/types\/post"}],"author":[{"embeddable":true,"href":"https:\/\/quehacerpolitico.mx\/index.php?rest_route=\/wp\/v2\/users\/2"}],"replies":[{"embeddable":true,"href":"https:\/\/quehacerpolitico.mx\/index.php?rest_route=%2Fwp%2Fv2%2Fcomments&post=17470"}],"version-history":[{"count":0,"href":"https:\/\/quehacerpolitico.mx\/index.php?rest_route=\/wp\/v2\/posts\/17470\/revisions"}],"wp:featuredmedia":[{"embeddable":true,"href":"https:\/\/quehacerpolitico.mx\/index.php?rest_route=\/"}],"wp:attachment":[{"href":"https:\/\/quehacerpolitico.mx\/index.php?rest_route=%2Fwp%2Fv2%2Fmedia&parent=17470"}],"wp:term":[{"taxonomy":"category","embeddable":true,"href":"https:\/\/quehacerpolitico.mx\/index.php?rest_route=%2Fwp%2Fv2%2Fcategories&post=17470"},{"taxonomy":"post_tag","embeddable":true,"href":"https:\/\/quehacerpolitico.mx\/index.php?rest_route=%2Fwp%2Fv2%2Ftags&post=17470"}],"curies":[{"name":"wp","href":"https:\/\/api.w.org\/{rel}","templated":true}]}}