{"id":17461,"date":"2019-02-17T17:28:22","date_gmt":"2019-02-17T17:28:22","guid":{"rendered":"http:\/\/quehacerpolitico.mx\/drake-bell-comparte-una-foto-con-yalitza-aparicio-y-la-felicita-por-su-nominacion-al-oscar\/"},"modified":"2019-02-17T17:28:22","modified_gmt":"2019-02-17T17:28:22","slug":"drake-bell-comparte-una-foto-con-yalitza-aparicio-y-la-felicita-por-su-nominacion-al-oscar","status":"publish","type":"post","link":"https:\/\/quehacerpolitico.mx\/?p=17461","title":{"rendered":"Drake Bell comparte una FOTO con Yalitza Aparicio y la felicita por su nominaci\u00f3n al \u00d3scar"},"content":{"rendered":"<h1>Drake Bell comparte una FOTO con Yalitza Aparicio y la felicita por su nominaci\u00f3n al \u00d3scar<\/h1>\n<p>Por Redacci\u00f3n QP<\/p>\n<p>As\u00ed como hay comentarios desafortunados por parte de personalidades como\u00a0Laura Zapata y Sergio Goyri, tambi\u00e9n hay <strong>mensajes llenos de admiraci\u00f3n<\/strong> y cari\u00f1o por parte de <strong>verdaderos artistas internacionales, <\/strong>como es el caso del cantante\u00a0<strong>Drake Bell<\/strong>, quien felicit\u00f3 a\u00a0<strong>Yalitza Aparicio\u00a0<\/strong>por su nominaci\u00f3n a\u00a0Mejor Actriz en los premios \u00d3scar tras su participaci\u00f3n en la pel\u00edcula<strong>\u00a0<em>\u201cRoma\u201d<\/em><\/strong>, dirigida por\u00a0<strong>Alfonso Cuar\u00f3n.<\/strong><\/p>\n<blockquote>\n<p>A trav\u00e9s de sus redes sociales, Bell comparti\u00f3 la imagen junto a la mexicana en donde la felicita en espa\u00f1ol por su logro. El cantante aprovech\u00f3 la publicaci\u00f3n para felicitar a la mexicana con el siguiente mensaje:\u00a0<strong>\u201c\u00a1Felicitaciones por tu hermosa pel\u00edcula y nominaci\u00f3n! @yalitzaapariciomtz\u201d.<\/strong><\/p>\n<p>La instant\u00e1nea, publicada en su Instagram, muestra a Yalitza ataviada con un vestido negro floreado y al cantante con un pantal\u00f3n de mezclilla gris y una chamarra color azul marino con rojo, muy sonrientes. El post ha logrado m\u00e1s de 160 mil \u201cme gusta\u201d a una hora de haber sido compartido.<\/p>\n<div id=\"attachment_3537677\" class=\"wp-caption alignnone\"><img loading=\"lazy\" decoding=\"async\" class=\"wp-image-3537677 size-full\" src=\"https:\/\/www.sinembargo.mx\/wp-content\/uploads\/2019\/02\/drake-yali.jpg\" sizes=\"auto, (max-width: 700px) 100vw, 700px\" srcset=\"https:\/\/www.sinembargo.mx\/wp-content\/uploads\/2019\/02\/drake-yali.jpg 700w, https:\/\/www.sinembargo.mx\/wp-content\/uploads\/2019\/02\/drake-yali-300x204.jpg 300w\" alt=\"\" width=\"700\" height=\"476\" \/><\/p>\n<p class=\"wp-caption-text\">Drake aprovech\u00f3 para fotografiarse con Yalitza Aparicio.<br \/>Foto: Instagram\/DrakeBell<\/p>\n<\/div>\n<p>Adem\u00e1s, no es la primera vez que Drake ha mostrado el gran cari\u00f1o y admiraci\u00f3n que siente por los latinos, en otras ocasiones ha compartido fotograf\u00edas con el boxeador mexicano Sa\u00fal \u201cCanelo\u201d \u00c1lvarez.<\/p>\n<p>Con Informaci\u00f3n de Vanguardia<\/p>\n<\/blockquote>\n","protected":false},"excerpt":{"rendered":"<p>Drake Bell comparte una FOTO con Yalitza Aparicio y la felicita por su nominaci\u00f3n al \u00d3scar<br \/>\nPor Redacci\u00f3n QP<\/p>\n","protected":false},"author":2,"featured_media":17460,"comment_status":"open","ping_status":"open","sticky":false,"template":"","format":"standard","meta":{"_monsterinsights_skip_tracking":false,"_monsterinsights_sitenote_active":false,"_monsterinsights_sitenote_note":"","_monsterinsights_sitenote_category":0,"footnotes":""},"categories":[58],"tags":[],"class_list":["post-17461","post","type-post","status-publish","format-standard","has-post-thumbnail","hentry","category-cultura"],"yoast_head":"<!-- This site is optimized with the Yoast SEO plugin v27.3 - https:\/\/yoast.com\/product\/yoast-seo-wordpress\/ -->\n<title>Drake Bell comparte una FOTO con Yalitza Aparicio y la felicita por su nominaci\u00f3n al \u00d3scar -<\/title>\n<meta name=\"robots\" content=\"index, follow, max-snippet:-1, max-image-preview:large, max-video-preview:-1\" \/>\n<link rel=\"canonical\" href=\"https:\/\/quehacerpolitico.mx\/?p=17461\" \/>\n<meta property=\"og:locale\" content=\"es_MX\" \/>\n<meta property=\"og:type\" content=\"article\" \/>\n<meta property=\"og:title\" content=\"Drake Bell comparte una FOTO con Yalitza Aparicio y la felicita por su nominaci\u00f3n al \u00d3scar -\" \/>\n<meta property=\"og:description\" content=\"Drake Bell comparte una FOTO con Yalitza Aparicio y la felicita por su nominaci\u00f3n al \u00d3scar Por Redacci\u00f3n QP\" \/>\n<meta property=\"og:url\" content=\"https:\/\/quehacerpolitico.mx\/?p=17461\" \/>\n<meta property=\"article:published_time\" content=\"2019-02-17T17:28:22+00:00\" \/>\n<meta name=\"author\" content=\"Redacci\u00f3n QP\" \/>\n<meta name=\"twitter:card\" content=\"summary_large_image\" \/>\n<meta name=\"twitter:label1\" content=\"Escrito por\" \/>\n\t<meta name=\"twitter:data1\" content=\"Redacci\u00f3n QP\" \/>\n\t<meta name=\"twitter:label2\" content=\"Tiempo de lectura\" \/>\n\t<meta name=\"twitter:data2\" content=\"1 minuto\" \/>\n<script type=\"application\/ld+json\" class=\"yoast-schema-graph\">{\"@context\":\"https:\\\/\\\/schema.org\",\"@graph\":[{\"@type\":\"Article\",\"@id\":\"https:\\\/\\\/quehacerpolitico.mx\\\/?p=17461#article\",\"isPartOf\":{\"@id\":\"https:\\\/\\\/quehacerpolitico.mx\\\/?p=17461\"},\"author\":{\"name\":\"Redacci\u00f3n QP\",\"@id\":\"https:\\\/\\\/quehacerpolitico.mx\\\/#\\\/schema\\\/person\\\/496d8ad2d1d3f8036101dca7ee39e585\"},\"headline\":\"Drake Bell comparte una FOTO con Yalitza Aparicio y la felicita por su nominaci\u00f3n al \u00d3scar\",\"datePublished\":\"2019-02-17T17:28:22+00:00\",\"mainEntityOfPage\":{\"@id\":\"https:\\\/\\\/quehacerpolitico.mx\\\/?p=17461\"},\"wordCount\":264,\"commentCount\":0,\"image\":{\"@id\":\"https:\\\/\\\/quehacerpolitico.mx\\\/?p=17461#primaryimage\"},\"thumbnailUrl\":\"\",\"articleSection\":[\"Cultura y Entretenimiento\"],\"inLanguage\":\"es\",\"potentialAction\":[{\"@type\":\"CommentAction\",\"name\":\"Comment\",\"target\":[\"https:\\\/\\\/quehacerpolitico.mx\\\/?p=17461#respond\"]}]},{\"@type\":\"WebPage\",\"@id\":\"https:\\\/\\\/quehacerpolitico.mx\\\/?p=17461\",\"url\":\"https:\\\/\\\/quehacerpolitico.mx\\\/?p=17461\",\"name\":\"Drake Bell comparte una FOTO con Yalitza Aparicio y la felicita por su nominaci\u00f3n al \u00d3scar -\",\"isPartOf\":{\"@id\":\"https:\\\/\\\/quehacerpolitico.mx\\\/#website\"},\"primaryImageOfPage\":{\"@id\":\"https:\\\/\\\/quehacerpolitico.mx\\\/?p=17461#primaryimage\"},\"image\":{\"@id\":\"https:\\\/\\\/quehacerpolitico.mx\\\/?p=17461#primaryimage\"},\"thumbnailUrl\":\"\",\"datePublished\":\"2019-02-17T17:28:22+00:00\",\"author\":{\"@id\":\"https:\\\/\\\/quehacerpolitico.mx\\\/#\\\/schema\\\/person\\\/496d8ad2d1d3f8036101dca7ee39e585\"},\"breadcrumb\":{\"@id\":\"https:\\\/\\\/quehacerpolitico.mx\\\/?p=17461#breadcrumb\"},\"inLanguage\":\"es\",\"potentialAction\":[{\"@type\":\"ReadAction\",\"target\":[\"https:\\\/\\\/quehacerpolitico.mx\\\/?p=17461\"]}]},{\"@type\":\"ImageObject\",\"inLanguage\":\"es\",\"@id\":\"https:\\\/\\\/quehacerpolitico.mx\\\/?p=17461#primaryimage\",\"url\":\"\",\"contentUrl\":\"\"},{\"@type\":\"BreadcrumbList\",\"@id\":\"https:\\\/\\\/quehacerpolitico.mx\\\/?p=17461#breadcrumb\",\"itemListElement\":[{\"@type\":\"ListItem\",\"position\":1,\"name\":\"Inicio\",\"item\":\"https:\\\/\\\/quehacerpolitico.mx\\\/\"},{\"@type\":\"ListItem\",\"position\":2,\"name\":\"Drake Bell comparte una FOTO con Yalitza Aparicio y la felicita por su nominaci\u00f3n al \u00d3scar\"}]},{\"@type\":\"WebSite\",\"@id\":\"https:\\\/\\\/quehacerpolitico.mx\\\/#website\",\"url\":\"https:\\\/\\\/quehacerpolitico.mx\\\/\",\"name\":\"\",\"description\":\"\",\"potentialAction\":[{\"@type\":\"SearchAction\",\"target\":{\"@type\":\"EntryPoint\",\"urlTemplate\":\"https:\\\/\\\/quehacerpolitico.mx\\\/?s={search_term_string}\"},\"query-input\":{\"@type\":\"PropertyValueSpecification\",\"valueRequired\":true,\"valueName\":\"search_term_string\"}}],\"inLanguage\":\"es\"},{\"@type\":\"Person\",\"@id\":\"https:\\\/\\\/quehacerpolitico.mx\\\/#\\\/schema\\\/person\\\/496d8ad2d1d3f8036101dca7ee39e585\",\"name\":\"Redacci\u00f3n QP\",\"image\":{\"@type\":\"ImageObject\",\"inLanguage\":\"es\",\"@id\":\"https:\\\/\\\/secure.gravatar.com\\\/avatar\\\/c7164ed6fdec453195284ad24a5ae5b6e1eed2b848477fa2a4787ba9adf39a41?s=96&d=mm&r=g\",\"url\":\"https:\\\/\\\/secure.gravatar.com\\\/avatar\\\/c7164ed6fdec453195284ad24a5ae5b6e1eed2b848477fa2a4787ba9adf39a41?s=96&d=mm&r=g\",\"contentUrl\":\"https:\\\/\\\/secure.gravatar.com\\\/avatar\\\/c7164ed6fdec453195284ad24a5ae5b6e1eed2b848477fa2a4787ba9adf39a41?s=96&d=mm&r=g\",\"caption\":\"Redacci\u00f3n QP\"},\"url\":\"https:\\\/\\\/quehacerpolitico.mx\\\/?author=2\"}]}<\/script>\n<!-- \/ Yoast SEO plugin. -->","yoast_head_json":{"title":"Drake Bell comparte una FOTO con Yalitza Aparicio y la felicita por su nominaci\u00f3n al \u00d3scar -","robots":{"index":"index","follow":"follow","max-snippet":"max-snippet:-1","max-image-preview":"max-image-preview:large","max-video-preview":"max-video-preview:-1"},"canonical":"https:\/\/quehacerpolitico.mx\/?p=17461","og_locale":"es_MX","og_type":"article","og_title":"Drake Bell comparte una FOTO con Yalitza Aparicio y la felicita por su nominaci\u00f3n al \u00d3scar -","og_description":"Drake Bell comparte una FOTO con Yalitza Aparicio y la felicita por su nominaci\u00f3n al \u00d3scar Por Redacci\u00f3n QP","og_url":"https:\/\/quehacerpolitico.mx\/?p=17461","article_published_time":"2019-02-17T17:28:22+00:00","author":"Redacci\u00f3n QP","twitter_card":"summary_large_image","twitter_misc":{"Escrito por":"Redacci\u00f3n QP","Tiempo de lectura":"1 minuto"},"schema":{"@context":"https:\/\/schema.org","@graph":[{"@type":"Article","@id":"https:\/\/quehacerpolitico.mx\/?p=17461#article","isPartOf":{"@id":"https:\/\/quehacerpolitico.mx\/?p=17461"},"author":{"name":"Redacci\u00f3n QP","@id":"https:\/\/quehacerpolitico.mx\/#\/schema\/person\/496d8ad2d1d3f8036101dca7ee39e585"},"headline":"Drake Bell comparte una FOTO con Yalitza Aparicio y la felicita por su nominaci\u00f3n al \u00d3scar","datePublished":"2019-02-17T17:28:22+00:00","mainEntityOfPage":{"@id":"https:\/\/quehacerpolitico.mx\/?p=17461"},"wordCount":264,"commentCount":0,"image":{"@id":"https:\/\/quehacerpolitico.mx\/?p=17461#primaryimage"},"thumbnailUrl":"","articleSection":["Cultura y Entretenimiento"],"inLanguage":"es","potentialAction":[{"@type":"CommentAction","name":"Comment","target":["https:\/\/quehacerpolitico.mx\/?p=17461#respond"]}]},{"@type":"WebPage","@id":"https:\/\/quehacerpolitico.mx\/?p=17461","url":"https:\/\/quehacerpolitico.mx\/?p=17461","name":"Drake Bell comparte una FOTO con Yalitza Aparicio y la felicita por su nominaci\u00f3n al \u00d3scar -","isPartOf":{"@id":"https:\/\/quehacerpolitico.mx\/#website"},"primaryImageOfPage":{"@id":"https:\/\/quehacerpolitico.mx\/?p=17461#primaryimage"},"image":{"@id":"https:\/\/quehacerpolitico.mx\/?p=17461#primaryimage"},"thumbnailUrl":"","datePublished":"2019-02-17T17:28:22+00:00","author":{"@id":"https:\/\/quehacerpolitico.mx\/#\/schema\/person\/496d8ad2d1d3f8036101dca7ee39e585"},"breadcrumb":{"@id":"https:\/\/quehacerpolitico.mx\/?p=17461#breadcrumb"},"inLanguage":"es","potentialAction":[{"@type":"ReadAction","target":["https:\/\/quehacerpolitico.mx\/?p=17461"]}]},{"@type":"ImageObject","inLanguage":"es","@id":"https:\/\/quehacerpolitico.mx\/?p=17461#primaryimage","url":"","contentUrl":""},{"@type":"BreadcrumbList","@id":"https:\/\/quehacerpolitico.mx\/?p=17461#breadcrumb","itemListElement":[{"@type":"ListItem","position":1,"name":"Inicio","item":"https:\/\/quehacerpolitico.mx\/"},{"@type":"ListItem","position":2,"name":"Drake Bell comparte una FOTO con Yalitza Aparicio y la felicita por su nominaci\u00f3n al \u00d3scar"}]},{"@type":"WebSite","@id":"https:\/\/quehacerpolitico.mx\/#website","url":"https:\/\/quehacerpolitico.mx\/","name":"","description":"","potentialAction":[{"@type":"SearchAction","target":{"@type":"EntryPoint","urlTemplate":"https:\/\/quehacerpolitico.mx\/?s={search_term_string}"},"query-input":{"@type":"PropertyValueSpecification","valueRequired":true,"valueName":"search_term_string"}}],"inLanguage":"es"},{"@type":"Person","@id":"https:\/\/quehacerpolitico.mx\/#\/schema\/person\/496d8ad2d1d3f8036101dca7ee39e585","name":"Redacci\u00f3n QP","image":{"@type":"ImageObject","inLanguage":"es","@id":"https:\/\/secure.gravatar.com\/avatar\/c7164ed6fdec453195284ad24a5ae5b6e1eed2b848477fa2a4787ba9adf39a41?s=96&d=mm&r=g","url":"https:\/\/secure.gravatar.com\/avatar\/c7164ed6fdec453195284ad24a5ae5b6e1eed2b848477fa2a4787ba9adf39a41?s=96&d=mm&r=g","contentUrl":"https:\/\/secure.gravatar.com\/avatar\/c7164ed6fdec453195284ad24a5ae5b6e1eed2b848477fa2a4787ba9adf39a41?s=96&d=mm&r=g","caption":"Redacci\u00f3n QP"},"url":"https:\/\/quehacerpolitico.mx\/?author=2"}]}},"featured_image_urls":{"full":"","thumbnail":"","medium":"","medium_large":"","large":"","1536x1536":"","2048x2048":"","covernews-featured":"","covernews-medium":""},"author_info":{"display_name":"Redacci\u00f3n QP","author_link":"https:\/\/quehacerpolitico.mx\/?author=2"},"category_info":"<a href=\"https:\/\/quehacerpolitico.mx\/?cat=58\" rel=\"category\">Cultura y Entretenimiento<\/a>","tag_info":"Cultura y Entretenimiento","comment_count":"0","_links":{"self":[{"href":"https:\/\/quehacerpolitico.mx\/index.php?rest_route=\/wp\/v2\/posts\/17461","targetHints":{"allow":["GET"]}}],"collection":[{"href":"https:\/\/quehacerpolitico.mx\/index.php?rest_route=\/wp\/v2\/posts"}],"about":[{"href":"https:\/\/quehacerpolitico.mx\/index.php?rest_route=\/wp\/v2\/types\/post"}],"author":[{"embeddable":true,"href":"https:\/\/quehacerpolitico.mx\/index.php?rest_route=\/wp\/v2\/users\/2"}],"replies":[{"embeddable":true,"href":"https:\/\/quehacerpolitico.mx\/index.php?rest_route=%2Fwp%2Fv2%2Fcomments&post=17461"}],"version-history":[{"count":0,"href":"https:\/\/quehacerpolitico.mx\/index.php?rest_route=\/wp\/v2\/posts\/17461\/revisions"}],"wp:featuredmedia":[{"embeddable":true,"href":"https:\/\/quehacerpolitico.mx\/index.php?rest_route=\/"}],"wp:attachment":[{"href":"https:\/\/quehacerpolitico.mx\/index.php?rest_route=%2Fwp%2Fv2%2Fmedia&parent=17461"}],"wp:term":[{"taxonomy":"category","embeddable":true,"href":"https:\/\/quehacerpolitico.mx\/index.php?rest_route=%2Fwp%2Fv2%2Fcategories&post=17461"},{"taxonomy":"post_tag","embeddable":true,"href":"https:\/\/quehacerpolitico.mx\/index.php?rest_route=%2Fwp%2Fv2%2Ftags&post=17461"}],"curies":[{"name":"wp","href":"https:\/\/api.w.org\/{rel}","templated":true}]}}