{"id":17452,"date":"2019-02-17T03:57:40","date_gmt":"2019-02-17T03:57:40","guid":{"rendered":"http:\/\/quehacerpolitico.mx\/sheinbaum-dice-que-detencion-de-migrantes-no-fue-correcta-informa-que-policias-implicados-son-investigados\/"},"modified":"2019-02-17T03:57:40","modified_gmt":"2019-02-17T03:57:40","slug":"sheinbaum-dice-que-detencion-de-migrantes-no-fue-correcta-informa-que-policias-implicados-son-investigados","status":"publish","type":"post","link":"https:\/\/quehacerpolitico.mx\/?p=17452","title":{"rendered":"Sheinbaum dice que detenci\u00f3n de migrantes \u201cno fue correcta\u201d; informa que polic\u00edas implicados son investigados"},"content":{"rendered":"<h1>Sheinbaum dice que detenci\u00f3n de migrantes \u201cno fue correcta\u201d; informa que polic\u00edas implicados son investigados<\/h1>\n<p>Por Redacci\u00f3n QP<\/p>\n<p>La Jefa de Gobierno <strong>Claudia Sheinbaum<\/strong> Pardo asegur\u00f3 que los <strong>migrantes detenidos<\/strong> afuera del\u00a0<strong>Estadio<\/strong> <strong>Jes\u00fas\u00a0\u201cPalillo\u201d Mart\u00ednez<\/strong> fueron trasladados de manera inadecuada por parte de los <strong>polic\u00edas<\/strong> de la Secretar\u00eda de Seguridad Ciudadana e indic\u00f3 que los agentes implicados est\u00e1n siendo investigados.<\/p>\n<blockquote>\n<p>\u201cEl Secretario de Seguridad Ciudadana (Jes\u00fas Orta) va a tomar medidas con estos polic\u00edas, como en cualquier caso en donde hay abuso policial se llevan a asuntos internos\u201d, indic\u00f3 la Jefa de Gobierno.<\/p>\n<\/blockquote>\n<p>Sheinbaum dijo que los migrantes detenidos incumplieron con el reglamento del campamento.<\/p>\n<p>\u201cHab\u00eda un grupo de personas que no cumplieron con el reglamento, de tal manera que se les pidi\u00f3 salir del campamento, hab\u00eda quejas de los vecinos de que generaban problemas en la zona\u201d, coment\u00f3 Sheinbaum.<\/p>\n<p>https:\/\/twitter.com\/andalalucha\/status\/1096522928768851968?s=21<\/p>\n<p>El pasado 15 de febrero, usuarios de redes sociales difundieron un video en el que se exhibe el abuso policial por parte de elementos de la Secretar\u00eda de Seguridad Ciudadana de la Ciudad de M\u00e9xico en contra del defensor de derechos humanos Crist\u00f3bal S\u00e1nchez y un migrante hondure\u00f1o que forma parte de la \u00faltima caravana que se encuentra en la capital del pa\u00eds.<\/p>\n<p>En el video, compartido por Pueblo Sin Fronteras, se observa c\u00f3mo varios uniformados detienen y golpean sin motivo aparente al activista y a un migrante que se encontraban afuera del Estadio Jes\u00fas \u201cPalillo\u201d Mart\u00ednez, de la Ciudad Deportiva de la Magdalena Mixhuca.<\/p>\n<p>Al ver la manera en como eran tratados, otros activistas que se encontraban en el lugar intervinieron y comenzaron a grabar los hechos para documentar el mal accionar de los polic\u00edas.<\/p>\n","protected":false},"excerpt":{"rendered":"<p>Sheinbaum dice que detenci\u00f3n de migrantes \u201cno fue correcta\u201d; informa que polic\u00edas implicados son investigados<br \/>\nPor Redacci\u00f3n QP<\/p>\n","protected":false},"author":2,"featured_media":17451,"comment_status":"open","ping_status":"open","sticky":false,"template":"","format":"standard","meta":{"_monsterinsights_skip_tracking":false,"_monsterinsights_sitenote_active":false,"_monsterinsights_sitenote_note":"","_monsterinsights_sitenote_category":0,"footnotes":""},"categories":[55],"tags":[],"class_list":["post-17452","post","type-post","status-publish","format-standard","has-post-thumbnail","hentry","category-cdmx"],"yoast_head":"<!-- This site is optimized with the Yoast SEO plugin v27.3 - https:\/\/yoast.com\/product\/yoast-seo-wordpress\/ -->\n<title>Sheinbaum dice que detenci\u00f3n de migrantes \u201cno fue correcta\u201d; informa que polic\u00edas implicados son investigados -<\/title>\n<meta name=\"robots\" content=\"index, follow, max-snippet:-1, max-image-preview:large, max-video-preview:-1\" \/>\n<link rel=\"canonical\" href=\"https:\/\/quehacerpolitico.mx\/?p=17452\" \/>\n<meta property=\"og:locale\" content=\"es_MX\" \/>\n<meta property=\"og:type\" content=\"article\" \/>\n<meta property=\"og:title\" content=\"Sheinbaum dice que detenci\u00f3n de migrantes \u201cno fue correcta\u201d; informa que polic\u00edas implicados son investigados -\" \/>\n<meta property=\"og:description\" content=\"Sheinbaum dice que detenci\u00f3n de migrantes \u201cno fue correcta\u201d; informa que polic\u00edas implicados son investigados Por Redacci\u00f3n QP\" \/>\n<meta property=\"og:url\" content=\"https:\/\/quehacerpolitico.mx\/?p=17452\" \/>\n<meta property=\"article:published_time\" content=\"2019-02-17T03:57:40+00:00\" \/>\n<meta name=\"author\" content=\"Redacci\u00f3n QP\" \/>\n<meta name=\"twitter:card\" content=\"summary_large_image\" \/>\n<meta name=\"twitter:label1\" content=\"Escrito por\" \/>\n\t<meta name=\"twitter:data1\" content=\"Redacci\u00f3n QP\" \/>\n\t<meta name=\"twitter:label2\" content=\"Tiempo de lectura\" \/>\n\t<meta name=\"twitter:data2\" content=\"2 minutos\" \/>\n<script type=\"application\/ld+json\" class=\"yoast-schema-graph\">{\"@context\":\"https:\\\/\\\/schema.org\",\"@graph\":[{\"@type\":\"Article\",\"@id\":\"https:\\\/\\\/quehacerpolitico.mx\\\/?p=17452#article\",\"isPartOf\":{\"@id\":\"https:\\\/\\\/quehacerpolitico.mx\\\/?p=17452\"},\"author\":{\"name\":\"Redacci\u00f3n QP\",\"@id\":\"https:\\\/\\\/quehacerpolitico.mx\\\/#\\\/schema\\\/person\\\/496d8ad2d1d3f8036101dca7ee39e585\"},\"headline\":\"Sheinbaum dice que detenci\u00f3n de migrantes \u201cno fue correcta\u201d; informa que polic\u00edas implicados son investigados\",\"datePublished\":\"2019-02-17T03:57:40+00:00\",\"mainEntityOfPage\":{\"@id\":\"https:\\\/\\\/quehacerpolitico.mx\\\/?p=17452\"},\"wordCount\":321,\"commentCount\":0,\"image\":{\"@id\":\"https:\\\/\\\/quehacerpolitico.mx\\\/?p=17452#primaryimage\"},\"thumbnailUrl\":\"\",\"articleSection\":[\"CDMX\"],\"inLanguage\":\"es\",\"potentialAction\":[{\"@type\":\"CommentAction\",\"name\":\"Comment\",\"target\":[\"https:\\\/\\\/quehacerpolitico.mx\\\/?p=17452#respond\"]}]},{\"@type\":\"WebPage\",\"@id\":\"https:\\\/\\\/quehacerpolitico.mx\\\/?p=17452\",\"url\":\"https:\\\/\\\/quehacerpolitico.mx\\\/?p=17452\",\"name\":\"Sheinbaum dice que detenci\u00f3n de migrantes \u201cno fue correcta\u201d; informa que polic\u00edas implicados son investigados -\",\"isPartOf\":{\"@id\":\"https:\\\/\\\/quehacerpolitico.mx\\\/#website\"},\"primaryImageOfPage\":{\"@id\":\"https:\\\/\\\/quehacerpolitico.mx\\\/?p=17452#primaryimage\"},\"image\":{\"@id\":\"https:\\\/\\\/quehacerpolitico.mx\\\/?p=17452#primaryimage\"},\"thumbnailUrl\":\"\",\"datePublished\":\"2019-02-17T03:57:40+00:00\",\"author\":{\"@id\":\"https:\\\/\\\/quehacerpolitico.mx\\\/#\\\/schema\\\/person\\\/496d8ad2d1d3f8036101dca7ee39e585\"},\"breadcrumb\":{\"@id\":\"https:\\\/\\\/quehacerpolitico.mx\\\/?p=17452#breadcrumb\"},\"inLanguage\":\"es\",\"potentialAction\":[{\"@type\":\"ReadAction\",\"target\":[\"https:\\\/\\\/quehacerpolitico.mx\\\/?p=17452\"]}]},{\"@type\":\"ImageObject\",\"inLanguage\":\"es\",\"@id\":\"https:\\\/\\\/quehacerpolitico.mx\\\/?p=17452#primaryimage\",\"url\":\"\",\"contentUrl\":\"\"},{\"@type\":\"BreadcrumbList\",\"@id\":\"https:\\\/\\\/quehacerpolitico.mx\\\/?p=17452#breadcrumb\",\"itemListElement\":[{\"@type\":\"ListItem\",\"position\":1,\"name\":\"Inicio\",\"item\":\"https:\\\/\\\/quehacerpolitico.mx\\\/\"},{\"@type\":\"ListItem\",\"position\":2,\"name\":\"Sheinbaum dice que detenci\u00f3n de migrantes \u201cno fue correcta\u201d; informa que polic\u00edas implicados son investigados\"}]},{\"@type\":\"WebSite\",\"@id\":\"https:\\\/\\\/quehacerpolitico.mx\\\/#website\",\"url\":\"https:\\\/\\\/quehacerpolitico.mx\\\/\",\"name\":\"\",\"description\":\"\",\"potentialAction\":[{\"@type\":\"SearchAction\",\"target\":{\"@type\":\"EntryPoint\",\"urlTemplate\":\"https:\\\/\\\/quehacerpolitico.mx\\\/?s={search_term_string}\"},\"query-input\":{\"@type\":\"PropertyValueSpecification\",\"valueRequired\":true,\"valueName\":\"search_term_string\"}}],\"inLanguage\":\"es\"},{\"@type\":\"Person\",\"@id\":\"https:\\\/\\\/quehacerpolitico.mx\\\/#\\\/schema\\\/person\\\/496d8ad2d1d3f8036101dca7ee39e585\",\"name\":\"Redacci\u00f3n QP\",\"image\":{\"@type\":\"ImageObject\",\"inLanguage\":\"es\",\"@id\":\"https:\\\/\\\/secure.gravatar.com\\\/avatar\\\/c7164ed6fdec453195284ad24a5ae5b6e1eed2b848477fa2a4787ba9adf39a41?s=96&d=mm&r=g\",\"url\":\"https:\\\/\\\/secure.gravatar.com\\\/avatar\\\/c7164ed6fdec453195284ad24a5ae5b6e1eed2b848477fa2a4787ba9adf39a41?s=96&d=mm&r=g\",\"contentUrl\":\"https:\\\/\\\/secure.gravatar.com\\\/avatar\\\/c7164ed6fdec453195284ad24a5ae5b6e1eed2b848477fa2a4787ba9adf39a41?s=96&d=mm&r=g\",\"caption\":\"Redacci\u00f3n QP\"},\"url\":\"https:\\\/\\\/quehacerpolitico.mx\\\/?author=2\"}]}<\/script>\n<!-- \/ Yoast SEO plugin. -->","yoast_head_json":{"title":"Sheinbaum dice que detenci\u00f3n de migrantes \u201cno fue correcta\u201d; informa que polic\u00edas implicados son investigados -","robots":{"index":"index","follow":"follow","max-snippet":"max-snippet:-1","max-image-preview":"max-image-preview:large","max-video-preview":"max-video-preview:-1"},"canonical":"https:\/\/quehacerpolitico.mx\/?p=17452","og_locale":"es_MX","og_type":"article","og_title":"Sheinbaum dice que detenci\u00f3n de migrantes \u201cno fue correcta\u201d; informa que polic\u00edas implicados son investigados -","og_description":"Sheinbaum dice que detenci\u00f3n de migrantes \u201cno fue correcta\u201d; informa que polic\u00edas implicados son investigados Por Redacci\u00f3n QP","og_url":"https:\/\/quehacerpolitico.mx\/?p=17452","article_published_time":"2019-02-17T03:57:40+00:00","author":"Redacci\u00f3n QP","twitter_card":"summary_large_image","twitter_misc":{"Escrito por":"Redacci\u00f3n QP","Tiempo de lectura":"2 minutos"},"schema":{"@context":"https:\/\/schema.org","@graph":[{"@type":"Article","@id":"https:\/\/quehacerpolitico.mx\/?p=17452#article","isPartOf":{"@id":"https:\/\/quehacerpolitico.mx\/?p=17452"},"author":{"name":"Redacci\u00f3n QP","@id":"https:\/\/quehacerpolitico.mx\/#\/schema\/person\/496d8ad2d1d3f8036101dca7ee39e585"},"headline":"Sheinbaum dice que detenci\u00f3n de migrantes \u201cno fue correcta\u201d; informa que polic\u00edas implicados son investigados","datePublished":"2019-02-17T03:57:40+00:00","mainEntityOfPage":{"@id":"https:\/\/quehacerpolitico.mx\/?p=17452"},"wordCount":321,"commentCount":0,"image":{"@id":"https:\/\/quehacerpolitico.mx\/?p=17452#primaryimage"},"thumbnailUrl":"","articleSection":["CDMX"],"inLanguage":"es","potentialAction":[{"@type":"CommentAction","name":"Comment","target":["https:\/\/quehacerpolitico.mx\/?p=17452#respond"]}]},{"@type":"WebPage","@id":"https:\/\/quehacerpolitico.mx\/?p=17452","url":"https:\/\/quehacerpolitico.mx\/?p=17452","name":"Sheinbaum dice que detenci\u00f3n de migrantes \u201cno fue correcta\u201d; informa que polic\u00edas implicados son investigados -","isPartOf":{"@id":"https:\/\/quehacerpolitico.mx\/#website"},"primaryImageOfPage":{"@id":"https:\/\/quehacerpolitico.mx\/?p=17452#primaryimage"},"image":{"@id":"https:\/\/quehacerpolitico.mx\/?p=17452#primaryimage"},"thumbnailUrl":"","datePublished":"2019-02-17T03:57:40+00:00","author":{"@id":"https:\/\/quehacerpolitico.mx\/#\/schema\/person\/496d8ad2d1d3f8036101dca7ee39e585"},"breadcrumb":{"@id":"https:\/\/quehacerpolitico.mx\/?p=17452#breadcrumb"},"inLanguage":"es","potentialAction":[{"@type":"ReadAction","target":["https:\/\/quehacerpolitico.mx\/?p=17452"]}]},{"@type":"ImageObject","inLanguage":"es","@id":"https:\/\/quehacerpolitico.mx\/?p=17452#primaryimage","url":"","contentUrl":""},{"@type":"BreadcrumbList","@id":"https:\/\/quehacerpolitico.mx\/?p=17452#breadcrumb","itemListElement":[{"@type":"ListItem","position":1,"name":"Inicio","item":"https:\/\/quehacerpolitico.mx\/"},{"@type":"ListItem","position":2,"name":"Sheinbaum dice que detenci\u00f3n de migrantes \u201cno fue correcta\u201d; informa que polic\u00edas implicados son investigados"}]},{"@type":"WebSite","@id":"https:\/\/quehacerpolitico.mx\/#website","url":"https:\/\/quehacerpolitico.mx\/","name":"","description":"","potentialAction":[{"@type":"SearchAction","target":{"@type":"EntryPoint","urlTemplate":"https:\/\/quehacerpolitico.mx\/?s={search_term_string}"},"query-input":{"@type":"PropertyValueSpecification","valueRequired":true,"valueName":"search_term_string"}}],"inLanguage":"es"},{"@type":"Person","@id":"https:\/\/quehacerpolitico.mx\/#\/schema\/person\/496d8ad2d1d3f8036101dca7ee39e585","name":"Redacci\u00f3n QP","image":{"@type":"ImageObject","inLanguage":"es","@id":"https:\/\/secure.gravatar.com\/avatar\/c7164ed6fdec453195284ad24a5ae5b6e1eed2b848477fa2a4787ba9adf39a41?s=96&d=mm&r=g","url":"https:\/\/secure.gravatar.com\/avatar\/c7164ed6fdec453195284ad24a5ae5b6e1eed2b848477fa2a4787ba9adf39a41?s=96&d=mm&r=g","contentUrl":"https:\/\/secure.gravatar.com\/avatar\/c7164ed6fdec453195284ad24a5ae5b6e1eed2b848477fa2a4787ba9adf39a41?s=96&d=mm&r=g","caption":"Redacci\u00f3n QP"},"url":"https:\/\/quehacerpolitico.mx\/?author=2"}]}},"featured_image_urls":{"full":"","thumbnail":"","medium":"","medium_large":"","large":"","1536x1536":"","2048x2048":"","covernews-featured":"","covernews-medium":""},"author_info":{"display_name":"Redacci\u00f3n QP","author_link":"https:\/\/quehacerpolitico.mx\/?author=2"},"category_info":"<a href=\"https:\/\/quehacerpolitico.mx\/?cat=55\" rel=\"category\">CDMX<\/a>","tag_info":"CDMX","comment_count":"0","_links":{"self":[{"href":"https:\/\/quehacerpolitico.mx\/index.php?rest_route=\/wp\/v2\/posts\/17452","targetHints":{"allow":["GET"]}}],"collection":[{"href":"https:\/\/quehacerpolitico.mx\/index.php?rest_route=\/wp\/v2\/posts"}],"about":[{"href":"https:\/\/quehacerpolitico.mx\/index.php?rest_route=\/wp\/v2\/types\/post"}],"author":[{"embeddable":true,"href":"https:\/\/quehacerpolitico.mx\/index.php?rest_route=\/wp\/v2\/users\/2"}],"replies":[{"embeddable":true,"href":"https:\/\/quehacerpolitico.mx\/index.php?rest_route=%2Fwp%2Fv2%2Fcomments&post=17452"}],"version-history":[{"count":0,"href":"https:\/\/quehacerpolitico.mx\/index.php?rest_route=\/wp\/v2\/posts\/17452\/revisions"}],"wp:featuredmedia":[{"embeddable":true,"href":"https:\/\/quehacerpolitico.mx\/index.php?rest_route=\/"}],"wp:attachment":[{"href":"https:\/\/quehacerpolitico.mx\/index.php?rest_route=%2Fwp%2Fv2%2Fmedia&parent=17452"}],"wp:term":[{"taxonomy":"category","embeddable":true,"href":"https:\/\/quehacerpolitico.mx\/index.php?rest_route=%2Fwp%2Fv2%2Fcategories&post=17452"},{"taxonomy":"post_tag","embeddable":true,"href":"https:\/\/quehacerpolitico.mx\/index.php?rest_route=%2Fwp%2Fv2%2Ftags&post=17452"}],"curies":[{"name":"wp","href":"https:\/\/api.w.org\/{rel}","templated":true}]}}