{"id":17443,"date":"2019-02-16T19:45:53","date_gmt":"2019-02-16T19:45:53","guid":{"rendered":"http:\/\/quehacerpolitico.mx\/no-cualquier-actor-emociona-como-yalitza-en-roma-responde-cuaron-a-los-racistas-mexicanos\/"},"modified":"2019-02-16T19:45:53","modified_gmt":"2019-02-16T19:45:53","slug":"no-cualquier-actor-emociona-como-yalitza-en-roma-responde-cuaron-a-los-racistas-mexicanos","status":"publish","type":"post","link":"https:\/\/quehacerpolitico.mx\/?p=17443","title":{"rendered":"No cualquier actor emociona como Yalitza en Roma, responde Cuar\u00f3n a los racistas mexicanos"},"content":{"rendered":"<h1>No cualquier actor emociona como Yalitza en <em>Roma<\/em>, responde Cuar\u00f3n a los racistas mexicanos<\/h1>\n<p>Por Redacci\u00f3n QP<\/p>\n<p>El cineasta <strong>Alfonso Cuar\u00f3n<\/strong> repudi\u00f3 los <strong>comentarios racistas<\/strong> que actores y actrices mexicanas han realizado sobre la actriz <strong>Yalitza Aparicio<\/strong>, protagonista de la multipremiada pel\u00edcula <em><strong>Roma<\/strong><\/em>, que adem\u00e1s el pr\u00f3ximo 24 de febrero compite por <strong>10 premios \u00d3scar<\/strong>, el mayor reconocimiento que entrega la industria cinematogr\u00e1fica en el mundo.<\/p>\n<p>En una entrevista con\u00a0<strong>Carlos Loret de Mola<\/strong>, Cuar\u00f3n respondi\u00f3 a las<strong> cr\u00edticas <\/strong>contra<strong>\u00a0Aparicio<\/strong>, nominada al \u00d3scar por <strong>Mejor Actriz<\/strong>, y el futuro de la joven oaxaque\u00f1a y dijo que \u201cel futuro para ella depende de lo que ella quiera hacer; Yalitza es de los mejores actores con los que yo he trabajado\u201d.<\/p>\n<blockquote>\n<p>\u201cEs un error y de hecho es una actitud bastante racista de quienes piensan que ella s\u00f3lo estaba interpret\u00e1ndose a ella misma\u201d, coment\u00f3 sobre las cr\u00edticas. \u201cEs dar una limitaci\u00f3n tan grande a una mujer simplemente por sus <strong>ra\u00edces ind\u00edgenas<\/strong>. Est\u00e1 mujer no tiene nada qu\u00e9 ver con <strong>Cleo<\/strong>, esta mujer cre\u00f3 el personaje de Cleo. No cualquier persona, <strong>no cualquier actor<\/strong> puede crear esos momentos con esos recursos emocionales tan profundos como lo hizo Yalitza\u201d, agreg\u00f3.<\/p>\n<div id=\"attachment_3537498\" class=\"wp-caption alignnone\"><img loading=\"lazy\" decoding=\"async\" class=\"size-full wp-image-3537498\" src=\"https:\/\/www.sinembargo.mx\/wp-content\/uploads\/2019\/02\/premier-roma-1.jpg\" sizes=\"auto, (max-width: 700px) 100vw, 700px\" srcset=\"https:\/\/www.sinembargo.mx\/wp-content\/uploads\/2019\/02\/premier-roma-1.jpg 700w, https:\/\/www.sinembargo.mx\/wp-content\/uploads\/2019\/02\/premier-roma-1-300x158.jpg 300w\" alt=\"\" width=\"700\" height=\"369\" \/><\/p>\n<p class=\"wp-caption-text\">Alfonso Cuar\u00f3n, Yalitza Aparicio y Marina de Tavira en la premier de <em>Roma<\/em> en Los \u00c1ngeles. Foto: EFE<\/p>\n<\/div>\n<p>El pasado 7 de febrero se dio a conocer que la pel\u00edcula comandada por Netflix arras\u00f3 con el nivel de reproducciones durante los primeros d\u00edas despu\u00e9s de su estreno ya que alrededor de seis de cada 10 suscriptores de la plataforma han disfrutado de esta producci\u00f3n.<\/p>\n<p>De acuerdo con\u00a0<em>El Pa\u00eds<\/em>, las reproducciones del filme del cineasta mexicano se dispararon al rededor de un 280 por ciento en Netflix, es decir, al rededor de 3.6 millones de suscriptores de la plataforma de <em>streaming<\/em> ya hab\u00edan visto <em>Roma.<\/em><\/p>\n<p>El cineasta mexicano enfatiz\u00f3 que el \u00e9xito que ha conseguido el largometraje en blanco y negro se debe a la relaci\u00f3n que el p\u00fablico lleg\u00f3 a formar con el personaje interpretado por Yalitza.<\/p>\n<blockquote>\n<p>\u201cSi <em>Roma<\/em> funciona y est\u00e1 teniendo ese impacto mundial no es porque yo pueda filmar muy bonito, es por la relaci\u00f3n que el p\u00fablico est\u00e1 teniendo con Cleo y Cleo es una creaci\u00f3n de Yalitza.\u201d<\/p>\n<\/blockquote>\n<div id=\"attachment_3537496\" class=\"wp-caption alignnone\"><img loading=\"lazy\" decoding=\"async\" class=\"size-full wp-image-3537496\" src=\"https:\/\/www.sinembargo.mx\/wp-content\/uploads\/2019\/02\/yali-recamara.jpg\" sizes=\"auto, (max-width: 700px) 100vw, 700px\" srcset=\"https:\/\/www.sinembargo.mx\/wp-content\/uploads\/2019\/02\/yali-recamara.jpg 700w, https:\/\/www.sinembargo.mx\/wp-content\/uploads\/2019\/02\/yali-recamara-300x201.jpg 300w\" alt=\"\" width=\"700\" height=\"470\" \/><\/p>\n<p class=\"wp-caption-text\">El \u00e9xito que ha conseguido el largometraje en blanco y negro se debe a la relaci\u00f3n que el p\u00fablico lleg\u00f3 a formar con el personaje de Yalitza. Foto: Carlos Somonte \/ Twitter, @alfonsocuaron<\/p>\n<\/div>\n<p>Ayer se difundi\u00f3 un video en el que el actor mexicano Sergio Goyri llam\u00f3 \u201cpinche india\u201d a\u00a0Yalitza Aparicio, demerit\u00f3 su actuaci\u00f3n en la pel\u00edcula\u00a0<em>Roma<\/em> y critic\u00f3 su nominaci\u00f3n a una de las categor\u00edas m\u00e1s importantes de los premios que entrega la Academia de cine estadounidense: Mejor Actriz.<\/p>\n<p>\u201cQue metan a nominar a una pinche india que dice: \u2018s\u00ed se\u00f1ora, no se\u00f1ora\u2019, y que la metan a una terna a la mejor\u00a0actriz\u00a0del \u00d3scar\u2026\u201d, aleg\u00f3\u00a0Goyri.<\/p>\n<p>A pesar de que el video se difundi\u00f3 horas despu\u00e9s de la entrevista de Cuar\u00f3n en el noticiero de Loret de Mola, el oscarizado director calific\u00f3 de peligroso el hecho de que est\u00e9n demeritando el trabajo de la joven oaxaque\u00f1a por su apariencia.<\/p>\n<blockquote>\n<p>\u201cA mi me parece que lo peligroso es cuando la gente dice que puede ser limitado, es justo la decisi\u00f3n de lo que pueden ser los personajes en M\u00e9xico: en donde una persona como Yalitza por su manera de verse s\u00f3lo puede interpretar a una trabajadora dom\u00e9stica y qu\u00e9 bueno que lo haga, pero ella puede tener la posibilidad de interpretar lo que se le pegue la gana\u201d, expuso Cuar\u00f3n. \u201cPuede interpretar a una cient\u00edfica. Es de los seres m\u00e1s inteligentes que he conocido\u201d, agreg\u00f3.<\/p>\n<\/blockquote>\n<div id=\"attachment_3537490\" class=\"wp-caption alignnone\"><img loading=\"lazy\" decoding=\"async\" class=\"size-full wp-image-3537490\" src=\"https:\/\/www.sinembargo.mx\/wp-content\/uploads\/2019\/02\/cuaron-yalitza.png\" sizes=\"auto, (max-width: 700px) 100vw, 700px\" srcset=\"https:\/\/www.sinembargo.mx\/wp-content\/uploads\/2019\/02\/cuaron-yalitza.png 700w, https:\/\/www.sinembargo.mx\/wp-content\/uploads\/2019\/02\/cuaron-yalitza-300x283.png 300w\" alt=\"\" width=\"700\" height=\"660\" \/><\/p>\n<p class=\"wp-caption-text\">Alfonso Cuar\u00f3n festejando el cumplea\u00f1os 25 de la joven actriz, Yalitza Aparicio. Foto: Instagram, yalitzaapariciomtz<\/p>\n<\/div>\n<p><strong>YALITZA COMO BLANCO DE CR\u00cdTICAS<\/strong><\/p>\n<p>Yalitza Aparicio ha sido objeto de una fuerte serie de cr\u00edticas, incluso por parte de actrices y actores mexicanos, por su aspecto y por su actuaci\u00f3n en la pel\u00edcula de Cuar\u00f3n.<\/p>\n<p>Hace unos d\u00edas, Rossana Barro, coordinadora de la Atenci\u00f3n Especial a Invitados en el Festival Internacional de Cine de Morelia, revel\u00f3 a trav\u00e9s de Twitter que un grupo de actrices mexicanas presuntamente solicitar\u00e1n a la Academia Mexicana de Artes y Ciencias Cinematogr\u00e1ficas (AMACC) que Yalitza Aparicio no sea considerada para la terna de Mejor Actriz en los Premios Ariel.<\/p>\n<blockquote>\n<p>Vanessa Bauche, Dolores Heredia y Regina Orozco salieron en defensa de Yalitza Aparicio. Las actrices rechazaron ser parte de una lista que se difundi\u00f3 en redes sociales. Ninguna, sin embargo, neg\u00f3 que se hubiera pedido vetar a la actriz ind\u00edgena oaxaque\u00f1a nominada al \u00d3scar.<\/p>\n<\/blockquote>\n<p>Dolores Heredia asegur\u00f3 que no es parte de ning\u00fan \u201cchat\u201d que est\u00e9 en contra de nadie. \u201cTodo lo que veo y escucho en <em>ROMA<\/em> para m\u00ed es belleza. Y celebro a todos los que participaron en su realizaci\u00f3n\u201d, escribi\u00f3 la actriz quien ha estado nominada en dos ocasiones al premio Ariel como Mejor Actriz por la cintas <em>Santitos<\/em> (1999) y <em>Dos cr\u00edmenes<\/em>(1995).<\/p>\n<p>Vanessa Bauche tambi\u00e9n sali\u00f3 a defender la postura que ha tenido siempre con la actriz de <em>Roma<\/em> despu\u00e9s de que se diera a conocer la informaci\u00f3n en que se involucrara su nombre con el chat.<\/p>\n<p>https:\/\/twitter.com\/reginaorozco\/status\/1095498866554818561?s=21<\/p>\n<p>Por su parte, la actriz de teatro y cine, Regina Orozco \u2013ganadora del Ariel por la cinta <em>Profundo Carmes\u00ed<\/em> en 1996\u2013 pidi\u00f3 que los medios sacaran su nombre de las notas que la relacionaran con el grupo, pues no va con lo que piensa de la joven de 25 a\u00f1os.<\/p>\n<p><strong>MEXICANOS APOYAN A ROMA RUMBO AL \u00d3SCAR<\/strong><\/p>\n<p>La cinta mexicana nominada a 10 Premios \u00d3scar, ha recibido mucho apoyo de los mexicanos, de los que 68 por ciento cree que ganar\u00e1 la estatuilla a mejor pel\u00edcula y 70 por ciento opina que su director, Alfonso Cuar\u00f3n, tambi\u00e9n se llevar\u00e1 su galard\u00f3n, seg\u00fan un sondeo del diario El Financiero divulgado este jueves.<\/p>\n<p>La encuesta tambi\u00e9n muestra optimismo, aunque menor, de cara a los premios por actuaci\u00f3n.<\/p>\n<p>La aclamada y debutante Yalitza Aparicio, nominada a mejor actriz protagonista, tiene 66 por ciento de posibilidades de resultar ganadora, seg\u00fan los encuestados, mientras que la veterana Marina de Tavira cuenta con 53 por ciento de posibilidades de llevarse el \u00d3scar a mejor actriz de reparto.<\/p>\n<p>Esta es la primera vez que una cinta en espa\u00f1ol (y mixteco) es nominada al \u00d3scar m\u00e1s importante, el de Mejor Pel\u00edcula. Antes de Roma nueve filmes extranjeros -entre ellos <em>Il Postino<\/em>, <em>Z<\/em> o <em>Life is Beautiful<\/em>\u2013 lograron esta candidatura pero ninguno lo consigui\u00f3.<\/p>\n<p><em>Con informaci\u00f3n de EFE<\/em><\/p>\n<\/blockquote>\n","protected":false},"excerpt":{"rendered":"<p>No cualquier actor emociona como Yalitza en Roma, responde Cuar\u00f3n a los racistas mexicanos<br \/>\nPor Redacci\u00f3n QP<\/p>\n","protected":false},"author":2,"featured_media":17442,"comment_status":"open","ping_status":"open","sticky":false,"template":"","format":"standard","meta":{"_monsterinsights_skip_tracking":false,"_monsterinsights_sitenote_active":false,"_monsterinsights_sitenote_note":"","_monsterinsights_sitenote_category":0,"footnotes":""},"categories":[58],"tags":[],"class_list":["post-17443","post","type-post","status-publish","format-standard","has-post-thumbnail","hentry","category-cultura"],"yoast_head":"<!-- This site is optimized with the Yoast SEO plugin v27.3 - https:\/\/yoast.com\/product\/yoast-seo-wordpress\/ -->\n<title>No cualquier actor emociona como Yalitza en Roma, responde Cuar\u00f3n a los racistas mexicanos -<\/title>\n<meta name=\"robots\" content=\"index, follow, max-snippet:-1, max-image-preview:large, max-video-preview:-1\" \/>\n<link rel=\"canonical\" href=\"https:\/\/quehacerpolitico.mx\/?p=17443\" \/>\n<meta property=\"og:locale\" content=\"es_MX\" \/>\n<meta property=\"og:type\" content=\"article\" \/>\n<meta property=\"og:title\" content=\"No cualquier actor emociona como Yalitza en Roma, responde Cuar\u00f3n a los racistas mexicanos -\" \/>\n<meta property=\"og:description\" content=\"No cualquier actor emociona como Yalitza en Roma, responde Cuar\u00f3n a los racistas mexicanos Por Redacci\u00f3n QP\" \/>\n<meta property=\"og:url\" content=\"https:\/\/quehacerpolitico.mx\/?p=17443\" \/>\n<meta property=\"article:published_time\" content=\"2019-02-16T19:45:53+00:00\" \/>\n<meta name=\"author\" content=\"Redacci\u00f3n QP\" \/>\n<meta name=\"twitter:card\" content=\"summary_large_image\" \/>\n<meta name=\"twitter:label1\" content=\"Escrito por\" \/>\n\t<meta name=\"twitter:data1\" content=\"Redacci\u00f3n QP\" \/>\n\t<meta name=\"twitter:label2\" content=\"Tiempo de lectura\" \/>\n\t<meta name=\"twitter:data2\" content=\"6 minutos\" \/>\n<script type=\"application\/ld+json\" class=\"yoast-schema-graph\">{\"@context\":\"https:\\\/\\\/schema.org\",\"@graph\":[{\"@type\":\"Article\",\"@id\":\"https:\\\/\\\/quehacerpolitico.mx\\\/?p=17443#article\",\"isPartOf\":{\"@id\":\"https:\\\/\\\/quehacerpolitico.mx\\\/?p=17443\"},\"author\":{\"name\":\"Redacci\u00f3n QP\",\"@id\":\"https:\\\/\\\/quehacerpolitico.mx\\\/#\\\/schema\\\/person\\\/496d8ad2d1d3f8036101dca7ee39e585\"},\"headline\":\"No cualquier actor emociona como Yalitza en Roma, responde Cuar\u00f3n a los racistas mexicanos\",\"datePublished\":\"2019-02-16T19:45:53+00:00\",\"mainEntityOfPage\":{\"@id\":\"https:\\\/\\\/quehacerpolitico.mx\\\/?p=17443\"},\"wordCount\":1165,\"commentCount\":0,\"image\":{\"@id\":\"https:\\\/\\\/quehacerpolitico.mx\\\/?p=17443#primaryimage\"},\"thumbnailUrl\":\"\",\"articleSection\":[\"Cultura y Entretenimiento\"],\"inLanguage\":\"es\",\"potentialAction\":[{\"@type\":\"CommentAction\",\"name\":\"Comment\",\"target\":[\"https:\\\/\\\/quehacerpolitico.mx\\\/?p=17443#respond\"]}]},{\"@type\":\"WebPage\",\"@id\":\"https:\\\/\\\/quehacerpolitico.mx\\\/?p=17443\",\"url\":\"https:\\\/\\\/quehacerpolitico.mx\\\/?p=17443\",\"name\":\"No cualquier actor emociona como Yalitza en Roma, responde Cuar\u00f3n a los racistas mexicanos -\",\"isPartOf\":{\"@id\":\"https:\\\/\\\/quehacerpolitico.mx\\\/#website\"},\"primaryImageOfPage\":{\"@id\":\"https:\\\/\\\/quehacerpolitico.mx\\\/?p=17443#primaryimage\"},\"image\":{\"@id\":\"https:\\\/\\\/quehacerpolitico.mx\\\/?p=17443#primaryimage\"},\"thumbnailUrl\":\"\",\"datePublished\":\"2019-02-16T19:45:53+00:00\",\"author\":{\"@id\":\"https:\\\/\\\/quehacerpolitico.mx\\\/#\\\/schema\\\/person\\\/496d8ad2d1d3f8036101dca7ee39e585\"},\"breadcrumb\":{\"@id\":\"https:\\\/\\\/quehacerpolitico.mx\\\/?p=17443#breadcrumb\"},\"inLanguage\":\"es\",\"potentialAction\":[{\"@type\":\"ReadAction\",\"target\":[\"https:\\\/\\\/quehacerpolitico.mx\\\/?p=17443\"]}]},{\"@type\":\"ImageObject\",\"inLanguage\":\"es\",\"@id\":\"https:\\\/\\\/quehacerpolitico.mx\\\/?p=17443#primaryimage\",\"url\":\"\",\"contentUrl\":\"\"},{\"@type\":\"BreadcrumbList\",\"@id\":\"https:\\\/\\\/quehacerpolitico.mx\\\/?p=17443#breadcrumb\",\"itemListElement\":[{\"@type\":\"ListItem\",\"position\":1,\"name\":\"Inicio\",\"item\":\"https:\\\/\\\/quehacerpolitico.mx\\\/\"},{\"@type\":\"ListItem\",\"position\":2,\"name\":\"No cualquier actor emociona como Yalitza en Roma, responde Cuar\u00f3n a los racistas mexicanos\"}]},{\"@type\":\"WebSite\",\"@id\":\"https:\\\/\\\/quehacerpolitico.mx\\\/#website\",\"url\":\"https:\\\/\\\/quehacerpolitico.mx\\\/\",\"name\":\"\",\"description\":\"\",\"potentialAction\":[{\"@type\":\"SearchAction\",\"target\":{\"@type\":\"EntryPoint\",\"urlTemplate\":\"https:\\\/\\\/quehacerpolitico.mx\\\/?s={search_term_string}\"},\"query-input\":{\"@type\":\"PropertyValueSpecification\",\"valueRequired\":true,\"valueName\":\"search_term_string\"}}],\"inLanguage\":\"es\"},{\"@type\":\"Person\",\"@id\":\"https:\\\/\\\/quehacerpolitico.mx\\\/#\\\/schema\\\/person\\\/496d8ad2d1d3f8036101dca7ee39e585\",\"name\":\"Redacci\u00f3n QP\",\"image\":{\"@type\":\"ImageObject\",\"inLanguage\":\"es\",\"@id\":\"https:\\\/\\\/secure.gravatar.com\\\/avatar\\\/c7164ed6fdec453195284ad24a5ae5b6e1eed2b848477fa2a4787ba9adf39a41?s=96&d=mm&r=g\",\"url\":\"https:\\\/\\\/secure.gravatar.com\\\/avatar\\\/c7164ed6fdec453195284ad24a5ae5b6e1eed2b848477fa2a4787ba9adf39a41?s=96&d=mm&r=g\",\"contentUrl\":\"https:\\\/\\\/secure.gravatar.com\\\/avatar\\\/c7164ed6fdec453195284ad24a5ae5b6e1eed2b848477fa2a4787ba9adf39a41?s=96&d=mm&r=g\",\"caption\":\"Redacci\u00f3n QP\"},\"url\":\"https:\\\/\\\/quehacerpolitico.mx\\\/?author=2\"}]}<\/script>\n<!-- \/ Yoast SEO plugin. -->","yoast_head_json":{"title":"No cualquier actor emociona como Yalitza en Roma, responde Cuar\u00f3n a los racistas mexicanos -","robots":{"index":"index","follow":"follow","max-snippet":"max-snippet:-1","max-image-preview":"max-image-preview:large","max-video-preview":"max-video-preview:-1"},"canonical":"https:\/\/quehacerpolitico.mx\/?p=17443","og_locale":"es_MX","og_type":"article","og_title":"No cualquier actor emociona como Yalitza en Roma, responde Cuar\u00f3n a los racistas mexicanos -","og_description":"No cualquier actor emociona como Yalitza en Roma, responde Cuar\u00f3n a los racistas mexicanos Por Redacci\u00f3n QP","og_url":"https:\/\/quehacerpolitico.mx\/?p=17443","article_published_time":"2019-02-16T19:45:53+00:00","author":"Redacci\u00f3n QP","twitter_card":"summary_large_image","twitter_misc":{"Escrito por":"Redacci\u00f3n QP","Tiempo de lectura":"6 minutos"},"schema":{"@context":"https:\/\/schema.org","@graph":[{"@type":"Article","@id":"https:\/\/quehacerpolitico.mx\/?p=17443#article","isPartOf":{"@id":"https:\/\/quehacerpolitico.mx\/?p=17443"},"author":{"name":"Redacci\u00f3n QP","@id":"https:\/\/quehacerpolitico.mx\/#\/schema\/person\/496d8ad2d1d3f8036101dca7ee39e585"},"headline":"No cualquier actor emociona como Yalitza en Roma, responde Cuar\u00f3n a los racistas mexicanos","datePublished":"2019-02-16T19:45:53+00:00","mainEntityOfPage":{"@id":"https:\/\/quehacerpolitico.mx\/?p=17443"},"wordCount":1165,"commentCount":0,"image":{"@id":"https:\/\/quehacerpolitico.mx\/?p=17443#primaryimage"},"thumbnailUrl":"","articleSection":["Cultura y Entretenimiento"],"inLanguage":"es","potentialAction":[{"@type":"CommentAction","name":"Comment","target":["https:\/\/quehacerpolitico.mx\/?p=17443#respond"]}]},{"@type":"WebPage","@id":"https:\/\/quehacerpolitico.mx\/?p=17443","url":"https:\/\/quehacerpolitico.mx\/?p=17443","name":"No cualquier actor emociona como Yalitza en Roma, responde Cuar\u00f3n a los racistas mexicanos -","isPartOf":{"@id":"https:\/\/quehacerpolitico.mx\/#website"},"primaryImageOfPage":{"@id":"https:\/\/quehacerpolitico.mx\/?p=17443#primaryimage"},"image":{"@id":"https:\/\/quehacerpolitico.mx\/?p=17443#primaryimage"},"thumbnailUrl":"","datePublished":"2019-02-16T19:45:53+00:00","author":{"@id":"https:\/\/quehacerpolitico.mx\/#\/schema\/person\/496d8ad2d1d3f8036101dca7ee39e585"},"breadcrumb":{"@id":"https:\/\/quehacerpolitico.mx\/?p=17443#breadcrumb"},"inLanguage":"es","potentialAction":[{"@type":"ReadAction","target":["https:\/\/quehacerpolitico.mx\/?p=17443"]}]},{"@type":"ImageObject","inLanguage":"es","@id":"https:\/\/quehacerpolitico.mx\/?p=17443#primaryimage","url":"","contentUrl":""},{"@type":"BreadcrumbList","@id":"https:\/\/quehacerpolitico.mx\/?p=17443#breadcrumb","itemListElement":[{"@type":"ListItem","position":1,"name":"Inicio","item":"https:\/\/quehacerpolitico.mx\/"},{"@type":"ListItem","position":2,"name":"No cualquier actor emociona como Yalitza en Roma, responde Cuar\u00f3n a los racistas mexicanos"}]},{"@type":"WebSite","@id":"https:\/\/quehacerpolitico.mx\/#website","url":"https:\/\/quehacerpolitico.mx\/","name":"","description":"","potentialAction":[{"@type":"SearchAction","target":{"@type":"EntryPoint","urlTemplate":"https:\/\/quehacerpolitico.mx\/?s={search_term_string}"},"query-input":{"@type":"PropertyValueSpecification","valueRequired":true,"valueName":"search_term_string"}}],"inLanguage":"es"},{"@type":"Person","@id":"https:\/\/quehacerpolitico.mx\/#\/schema\/person\/496d8ad2d1d3f8036101dca7ee39e585","name":"Redacci\u00f3n QP","image":{"@type":"ImageObject","inLanguage":"es","@id":"https:\/\/secure.gravatar.com\/avatar\/c7164ed6fdec453195284ad24a5ae5b6e1eed2b848477fa2a4787ba9adf39a41?s=96&d=mm&r=g","url":"https:\/\/secure.gravatar.com\/avatar\/c7164ed6fdec453195284ad24a5ae5b6e1eed2b848477fa2a4787ba9adf39a41?s=96&d=mm&r=g","contentUrl":"https:\/\/secure.gravatar.com\/avatar\/c7164ed6fdec453195284ad24a5ae5b6e1eed2b848477fa2a4787ba9adf39a41?s=96&d=mm&r=g","caption":"Redacci\u00f3n QP"},"url":"https:\/\/quehacerpolitico.mx\/?author=2"}]}},"featured_image_urls":{"full":"","thumbnail":"","medium":"","medium_large":"","large":"","1536x1536":"","2048x2048":"","covernews-featured":"","covernews-medium":""},"author_info":{"display_name":"Redacci\u00f3n QP","author_link":"https:\/\/quehacerpolitico.mx\/?author=2"},"category_info":"<a href=\"https:\/\/quehacerpolitico.mx\/?cat=58\" rel=\"category\">Cultura y Entretenimiento<\/a>","tag_info":"Cultura y Entretenimiento","comment_count":"0","_links":{"self":[{"href":"https:\/\/quehacerpolitico.mx\/index.php?rest_route=\/wp\/v2\/posts\/17443","targetHints":{"allow":["GET"]}}],"collection":[{"href":"https:\/\/quehacerpolitico.mx\/index.php?rest_route=\/wp\/v2\/posts"}],"about":[{"href":"https:\/\/quehacerpolitico.mx\/index.php?rest_route=\/wp\/v2\/types\/post"}],"author":[{"embeddable":true,"href":"https:\/\/quehacerpolitico.mx\/index.php?rest_route=\/wp\/v2\/users\/2"}],"replies":[{"embeddable":true,"href":"https:\/\/quehacerpolitico.mx\/index.php?rest_route=%2Fwp%2Fv2%2Fcomments&post=17443"}],"version-history":[{"count":0,"href":"https:\/\/quehacerpolitico.mx\/index.php?rest_route=\/wp\/v2\/posts\/17443\/revisions"}],"wp:featuredmedia":[{"embeddable":true,"href":"https:\/\/quehacerpolitico.mx\/index.php?rest_route=\/"}],"wp:attachment":[{"href":"https:\/\/quehacerpolitico.mx\/index.php?rest_route=%2Fwp%2Fv2%2Fmedia&parent=17443"}],"wp:term":[{"taxonomy":"category","embeddable":true,"href":"https:\/\/quehacerpolitico.mx\/index.php?rest_route=%2Fwp%2Fv2%2Fcategories&post=17443"},{"taxonomy":"post_tag","embeddable":true,"href":"https:\/\/quehacerpolitico.mx\/index.php?rest_route=%2Fwp%2Fv2%2Ftags&post=17443"}],"curies":[{"name":"wp","href":"https:\/\/api.w.org\/{rel}","templated":true}]}}