{"id":17434,"date":"2019-02-16T17:59:07","date_gmt":"2019-02-16T17:59:07","guid":{"rendered":"http:\/\/quehacerpolitico.mx\/localizan-a-dos-activistas-indigenas-en-guerrero\/"},"modified":"2019-02-16T17:59:07","modified_gmt":"2019-02-16T17:59:07","slug":"localizan-a-dos-activistas-indigenas-en-guerrero","status":"publish","type":"post","link":"https:\/\/quehacerpolitico.mx\/?p=17434","title":{"rendered":"Localizan a dos activistas ind\u00edgenas en Guerrero"},"content":{"rendered":"<h1 class=\"amp-wp-title\">Localizan a dos activistas ind\u00edgenas en Guerrero<\/h1>\n<p>Por Redacci\u00f3n QP<\/p>\n<p>El <strong>Gobierno de Guerrero<\/strong> inform\u00f3 que se localiz\u00f3 con vida a los activistas ind\u00edgenas <strong>Obtilia Eugenio Manuel e Hilario Cornelio<\/strong>, quienes estaban desaparecidos desde el pasado martes.<\/p>\n<p>De acuerdo con el gobernador de la entidad, <strong>H\u00e9ctor Astudillo<\/strong>, ambos se encuentran bien y protegidos; comparti\u00f3 informaci\u00f3n a trav\u00e9s de<em> Twitter<\/em>:<\/p>\n<blockquote class=\"twitter-tweet\" data-width=\"550\" data-dnt=\"true\">\n<p lang=\"es\" dir=\"ltr\">Hoy alrededor de las 5:00 hrs fueron ubicados los ciudadanos Obtilia Eugenio e Hilario Cornelio en Tierra Colorada, Guerrero; acci\u00f3n realizada en conjunto por <a href=\"https:\/\/twitter.com\/SEDENAmx?ref_src=twsrc%5Etfw\">@SEDENAmx<\/a> <a href=\"https:\/\/twitter.com\/FGRMexico?ref_src=twsrc%5Etfw\">@FGRMexico<\/a> y <a href=\"https:\/\/twitter.com\/FGEGuerrero?ref_src=twsrc%5Etfw\">@FGEGuerrero<\/a> se encuentran bien y protegidos. Mi reconocimiento a estas corporaciones.<\/p>\n<p>&mdash; HectorAstudillo (@HectorAstudillo) <a href=\"https:\/\/twitter.com\/HectorAstudillo\/status\/1096781928009736193?ref_src=twsrc%5Etfw\">February 16, 2019<\/a><\/p><\/blockquote>\n<p><script async src=\"https:\/\/platform.twitter.com\/widgets.js\" charset=\"utf-8\"><\/script><\/p>\n<blockquote class=\"twitter-tweet\" data-width=\"550\" data-dnt=\"true\">\n<p lang=\"es\" dir=\"ltr\">He conversado con la consejera de Ayutla, Obtilia Eugenio y con Hilario Cornelio. Est\u00e1n bien de salud y me he puesto a sus \u00f3rdenes. Acordar\u00e9 con el Gobierno Federal reforzar sus medidas cautelares. <a href=\"https:\/\/t.co\/YbBngp4wQf\">pic.twitter.com\/YbBngp4wQf<\/a><\/p>\n<p>&mdash; HectorAstudillo (@HectorAstudillo) <a href=\"https:\/\/twitter.com\/HectorAstudillo\/status\/1096819714515484678?ref_src=twsrc%5Etfw\">February 16, 2019<\/a><\/p><\/blockquote>\n<p><script async src=\"https:\/\/platform.twitter.com\/widgets.js\" charset=\"utf-8\"><\/script><\/p>\n<blockquote>\n<p>\u201cHoy alrededor de las 5:00 hrs fueron ubicados los ciudadanos Obtilia Eugenio e <strong>Hilario Cornelio<\/strong> en Tierra Colorada, Guerrero; acci\u00f3n realizada en conjunto por @SEDENAmx @FGRMexico y @FGEGuerrero se encuentran bien y protegidos\u201d, tuite\u00f3 esta ma\u00f1ana.<\/p>\n<p>\u201cMi reconocimiento a estas corporaciones\u201d, destac\u00f3.<\/p>\n<\/blockquote>\n<p><strong>Obtilia Eugenio Manuel,<\/strong> dirigente de la <strong>Organizaci\u00f3n de los Pueblos Ind\u00edgenas Me Phaa<\/strong>(OPIM), y el otro integrante de esa agrupaci\u00f3n desaparecieron el martes en el tramo carretero <strong>Tierra Colorada-El Ocotito.<\/strong><\/p>\n<p>La activista denunci\u00f3 amenazas de muerte de las que ha sido objeto por varios a\u00f1os por parte de caciques priistas de la regi\u00f3n de la Costa Chica y de la Monta\u00f1a.<\/p>\n<p>Por estos amagos, la activista cuenta con medidas cautelares que dict\u00f3 al Gobierno mexicano la <strong>Corte Interamericana de Derechos Humanos<\/strong> desde 2009.<\/p>\n<p>Al conocerse su desaparici\u00f3n, organismos nacionales e internacionales, senadoras y especialistas de Naciones Unidas exigieron la presentaci\u00f3n con vida de los defensores ind\u00edgenas.<\/p>\n","protected":false},"excerpt":{"rendered":"<p>Localizan a dos activistas ind\u00edgenas en Guerrero<br \/>\nPor Redacci\u00f3n QP<\/p>\n","protected":false},"author":2,"featured_media":17433,"comment_status":"open","ping_status":"open","sticky":false,"template":"","format":"standard","meta":{"_monsterinsights_skip_tracking":false,"_monsterinsights_sitenote_active":false,"_monsterinsights_sitenote_note":"","_monsterinsights_sitenote_category":0,"footnotes":""},"categories":[2],"tags":[],"class_list":["post-17434","post","type-post","status-publish","format-standard","has-post-thumbnail","hentry","category-noticias"],"yoast_head":"<!-- This site is optimized with the Yoast SEO plugin v27.3 - https:\/\/yoast.com\/product\/yoast-seo-wordpress\/ -->\n<title>Localizan a dos activistas ind\u00edgenas en Guerrero -<\/title>\n<meta name=\"robots\" content=\"index, follow, max-snippet:-1, max-image-preview:large, max-video-preview:-1\" \/>\n<link rel=\"canonical\" href=\"https:\/\/quehacerpolitico.mx\/?p=17434\" \/>\n<meta property=\"og:locale\" content=\"es_MX\" \/>\n<meta property=\"og:type\" content=\"article\" \/>\n<meta property=\"og:title\" content=\"Localizan a dos activistas ind\u00edgenas en Guerrero -\" \/>\n<meta property=\"og:description\" content=\"Localizan a dos activistas ind\u00edgenas en Guerrero Por Redacci\u00f3n QP\" \/>\n<meta property=\"og:url\" content=\"https:\/\/quehacerpolitico.mx\/?p=17434\" \/>\n<meta property=\"article:published_time\" content=\"2019-02-16T17:59:07+00:00\" \/>\n<meta name=\"author\" content=\"Redacci\u00f3n QP\" \/>\n<meta name=\"twitter:card\" content=\"summary_large_image\" \/>\n<meta name=\"twitter:label1\" content=\"Escrito por\" \/>\n\t<meta name=\"twitter:data1\" content=\"Redacci\u00f3n QP\" \/>\n\t<meta name=\"twitter:label2\" content=\"Tiempo de lectura\" \/>\n\t<meta name=\"twitter:data2\" content=\"1 minuto\" \/>\n<script type=\"application\/ld+json\" class=\"yoast-schema-graph\">{\"@context\":\"https:\\\/\\\/schema.org\",\"@graph\":[{\"@type\":\"Article\",\"@id\":\"https:\\\/\\\/quehacerpolitico.mx\\\/?p=17434#article\",\"isPartOf\":{\"@id\":\"https:\\\/\\\/quehacerpolitico.mx\\\/?p=17434\"},\"author\":{\"name\":\"Redacci\u00f3n QP\",\"@id\":\"https:\\\/\\\/quehacerpolitico.mx\\\/#\\\/schema\\\/person\\\/496d8ad2d1d3f8036101dca7ee39e585\"},\"headline\":\"Localizan a dos activistas ind\u00edgenas en Guerrero\",\"datePublished\":\"2019-02-16T17:59:07+00:00\",\"mainEntityOfPage\":{\"@id\":\"https:\\\/\\\/quehacerpolitico.mx\\\/?p=17434\"},\"wordCount\":243,\"commentCount\":0,\"image\":{\"@id\":\"https:\\\/\\\/quehacerpolitico.mx\\\/?p=17434#primaryimage\"},\"thumbnailUrl\":\"\",\"articleSection\":[\"Noticias\"],\"inLanguage\":\"es\",\"potentialAction\":[{\"@type\":\"CommentAction\",\"name\":\"Comment\",\"target\":[\"https:\\\/\\\/quehacerpolitico.mx\\\/?p=17434#respond\"]}]},{\"@type\":\"WebPage\",\"@id\":\"https:\\\/\\\/quehacerpolitico.mx\\\/?p=17434\",\"url\":\"https:\\\/\\\/quehacerpolitico.mx\\\/?p=17434\",\"name\":\"Localizan a dos activistas ind\u00edgenas en Guerrero -\",\"isPartOf\":{\"@id\":\"https:\\\/\\\/quehacerpolitico.mx\\\/#website\"},\"primaryImageOfPage\":{\"@id\":\"https:\\\/\\\/quehacerpolitico.mx\\\/?p=17434#primaryimage\"},\"image\":{\"@id\":\"https:\\\/\\\/quehacerpolitico.mx\\\/?p=17434#primaryimage\"},\"thumbnailUrl\":\"\",\"datePublished\":\"2019-02-16T17:59:07+00:00\",\"author\":{\"@id\":\"https:\\\/\\\/quehacerpolitico.mx\\\/#\\\/schema\\\/person\\\/496d8ad2d1d3f8036101dca7ee39e585\"},\"breadcrumb\":{\"@id\":\"https:\\\/\\\/quehacerpolitico.mx\\\/?p=17434#breadcrumb\"},\"inLanguage\":\"es\",\"potentialAction\":[{\"@type\":\"ReadAction\",\"target\":[\"https:\\\/\\\/quehacerpolitico.mx\\\/?p=17434\"]}]},{\"@type\":\"ImageObject\",\"inLanguage\":\"es\",\"@id\":\"https:\\\/\\\/quehacerpolitico.mx\\\/?p=17434#primaryimage\",\"url\":\"\",\"contentUrl\":\"\"},{\"@type\":\"BreadcrumbList\",\"@id\":\"https:\\\/\\\/quehacerpolitico.mx\\\/?p=17434#breadcrumb\",\"itemListElement\":[{\"@type\":\"ListItem\",\"position\":1,\"name\":\"Inicio\",\"item\":\"https:\\\/\\\/quehacerpolitico.mx\\\/\"},{\"@type\":\"ListItem\",\"position\":2,\"name\":\"Localizan a dos activistas ind\u00edgenas en Guerrero\"}]},{\"@type\":\"WebSite\",\"@id\":\"https:\\\/\\\/quehacerpolitico.mx\\\/#website\",\"url\":\"https:\\\/\\\/quehacerpolitico.mx\\\/\",\"name\":\"\",\"description\":\"\",\"potentialAction\":[{\"@type\":\"SearchAction\",\"target\":{\"@type\":\"EntryPoint\",\"urlTemplate\":\"https:\\\/\\\/quehacerpolitico.mx\\\/?s={search_term_string}\"},\"query-input\":{\"@type\":\"PropertyValueSpecification\",\"valueRequired\":true,\"valueName\":\"search_term_string\"}}],\"inLanguage\":\"es\"},{\"@type\":\"Person\",\"@id\":\"https:\\\/\\\/quehacerpolitico.mx\\\/#\\\/schema\\\/person\\\/496d8ad2d1d3f8036101dca7ee39e585\",\"name\":\"Redacci\u00f3n QP\",\"image\":{\"@type\":\"ImageObject\",\"inLanguage\":\"es\",\"@id\":\"https:\\\/\\\/secure.gravatar.com\\\/avatar\\\/c7164ed6fdec453195284ad24a5ae5b6e1eed2b848477fa2a4787ba9adf39a41?s=96&d=mm&r=g\",\"url\":\"https:\\\/\\\/secure.gravatar.com\\\/avatar\\\/c7164ed6fdec453195284ad24a5ae5b6e1eed2b848477fa2a4787ba9adf39a41?s=96&d=mm&r=g\",\"contentUrl\":\"https:\\\/\\\/secure.gravatar.com\\\/avatar\\\/c7164ed6fdec453195284ad24a5ae5b6e1eed2b848477fa2a4787ba9adf39a41?s=96&d=mm&r=g\",\"caption\":\"Redacci\u00f3n QP\"},\"url\":\"https:\\\/\\\/quehacerpolitico.mx\\\/?author=2\"}]}<\/script>\n<!-- \/ Yoast SEO plugin. -->","yoast_head_json":{"title":"Localizan a dos activistas ind\u00edgenas en Guerrero -","robots":{"index":"index","follow":"follow","max-snippet":"max-snippet:-1","max-image-preview":"max-image-preview:large","max-video-preview":"max-video-preview:-1"},"canonical":"https:\/\/quehacerpolitico.mx\/?p=17434","og_locale":"es_MX","og_type":"article","og_title":"Localizan a dos activistas ind\u00edgenas en Guerrero -","og_description":"Localizan a dos activistas ind\u00edgenas en Guerrero Por Redacci\u00f3n QP","og_url":"https:\/\/quehacerpolitico.mx\/?p=17434","article_published_time":"2019-02-16T17:59:07+00:00","author":"Redacci\u00f3n QP","twitter_card":"summary_large_image","twitter_misc":{"Escrito por":"Redacci\u00f3n QP","Tiempo de lectura":"1 minuto"},"schema":{"@context":"https:\/\/schema.org","@graph":[{"@type":"Article","@id":"https:\/\/quehacerpolitico.mx\/?p=17434#article","isPartOf":{"@id":"https:\/\/quehacerpolitico.mx\/?p=17434"},"author":{"name":"Redacci\u00f3n QP","@id":"https:\/\/quehacerpolitico.mx\/#\/schema\/person\/496d8ad2d1d3f8036101dca7ee39e585"},"headline":"Localizan a dos activistas ind\u00edgenas en Guerrero","datePublished":"2019-02-16T17:59:07+00:00","mainEntityOfPage":{"@id":"https:\/\/quehacerpolitico.mx\/?p=17434"},"wordCount":243,"commentCount":0,"image":{"@id":"https:\/\/quehacerpolitico.mx\/?p=17434#primaryimage"},"thumbnailUrl":"","articleSection":["Noticias"],"inLanguage":"es","potentialAction":[{"@type":"CommentAction","name":"Comment","target":["https:\/\/quehacerpolitico.mx\/?p=17434#respond"]}]},{"@type":"WebPage","@id":"https:\/\/quehacerpolitico.mx\/?p=17434","url":"https:\/\/quehacerpolitico.mx\/?p=17434","name":"Localizan a dos activistas ind\u00edgenas en Guerrero -","isPartOf":{"@id":"https:\/\/quehacerpolitico.mx\/#website"},"primaryImageOfPage":{"@id":"https:\/\/quehacerpolitico.mx\/?p=17434#primaryimage"},"image":{"@id":"https:\/\/quehacerpolitico.mx\/?p=17434#primaryimage"},"thumbnailUrl":"","datePublished":"2019-02-16T17:59:07+00:00","author":{"@id":"https:\/\/quehacerpolitico.mx\/#\/schema\/person\/496d8ad2d1d3f8036101dca7ee39e585"},"breadcrumb":{"@id":"https:\/\/quehacerpolitico.mx\/?p=17434#breadcrumb"},"inLanguage":"es","potentialAction":[{"@type":"ReadAction","target":["https:\/\/quehacerpolitico.mx\/?p=17434"]}]},{"@type":"ImageObject","inLanguage":"es","@id":"https:\/\/quehacerpolitico.mx\/?p=17434#primaryimage","url":"","contentUrl":""},{"@type":"BreadcrumbList","@id":"https:\/\/quehacerpolitico.mx\/?p=17434#breadcrumb","itemListElement":[{"@type":"ListItem","position":1,"name":"Inicio","item":"https:\/\/quehacerpolitico.mx\/"},{"@type":"ListItem","position":2,"name":"Localizan a dos activistas ind\u00edgenas en Guerrero"}]},{"@type":"WebSite","@id":"https:\/\/quehacerpolitico.mx\/#website","url":"https:\/\/quehacerpolitico.mx\/","name":"","description":"","potentialAction":[{"@type":"SearchAction","target":{"@type":"EntryPoint","urlTemplate":"https:\/\/quehacerpolitico.mx\/?s={search_term_string}"},"query-input":{"@type":"PropertyValueSpecification","valueRequired":true,"valueName":"search_term_string"}}],"inLanguage":"es"},{"@type":"Person","@id":"https:\/\/quehacerpolitico.mx\/#\/schema\/person\/496d8ad2d1d3f8036101dca7ee39e585","name":"Redacci\u00f3n QP","image":{"@type":"ImageObject","inLanguage":"es","@id":"https:\/\/secure.gravatar.com\/avatar\/c7164ed6fdec453195284ad24a5ae5b6e1eed2b848477fa2a4787ba9adf39a41?s=96&d=mm&r=g","url":"https:\/\/secure.gravatar.com\/avatar\/c7164ed6fdec453195284ad24a5ae5b6e1eed2b848477fa2a4787ba9adf39a41?s=96&d=mm&r=g","contentUrl":"https:\/\/secure.gravatar.com\/avatar\/c7164ed6fdec453195284ad24a5ae5b6e1eed2b848477fa2a4787ba9adf39a41?s=96&d=mm&r=g","caption":"Redacci\u00f3n QP"},"url":"https:\/\/quehacerpolitico.mx\/?author=2"}]}},"featured_image_urls":{"full":"","thumbnail":"","medium":"","medium_large":"","large":"","1536x1536":"","2048x2048":"","covernews-featured":"","covernews-medium":""},"author_info":{"display_name":"Redacci\u00f3n QP","author_link":"https:\/\/quehacerpolitico.mx\/?author=2"},"category_info":"<a href=\"https:\/\/quehacerpolitico.mx\/?cat=2\" rel=\"category\">Noticias<\/a>","tag_info":"Noticias","comment_count":"0","_links":{"self":[{"href":"https:\/\/quehacerpolitico.mx\/index.php?rest_route=\/wp\/v2\/posts\/17434","targetHints":{"allow":["GET"]}}],"collection":[{"href":"https:\/\/quehacerpolitico.mx\/index.php?rest_route=\/wp\/v2\/posts"}],"about":[{"href":"https:\/\/quehacerpolitico.mx\/index.php?rest_route=\/wp\/v2\/types\/post"}],"author":[{"embeddable":true,"href":"https:\/\/quehacerpolitico.mx\/index.php?rest_route=\/wp\/v2\/users\/2"}],"replies":[{"embeddable":true,"href":"https:\/\/quehacerpolitico.mx\/index.php?rest_route=%2Fwp%2Fv2%2Fcomments&post=17434"}],"version-history":[{"count":0,"href":"https:\/\/quehacerpolitico.mx\/index.php?rest_route=\/wp\/v2\/posts\/17434\/revisions"}],"wp:featuredmedia":[{"embeddable":true,"href":"https:\/\/quehacerpolitico.mx\/index.php?rest_route=\/"}],"wp:attachment":[{"href":"https:\/\/quehacerpolitico.mx\/index.php?rest_route=%2Fwp%2Fv2%2Fmedia&parent=17434"}],"wp:term":[{"taxonomy":"category","embeddable":true,"href":"https:\/\/quehacerpolitico.mx\/index.php?rest_route=%2Fwp%2Fv2%2Fcategories&post=17434"},{"taxonomy":"post_tag","embeddable":true,"href":"https:\/\/quehacerpolitico.mx\/index.php?rest_route=%2Fwp%2Fv2%2Ftags&post=17434"}],"curies":[{"name":"wp","href":"https:\/\/api.w.org\/{rel}","templated":true}]}}