{"id":17428,"date":"2019-02-16T17:46:57","date_gmt":"2019-02-16T17:46:57","guid":{"rendered":"http:\/\/quehacerpolitico.mx\/impulsan-la-ruta-el-realismo-magico-de-juan\/"},"modified":"2019-02-16T17:46:57","modified_gmt":"2019-02-16T17:46:57","slug":"impulsan-la-ruta-el-realismo-magico-de-juan","status":"publish","type":"post","link":"https:\/\/quehacerpolitico.mx\/?p=17428","title":{"rendered":"Impulsan la ruta \u201cEl Realismo M\u00e1gico de Juan\u201d"},"content":{"rendered":"<h1 class=\"news-title\">Impulsan la ruta \u201cEl Realismo M\u00e1gico de Juan\u201d<\/h1>\n<p>Por Redacci\u00f3n QP<\/p>\n<header class=\"news-header\">\n<div class=\"news-subtitle\">\n<p>Frente a Sergio Mayer\u00a0y Giovana\u00a0Jaspersen, se firm\u00f3 el convenio de colaboraci\u00f3n para impulsar la Ruta del Tequila.<\/p>\n<\/div>\n<\/header>\n<div class=\"news-content\">\n<div class=\"news-body row\">\n<p><strong>El Consejo Regulador del Tequila, la Ruta del Tequila y la ruta \u201cEl Realismo M\u00e1gico de Juan\u201d, vinculada al escritor jalisciense Juan Rulfo, firmaron ayer un convenio de colaboraci\u00f3n con el objetivo de \u00a0sentar las bases de una relaci\u00f3n de cooperaci\u00f3n<\/strong> que fomente y promueva un esquema de capacitaci\u00f3n e intercambio cultural y tur\u00edstico entre estas rutas.<\/p>\n<p>El diputado federal y presidente de la Comisi\u00f3n de Cultura y Cinematograf\u00eca de la C\u00e1mara de Diputados del Congreso de la Uni\u00f3n, Sergio Mayer Bret\u00f3n y la secretaria de Cultura de Jalisco, Giovana Jaspersen, fueron testigos de este acuerdo que tendr\u00e1 una vigencia de dos a\u00f1os durante los cuales se emprender\u00e1n actividades de cooperaci\u00f3n entre los organismos como intercambio de misiones acad\u00e9micas, intercambio de informaci\u00f3n, estudios conjuntos, entre otros.<\/p>\n<p><strong>La Ruta del Tequila es un circuito que ofrece atractivos naturales, tur\u00edsticos y culturales en los ocho municipios que la integran: El Arenal, Amatit\u00e1n, Tequila, Magdalena, San Juanito de Escobedo y Etzatl\u00e1n, Ahualulco del Mercado y Teuchitl\u00e1n. Esta ruta fue nombrada PatromonioCultural de la Humanidad por la Unesco.\u00a0<\/strong><\/p>\n<\/div>\n<\/div>\n","protected":false},"excerpt":{"rendered":"<p>Impulsan la ruta \u201cEl Realismo M\u00e1gico de Juan\u201d<br \/>\nPor Redacci\u00f3n QP<\/p>\n","protected":false},"author":2,"featured_media":17427,"comment_status":"open","ping_status":"open","sticky":false,"template":"","format":"standard","meta":{"_monsterinsights_skip_tracking":false,"_monsterinsights_sitenote_active":false,"_monsterinsights_sitenote_note":"","_monsterinsights_sitenote_category":0,"footnotes":""},"categories":[58],"tags":[],"class_list":["post-17428","post","type-post","status-publish","format-standard","has-post-thumbnail","hentry","category-cultura"],"yoast_head":"<!-- This site is optimized with the Yoast SEO plugin v27.3 - https:\/\/yoast.com\/product\/yoast-seo-wordpress\/ -->\n<title>Impulsan la ruta \u201cEl Realismo M\u00e1gico de Juan\u201d -<\/title>\n<meta name=\"robots\" content=\"index, follow, max-snippet:-1, max-image-preview:large, max-video-preview:-1\" \/>\n<link rel=\"canonical\" href=\"https:\/\/quehacerpolitico.mx\/?p=17428\" \/>\n<meta property=\"og:locale\" content=\"es_MX\" \/>\n<meta property=\"og:type\" content=\"article\" \/>\n<meta property=\"og:title\" content=\"Impulsan la ruta \u201cEl Realismo M\u00e1gico de Juan\u201d -\" \/>\n<meta property=\"og:description\" content=\"Impulsan la ruta \u201cEl Realismo M\u00e1gico de Juan\u201d Por Redacci\u00f3n QP\" \/>\n<meta property=\"og:url\" content=\"https:\/\/quehacerpolitico.mx\/?p=17428\" \/>\n<meta property=\"article:published_time\" content=\"2019-02-16T17:46:57+00:00\" \/>\n<meta name=\"author\" content=\"Redacci\u00f3n QP\" \/>\n<meta name=\"twitter:card\" content=\"summary_large_image\" \/>\n<meta name=\"twitter:label1\" content=\"Escrito por\" \/>\n\t<meta name=\"twitter:data1\" content=\"Redacci\u00f3n QP\" \/>\n\t<meta name=\"twitter:label2\" content=\"Tiempo de lectura\" \/>\n\t<meta name=\"twitter:data2\" content=\"1 minuto\" \/>\n<script type=\"application\/ld+json\" class=\"yoast-schema-graph\">{\"@context\":\"https:\\\/\\\/schema.org\",\"@graph\":[{\"@type\":\"Article\",\"@id\":\"https:\\\/\\\/quehacerpolitico.mx\\\/?p=17428#article\",\"isPartOf\":{\"@id\":\"https:\\\/\\\/quehacerpolitico.mx\\\/?p=17428\"},\"author\":{\"name\":\"Redacci\u00f3n QP\",\"@id\":\"https:\\\/\\\/quehacerpolitico.mx\\\/#\\\/schema\\\/person\\\/496d8ad2d1d3f8036101dca7ee39e585\"},\"headline\":\"Impulsan la ruta \u201cEl Realismo M\u00e1gico de Juan\u201d\",\"datePublished\":\"2019-02-16T17:46:57+00:00\",\"mainEntityOfPage\":{\"@id\":\"https:\\\/\\\/quehacerpolitico.mx\\\/?p=17428\"},\"wordCount\":236,\"commentCount\":0,\"image\":{\"@id\":\"https:\\\/\\\/quehacerpolitico.mx\\\/?p=17428#primaryimage\"},\"thumbnailUrl\":\"\",\"articleSection\":[\"Cultura y Entretenimiento\"],\"inLanguage\":\"es\",\"potentialAction\":[{\"@type\":\"CommentAction\",\"name\":\"Comment\",\"target\":[\"https:\\\/\\\/quehacerpolitico.mx\\\/?p=17428#respond\"]}]},{\"@type\":\"WebPage\",\"@id\":\"https:\\\/\\\/quehacerpolitico.mx\\\/?p=17428\",\"url\":\"https:\\\/\\\/quehacerpolitico.mx\\\/?p=17428\",\"name\":\"Impulsan la ruta \u201cEl Realismo M\u00e1gico de Juan\u201d -\",\"isPartOf\":{\"@id\":\"https:\\\/\\\/quehacerpolitico.mx\\\/#website\"},\"primaryImageOfPage\":{\"@id\":\"https:\\\/\\\/quehacerpolitico.mx\\\/?p=17428#primaryimage\"},\"image\":{\"@id\":\"https:\\\/\\\/quehacerpolitico.mx\\\/?p=17428#primaryimage\"},\"thumbnailUrl\":\"\",\"datePublished\":\"2019-02-16T17:46:57+00:00\",\"author\":{\"@id\":\"https:\\\/\\\/quehacerpolitico.mx\\\/#\\\/schema\\\/person\\\/496d8ad2d1d3f8036101dca7ee39e585\"},\"breadcrumb\":{\"@id\":\"https:\\\/\\\/quehacerpolitico.mx\\\/?p=17428#breadcrumb\"},\"inLanguage\":\"es\",\"potentialAction\":[{\"@type\":\"ReadAction\",\"target\":[\"https:\\\/\\\/quehacerpolitico.mx\\\/?p=17428\"]}]},{\"@type\":\"ImageObject\",\"inLanguage\":\"es\",\"@id\":\"https:\\\/\\\/quehacerpolitico.mx\\\/?p=17428#primaryimage\",\"url\":\"\",\"contentUrl\":\"\"},{\"@type\":\"BreadcrumbList\",\"@id\":\"https:\\\/\\\/quehacerpolitico.mx\\\/?p=17428#breadcrumb\",\"itemListElement\":[{\"@type\":\"ListItem\",\"position\":1,\"name\":\"Inicio\",\"item\":\"https:\\\/\\\/quehacerpolitico.mx\\\/\"},{\"@type\":\"ListItem\",\"position\":2,\"name\":\"Impulsan la ruta \u201cEl Realismo M\u00e1gico de Juan\u201d\"}]},{\"@type\":\"WebSite\",\"@id\":\"https:\\\/\\\/quehacerpolitico.mx\\\/#website\",\"url\":\"https:\\\/\\\/quehacerpolitico.mx\\\/\",\"name\":\"\",\"description\":\"\",\"potentialAction\":[{\"@type\":\"SearchAction\",\"target\":{\"@type\":\"EntryPoint\",\"urlTemplate\":\"https:\\\/\\\/quehacerpolitico.mx\\\/?s={search_term_string}\"},\"query-input\":{\"@type\":\"PropertyValueSpecification\",\"valueRequired\":true,\"valueName\":\"search_term_string\"}}],\"inLanguage\":\"es\"},{\"@type\":\"Person\",\"@id\":\"https:\\\/\\\/quehacerpolitico.mx\\\/#\\\/schema\\\/person\\\/496d8ad2d1d3f8036101dca7ee39e585\",\"name\":\"Redacci\u00f3n QP\",\"image\":{\"@type\":\"ImageObject\",\"inLanguage\":\"es\",\"@id\":\"https:\\\/\\\/secure.gravatar.com\\\/avatar\\\/c7164ed6fdec453195284ad24a5ae5b6e1eed2b848477fa2a4787ba9adf39a41?s=96&d=mm&r=g\",\"url\":\"https:\\\/\\\/secure.gravatar.com\\\/avatar\\\/c7164ed6fdec453195284ad24a5ae5b6e1eed2b848477fa2a4787ba9adf39a41?s=96&d=mm&r=g\",\"contentUrl\":\"https:\\\/\\\/secure.gravatar.com\\\/avatar\\\/c7164ed6fdec453195284ad24a5ae5b6e1eed2b848477fa2a4787ba9adf39a41?s=96&d=mm&r=g\",\"caption\":\"Redacci\u00f3n QP\"},\"url\":\"https:\\\/\\\/quehacerpolitico.mx\\\/?author=2\"}]}<\/script>\n<!-- \/ Yoast SEO plugin. -->","yoast_head_json":{"title":"Impulsan la ruta \u201cEl Realismo M\u00e1gico de Juan\u201d -","robots":{"index":"index","follow":"follow","max-snippet":"max-snippet:-1","max-image-preview":"max-image-preview:large","max-video-preview":"max-video-preview:-1"},"canonical":"https:\/\/quehacerpolitico.mx\/?p=17428","og_locale":"es_MX","og_type":"article","og_title":"Impulsan la ruta \u201cEl Realismo M\u00e1gico de Juan\u201d -","og_description":"Impulsan la ruta \u201cEl Realismo M\u00e1gico de Juan\u201d Por Redacci\u00f3n QP","og_url":"https:\/\/quehacerpolitico.mx\/?p=17428","article_published_time":"2019-02-16T17:46:57+00:00","author":"Redacci\u00f3n QP","twitter_card":"summary_large_image","twitter_misc":{"Escrito por":"Redacci\u00f3n QP","Tiempo de lectura":"1 minuto"},"schema":{"@context":"https:\/\/schema.org","@graph":[{"@type":"Article","@id":"https:\/\/quehacerpolitico.mx\/?p=17428#article","isPartOf":{"@id":"https:\/\/quehacerpolitico.mx\/?p=17428"},"author":{"name":"Redacci\u00f3n QP","@id":"https:\/\/quehacerpolitico.mx\/#\/schema\/person\/496d8ad2d1d3f8036101dca7ee39e585"},"headline":"Impulsan la ruta \u201cEl Realismo M\u00e1gico de Juan\u201d","datePublished":"2019-02-16T17:46:57+00:00","mainEntityOfPage":{"@id":"https:\/\/quehacerpolitico.mx\/?p=17428"},"wordCount":236,"commentCount":0,"image":{"@id":"https:\/\/quehacerpolitico.mx\/?p=17428#primaryimage"},"thumbnailUrl":"","articleSection":["Cultura y Entretenimiento"],"inLanguage":"es","potentialAction":[{"@type":"CommentAction","name":"Comment","target":["https:\/\/quehacerpolitico.mx\/?p=17428#respond"]}]},{"@type":"WebPage","@id":"https:\/\/quehacerpolitico.mx\/?p=17428","url":"https:\/\/quehacerpolitico.mx\/?p=17428","name":"Impulsan la ruta \u201cEl Realismo M\u00e1gico de Juan\u201d -","isPartOf":{"@id":"https:\/\/quehacerpolitico.mx\/#website"},"primaryImageOfPage":{"@id":"https:\/\/quehacerpolitico.mx\/?p=17428#primaryimage"},"image":{"@id":"https:\/\/quehacerpolitico.mx\/?p=17428#primaryimage"},"thumbnailUrl":"","datePublished":"2019-02-16T17:46:57+00:00","author":{"@id":"https:\/\/quehacerpolitico.mx\/#\/schema\/person\/496d8ad2d1d3f8036101dca7ee39e585"},"breadcrumb":{"@id":"https:\/\/quehacerpolitico.mx\/?p=17428#breadcrumb"},"inLanguage":"es","potentialAction":[{"@type":"ReadAction","target":["https:\/\/quehacerpolitico.mx\/?p=17428"]}]},{"@type":"ImageObject","inLanguage":"es","@id":"https:\/\/quehacerpolitico.mx\/?p=17428#primaryimage","url":"","contentUrl":""},{"@type":"BreadcrumbList","@id":"https:\/\/quehacerpolitico.mx\/?p=17428#breadcrumb","itemListElement":[{"@type":"ListItem","position":1,"name":"Inicio","item":"https:\/\/quehacerpolitico.mx\/"},{"@type":"ListItem","position":2,"name":"Impulsan la ruta \u201cEl Realismo M\u00e1gico de Juan\u201d"}]},{"@type":"WebSite","@id":"https:\/\/quehacerpolitico.mx\/#website","url":"https:\/\/quehacerpolitico.mx\/","name":"","description":"","potentialAction":[{"@type":"SearchAction","target":{"@type":"EntryPoint","urlTemplate":"https:\/\/quehacerpolitico.mx\/?s={search_term_string}"},"query-input":{"@type":"PropertyValueSpecification","valueRequired":true,"valueName":"search_term_string"}}],"inLanguage":"es"},{"@type":"Person","@id":"https:\/\/quehacerpolitico.mx\/#\/schema\/person\/496d8ad2d1d3f8036101dca7ee39e585","name":"Redacci\u00f3n QP","image":{"@type":"ImageObject","inLanguage":"es","@id":"https:\/\/secure.gravatar.com\/avatar\/c7164ed6fdec453195284ad24a5ae5b6e1eed2b848477fa2a4787ba9adf39a41?s=96&d=mm&r=g","url":"https:\/\/secure.gravatar.com\/avatar\/c7164ed6fdec453195284ad24a5ae5b6e1eed2b848477fa2a4787ba9adf39a41?s=96&d=mm&r=g","contentUrl":"https:\/\/secure.gravatar.com\/avatar\/c7164ed6fdec453195284ad24a5ae5b6e1eed2b848477fa2a4787ba9adf39a41?s=96&d=mm&r=g","caption":"Redacci\u00f3n QP"},"url":"https:\/\/quehacerpolitico.mx\/?author=2"}]}},"featured_image_urls":{"full":"","thumbnail":"","medium":"","medium_large":"","large":"","1536x1536":"","2048x2048":"","covernews-featured":"","covernews-medium":""},"author_info":{"display_name":"Redacci\u00f3n QP","author_link":"https:\/\/quehacerpolitico.mx\/?author=2"},"category_info":"<a href=\"https:\/\/quehacerpolitico.mx\/?cat=58\" rel=\"category\">Cultura y Entretenimiento<\/a>","tag_info":"Cultura y Entretenimiento","comment_count":"0","_links":{"self":[{"href":"https:\/\/quehacerpolitico.mx\/index.php?rest_route=\/wp\/v2\/posts\/17428","targetHints":{"allow":["GET"]}}],"collection":[{"href":"https:\/\/quehacerpolitico.mx\/index.php?rest_route=\/wp\/v2\/posts"}],"about":[{"href":"https:\/\/quehacerpolitico.mx\/index.php?rest_route=\/wp\/v2\/types\/post"}],"author":[{"embeddable":true,"href":"https:\/\/quehacerpolitico.mx\/index.php?rest_route=\/wp\/v2\/users\/2"}],"replies":[{"embeddable":true,"href":"https:\/\/quehacerpolitico.mx\/index.php?rest_route=%2Fwp%2Fv2%2Fcomments&post=17428"}],"version-history":[{"count":0,"href":"https:\/\/quehacerpolitico.mx\/index.php?rest_route=\/wp\/v2\/posts\/17428\/revisions"}],"wp:featuredmedia":[{"embeddable":true,"href":"https:\/\/quehacerpolitico.mx\/index.php?rest_route=\/"}],"wp:attachment":[{"href":"https:\/\/quehacerpolitico.mx\/index.php?rest_route=%2Fwp%2Fv2%2Fmedia&parent=17428"}],"wp:term":[{"taxonomy":"category","embeddable":true,"href":"https:\/\/quehacerpolitico.mx\/index.php?rest_route=%2Fwp%2Fv2%2Fcategories&post=17428"},{"taxonomy":"post_tag","embeddable":true,"href":"https:\/\/quehacerpolitico.mx\/index.php?rest_route=%2Fwp%2Fv2%2Ftags&post=17428"}],"curies":[{"name":"wp","href":"https:\/\/api.w.org\/{rel}","templated":true}]}}