{"id":17425,"date":"2019-02-16T17:38:49","date_gmt":"2019-02-16T17:38:49","guid":{"rendered":"http:\/\/quehacerpolitico.mx\/nombran-a-elisa-carrillo-codirectora-de-la-compania-nacional-de-danza\/"},"modified":"2019-02-16T17:38:49","modified_gmt":"2019-02-16T17:38:49","slug":"nombran-a-elisa-carrillo-codirectora-de-la-compania-nacional-de-danza","status":"publish","type":"post","link":"https:\/\/quehacerpolitico.mx\/?p=17425","title":{"rendered":"Nombran a Elisa Carrillo codirectora de la Compa\u00f1\u00eda Nacional de Danza"},"content":{"rendered":"<h1 class=\"news-title\">Nombran a Elisa Carrillo codirectora de la Compa\u00f1\u00eda Nacional de Danza<\/h1>\n<p>Por Redacci\u00f3n QP<\/p>\n<header class=\"news-header\">\n<div class=\"news-subtitle\">\n<p>La bailarina participar\u00e1 en las audiciones que realizar\u00e1n quienes aspiran a ingresar a la CND<\/p>\n<\/div>\n<\/header>\n<div class=\"news-content\">\n<div class=\"news-body row\">\n<p>La bailarina Elisa Carrillo, radicada en Alemania y primera bailarina en el Staatsballet de Berl\u00edn ser\u00e1 codirectora de la Compa\u00f1\u00eda Nacional de Danza y trabajar\u00e1 en conjunto con Cuauht\u00e9moc N\u00e1jera, quien se desempe\u00f1\u00f3 como coordinador nacional de Danza en la pasada administraci\u00f3n.<\/p>\n<p>Adem\u00e1s, el esposo de la int\u00e9rprete mexicana, el primer bailar\u00edn ruso Mikhail Kaniskin tambi\u00e9n trabajar\u00e1 con la compa\u00f1\u00eda de manera &#8220;honoraria&#8221; y contribuir\u00e1 en el fortalecimiento de la presencia internacional.<\/p>\n<blockquote class=\"twitter-tweet\" data-width=\"550\" data-dnt=\"true\">\n<p lang=\"es\" dir=\"ltr\">Elisa Carrillo Cabrera    Co-Directora Art\u00edstica de la <a href=\"https:\/\/twitter.com\/CNDanzaMX?ref_src=twsrc%5Etfw\">@CNDanzaMX<\/a><\/p>\n<p>M\u00e1s informaci\u00f3n en \u27a1\ufe0f <a href=\"https:\/\/t.co\/pEsbsaiU4A\">https:\/\/t.co\/pEsbsaiU4A<\/a> <a href=\"https:\/\/t.co\/AqeDZe700r\">pic.twitter.com\/AqeDZe700r<\/a><\/p>\n<p>&mdash; Instituto Nacional de Bellas Artes y Literatura (@bellasartesinba) <a href=\"https:\/\/twitter.com\/bellasartesinba\/status\/1096533343372562432?ref_src=twsrc%5Etfw\">February 15, 2019<\/a><\/p><\/blockquote>\n<p><script async src=\"https:\/\/platform.twitter.com\/widgets.js\" charset=\"utf-8\"><\/script><\/p>\n<p>De acuerdo con el INBA, en la Nacional de Danza se cre\u00f3 un plan de trabajo entre Carrillo y N\u00e1jera, e integrantes de la Compa\u00f1\u00eda, y tendr\u00e1n la misi\u00f3n de &#8220;fortalecer el quehacer profesional, generar un ambiente de buen trato, as\u00ed como el impulso de un nuevo proyecto art\u00edstico a nivel nacional e internacional, que incluye la colaboraci\u00f3n de core\u00f3grafos nacionales e internacionales&#8221;. Este lunes, ambos directores estar\u00e1n presentes en las audiciones que realizar\u00e1n quienes aspiran a ingresar a la CND.<\/p>\n<p>A trav\u00e9s de un bolet\u00edn, el INBA tambi\u00e9n inform\u00f3 que fueron ratificados Enrique Singer al frente de la Nacional de Teatro; Alonso Escalante seguir\u00e1 con la Nacional de \u00d3pera; Marco Antonio Silva fue ratificado como Director del Centro de Producci\u00f3n de Danza Contempor\u00e1nea (Ceprodac); Javier Garc\u00eda Diego seguir\u00e1 al frente de la Capilla Alfonsina; Silvia Carre\u00f1o y Figueras en la Gerencia del Palacio de Bellas Artes; en el Centro Nacional de Conservaci\u00f3n y Registro del Patrimonio Art\u00edstico Mueble (Cencropam) fue ratificado Ernesto Mart\u00ednez Berm\u00fadez y Miguel Fern\u00e1ndez F\u00e9lix seguir\u00e1 al frente de la Direcci\u00f3n del Museo del Palacio de Bellas Artes.<\/p>\n<p>Jos\u00e9 Alfredo Matus tambi\u00e9n fue ratificado como director de la Galer\u00eda Jos\u00e9 Mar\u00eda Velasco, al igual que Juan Gait\u00e1n en la direcci\u00f3n del Museo Tamayo; y el artista sonoro y gestor cultural Francisco Rivas Mesa en la direcci\u00f3n del Ex Teresa Arte Actual.<\/p>\n<p>Adem\u00e1s, Mar\u00eda Lizbeth Aguilera Garibay ser\u00e1 la responsable de la Direcci\u00f3n de Arquitectura y Conservaci\u00f3n del Patrimonio Art\u00edstico Inmueble. Carmen Gayt\u00e1n, quien recientemente se desempe\u00f1\u00f3 como directora del Museo Nacional de San Carlos, estar\u00e1 al frente del Museo Nacional de Arte (Munal). Mireida Vel\u00e1zquez Torres, dirigir\u00e1 el Museo Nacional de San Carlos. Luis Miguel Le\u00f3n, gestor y promotor cultural, se integra como subdirector; y Mariano Meza se integra al equipo de investigaci\u00f3n y curadur\u00eda.<\/p>\n<p><strong>En la direcci\u00f3n del Museo de Arte Moderno (MAM) fue nombrada la historiadora del arte Natalia Pollak.<\/strong> Tambi\u00e9n se integra como curador en jefe de este recinto Carlos Molina, especialista en pr\u00e1cticas curatoriales en M\u00e9xico.<\/p>\n<p>Emilio Pay\u00e1n Stoupignan tendr\u00e1 a su cargo la direcci\u00f3n del Museo Nacional de la Estampa. El Laboratorio Arte Alameda estar\u00e1 dirigido por la curadora Luc\u00eda Sanrom\u00e1n. La historiadora de arte y curadora Tatiana Cuevas fue nombrada nueva directora del Museo de Arte Carrillo Gil; Aleida Pardo, gestora cultural y curadora, se suma como subdirectora y Mauricio Marcin se une como curador.<\/p>\n<p>La gestora y especialista en arte moderno Marisol Arg\u00fcelles, quien ha sido curadora del Museo de Arte Carrillo Gil y del Museo de Arte Moderno, queda al frente del Museo Casa Estudio Diego Rivera y Frida Kahlo y encargada del Museo Mural Diego Rivera.<\/p>\n<p>El curador de arte contempor\u00e1neo Willy Kautz fue designado para dirigir el Proyecto Siqueiros: Sala de Arte P\u00fablico \/ La Tallera. Por \u00faltimo, el Museo de Arte de Ciudad Ju\u00e1rez ser\u00e1 dirigido por Christian Diego Diego.<\/p>\n<p><strong>El INBA inform\u00f3 que dar\u00e1 &#8220;impulso a los espacios muse\u00edsticos&#8221; y promover\u00e1 la creaci\u00f3n de una Red de Museos con la que se buscar\u00e1 &#8220;fortalecer la colaboraci\u00f3n con otras instituciones muse\u00edsticas y universidades y gobiernos de los estados de la Rep\u00fablica<\/strong>, as\u00ed como a nivel internacional para la profesionalizaci\u00f3n de quienes trabajan en los museos&#8221;. Y se asegur\u00f3 que se har\u00e1 &#8220;la revisi\u00f3n de la condici\u00f3n laboral de quienes colaboran en los museos&#8221;.<\/p>\n<p>Los nombramientos y ratificaciones en Centros Culturales de los Estados, las direcciones de agrupaciones art\u00edsticas, orquestas y ensambles se dar\u00e1n a conocer al &#8220;concluir los di\u00e1logos y an\u00e1lisis en proceso&#8221;.<\/p>\n<\/div>\n<\/div>\n","protected":false},"excerpt":{"rendered":"<p>Nombran a Elisa Carrillo codirectora de la Compa\u00f1\u00eda Nacional de Danza<br \/>\nPor Redacci\u00f3n QP<\/p>\n","protected":false},"author":2,"featured_media":17424,"comment_status":"open","ping_status":"open","sticky":false,"template":"","format":"standard","meta":{"_monsterinsights_skip_tracking":false,"_monsterinsights_sitenote_active":false,"_monsterinsights_sitenote_note":"","_monsterinsights_sitenote_category":0,"footnotes":""},"categories":[58],"tags":[],"class_list":["post-17425","post","type-post","status-publish","format-standard","has-post-thumbnail","hentry","category-cultura"],"yoast_head":"<!-- This site is optimized with the Yoast SEO plugin v27.3 - https:\/\/yoast.com\/product\/yoast-seo-wordpress\/ -->\n<title>Nombran a Elisa Carrillo codirectora de la Compa\u00f1\u00eda Nacional de Danza -<\/title>\n<meta name=\"robots\" content=\"index, follow, max-snippet:-1, max-image-preview:large, max-video-preview:-1\" \/>\n<link rel=\"canonical\" href=\"https:\/\/quehacerpolitico.mx\/?p=17425\" \/>\n<meta property=\"og:locale\" content=\"es_MX\" \/>\n<meta property=\"og:type\" content=\"article\" \/>\n<meta property=\"og:title\" content=\"Nombran a Elisa Carrillo codirectora de la Compa\u00f1\u00eda Nacional de Danza -\" \/>\n<meta property=\"og:description\" content=\"Nombran a Elisa Carrillo codirectora de la Compa\u00f1\u00eda Nacional de Danza Por Redacci\u00f3n QP\" \/>\n<meta property=\"og:url\" content=\"https:\/\/quehacerpolitico.mx\/?p=17425\" \/>\n<meta property=\"article:published_time\" content=\"2019-02-16T17:38:49+00:00\" \/>\n<meta name=\"author\" content=\"Redacci\u00f3n QP\" \/>\n<meta name=\"twitter:card\" content=\"summary_large_image\" \/>\n<meta name=\"twitter:label1\" content=\"Escrito por\" \/>\n\t<meta name=\"twitter:data1\" content=\"Redacci\u00f3n QP\" \/>\n\t<meta name=\"twitter:label2\" content=\"Tiempo de lectura\" \/>\n\t<meta name=\"twitter:data2\" content=\"4 minutos\" \/>\n<script type=\"application\/ld+json\" class=\"yoast-schema-graph\">{\"@context\":\"https:\\\/\\\/schema.org\",\"@graph\":[{\"@type\":\"Article\",\"@id\":\"https:\\\/\\\/quehacerpolitico.mx\\\/?p=17425#article\",\"isPartOf\":{\"@id\":\"https:\\\/\\\/quehacerpolitico.mx\\\/?p=17425\"},\"author\":{\"name\":\"Redacci\u00f3n QP\",\"@id\":\"https:\\\/\\\/quehacerpolitico.mx\\\/#\\\/schema\\\/person\\\/496d8ad2d1d3f8036101dca7ee39e585\"},\"headline\":\"Nombran a Elisa Carrillo codirectora de la Compa\u00f1\u00eda Nacional de Danza\",\"datePublished\":\"2019-02-16T17:38:49+00:00\",\"mainEntityOfPage\":{\"@id\":\"https:\\\/\\\/quehacerpolitico.mx\\\/?p=17425\"},\"wordCount\":772,\"commentCount\":0,\"image\":{\"@id\":\"https:\\\/\\\/quehacerpolitico.mx\\\/?p=17425#primaryimage\"},\"thumbnailUrl\":\"\",\"articleSection\":[\"Cultura y Entretenimiento\"],\"inLanguage\":\"es\",\"potentialAction\":[{\"@type\":\"CommentAction\",\"name\":\"Comment\",\"target\":[\"https:\\\/\\\/quehacerpolitico.mx\\\/?p=17425#respond\"]}]},{\"@type\":\"WebPage\",\"@id\":\"https:\\\/\\\/quehacerpolitico.mx\\\/?p=17425\",\"url\":\"https:\\\/\\\/quehacerpolitico.mx\\\/?p=17425\",\"name\":\"Nombran a Elisa Carrillo codirectora de la Compa\u00f1\u00eda Nacional de Danza -\",\"isPartOf\":{\"@id\":\"https:\\\/\\\/quehacerpolitico.mx\\\/#website\"},\"primaryImageOfPage\":{\"@id\":\"https:\\\/\\\/quehacerpolitico.mx\\\/?p=17425#primaryimage\"},\"image\":{\"@id\":\"https:\\\/\\\/quehacerpolitico.mx\\\/?p=17425#primaryimage\"},\"thumbnailUrl\":\"\",\"datePublished\":\"2019-02-16T17:38:49+00:00\",\"author\":{\"@id\":\"https:\\\/\\\/quehacerpolitico.mx\\\/#\\\/schema\\\/person\\\/496d8ad2d1d3f8036101dca7ee39e585\"},\"breadcrumb\":{\"@id\":\"https:\\\/\\\/quehacerpolitico.mx\\\/?p=17425#breadcrumb\"},\"inLanguage\":\"es\",\"potentialAction\":[{\"@type\":\"ReadAction\",\"target\":[\"https:\\\/\\\/quehacerpolitico.mx\\\/?p=17425\"]}]},{\"@type\":\"ImageObject\",\"inLanguage\":\"es\",\"@id\":\"https:\\\/\\\/quehacerpolitico.mx\\\/?p=17425#primaryimage\",\"url\":\"\",\"contentUrl\":\"\"},{\"@type\":\"BreadcrumbList\",\"@id\":\"https:\\\/\\\/quehacerpolitico.mx\\\/?p=17425#breadcrumb\",\"itemListElement\":[{\"@type\":\"ListItem\",\"position\":1,\"name\":\"Inicio\",\"item\":\"https:\\\/\\\/quehacerpolitico.mx\\\/\"},{\"@type\":\"ListItem\",\"position\":2,\"name\":\"Nombran a Elisa Carrillo codirectora de la Compa\u00f1\u00eda Nacional de Danza\"}]},{\"@type\":\"WebSite\",\"@id\":\"https:\\\/\\\/quehacerpolitico.mx\\\/#website\",\"url\":\"https:\\\/\\\/quehacerpolitico.mx\\\/\",\"name\":\"\",\"description\":\"\",\"potentialAction\":[{\"@type\":\"SearchAction\",\"target\":{\"@type\":\"EntryPoint\",\"urlTemplate\":\"https:\\\/\\\/quehacerpolitico.mx\\\/?s={search_term_string}\"},\"query-input\":{\"@type\":\"PropertyValueSpecification\",\"valueRequired\":true,\"valueName\":\"search_term_string\"}}],\"inLanguage\":\"es\"},{\"@type\":\"Person\",\"@id\":\"https:\\\/\\\/quehacerpolitico.mx\\\/#\\\/schema\\\/person\\\/496d8ad2d1d3f8036101dca7ee39e585\",\"name\":\"Redacci\u00f3n QP\",\"image\":{\"@type\":\"ImageObject\",\"inLanguage\":\"es\",\"@id\":\"https:\\\/\\\/secure.gravatar.com\\\/avatar\\\/c7164ed6fdec453195284ad24a5ae5b6e1eed2b848477fa2a4787ba9adf39a41?s=96&d=mm&r=g\",\"url\":\"https:\\\/\\\/secure.gravatar.com\\\/avatar\\\/c7164ed6fdec453195284ad24a5ae5b6e1eed2b848477fa2a4787ba9adf39a41?s=96&d=mm&r=g\",\"contentUrl\":\"https:\\\/\\\/secure.gravatar.com\\\/avatar\\\/c7164ed6fdec453195284ad24a5ae5b6e1eed2b848477fa2a4787ba9adf39a41?s=96&d=mm&r=g\",\"caption\":\"Redacci\u00f3n QP\"},\"url\":\"https:\\\/\\\/quehacerpolitico.mx\\\/?author=2\"}]}<\/script>\n<!-- \/ Yoast SEO plugin. -->","yoast_head_json":{"title":"Nombran a Elisa Carrillo codirectora de la Compa\u00f1\u00eda Nacional de Danza -","robots":{"index":"index","follow":"follow","max-snippet":"max-snippet:-1","max-image-preview":"max-image-preview:large","max-video-preview":"max-video-preview:-1"},"canonical":"https:\/\/quehacerpolitico.mx\/?p=17425","og_locale":"es_MX","og_type":"article","og_title":"Nombran a Elisa Carrillo codirectora de la Compa\u00f1\u00eda Nacional de Danza -","og_description":"Nombran a Elisa Carrillo codirectora de la Compa\u00f1\u00eda Nacional de Danza Por Redacci\u00f3n QP","og_url":"https:\/\/quehacerpolitico.mx\/?p=17425","article_published_time":"2019-02-16T17:38:49+00:00","author":"Redacci\u00f3n QP","twitter_card":"summary_large_image","twitter_misc":{"Escrito por":"Redacci\u00f3n QP","Tiempo de lectura":"4 minutos"},"schema":{"@context":"https:\/\/schema.org","@graph":[{"@type":"Article","@id":"https:\/\/quehacerpolitico.mx\/?p=17425#article","isPartOf":{"@id":"https:\/\/quehacerpolitico.mx\/?p=17425"},"author":{"name":"Redacci\u00f3n QP","@id":"https:\/\/quehacerpolitico.mx\/#\/schema\/person\/496d8ad2d1d3f8036101dca7ee39e585"},"headline":"Nombran a Elisa Carrillo codirectora de la Compa\u00f1\u00eda Nacional de Danza","datePublished":"2019-02-16T17:38:49+00:00","mainEntityOfPage":{"@id":"https:\/\/quehacerpolitico.mx\/?p=17425"},"wordCount":772,"commentCount":0,"image":{"@id":"https:\/\/quehacerpolitico.mx\/?p=17425#primaryimage"},"thumbnailUrl":"","articleSection":["Cultura y Entretenimiento"],"inLanguage":"es","potentialAction":[{"@type":"CommentAction","name":"Comment","target":["https:\/\/quehacerpolitico.mx\/?p=17425#respond"]}]},{"@type":"WebPage","@id":"https:\/\/quehacerpolitico.mx\/?p=17425","url":"https:\/\/quehacerpolitico.mx\/?p=17425","name":"Nombran a Elisa Carrillo codirectora de la Compa\u00f1\u00eda Nacional de Danza -","isPartOf":{"@id":"https:\/\/quehacerpolitico.mx\/#website"},"primaryImageOfPage":{"@id":"https:\/\/quehacerpolitico.mx\/?p=17425#primaryimage"},"image":{"@id":"https:\/\/quehacerpolitico.mx\/?p=17425#primaryimage"},"thumbnailUrl":"","datePublished":"2019-02-16T17:38:49+00:00","author":{"@id":"https:\/\/quehacerpolitico.mx\/#\/schema\/person\/496d8ad2d1d3f8036101dca7ee39e585"},"breadcrumb":{"@id":"https:\/\/quehacerpolitico.mx\/?p=17425#breadcrumb"},"inLanguage":"es","potentialAction":[{"@type":"ReadAction","target":["https:\/\/quehacerpolitico.mx\/?p=17425"]}]},{"@type":"ImageObject","inLanguage":"es","@id":"https:\/\/quehacerpolitico.mx\/?p=17425#primaryimage","url":"","contentUrl":""},{"@type":"BreadcrumbList","@id":"https:\/\/quehacerpolitico.mx\/?p=17425#breadcrumb","itemListElement":[{"@type":"ListItem","position":1,"name":"Inicio","item":"https:\/\/quehacerpolitico.mx\/"},{"@type":"ListItem","position":2,"name":"Nombran a Elisa Carrillo codirectora de la Compa\u00f1\u00eda Nacional de Danza"}]},{"@type":"WebSite","@id":"https:\/\/quehacerpolitico.mx\/#website","url":"https:\/\/quehacerpolitico.mx\/","name":"","description":"","potentialAction":[{"@type":"SearchAction","target":{"@type":"EntryPoint","urlTemplate":"https:\/\/quehacerpolitico.mx\/?s={search_term_string}"},"query-input":{"@type":"PropertyValueSpecification","valueRequired":true,"valueName":"search_term_string"}}],"inLanguage":"es"},{"@type":"Person","@id":"https:\/\/quehacerpolitico.mx\/#\/schema\/person\/496d8ad2d1d3f8036101dca7ee39e585","name":"Redacci\u00f3n QP","image":{"@type":"ImageObject","inLanguage":"es","@id":"https:\/\/secure.gravatar.com\/avatar\/c7164ed6fdec453195284ad24a5ae5b6e1eed2b848477fa2a4787ba9adf39a41?s=96&d=mm&r=g","url":"https:\/\/secure.gravatar.com\/avatar\/c7164ed6fdec453195284ad24a5ae5b6e1eed2b848477fa2a4787ba9adf39a41?s=96&d=mm&r=g","contentUrl":"https:\/\/secure.gravatar.com\/avatar\/c7164ed6fdec453195284ad24a5ae5b6e1eed2b848477fa2a4787ba9adf39a41?s=96&d=mm&r=g","caption":"Redacci\u00f3n QP"},"url":"https:\/\/quehacerpolitico.mx\/?author=2"}]}},"featured_image_urls":{"full":"","thumbnail":"","medium":"","medium_large":"","large":"","1536x1536":"","2048x2048":"","covernews-featured":"","covernews-medium":""},"author_info":{"display_name":"Redacci\u00f3n QP","author_link":"https:\/\/quehacerpolitico.mx\/?author=2"},"category_info":"<a href=\"https:\/\/quehacerpolitico.mx\/?cat=58\" rel=\"category\">Cultura y Entretenimiento<\/a>","tag_info":"Cultura y Entretenimiento","comment_count":"0","_links":{"self":[{"href":"https:\/\/quehacerpolitico.mx\/index.php?rest_route=\/wp\/v2\/posts\/17425","targetHints":{"allow":["GET"]}}],"collection":[{"href":"https:\/\/quehacerpolitico.mx\/index.php?rest_route=\/wp\/v2\/posts"}],"about":[{"href":"https:\/\/quehacerpolitico.mx\/index.php?rest_route=\/wp\/v2\/types\/post"}],"author":[{"embeddable":true,"href":"https:\/\/quehacerpolitico.mx\/index.php?rest_route=\/wp\/v2\/users\/2"}],"replies":[{"embeddable":true,"href":"https:\/\/quehacerpolitico.mx\/index.php?rest_route=%2Fwp%2Fv2%2Fcomments&post=17425"}],"version-history":[{"count":0,"href":"https:\/\/quehacerpolitico.mx\/index.php?rest_route=\/wp\/v2\/posts\/17425\/revisions"}],"wp:featuredmedia":[{"embeddable":true,"href":"https:\/\/quehacerpolitico.mx\/index.php?rest_route=\/"}],"wp:attachment":[{"href":"https:\/\/quehacerpolitico.mx\/index.php?rest_route=%2Fwp%2Fv2%2Fmedia&parent=17425"}],"wp:term":[{"taxonomy":"category","embeddable":true,"href":"https:\/\/quehacerpolitico.mx\/index.php?rest_route=%2Fwp%2Fv2%2Fcategories&post=17425"},{"taxonomy":"post_tag","embeddable":true,"href":"https:\/\/quehacerpolitico.mx\/index.php?rest_route=%2Fwp%2Fv2%2Ftags&post=17425"}],"curies":[{"name":"wp","href":"https:\/\/api.w.org\/{rel}","templated":true}]}}