{"id":17422,"date":"2019-02-16T17:30:29","date_gmt":"2019-02-16T17:30:29","guid":{"rendered":"http:\/\/quehacerpolitico.mx\/esteban-gutierrez-confia-en-resurgir-en-la-f1\/"},"modified":"2019-02-16T17:30:29","modified_gmt":"2019-02-16T17:30:29","slug":"esteban-gutierrez-confia-en-resurgir-en-la-f1","status":"publish","type":"post","link":"https:\/\/quehacerpolitico.mx\/?p=17422","title":{"rendered":"Esteban Guti\u00e9rrez conf\u00eda en resurgir en la F1"},"content":{"rendered":"<h1 class=\"news-title\">Esteban Guti\u00e9rrez conf\u00eda en resurgir en la F1<\/h1>\n<p>Por Redacci\u00f3n QP<\/p>\n<header class=\"news-header\">\n<div class=\"news-subtitle\">\n<p>El mexicano confiesa que fue\u00a0un duro golpe dejar la categor\u00eda, pero espera tener pronto un lugar\u00a0en la parrilla de salida cuenta ahora que ingresa a Mercedes<\/p>\n<\/div>\n<\/header>\n<div class=\"news-content\">\n<div class=\"news-body row\">\n<p>El mexicano Esteban Gutierrez\u00a0<strong>confes\u00f3 que fue un duro golpe el hecho de dejar la F\u00f3rmula 1 hace unos a\u00f1os, pero ahora como piloto oficial de desarrollo del equipo Mercedes conf\u00eda en resurgir<\/strong> y pronto tener un lugar de nueva cuenta en la parrilla de salida.<\/p>\n<p>&#8220;Estoy cerca (de la Formula 1) y con el objetivo de regresar en un asiento oficial. Fue un duro golpe (dejar de correr)&#8221;, \u00a0agreg\u00f3.<\/p>\n<p>Asimismo, agradeci\u00f3 a todas las personas que han seguido su carrera y mencion\u00f3 que ha estado trabajando para regresar a la competencia.<\/p>\n<p><strong>Subray\u00f3 que &#8220;por ninguna manera me voy a dar por vencido,<\/strong> s\u00e9 que han sido dos a\u00f1os en los que he estado alejado del p\u00fablico, pero he estado muy enfocado en trabajar, en mi preparaci\u00f3n, y m\u00e1s que nada la posici\u00f3n que tengo hoy en d\u00eda ha sido por m\u00e9rito propio y he recibido un gran apoyo. Que sepan que tengo como objetivo regresar a la competencia lo m\u00e1s pronto&#8221;.<\/p>\n<p>Si bien, dijo, un retorno a la m\u00e1xima categor\u00eda del deporte motor\u00a0puede resultar complicado en las &#8220;flechas plateadas&#8221;, podr\u00eda abrirse un espacio con otro equipo gracias a la colaboraci\u00f3n de Mercedes con diversas escuder\u00edas.<\/p>\n<p>&#8220;Sabemos que hay equipos que comparten motores con Mercedes, as\u00ed como tuve platicas el a\u00f1o pasado con Williams, <strong>fue dif\u00edcil rechazar la oferta que me hizo Mercedes para mantenerme con ellos en esta temporada y no tengo duda que abra muchas posibilidades y existe la ventana de trabajar con aquellos equipos&#8221;, coment\u00f3.<\/strong><\/p>\n<p>Su anuncio oficial como piloto de desarrollo de Mercedes\u00a0se debe al trabajo positivo del a\u00f1o pasado, &#8220;ha sido un orgullo ser parte de Mercedes, pero principalmente recibir el reconocimiento de parte del equipo de que el trabajo que estoy brindando tiene valor agregado y esta es la muestra de que es as\u00ed&#8221;.<\/p>\n<p><strong>&#8220;Me siento agradecido con ello y no hay mayor satisfacci\u00f3n que mi contribuci\u00f3n est\u00e1 siendo ben\u00e9fica para todo el equipo&#8221;<\/strong> en busca de otro campeonato de la F\u00f3rmula 1, ya sea con el piloto Lewis Hamilton o el finland\u00e9s Valtteri Bottas.<\/p>\n<p><strong>Explic\u00f3 tambi\u00e9n que su v\u00ednculo con el equipo alem\u00e1n es a futuro, aunque no detall\u00f3 exactamente un tiempo,<\/strong> pero mientras sea parte de esta escuder\u00eda su tarea ser\u00e1 absorber todo el conocimiento.<\/p>\n<p>&#8220;Es a futuro la contribuci\u00f3n o colaboraci\u00f3n que tengo con Mercedes inicio el a\u00f1o pasado y es una continuidad que ha ido creciendo y hoy en d\u00eda me hago el piloto oficial de desarrollo de Mercedes y eso me da la oportunidad de estar muy de cerca del equipo de la Formula 1&#8221;.<\/p>\n<p>Con la playera bien puesta de Mercedes, el piloto regiomontano recalc\u00f3 que en la Temporada 2019 ser\u00e1n el rival a vencer y espera que se aprecie una campa\u00f1a competitiva, que al final es lo que gusta en el equipo de las &#8220;flechas plateadas&#8221;.<\/p>\n<p><strong>&#8220;Ojal\u00e1 que el coche que tenemos sea tan competitivo para esta temporada, porque definitivamente los dem\u00e1s equipos est\u00e1n muy ansiosos de dar la pelea<\/strong> y eso dar\u00e1 un sabor especial a la F\u00f3rmula 1 en esta temporada&#8221;.<\/p>\n<p>&#8220;Claro, definitivamente (somos el rival a vencer). Todos nos tienen en la mira sin duda Ferrari, Red Bull, Renault, que tambi\u00e9n se est\u00e1 poniendo las pilas, ojal\u00e1 sea competitivo. Lo que nos apasiona es la competencia, que est\u00e9n cercanos que sea un reto y que ojal\u00e1 as\u00ed sea. Estamos preparados como equipo para lo que venga&#8221;.<\/p>\n<p>Esteban Guti\u00e9rrez ya cuenta con experiencia como piloto de F\u00f3rmula 1, luego que afront\u00f3 las Temporadas 2013 y 2014 con la escuder\u00eda Sauber\u00a0y en 2016 lo hizo con Haas.<\/p>\n<\/div>\n<\/div>\n","protected":false},"excerpt":{"rendered":"<p>Esteban Guti\u00e9rrez conf\u00eda en resurgir en la F1<br \/>\nPor Redacci\u00f3n QP<\/p>\n","protected":false},"author":2,"featured_media":17421,"comment_status":"open","ping_status":"open","sticky":false,"template":"","format":"standard","meta":{"_monsterinsights_skip_tracking":false,"_monsterinsights_sitenote_active":false,"_monsterinsights_sitenote_note":"","_monsterinsights_sitenote_category":0,"footnotes":""},"categories":[54],"tags":[],"class_list":["post-17422","post","type-post","status-publish","format-standard","has-post-thumbnail","hentry","category-deportes"],"yoast_head":"<!-- This site is optimized with the Yoast SEO plugin v27.3 - https:\/\/yoast.com\/product\/yoast-seo-wordpress\/ -->\n<title>Esteban Guti\u00e9rrez conf\u00eda en resurgir en la F1 -<\/title>\n<meta name=\"robots\" content=\"index, follow, max-snippet:-1, max-image-preview:large, max-video-preview:-1\" \/>\n<link rel=\"canonical\" href=\"https:\/\/quehacerpolitico.mx\/?p=17422\" \/>\n<meta property=\"og:locale\" content=\"es_MX\" \/>\n<meta property=\"og:type\" content=\"article\" \/>\n<meta property=\"og:title\" content=\"Esteban Guti\u00e9rrez conf\u00eda en resurgir en la F1 -\" \/>\n<meta property=\"og:description\" content=\"Esteban Guti\u00e9rrez conf\u00eda en resurgir en la F1 Por Redacci\u00f3n QP\" \/>\n<meta property=\"og:url\" content=\"https:\/\/quehacerpolitico.mx\/?p=17422\" \/>\n<meta property=\"article:published_time\" content=\"2019-02-16T17:30:29+00:00\" \/>\n<meta name=\"author\" content=\"Redacci\u00f3n QP\" \/>\n<meta name=\"twitter:card\" content=\"summary_large_image\" \/>\n<meta name=\"twitter:label1\" content=\"Escrito por\" \/>\n\t<meta name=\"twitter:data1\" content=\"Redacci\u00f3n QP\" \/>\n\t<meta name=\"twitter:label2\" content=\"Tiempo de lectura\" \/>\n\t<meta name=\"twitter:data2\" content=\"3 minutos\" \/>\n<script type=\"application\/ld+json\" class=\"yoast-schema-graph\">{\"@context\":\"https:\\\/\\\/schema.org\",\"@graph\":[{\"@type\":\"Article\",\"@id\":\"https:\\\/\\\/quehacerpolitico.mx\\\/?p=17422#article\",\"isPartOf\":{\"@id\":\"https:\\\/\\\/quehacerpolitico.mx\\\/?p=17422\"},\"author\":{\"name\":\"Redacci\u00f3n QP\",\"@id\":\"https:\\\/\\\/quehacerpolitico.mx\\\/#\\\/schema\\\/person\\\/496d8ad2d1d3f8036101dca7ee39e585\"},\"headline\":\"Esteban Guti\u00e9rrez conf\u00eda en resurgir en la F1\",\"datePublished\":\"2019-02-16T17:30:29+00:00\",\"mainEntityOfPage\":{\"@id\":\"https:\\\/\\\/quehacerpolitico.mx\\\/?p=17422\"},\"wordCount\":679,\"commentCount\":0,\"image\":{\"@id\":\"https:\\\/\\\/quehacerpolitico.mx\\\/?p=17422#primaryimage\"},\"thumbnailUrl\":\"\",\"articleSection\":[\"Deportes\"],\"inLanguage\":\"es\",\"potentialAction\":[{\"@type\":\"CommentAction\",\"name\":\"Comment\",\"target\":[\"https:\\\/\\\/quehacerpolitico.mx\\\/?p=17422#respond\"]}]},{\"@type\":\"WebPage\",\"@id\":\"https:\\\/\\\/quehacerpolitico.mx\\\/?p=17422\",\"url\":\"https:\\\/\\\/quehacerpolitico.mx\\\/?p=17422\",\"name\":\"Esteban Guti\u00e9rrez conf\u00eda en resurgir en la F1 -\",\"isPartOf\":{\"@id\":\"https:\\\/\\\/quehacerpolitico.mx\\\/#website\"},\"primaryImageOfPage\":{\"@id\":\"https:\\\/\\\/quehacerpolitico.mx\\\/?p=17422#primaryimage\"},\"image\":{\"@id\":\"https:\\\/\\\/quehacerpolitico.mx\\\/?p=17422#primaryimage\"},\"thumbnailUrl\":\"\",\"datePublished\":\"2019-02-16T17:30:29+00:00\",\"author\":{\"@id\":\"https:\\\/\\\/quehacerpolitico.mx\\\/#\\\/schema\\\/person\\\/496d8ad2d1d3f8036101dca7ee39e585\"},\"breadcrumb\":{\"@id\":\"https:\\\/\\\/quehacerpolitico.mx\\\/?p=17422#breadcrumb\"},\"inLanguage\":\"es\",\"potentialAction\":[{\"@type\":\"ReadAction\",\"target\":[\"https:\\\/\\\/quehacerpolitico.mx\\\/?p=17422\"]}]},{\"@type\":\"ImageObject\",\"inLanguage\":\"es\",\"@id\":\"https:\\\/\\\/quehacerpolitico.mx\\\/?p=17422#primaryimage\",\"url\":\"\",\"contentUrl\":\"\"},{\"@type\":\"BreadcrumbList\",\"@id\":\"https:\\\/\\\/quehacerpolitico.mx\\\/?p=17422#breadcrumb\",\"itemListElement\":[{\"@type\":\"ListItem\",\"position\":1,\"name\":\"Inicio\",\"item\":\"https:\\\/\\\/quehacerpolitico.mx\\\/\"},{\"@type\":\"ListItem\",\"position\":2,\"name\":\"Esteban Guti\u00e9rrez conf\u00eda en resurgir en la F1\"}]},{\"@type\":\"WebSite\",\"@id\":\"https:\\\/\\\/quehacerpolitico.mx\\\/#website\",\"url\":\"https:\\\/\\\/quehacerpolitico.mx\\\/\",\"name\":\"\",\"description\":\"\",\"potentialAction\":[{\"@type\":\"SearchAction\",\"target\":{\"@type\":\"EntryPoint\",\"urlTemplate\":\"https:\\\/\\\/quehacerpolitico.mx\\\/?s={search_term_string}\"},\"query-input\":{\"@type\":\"PropertyValueSpecification\",\"valueRequired\":true,\"valueName\":\"search_term_string\"}}],\"inLanguage\":\"es\"},{\"@type\":\"Person\",\"@id\":\"https:\\\/\\\/quehacerpolitico.mx\\\/#\\\/schema\\\/person\\\/496d8ad2d1d3f8036101dca7ee39e585\",\"name\":\"Redacci\u00f3n QP\",\"image\":{\"@type\":\"ImageObject\",\"inLanguage\":\"es\",\"@id\":\"https:\\\/\\\/secure.gravatar.com\\\/avatar\\\/c7164ed6fdec453195284ad24a5ae5b6e1eed2b848477fa2a4787ba9adf39a41?s=96&d=mm&r=g\",\"url\":\"https:\\\/\\\/secure.gravatar.com\\\/avatar\\\/c7164ed6fdec453195284ad24a5ae5b6e1eed2b848477fa2a4787ba9adf39a41?s=96&d=mm&r=g\",\"contentUrl\":\"https:\\\/\\\/secure.gravatar.com\\\/avatar\\\/c7164ed6fdec453195284ad24a5ae5b6e1eed2b848477fa2a4787ba9adf39a41?s=96&d=mm&r=g\",\"caption\":\"Redacci\u00f3n QP\"},\"url\":\"https:\\\/\\\/quehacerpolitico.mx\\\/?author=2\"}]}<\/script>\n<!-- \/ Yoast SEO plugin. -->","yoast_head_json":{"title":"Esteban Guti\u00e9rrez conf\u00eda en resurgir en la F1 -","robots":{"index":"index","follow":"follow","max-snippet":"max-snippet:-1","max-image-preview":"max-image-preview:large","max-video-preview":"max-video-preview:-1"},"canonical":"https:\/\/quehacerpolitico.mx\/?p=17422","og_locale":"es_MX","og_type":"article","og_title":"Esteban Guti\u00e9rrez conf\u00eda en resurgir en la F1 -","og_description":"Esteban Guti\u00e9rrez conf\u00eda en resurgir en la F1 Por Redacci\u00f3n QP","og_url":"https:\/\/quehacerpolitico.mx\/?p=17422","article_published_time":"2019-02-16T17:30:29+00:00","author":"Redacci\u00f3n QP","twitter_card":"summary_large_image","twitter_misc":{"Escrito por":"Redacci\u00f3n QP","Tiempo de lectura":"3 minutos"},"schema":{"@context":"https:\/\/schema.org","@graph":[{"@type":"Article","@id":"https:\/\/quehacerpolitico.mx\/?p=17422#article","isPartOf":{"@id":"https:\/\/quehacerpolitico.mx\/?p=17422"},"author":{"name":"Redacci\u00f3n QP","@id":"https:\/\/quehacerpolitico.mx\/#\/schema\/person\/496d8ad2d1d3f8036101dca7ee39e585"},"headline":"Esteban Guti\u00e9rrez conf\u00eda en resurgir en la F1","datePublished":"2019-02-16T17:30:29+00:00","mainEntityOfPage":{"@id":"https:\/\/quehacerpolitico.mx\/?p=17422"},"wordCount":679,"commentCount":0,"image":{"@id":"https:\/\/quehacerpolitico.mx\/?p=17422#primaryimage"},"thumbnailUrl":"","articleSection":["Deportes"],"inLanguage":"es","potentialAction":[{"@type":"CommentAction","name":"Comment","target":["https:\/\/quehacerpolitico.mx\/?p=17422#respond"]}]},{"@type":"WebPage","@id":"https:\/\/quehacerpolitico.mx\/?p=17422","url":"https:\/\/quehacerpolitico.mx\/?p=17422","name":"Esteban Guti\u00e9rrez conf\u00eda en resurgir en la F1 -","isPartOf":{"@id":"https:\/\/quehacerpolitico.mx\/#website"},"primaryImageOfPage":{"@id":"https:\/\/quehacerpolitico.mx\/?p=17422#primaryimage"},"image":{"@id":"https:\/\/quehacerpolitico.mx\/?p=17422#primaryimage"},"thumbnailUrl":"","datePublished":"2019-02-16T17:30:29+00:00","author":{"@id":"https:\/\/quehacerpolitico.mx\/#\/schema\/person\/496d8ad2d1d3f8036101dca7ee39e585"},"breadcrumb":{"@id":"https:\/\/quehacerpolitico.mx\/?p=17422#breadcrumb"},"inLanguage":"es","potentialAction":[{"@type":"ReadAction","target":["https:\/\/quehacerpolitico.mx\/?p=17422"]}]},{"@type":"ImageObject","inLanguage":"es","@id":"https:\/\/quehacerpolitico.mx\/?p=17422#primaryimage","url":"","contentUrl":""},{"@type":"BreadcrumbList","@id":"https:\/\/quehacerpolitico.mx\/?p=17422#breadcrumb","itemListElement":[{"@type":"ListItem","position":1,"name":"Inicio","item":"https:\/\/quehacerpolitico.mx\/"},{"@type":"ListItem","position":2,"name":"Esteban Guti\u00e9rrez conf\u00eda en resurgir en la F1"}]},{"@type":"WebSite","@id":"https:\/\/quehacerpolitico.mx\/#website","url":"https:\/\/quehacerpolitico.mx\/","name":"","description":"","potentialAction":[{"@type":"SearchAction","target":{"@type":"EntryPoint","urlTemplate":"https:\/\/quehacerpolitico.mx\/?s={search_term_string}"},"query-input":{"@type":"PropertyValueSpecification","valueRequired":true,"valueName":"search_term_string"}}],"inLanguage":"es"},{"@type":"Person","@id":"https:\/\/quehacerpolitico.mx\/#\/schema\/person\/496d8ad2d1d3f8036101dca7ee39e585","name":"Redacci\u00f3n QP","image":{"@type":"ImageObject","inLanguage":"es","@id":"https:\/\/secure.gravatar.com\/avatar\/c7164ed6fdec453195284ad24a5ae5b6e1eed2b848477fa2a4787ba9adf39a41?s=96&d=mm&r=g","url":"https:\/\/secure.gravatar.com\/avatar\/c7164ed6fdec453195284ad24a5ae5b6e1eed2b848477fa2a4787ba9adf39a41?s=96&d=mm&r=g","contentUrl":"https:\/\/secure.gravatar.com\/avatar\/c7164ed6fdec453195284ad24a5ae5b6e1eed2b848477fa2a4787ba9adf39a41?s=96&d=mm&r=g","caption":"Redacci\u00f3n QP"},"url":"https:\/\/quehacerpolitico.mx\/?author=2"}]}},"featured_image_urls":{"full":"","thumbnail":"","medium":"","medium_large":"","large":"","1536x1536":"","2048x2048":"","covernews-featured":"","covernews-medium":""},"author_info":{"display_name":"Redacci\u00f3n QP","author_link":"https:\/\/quehacerpolitico.mx\/?author=2"},"category_info":"<a href=\"https:\/\/quehacerpolitico.mx\/?cat=54\" rel=\"category\">Deportes<\/a>","tag_info":"Deportes","comment_count":"0","_links":{"self":[{"href":"https:\/\/quehacerpolitico.mx\/index.php?rest_route=\/wp\/v2\/posts\/17422","targetHints":{"allow":["GET"]}}],"collection":[{"href":"https:\/\/quehacerpolitico.mx\/index.php?rest_route=\/wp\/v2\/posts"}],"about":[{"href":"https:\/\/quehacerpolitico.mx\/index.php?rest_route=\/wp\/v2\/types\/post"}],"author":[{"embeddable":true,"href":"https:\/\/quehacerpolitico.mx\/index.php?rest_route=\/wp\/v2\/users\/2"}],"replies":[{"embeddable":true,"href":"https:\/\/quehacerpolitico.mx\/index.php?rest_route=%2Fwp%2Fv2%2Fcomments&post=17422"}],"version-history":[{"count":0,"href":"https:\/\/quehacerpolitico.mx\/index.php?rest_route=\/wp\/v2\/posts\/17422\/revisions"}],"wp:featuredmedia":[{"embeddable":true,"href":"https:\/\/quehacerpolitico.mx\/index.php?rest_route=\/"}],"wp:attachment":[{"href":"https:\/\/quehacerpolitico.mx\/index.php?rest_route=%2Fwp%2Fv2%2Fmedia&parent=17422"}],"wp:term":[{"taxonomy":"category","embeddable":true,"href":"https:\/\/quehacerpolitico.mx\/index.php?rest_route=%2Fwp%2Fv2%2Fcategories&post=17422"},{"taxonomy":"post_tag","embeddable":true,"href":"https:\/\/quehacerpolitico.mx\/index.php?rest_route=%2Fwp%2Fv2%2Ftags&post=17422"}],"curies":[{"name":"wp","href":"https:\/\/api.w.org\/{rel}","templated":true}]}}