{"id":16934,"date":"2019-02-12T04:54:02","date_gmt":"2019-02-12T04:54:02","guid":{"rendered":"http:\/\/quehacerpolitico.mx\/tres-jovenes-salen-de-su-casa-en-edomex-rumbo-a-morelos-y-los-secuestran-el-pueblo-protesta\/"},"modified":"2019-02-12T04:54:02","modified_gmt":"2019-02-12T04:54:02","slug":"tres-jovenes-salen-de-su-casa-en-edomex-rumbo-a-morelos-y-los-secuestran-el-pueblo-protesta","status":"publish","type":"post","link":"https:\/\/quehacerpolitico.mx\/?p=16934","title":{"rendered":"Tres j\u00f3venes salen de su casa en Edomex rumbo a Morelos, y los secuestran; el pueblo protesta"},"content":{"rendered":"<h1>Tres j\u00f3venes salen de su casa en Edomex rumbo a Morelos, y los secuestran; el pueblo protesta<\/h1>\n<p>Por Redacci\u00f3n QP<\/p>\n<p><span class=\"s1\">T<\/span>res j\u00f3venes comerciantes fueron secuestrados la madrugada de ayer por un grupo armado en Ocuilan, Estado de M\u00e9xico,\u00a0cuando se dirig\u00edan a Cuernavaca, Morelos. La agresi\u00f3n motiv\u00f3 a\u00a0habitantes del municipio mexiquense a bloquear la carretera por donde transitaban para exigir que sean presentados con vida.<\/p>\n<p>Cristian V\u00e1zquez Vergara, Tony Casillas V\u00e1zquez y Emmanuel Perete Ferreyra salieron la madrugada del domingo rumbo al estado de Morelos, sin embargo, en el trayecto habr\u00edan sido plagiado por personas armadas.<\/p>\n<p>Familiares, amigos y vecinos se movilizaron y cerraron las vialidades para exigir a las autoridades de justicia que localicen a los j\u00f3venes; el cierre caus\u00f3 que conductores se quedaran varados por horas.<\/p>\n<p>Tambi\u00e9n protestaron habitantes de la comunidad de Santa M\u00f3nica, quienes denunciaron que las instituciones de seguridad p\u00fablica iniciaron tarde la b\u00fasqueda de los j\u00f3venes.<\/p>\n<blockquote>\n<p>\u201cDesafortunadamente un grupo armado nos quit\u00f3 a tres trabajadores, en el camino a Cuernavaca, ahorita como pueblo no estamos uniendo porque no tenemos el apoyo del Gobierno\u201d,\u00a0 expuso un familiar un familiar de los j\u00f3venes.<\/p>\n<\/blockquote>\n<p>Usuarios de redes sociales tambi\u00e9n iniciaron una campa\u00f1a para localizarlos, mientras que sus familiares pidieron a autoridades municipales y estatales su intervenci\u00f3n.<\/p>\n<p><strong>PRESIDENTE MUNICIPAL PIDE AYUDA<\/strong><\/p>\n<p>Por su parte, el\u00a0Presidente municipal de Ocuilan, el perredista <strong>F\u00e9lix Alberto Linares Gonz\u00e1lez<\/strong>, dijo sentirse indignado por el caso y asegur\u00f3 que su administraci\u00f3n se puso en contacto con distintas corporaciones de seguridad y con el Gobierno estatal para trabajar\u00a0en coadyuvancia.<\/p>\n<blockquote>\n<p>\u201cComo Presidente Municipal me siento muy indignado por los acontecimientos de esta ma\u00f1ana, una noticia muy lamentable con respecto a la desaparici\u00f3n de los tres j\u00f3venes (Cristian V\u00e1zquez Vergara, Emmanuel Perete Ferreyra y Tony Casillas V\u00e1zquez), al parecer son privados de su libertad\u201d, escribi\u00f3 en su cuenta de Twitter.<\/p>\n<blockquote class=\"twitter-tweet\" data-width=\"550\" data-dnt=\"true\">\n<p lang=\"es\" dir=\"ltr\">Como Presidente Municipal me siento muy indignado por los acontecimientos de esta ma\u00f1ana, una noticia muy lamentable con respecto a la desaparici\u00f3n de los tres j\u00f3venes (Cristian V\u00e1zquez Vergara, Emmanuel Perete&#8230; <a href=\"https:\/\/t.co\/GeuTbz22To\">https:\/\/t.co\/GeuTbz22To<\/a><\/p>\n<p>&mdash; F. Alberto Linares (@FelixAlbertoLG) <a href=\"https:\/\/twitter.com\/FelixAlbertoLG\/status\/1094786617901006848?ref_src=twsrc%5Etfw\">February 11, 2019<\/a><\/p><\/blockquote>\n<p><script async src=\"https:\/\/platform.twitter.com\/widgets.js\" charset=\"utf-8\"><\/script><\/p>\n<p><span class=\"text_exposed_show\">Linares Gonz\u00e1les asegur\u00f3 que autoridades municipales ya dan seguimiento al caso; tambi\u00e9n llam\u00f3\u00a0 a la ciudadan\u00eda a denunciar en caso de contar con informaci\u00f3n relacionada con el paradero de los tres j\u00f3venes<\/span>.<\/p>\n<blockquote>\n<p>\u201d Ya hicimos contacto con distintas corporaciones de seguridad y nuestro Gobierno del Estado de M\u00e9xico, a fin de coadyuvar en esta emergencia. L<span class=\"text_exposed_show\">os indices de inseguridad que hay en el pa\u00eds son muy lamentables, estamos muy preocupados por esta situaci\u00f3n, pero tambi\u00e9n muy ocupados, de manera responsable estoy siguiendo el desarrollo de esta tragedia\u201d, expuso el mandatario.<\/span><\/p>\n<p>Ocuilan se ubica a poco m\u00e1s de una hora de Toluca y a solo unos kil\u00f3metros de Malinalco, uno de los destinos tur\u00edsticos m\u00e1s importantes de la entidad, sin embargo, la inseguridad se ha disparado en la regi\u00f3n.<\/p>\n<p>En la zona se sabe de la operaci\u00f3n de c\u00e9lulas delictivas por colindar con Morelos y Guerrero, tema que ha sido reconocido por el Presidente municipal.<\/p>\n<p><strong>VIOLENCIA EN EL EDOMEX<\/strong><\/p>\n<p>Tan solo en noviembre de 2018\u00a0 el Estado de M\u00e9xico se posicion\u00f3 como el tercer lugar a nivel nacional en homicidios, registr\u00f3 un total de 2 mil 396 personas asesinadas, en 2 mil 120 indagatorias iniciadas, de acuerdo con datos del\u00a0<strong>Secretariado Ejecutivo de Seguridad P\u00fablica.<\/strong><\/p>\n<p>Los intentos de secuestro tambi\u00e9n son constantemente denunciados en la entidad. La semana pasada dos j\u00f3venes estudiantes de Ecatepec,\u00a0reportaron<strong> intentos de secuestro<\/strong>\u00a0muy similares afuera de una misma escuela, lo que les hizo suponer que se trata de una banda que opera en la zona.<\/p>\n<p>De acuerdo con una de las estudiantes del\u00a0Instituto Americano, ubicado en la avenida Insurgentes del centro de\u00a0Ecatepec<strong>,<\/strong>\u00a0a las 7:30 horas de este mi\u00e9rcoles fue interceptada por los tripulantes de un auto Aveo, color negro, sin placas, el cual se detuvo y los tripulantes trataron de subirla. Ella grit\u00f3 y logr\u00f3 escapar. Un testigo recrimin\u00f3 a las agresores y de inmediato huyeron a bordo del auto.<\/p>\n<blockquote>\n<p>Un d\u00eda antes, otra joven fue v\u00edctima de un acto similar en el mismo punto: personas la jalaron del brazo para subirla a un veh\u00edculo y logr\u00f3 escapar. Ante esto casos, estudiantes exigieron presencia policiaca. El flujo de estudiantes es constante en esa zona. Demandaron seguridad en su y en otras escuelas de la zona.<\/p>\n<\/blockquote>\n<p>Estudiantes entrevistadas por\u00a0<em>A Fondo Edomex,\u00a0<\/em>una publicaci\u00f3n en l\u00ednea que el a\u00f1o pasado alert\u00f3 sobre desapariciones en serie en la zona, dijeron que sospechan de una o varias bandas criminales dedicadas a atacar mujeres.\u00a0Ecatepec fue el escenario reciente de una ola de\u00a0<strong>secuestros<\/strong>\u00a0y asesinatos de mujeres que se atribuyen a una pareja que es procesada.<\/p>\n<p>Con Informaci\u00f3n de A Fondo EdoMex\u00a0<\/p>\n<\/blockquote>\n<\/blockquote>\n","protected":false},"excerpt":{"rendered":"<p>Tres j\u00f3venes salen de su casa en Edomex rumbo a Morelos, y los secuestran; el pueblo protesta<br \/>\nPor Redacci\u00f3n QP<\/p>\n","protected":false},"author":2,"featured_media":16933,"comment_status":"open","ping_status":"open","sticky":false,"template":"","format":"standard","meta":{"_monsterinsights_skip_tracking":false,"_monsterinsights_sitenote_active":false,"_monsterinsights_sitenote_note":"","_monsterinsights_sitenote_category":0,"footnotes":""},"categories":[2],"tags":[],"class_list":["post-16934","post","type-post","status-publish","format-standard","has-post-thumbnail","hentry","category-noticias"],"yoast_head":"<!-- This site is optimized with the Yoast SEO plugin v27.3 - https:\/\/yoast.com\/product\/yoast-seo-wordpress\/ -->\n<title>Tres j\u00f3venes salen de su casa en Edomex rumbo a Morelos, y los secuestran; el pueblo protesta -<\/title>\n<meta name=\"robots\" content=\"index, follow, max-snippet:-1, max-image-preview:large, max-video-preview:-1\" \/>\n<link rel=\"canonical\" href=\"https:\/\/quehacerpolitico.mx\/?p=16934\" \/>\n<meta property=\"og:locale\" content=\"es_MX\" \/>\n<meta property=\"og:type\" content=\"article\" \/>\n<meta property=\"og:title\" content=\"Tres j\u00f3venes salen de su casa en Edomex rumbo a Morelos, y los secuestran; el pueblo protesta -\" \/>\n<meta property=\"og:description\" content=\"Tres j\u00f3venes salen de su casa en Edomex rumbo a Morelos, y los secuestran; el pueblo protesta Por Redacci\u00f3n QP\" \/>\n<meta property=\"og:url\" content=\"https:\/\/quehacerpolitico.mx\/?p=16934\" \/>\n<meta property=\"article:published_time\" content=\"2019-02-12T04:54:02+00:00\" \/>\n<meta name=\"author\" content=\"Redacci\u00f3n QP\" \/>\n<meta name=\"twitter:card\" content=\"summary_large_image\" \/>\n<meta name=\"twitter:label1\" content=\"Escrito por\" \/>\n\t<meta name=\"twitter:data1\" content=\"Redacci\u00f3n QP\" \/>\n\t<meta name=\"twitter:label2\" content=\"Tiempo de lectura\" \/>\n\t<meta name=\"twitter:data2\" content=\"4 minutos\" \/>\n<script type=\"application\/ld+json\" class=\"yoast-schema-graph\">{\"@context\":\"https:\\\/\\\/schema.org\",\"@graph\":[{\"@type\":\"Article\",\"@id\":\"https:\\\/\\\/quehacerpolitico.mx\\\/?p=16934#article\",\"isPartOf\":{\"@id\":\"https:\\\/\\\/quehacerpolitico.mx\\\/?p=16934\"},\"author\":{\"name\":\"Redacci\u00f3n QP\",\"@id\":\"https:\\\/\\\/quehacerpolitico.mx\\\/#\\\/schema\\\/person\\\/496d8ad2d1d3f8036101dca7ee39e585\"},\"headline\":\"Tres j\u00f3venes salen de su casa en Edomex rumbo a Morelos, y los secuestran; el pueblo protesta\",\"datePublished\":\"2019-02-12T04:54:02+00:00\",\"mainEntityOfPage\":{\"@id\":\"https:\\\/\\\/quehacerpolitico.mx\\\/?p=16934\"},\"wordCount\":815,\"commentCount\":0,\"image\":{\"@id\":\"https:\\\/\\\/quehacerpolitico.mx\\\/?p=16934#primaryimage\"},\"thumbnailUrl\":\"\",\"articleSection\":[\"Noticias\"],\"inLanguage\":\"es\",\"potentialAction\":[{\"@type\":\"CommentAction\",\"name\":\"Comment\",\"target\":[\"https:\\\/\\\/quehacerpolitico.mx\\\/?p=16934#respond\"]}]},{\"@type\":\"WebPage\",\"@id\":\"https:\\\/\\\/quehacerpolitico.mx\\\/?p=16934\",\"url\":\"https:\\\/\\\/quehacerpolitico.mx\\\/?p=16934\",\"name\":\"Tres j\u00f3venes salen de su casa en Edomex rumbo a Morelos, y los secuestran; el pueblo protesta -\",\"isPartOf\":{\"@id\":\"https:\\\/\\\/quehacerpolitico.mx\\\/#website\"},\"primaryImageOfPage\":{\"@id\":\"https:\\\/\\\/quehacerpolitico.mx\\\/?p=16934#primaryimage\"},\"image\":{\"@id\":\"https:\\\/\\\/quehacerpolitico.mx\\\/?p=16934#primaryimage\"},\"thumbnailUrl\":\"\",\"datePublished\":\"2019-02-12T04:54:02+00:00\",\"author\":{\"@id\":\"https:\\\/\\\/quehacerpolitico.mx\\\/#\\\/schema\\\/person\\\/496d8ad2d1d3f8036101dca7ee39e585\"},\"breadcrumb\":{\"@id\":\"https:\\\/\\\/quehacerpolitico.mx\\\/?p=16934#breadcrumb\"},\"inLanguage\":\"es\",\"potentialAction\":[{\"@type\":\"ReadAction\",\"target\":[\"https:\\\/\\\/quehacerpolitico.mx\\\/?p=16934\"]}]},{\"@type\":\"ImageObject\",\"inLanguage\":\"es\",\"@id\":\"https:\\\/\\\/quehacerpolitico.mx\\\/?p=16934#primaryimage\",\"url\":\"\",\"contentUrl\":\"\"},{\"@type\":\"BreadcrumbList\",\"@id\":\"https:\\\/\\\/quehacerpolitico.mx\\\/?p=16934#breadcrumb\",\"itemListElement\":[{\"@type\":\"ListItem\",\"position\":1,\"name\":\"Inicio\",\"item\":\"https:\\\/\\\/quehacerpolitico.mx\\\/\"},{\"@type\":\"ListItem\",\"position\":2,\"name\":\"Tres j\u00f3venes salen de su casa en Edomex rumbo a Morelos, y los secuestran; el pueblo protesta\"}]},{\"@type\":\"WebSite\",\"@id\":\"https:\\\/\\\/quehacerpolitico.mx\\\/#website\",\"url\":\"https:\\\/\\\/quehacerpolitico.mx\\\/\",\"name\":\"\",\"description\":\"\",\"potentialAction\":[{\"@type\":\"SearchAction\",\"target\":{\"@type\":\"EntryPoint\",\"urlTemplate\":\"https:\\\/\\\/quehacerpolitico.mx\\\/?s={search_term_string}\"},\"query-input\":{\"@type\":\"PropertyValueSpecification\",\"valueRequired\":true,\"valueName\":\"search_term_string\"}}],\"inLanguage\":\"es\"},{\"@type\":\"Person\",\"@id\":\"https:\\\/\\\/quehacerpolitico.mx\\\/#\\\/schema\\\/person\\\/496d8ad2d1d3f8036101dca7ee39e585\",\"name\":\"Redacci\u00f3n QP\",\"image\":{\"@type\":\"ImageObject\",\"inLanguage\":\"es\",\"@id\":\"https:\\\/\\\/secure.gravatar.com\\\/avatar\\\/c7164ed6fdec453195284ad24a5ae5b6e1eed2b848477fa2a4787ba9adf39a41?s=96&d=mm&r=g\",\"url\":\"https:\\\/\\\/secure.gravatar.com\\\/avatar\\\/c7164ed6fdec453195284ad24a5ae5b6e1eed2b848477fa2a4787ba9adf39a41?s=96&d=mm&r=g\",\"contentUrl\":\"https:\\\/\\\/secure.gravatar.com\\\/avatar\\\/c7164ed6fdec453195284ad24a5ae5b6e1eed2b848477fa2a4787ba9adf39a41?s=96&d=mm&r=g\",\"caption\":\"Redacci\u00f3n QP\"},\"url\":\"https:\\\/\\\/quehacerpolitico.mx\\\/?author=2\"}]}<\/script>\n<!-- \/ Yoast SEO plugin. -->","yoast_head_json":{"title":"Tres j\u00f3venes salen de su casa en Edomex rumbo a Morelos, y los secuestran; el pueblo protesta -","robots":{"index":"index","follow":"follow","max-snippet":"max-snippet:-1","max-image-preview":"max-image-preview:large","max-video-preview":"max-video-preview:-1"},"canonical":"https:\/\/quehacerpolitico.mx\/?p=16934","og_locale":"es_MX","og_type":"article","og_title":"Tres j\u00f3venes salen de su casa en Edomex rumbo a Morelos, y los secuestran; el pueblo protesta -","og_description":"Tres j\u00f3venes salen de su casa en Edomex rumbo a Morelos, y los secuestran; el pueblo protesta Por Redacci\u00f3n QP","og_url":"https:\/\/quehacerpolitico.mx\/?p=16934","article_published_time":"2019-02-12T04:54:02+00:00","author":"Redacci\u00f3n QP","twitter_card":"summary_large_image","twitter_misc":{"Escrito por":"Redacci\u00f3n QP","Tiempo de lectura":"4 minutos"},"schema":{"@context":"https:\/\/schema.org","@graph":[{"@type":"Article","@id":"https:\/\/quehacerpolitico.mx\/?p=16934#article","isPartOf":{"@id":"https:\/\/quehacerpolitico.mx\/?p=16934"},"author":{"name":"Redacci\u00f3n QP","@id":"https:\/\/quehacerpolitico.mx\/#\/schema\/person\/496d8ad2d1d3f8036101dca7ee39e585"},"headline":"Tres j\u00f3venes salen de su casa en Edomex rumbo a Morelos, y los secuestran; el pueblo protesta","datePublished":"2019-02-12T04:54:02+00:00","mainEntityOfPage":{"@id":"https:\/\/quehacerpolitico.mx\/?p=16934"},"wordCount":815,"commentCount":0,"image":{"@id":"https:\/\/quehacerpolitico.mx\/?p=16934#primaryimage"},"thumbnailUrl":"","articleSection":["Noticias"],"inLanguage":"es","potentialAction":[{"@type":"CommentAction","name":"Comment","target":["https:\/\/quehacerpolitico.mx\/?p=16934#respond"]}]},{"@type":"WebPage","@id":"https:\/\/quehacerpolitico.mx\/?p=16934","url":"https:\/\/quehacerpolitico.mx\/?p=16934","name":"Tres j\u00f3venes salen de su casa en Edomex rumbo a Morelos, y los secuestran; el pueblo protesta -","isPartOf":{"@id":"https:\/\/quehacerpolitico.mx\/#website"},"primaryImageOfPage":{"@id":"https:\/\/quehacerpolitico.mx\/?p=16934#primaryimage"},"image":{"@id":"https:\/\/quehacerpolitico.mx\/?p=16934#primaryimage"},"thumbnailUrl":"","datePublished":"2019-02-12T04:54:02+00:00","author":{"@id":"https:\/\/quehacerpolitico.mx\/#\/schema\/person\/496d8ad2d1d3f8036101dca7ee39e585"},"breadcrumb":{"@id":"https:\/\/quehacerpolitico.mx\/?p=16934#breadcrumb"},"inLanguage":"es","potentialAction":[{"@type":"ReadAction","target":["https:\/\/quehacerpolitico.mx\/?p=16934"]}]},{"@type":"ImageObject","inLanguage":"es","@id":"https:\/\/quehacerpolitico.mx\/?p=16934#primaryimage","url":"","contentUrl":""},{"@type":"BreadcrumbList","@id":"https:\/\/quehacerpolitico.mx\/?p=16934#breadcrumb","itemListElement":[{"@type":"ListItem","position":1,"name":"Inicio","item":"https:\/\/quehacerpolitico.mx\/"},{"@type":"ListItem","position":2,"name":"Tres j\u00f3venes salen de su casa en Edomex rumbo a Morelos, y los secuestran; el pueblo protesta"}]},{"@type":"WebSite","@id":"https:\/\/quehacerpolitico.mx\/#website","url":"https:\/\/quehacerpolitico.mx\/","name":"","description":"","potentialAction":[{"@type":"SearchAction","target":{"@type":"EntryPoint","urlTemplate":"https:\/\/quehacerpolitico.mx\/?s={search_term_string}"},"query-input":{"@type":"PropertyValueSpecification","valueRequired":true,"valueName":"search_term_string"}}],"inLanguage":"es"},{"@type":"Person","@id":"https:\/\/quehacerpolitico.mx\/#\/schema\/person\/496d8ad2d1d3f8036101dca7ee39e585","name":"Redacci\u00f3n QP","image":{"@type":"ImageObject","inLanguage":"es","@id":"https:\/\/secure.gravatar.com\/avatar\/c7164ed6fdec453195284ad24a5ae5b6e1eed2b848477fa2a4787ba9adf39a41?s=96&d=mm&r=g","url":"https:\/\/secure.gravatar.com\/avatar\/c7164ed6fdec453195284ad24a5ae5b6e1eed2b848477fa2a4787ba9adf39a41?s=96&d=mm&r=g","contentUrl":"https:\/\/secure.gravatar.com\/avatar\/c7164ed6fdec453195284ad24a5ae5b6e1eed2b848477fa2a4787ba9adf39a41?s=96&d=mm&r=g","caption":"Redacci\u00f3n QP"},"url":"https:\/\/quehacerpolitico.mx\/?author=2"}]}},"featured_image_urls":{"full":"","thumbnail":"","medium":"","medium_large":"","large":"","1536x1536":"","2048x2048":"","covernews-featured":"","covernews-medium":""},"author_info":{"display_name":"Redacci\u00f3n QP","author_link":"https:\/\/quehacerpolitico.mx\/?author=2"},"category_info":"<a href=\"https:\/\/quehacerpolitico.mx\/?cat=2\" rel=\"category\">Noticias<\/a>","tag_info":"Noticias","comment_count":"0","_links":{"self":[{"href":"https:\/\/quehacerpolitico.mx\/index.php?rest_route=\/wp\/v2\/posts\/16934","targetHints":{"allow":["GET"]}}],"collection":[{"href":"https:\/\/quehacerpolitico.mx\/index.php?rest_route=\/wp\/v2\/posts"}],"about":[{"href":"https:\/\/quehacerpolitico.mx\/index.php?rest_route=\/wp\/v2\/types\/post"}],"author":[{"embeddable":true,"href":"https:\/\/quehacerpolitico.mx\/index.php?rest_route=\/wp\/v2\/users\/2"}],"replies":[{"embeddable":true,"href":"https:\/\/quehacerpolitico.mx\/index.php?rest_route=%2Fwp%2Fv2%2Fcomments&post=16934"}],"version-history":[{"count":0,"href":"https:\/\/quehacerpolitico.mx\/index.php?rest_route=\/wp\/v2\/posts\/16934\/revisions"}],"wp:featuredmedia":[{"embeddable":true,"href":"https:\/\/quehacerpolitico.mx\/index.php?rest_route=\/"}],"wp:attachment":[{"href":"https:\/\/quehacerpolitico.mx\/index.php?rest_route=%2Fwp%2Fv2%2Fmedia&parent=16934"}],"wp:term":[{"taxonomy":"category","embeddable":true,"href":"https:\/\/quehacerpolitico.mx\/index.php?rest_route=%2Fwp%2Fv2%2Fcategories&post=16934"},{"taxonomy":"post_tag","embeddable":true,"href":"https:\/\/quehacerpolitico.mx\/index.php?rest_route=%2Fwp%2Fv2%2Ftags&post=16934"}],"curies":[{"name":"wp","href":"https:\/\/api.w.org\/{rel}","templated":true}]}}