{"id":16931,"date":"2019-02-12T04:30:58","date_gmt":"2019-02-12T04:30:58","guid":{"rendered":"http:\/\/quehacerpolitico.mx\/internacionales-carolina-alonso-romei-el-jurado-duda-no-es-unanime-y-aun-no-sale-del-cargo-que-daria-a-el-chapo-la-cadena-perpetua\/"},"modified":"2019-02-12T04:30:58","modified_gmt":"2019-02-12T04:30:58","slug":"internacionales-carolina-alonso-romei-el-jurado-duda-no-es-unanime-y-aun-no-sale-del-cargo-que-daria-a-el-chapo-la-cadena-perpetua","status":"publish","type":"post","link":"https:\/\/quehacerpolitico.mx\/?p=16931","title":{"rendered":"Internacionales\/\/\/Carolina Alonso Romei\/\/\/El jurado duda, no es un\u00e1nime, y a\u00fan no sale del cargo que dar\u00eda a \u201cEl Chapo\u201d la cadena perpetua"},"content":{"rendered":"<h1>El jurado duda, no es un\u00e1nime, y a\u00fan no sale del cargo que dar\u00eda a \u201cEl Chapo\u201d la cadena perpetua<\/h1>\n<p>Por Carolina Alonso Romei\u00a0<\/p>\n<p>Internacionalista\u00a0<\/p>\n<p>El jurado en el caso contra Joaqu\u00edn <strong>\u201cEl Chapo\u201d<\/strong> Guzm\u00e1n concluy\u00f3 este lunes la quinta sesi\u00f3n de <strong>deliberaciones<\/strong> con <strong>dudas<\/strong> entre sus miembros, que cuestionaron si deb\u00eda haber <strong>unanimidad<\/strong>en todas las violaciones contra el narcotraficante, lo que revela la falta de acuerdo en, al menos, uno de los delitos que se le imputan.<\/p>\n<p>Despu\u00e9s de m\u00e1s de treinta horas de reuni\u00f3n entre los cuatro hombres y ocho mujeres que deciden sobre el futuro del mexicano, los miembros parecen atascados todav\u00eda en el primer cargo de narcotr\u00e1fico contra Guzm\u00e1n, el de mantenimiento de una empresa criminal continuada.<\/p>\n<blockquote>\n<p>\u201c\u00bfUna violaci\u00f3n tiene que ser probada o no probada de manera <strong>un\u00e1nime<\/strong>?\u201d, preguntaron en una nota entregada al juez del caso en la corte federal de Brooklyn (Nueva York), Brian Cogan, quien la ley\u00f3 en voz alta a las partes.<\/p>\n<\/blockquote>\n<div id=\"attachment_3531455\" class=\"wp-caption alignnone\"><img loading=\"lazy\" decoding=\"async\" class=\"size-full wp-image-3531455\" src=\"https:\/\/www.sinembargo.mx\/wp-content\/uploads\/2019\/02\/juicio-chapo.jpg\" sizes=\"auto, (max-width: 700px) 100vw, 700px\" srcset=\"https:\/\/www.sinembargo.mx\/wp-content\/uploads\/2019\/02\/juicio-chapo.jpg 700w, https:\/\/www.sinembargo.mx\/wp-content\/uploads\/2019\/02\/juicio-chapo-300x225.jpg 300w\" alt=\"\" width=\"700\" height=\"525\" \/><\/p>\n<p class=\"wp-caption-text\">\u201cEl Chapo\u201d Guzm\u00e1n ha estado acompa\u00f1ado por su esposa Emma Coronel durante casi todo el juicio. Foto: EFE<\/p>\n<\/div>\n<p>El primer cargo es el m\u00e1s importante de los 10 que la Fiscal\u00eda estadounidense acusa a <strong>\u201cEl Chapo\u201d<\/strong> y abarca 27 violaciones -relacionadas con env\u00edos de drogas y encargos de asesinato-, y su condena de culpabilidad en este delito podr\u00eda suponer la <strong>cadena perpetua<\/strong>.<\/p>\n<p>En concreto, las violaciones en las que los jurados parece que no han encontrado el qu\u00f3rum son, al menos, la 16 y la 18, ambas relacionadas con env\u00edos de coca\u00edna desde Colombia, de 19 mil kilos el primero y m\u00e1s de cuatro mil el segundo.<\/p>\n<div id=\"attachment_3529820\" class=\"wp-caption alignnone\"><img loading=\"lazy\" decoding=\"async\" class=\"size-full wp-image-3529820\" src=\"https:\/\/www.sinembargo.mx\/wp-content\/uploads\/2019\/01\/chapo-4.jpg\" sizes=\"auto, (max-width: 700px) 100vw, 700px\" srcset=\"https:\/\/www.sinembargo.mx\/wp-content\/uploads\/2019\/01\/chapo-4.jpg 700w, https:\/\/www.sinembargo.mx\/wp-content\/uploads\/2019\/01\/chapo-4-300x225.jpg 300w\" alt=\"\" width=\"700\" height=\"525\" \/><\/p>\n<p class=\"wp-caption-text\">Reproducci\u00f3n fotogr\u00e1fica de un dibujo realizado por la artista Jane Rosenberg donde aparece el abogado Jeffrey Lichtman (i) dando los argumentos finales frente al juez de la corte federal de Brooklyn Brian Cogan (d), durante el juicio de su cliente, el narcotraficante mexicano Joaqu\u00edn \u201cEl Chapo\u201d Guzm\u00e1n, hoy en el tribunal del Distrito Sur en Brooklyn, Nueva York (EU). Foto: Jane Rosenberg\/ EFE<\/p>\n<p>Esta conclusi\u00f3n se desprende de otra de las peticiones que hizo el jurado, en la que requiri\u00f3 el testimonio de un agente de la DEA que particip\u00f3 en los decomisos de dichos env\u00edos de droga, que se produjeron en barcos y en un submarino.<\/p>\n<blockquote>\n<p>Sin embargo, Cogan acord\u00f3 con la Fiscal\u00eda y la defensa remitir al jurado las instrucciones sobre la <strong>deliberaci\u00f3n<\/strong> que el juez ley\u00f3 hace una semana en la sala, en las que se indicaba que, para declarar culpable a Guzm\u00e1n del primer cargo, tendr\u00edan que concluir de manera <strong>un\u00e1nime<\/strong>su culpabilidad en al menos tres de los cargos.<\/p>\n<div class=\"ad_center ad-in-content\">\u00a0<\/div>\n<\/blockquote>\n<p>El alegato que requirieron fue le\u00eddo en voz alta por las taqu\u00edgrafas de la Corte, aunque el juez decidi\u00f3 que un segundo testimonio, de un guardacosta estadounidense que particip\u00f3 en las mismas incautaciones, les fuera entregado impreso para ahorrar tiempo.<\/p>\n<div id=\"attachment_3509225\" class=\"wp-caption alignnone\"><img loading=\"lazy\" decoding=\"async\" class=\"size-full wp-image-3509225\" src=\"https:\/\/www.sinembargo.mx\/wp-content\/uploads\/2018\/12\/chapojuicio1.jpg\" sizes=\"auto, (max-width: 700px) 100vw, 700px\" srcset=\"https:\/\/www.sinembargo.mx\/wp-content\/uploads\/2018\/12\/chapojuicio1.jpg 700w, https:\/\/www.sinembargo.mx\/wp-content\/uploads\/2018\/12\/chapojuicio1-300x225.jpg 300w\" alt=\"\" width=\"700\" height=\"525\" \/><\/p>\n<p class=\"wp-caption-text\">Reproducci\u00f3n fotogr\u00e1fica de un dibujo realizado por la artista Jane Rosenberg donde aparece el narcotraficante mexicano Joaqu\u00edn \u201cEl Chapo\u201d Guzm\u00e1n mientras saluda a su esposa antes del inicio del primer d\u00eda de su juicio el martes 13 de noviembre. Foto: EFE<\/p>\n<\/div>\n<p>El hecho de que los jurados presenten <strong>dudas<\/strong> y la <strong>deliberaci\u00f3n<\/strong> se alargue es una peque\u00f1a victoria para la defensa de <strong>\u201cEl Chapo\u201d<\/strong>, que hoy salud\u00f3 jovial a sus abogados ante la corte a \u00faltima hora de la tarde, vistiendo un traje azul oscuro y corbata de rayas.<\/p>\n<div id=\"attachment_3503138\" class=\"wp-caption alignnone\"><img loading=\"lazy\" decoding=\"async\" class=\"size-full wp-image-3503138\" src=\"https:\/\/www.sinembargo.mx\/wp-content\/uploads\/2018\/11\/chapo-piloto-2.jpg\" sizes=\"auto, (max-width: 700px) 100vw, 700px\" srcset=\"https:\/\/www.sinembargo.mx\/wp-content\/uploads\/2018\/11\/chapo-piloto-2.jpg 700w, https:\/\/www.sinembargo.mx\/wp-content\/uploads\/2018\/11\/chapo-piloto-2-300x225.jpg 300w\" alt=\"\" width=\"700\" height=\"525\" \/><\/p>\n<p class=\"wp-caption-text\">Reproducci\u00f3n fotogr\u00e1fica de un dibujo realizado por la artista Jane Rosenberg donde aparece Emma Coronel (d) mientras sigue el juicio de su esposo, el narcotraficante mexicano Joaqu\u00edn \u201cEl Chapo\u201d Guzm\u00e1n (c), durante una audiencia en el tribunal del Distrito Sur en Brooklyn, Nueva York (EU). Foto: EFE\/Jane Rosenberg<\/p>\n<\/div>\n<p>Justo despu\u00e9s salud\u00f3 con un adem\u00e1n a su esposa Emma Coronel, sentada entre el p\u00fablico, a pesar de que el juez prohibi\u00f3 ese tipo de intercambios.<\/p>\n<p>El <strong>juicio<\/strong> contra el presunto narcotraficante, el caso m\u00e1s importante de esta \u00edndole que se ha celebrado en Estados Unidos, se encuentra a punto de entrar en su cuarto mes, despu\u00e9s de las testificales de 56 testigos presentados por la Fiscal\u00eda, 14 de ellos cooperantes con el Gobierno, frente a s\u00f3lo uno de la defensa.<\/p>\n<blockquote>\n<p>A pesar de que fuentes cercanas al caso esperaban una r\u00e1pida conclusi\u00f3n de las deliberaciones -s\u00f3lo uno o dos d\u00edas-, los jurados han requerido las transcripciones de semanas de interrogatorios desde que arrancaron sus reuniones el pasado lunes 4 de febrero.<\/p>\n<\/blockquote>\n<p>Entre dichos interrogatorios, se encuentran algunos antiguos colaboradores muy cercanos de \u201cEl Chapo\u201d, como Jes\u00fas \u201cRey\u201d Zambada y Vicentillo Zambada -hermano e hijo de Ismael \u201cMayo\u201d Zambada, respectivamente-, su antigua \u201cmano derecha y mano izquierda\u201d D\u00e1maso L\u00f3pez, o Juan Carlos Ram\u00edrez Abad\u00eda \u201cChupeta\u201d, que fue l\u00edder del c\u00e1rtel colombiano del Norte del Valle.<\/p>\n<p>La deliberaci\u00f3n continuar\u00e1 ma\u00f1ana martes en la sexta jornada de deliberaci\u00f3n de un <strong>juicio<\/strong>que se ha celebrado entre las m\u00e1ximas medidas de seguridad tras las dos fugas de \u201cEl Chapo\u201d Guzm\u00e1n de prisiones en M\u00e9xico.<\/p>\n<p>Con Informaci\u00f3n de EFE<\/p>\n<\/div>\n","protected":false},"excerpt":{"rendered":"<p>El jurado duda, no es un\u00e1nime, y a\u00fan no sale del cargo que dar\u00eda a \u201cEl Chapo\u201d la cadena perpetua<br \/>\nPor Carolina Alonso Romei<br \/>\nInternacionalista<\/p>\n","protected":false},"author":2,"featured_media":16930,"comment_status":"open","ping_status":"open","sticky":false,"template":"","format":"standard","meta":{"_monsterinsights_skip_tracking":false,"_monsterinsights_sitenote_active":false,"_monsterinsights_sitenote_note":"","_monsterinsights_sitenote_category":0,"footnotes":""},"categories":[1],"tags":[],"class_list":["post-16931","post","type-post","status-publish","format-standard","has-post-thumbnail","hentry","category-sin-categoria"],"yoast_head":"<!-- This site is optimized with the Yoast SEO plugin v27.3 - https:\/\/yoast.com\/product\/yoast-seo-wordpress\/ -->\n<title>Internacionales\/\/\/Carolina Alonso Romei\/\/\/El jurado duda, no es un\u00e1nime, y a\u00fan no sale del cargo que dar\u00eda a \u201cEl Chapo\u201d la cadena perpetua -<\/title>\n<meta name=\"robots\" content=\"index, follow, max-snippet:-1, max-image-preview:large, max-video-preview:-1\" \/>\n<link rel=\"canonical\" href=\"https:\/\/quehacerpolitico.mx\/?p=16931\" \/>\n<meta property=\"og:locale\" content=\"es_MX\" \/>\n<meta property=\"og:type\" content=\"article\" \/>\n<meta property=\"og:title\" content=\"Internacionales\/\/\/Carolina Alonso Romei\/\/\/El jurado duda, no es un\u00e1nime, y a\u00fan no sale del cargo que dar\u00eda a \u201cEl Chapo\u201d la cadena perpetua -\" \/>\n<meta property=\"og:description\" content=\"El jurado duda, no es un\u00e1nime, y a\u00fan no sale del cargo que dar\u00eda a \u201cEl Chapo\u201d la cadena perpetua Por Carolina Alonso Romei Internacionalista\" \/>\n<meta property=\"og:url\" content=\"https:\/\/quehacerpolitico.mx\/?p=16931\" \/>\n<meta property=\"article:published_time\" content=\"2019-02-12T04:30:58+00:00\" \/>\n<meta name=\"author\" content=\"Redacci\u00f3n QP\" \/>\n<meta name=\"twitter:card\" content=\"summary_large_image\" \/>\n<meta name=\"twitter:label1\" content=\"Escrito por\" \/>\n\t<meta name=\"twitter:data1\" content=\"Redacci\u00f3n QP\" \/>\n\t<meta name=\"twitter:label2\" content=\"Tiempo de lectura\" \/>\n\t<meta name=\"twitter:data2\" content=\"4 minutos\" \/>\n<script type=\"application\/ld+json\" class=\"yoast-schema-graph\">{\"@context\":\"https:\\\/\\\/schema.org\",\"@graph\":[{\"@type\":\"Article\",\"@id\":\"https:\\\/\\\/quehacerpolitico.mx\\\/?p=16931#article\",\"isPartOf\":{\"@id\":\"https:\\\/\\\/quehacerpolitico.mx\\\/?p=16931\"},\"author\":{\"name\":\"Redacci\u00f3n QP\",\"@id\":\"https:\\\/\\\/quehacerpolitico.mx\\\/#\\\/schema\\\/person\\\/496d8ad2d1d3f8036101dca7ee39e585\"},\"headline\":\"Internacionales\\\/\\\/\\\/Carolina Alonso Romei\\\/\\\/\\\/El jurado duda, no es un\u00e1nime, y a\u00fan no sale del cargo que dar\u00eda a \u201cEl Chapo\u201d la cadena perpetua\",\"datePublished\":\"2019-02-12T04:30:58+00:00\",\"mainEntityOfPage\":{\"@id\":\"https:\\\/\\\/quehacerpolitico.mx\\\/?p=16931\"},\"wordCount\":915,\"commentCount\":0,\"image\":{\"@id\":\"https:\\\/\\\/quehacerpolitico.mx\\\/?p=16931#primaryimage\"},\"thumbnailUrl\":\"\",\"articleSection\":[\"Internacionales\"],\"inLanguage\":\"es\",\"potentialAction\":[{\"@type\":\"CommentAction\",\"name\":\"Comment\",\"target\":[\"https:\\\/\\\/quehacerpolitico.mx\\\/?p=16931#respond\"]}]},{\"@type\":\"WebPage\",\"@id\":\"https:\\\/\\\/quehacerpolitico.mx\\\/?p=16931\",\"url\":\"https:\\\/\\\/quehacerpolitico.mx\\\/?p=16931\",\"name\":\"Internacionales\\\/\\\/\\\/Carolina Alonso Romei\\\/\\\/\\\/El jurado duda, no es un\u00e1nime, y a\u00fan no sale del cargo que dar\u00eda a \u201cEl Chapo\u201d la cadena perpetua -\",\"isPartOf\":{\"@id\":\"https:\\\/\\\/quehacerpolitico.mx\\\/#website\"},\"primaryImageOfPage\":{\"@id\":\"https:\\\/\\\/quehacerpolitico.mx\\\/?p=16931#primaryimage\"},\"image\":{\"@id\":\"https:\\\/\\\/quehacerpolitico.mx\\\/?p=16931#primaryimage\"},\"thumbnailUrl\":\"\",\"datePublished\":\"2019-02-12T04:30:58+00:00\",\"author\":{\"@id\":\"https:\\\/\\\/quehacerpolitico.mx\\\/#\\\/schema\\\/person\\\/496d8ad2d1d3f8036101dca7ee39e585\"},\"breadcrumb\":{\"@id\":\"https:\\\/\\\/quehacerpolitico.mx\\\/?p=16931#breadcrumb\"},\"inLanguage\":\"es\",\"potentialAction\":[{\"@type\":\"ReadAction\",\"target\":[\"https:\\\/\\\/quehacerpolitico.mx\\\/?p=16931\"]}]},{\"@type\":\"ImageObject\",\"inLanguage\":\"es\",\"@id\":\"https:\\\/\\\/quehacerpolitico.mx\\\/?p=16931#primaryimage\",\"url\":\"\",\"contentUrl\":\"\"},{\"@type\":\"BreadcrumbList\",\"@id\":\"https:\\\/\\\/quehacerpolitico.mx\\\/?p=16931#breadcrumb\",\"itemListElement\":[{\"@type\":\"ListItem\",\"position\":1,\"name\":\"Inicio\",\"item\":\"https:\\\/\\\/quehacerpolitico.mx\\\/\"},{\"@type\":\"ListItem\",\"position\":2,\"name\":\"Internacionales\\\/\\\/\\\/Carolina Alonso Romei\\\/\\\/\\\/El jurado duda, no es un\u00e1nime, y a\u00fan no sale del cargo que dar\u00eda a \u201cEl Chapo\u201d la cadena perpetua\"}]},{\"@type\":\"WebSite\",\"@id\":\"https:\\\/\\\/quehacerpolitico.mx\\\/#website\",\"url\":\"https:\\\/\\\/quehacerpolitico.mx\\\/\",\"name\":\"\",\"description\":\"\",\"potentialAction\":[{\"@type\":\"SearchAction\",\"target\":{\"@type\":\"EntryPoint\",\"urlTemplate\":\"https:\\\/\\\/quehacerpolitico.mx\\\/?s={search_term_string}\"},\"query-input\":{\"@type\":\"PropertyValueSpecification\",\"valueRequired\":true,\"valueName\":\"search_term_string\"}}],\"inLanguage\":\"es\"},{\"@type\":\"Person\",\"@id\":\"https:\\\/\\\/quehacerpolitico.mx\\\/#\\\/schema\\\/person\\\/496d8ad2d1d3f8036101dca7ee39e585\",\"name\":\"Redacci\u00f3n QP\",\"image\":{\"@type\":\"ImageObject\",\"inLanguage\":\"es\",\"@id\":\"https:\\\/\\\/secure.gravatar.com\\\/avatar\\\/c7164ed6fdec453195284ad24a5ae5b6e1eed2b848477fa2a4787ba9adf39a41?s=96&d=mm&r=g\",\"url\":\"https:\\\/\\\/secure.gravatar.com\\\/avatar\\\/c7164ed6fdec453195284ad24a5ae5b6e1eed2b848477fa2a4787ba9adf39a41?s=96&d=mm&r=g\",\"contentUrl\":\"https:\\\/\\\/secure.gravatar.com\\\/avatar\\\/c7164ed6fdec453195284ad24a5ae5b6e1eed2b848477fa2a4787ba9adf39a41?s=96&d=mm&r=g\",\"caption\":\"Redacci\u00f3n QP\"},\"url\":\"https:\\\/\\\/quehacerpolitico.mx\\\/?author=2\"}]}<\/script>\n<!-- \/ Yoast SEO plugin. -->","yoast_head_json":{"title":"Internacionales\/\/\/Carolina Alonso Romei\/\/\/El jurado duda, no es un\u00e1nime, y a\u00fan no sale del cargo que dar\u00eda a \u201cEl Chapo\u201d la cadena perpetua -","robots":{"index":"index","follow":"follow","max-snippet":"max-snippet:-1","max-image-preview":"max-image-preview:large","max-video-preview":"max-video-preview:-1"},"canonical":"https:\/\/quehacerpolitico.mx\/?p=16931","og_locale":"es_MX","og_type":"article","og_title":"Internacionales\/\/\/Carolina Alonso Romei\/\/\/El jurado duda, no es un\u00e1nime, y a\u00fan no sale del cargo que dar\u00eda a \u201cEl Chapo\u201d la cadena perpetua -","og_description":"El jurado duda, no es un\u00e1nime, y a\u00fan no sale del cargo que dar\u00eda a \u201cEl Chapo\u201d la cadena perpetua Por Carolina Alonso Romei Internacionalista","og_url":"https:\/\/quehacerpolitico.mx\/?p=16931","article_published_time":"2019-02-12T04:30:58+00:00","author":"Redacci\u00f3n QP","twitter_card":"summary_large_image","twitter_misc":{"Escrito por":"Redacci\u00f3n QP","Tiempo de lectura":"4 minutos"},"schema":{"@context":"https:\/\/schema.org","@graph":[{"@type":"Article","@id":"https:\/\/quehacerpolitico.mx\/?p=16931#article","isPartOf":{"@id":"https:\/\/quehacerpolitico.mx\/?p=16931"},"author":{"name":"Redacci\u00f3n QP","@id":"https:\/\/quehacerpolitico.mx\/#\/schema\/person\/496d8ad2d1d3f8036101dca7ee39e585"},"headline":"Internacionales\/\/\/Carolina Alonso Romei\/\/\/El jurado duda, no es un\u00e1nime, y a\u00fan no sale del cargo que dar\u00eda a \u201cEl Chapo\u201d la cadena perpetua","datePublished":"2019-02-12T04:30:58+00:00","mainEntityOfPage":{"@id":"https:\/\/quehacerpolitico.mx\/?p=16931"},"wordCount":915,"commentCount":0,"image":{"@id":"https:\/\/quehacerpolitico.mx\/?p=16931#primaryimage"},"thumbnailUrl":"","articleSection":["Internacionales"],"inLanguage":"es","potentialAction":[{"@type":"CommentAction","name":"Comment","target":["https:\/\/quehacerpolitico.mx\/?p=16931#respond"]}]},{"@type":"WebPage","@id":"https:\/\/quehacerpolitico.mx\/?p=16931","url":"https:\/\/quehacerpolitico.mx\/?p=16931","name":"Internacionales\/\/\/Carolina Alonso Romei\/\/\/El jurado duda, no es un\u00e1nime, y a\u00fan no sale del cargo que dar\u00eda a \u201cEl Chapo\u201d la cadena perpetua -","isPartOf":{"@id":"https:\/\/quehacerpolitico.mx\/#website"},"primaryImageOfPage":{"@id":"https:\/\/quehacerpolitico.mx\/?p=16931#primaryimage"},"image":{"@id":"https:\/\/quehacerpolitico.mx\/?p=16931#primaryimage"},"thumbnailUrl":"","datePublished":"2019-02-12T04:30:58+00:00","author":{"@id":"https:\/\/quehacerpolitico.mx\/#\/schema\/person\/496d8ad2d1d3f8036101dca7ee39e585"},"breadcrumb":{"@id":"https:\/\/quehacerpolitico.mx\/?p=16931#breadcrumb"},"inLanguage":"es","potentialAction":[{"@type":"ReadAction","target":["https:\/\/quehacerpolitico.mx\/?p=16931"]}]},{"@type":"ImageObject","inLanguage":"es","@id":"https:\/\/quehacerpolitico.mx\/?p=16931#primaryimage","url":"","contentUrl":""},{"@type":"BreadcrumbList","@id":"https:\/\/quehacerpolitico.mx\/?p=16931#breadcrumb","itemListElement":[{"@type":"ListItem","position":1,"name":"Inicio","item":"https:\/\/quehacerpolitico.mx\/"},{"@type":"ListItem","position":2,"name":"Internacionales\/\/\/Carolina Alonso Romei\/\/\/El jurado duda, no es un\u00e1nime, y a\u00fan no sale del cargo que dar\u00eda a \u201cEl Chapo\u201d la cadena perpetua"}]},{"@type":"WebSite","@id":"https:\/\/quehacerpolitico.mx\/#website","url":"https:\/\/quehacerpolitico.mx\/","name":"","description":"","potentialAction":[{"@type":"SearchAction","target":{"@type":"EntryPoint","urlTemplate":"https:\/\/quehacerpolitico.mx\/?s={search_term_string}"},"query-input":{"@type":"PropertyValueSpecification","valueRequired":true,"valueName":"search_term_string"}}],"inLanguage":"es"},{"@type":"Person","@id":"https:\/\/quehacerpolitico.mx\/#\/schema\/person\/496d8ad2d1d3f8036101dca7ee39e585","name":"Redacci\u00f3n QP","image":{"@type":"ImageObject","inLanguage":"es","@id":"https:\/\/secure.gravatar.com\/avatar\/c7164ed6fdec453195284ad24a5ae5b6e1eed2b848477fa2a4787ba9adf39a41?s=96&d=mm&r=g","url":"https:\/\/secure.gravatar.com\/avatar\/c7164ed6fdec453195284ad24a5ae5b6e1eed2b848477fa2a4787ba9adf39a41?s=96&d=mm&r=g","contentUrl":"https:\/\/secure.gravatar.com\/avatar\/c7164ed6fdec453195284ad24a5ae5b6e1eed2b848477fa2a4787ba9adf39a41?s=96&d=mm&r=g","caption":"Redacci\u00f3n QP"},"url":"https:\/\/quehacerpolitico.mx\/?author=2"}]}},"featured_image_urls":{"full":"","thumbnail":"","medium":"","medium_large":"","large":"","1536x1536":"","2048x2048":"","covernews-featured":"","covernews-medium":""},"author_info":{"display_name":"Redacci\u00f3n QP","author_link":"https:\/\/quehacerpolitico.mx\/?author=2"},"category_info":"<a href=\"https:\/\/quehacerpolitico.mx\/?cat=1\" rel=\"category\">Internacionales<\/a>","tag_info":"Internacionales","comment_count":"0","_links":{"self":[{"href":"https:\/\/quehacerpolitico.mx\/index.php?rest_route=\/wp\/v2\/posts\/16931","targetHints":{"allow":["GET"]}}],"collection":[{"href":"https:\/\/quehacerpolitico.mx\/index.php?rest_route=\/wp\/v2\/posts"}],"about":[{"href":"https:\/\/quehacerpolitico.mx\/index.php?rest_route=\/wp\/v2\/types\/post"}],"author":[{"embeddable":true,"href":"https:\/\/quehacerpolitico.mx\/index.php?rest_route=\/wp\/v2\/users\/2"}],"replies":[{"embeddable":true,"href":"https:\/\/quehacerpolitico.mx\/index.php?rest_route=%2Fwp%2Fv2%2Fcomments&post=16931"}],"version-history":[{"count":0,"href":"https:\/\/quehacerpolitico.mx\/index.php?rest_route=\/wp\/v2\/posts\/16931\/revisions"}],"wp:featuredmedia":[{"embeddable":true,"href":"https:\/\/quehacerpolitico.mx\/index.php?rest_route=\/"}],"wp:attachment":[{"href":"https:\/\/quehacerpolitico.mx\/index.php?rest_route=%2Fwp%2Fv2%2Fmedia&parent=16931"}],"wp:term":[{"taxonomy":"category","embeddable":true,"href":"https:\/\/quehacerpolitico.mx\/index.php?rest_route=%2Fwp%2Fv2%2Fcategories&post=16931"},{"taxonomy":"post_tag","embeddable":true,"href":"https:\/\/quehacerpolitico.mx\/index.php?rest_route=%2Fwp%2Fv2%2Ftags&post=16931"}],"curies":[{"name":"wp","href":"https:\/\/api.w.org\/{rel}","templated":true}]}}