{"id":16747,"date":"2019-02-10T03:34:14","date_gmt":"2019-02-10T03:34:14","guid":{"rendered":"http:\/\/quehacerpolitico.mx\/designan-a-karla-quintana-como-titular-de-la-comision-nacional-de-personas-desaparecidas\/"},"modified":"2019-02-10T03:34:14","modified_gmt":"2019-02-10T03:34:14","slug":"designan-a-karla-quintana-como-titular-de-la-comision-nacional-de-personas-desaparecidas","status":"publish","type":"post","link":"https:\/\/quehacerpolitico.mx\/?p=16747","title":{"rendered":"Designan a Karla Quintana como titular de la Comisi\u00f3n Nacional de Personas Desaparecidas"},"content":{"rendered":"<h1 class=\"amp-wp-title\">Designan a Karla Quintana como titular de la Comisi\u00f3n Nacional de Personas Desaparecidas<\/h1>\n<p>Por Redacci\u00f3n QP<\/p>\n<p>El presidente de M\u00e9xico,<strong> Andr\u00e9s Manuel L\u00f3pez Obrador,<\/strong> design\u00f3 a la doctora<strong> Karla Irasema Quintana Osuna<\/strong>, como titular de la Comisi\u00f3n Nacional de B\u00fasqueda de Personas Desaparecidas.<\/p>\n<p><strong>Karla Quintana<\/strong> obtuvo la calificaci\u00f3n m\u00e1s alta de acuerdo con su perfil y experiencia, de acuerdo con lo expresado por el Gobierno Federal a trav\u00e9s de un comunicado.<\/p>\n<h3><strong>-Perfil-<\/strong><\/h3>\n<p><strong>Karla Quintana Osuna<\/strong> obtuvo el doctorado en Derecho por el Instituto de Investigaciones Jur\u00eddicas de la UNAM, misma instituci\u00f3n por la que es Licenciada en Derecho, y Lengua y Literatura Hisp\u00e1nicas. Es tambi\u00e9n Maestra en estudios de la Diferencia Sexual por la Universidad de Barcelona y Maestra en Derecho (LLM) por la Universidad de Harvard.<\/p>\n<p>Ha sido Directora General de la <strong>Asesor\u00eda Jur\u00eddica Federal de la Comisi\u00f3n Ejecutiva de Atenci\u00f3n a V\u00edctimas<\/strong>; profesora del Seminario de Derecho Constitucional III en el <strong>ITAM<\/strong>. Fue electa como jurista experta internacional para fungir como <strong>Amicus Curiae<\/strong> ante las Salas de Justicias en la Jurisdicci\u00f3n Especial para la Paz en Colombia.<\/p>\n<p>Fue secretaria de Estudio y Cuenta en la <strong>Suprema Corte de Justicia de la Naci\u00f3n<\/strong>, se desempe\u00f1\u00f3 en la Comisi\u00f3n Interamericana de Derechos Humanos de 2009 a 2013 como parte del grupo de litigio ante la Corte Interamericana.<\/p>\n<p>Anteriormente trabajo en la <strong>Vicepresidencia de Integridad Institucional del Banco Mundial<\/strong>(2008-2009), y se desempe\u00f1\u00f3 como abogada de la <strong>Corte Interamericana de Derechos Humanos<\/strong>(2004-2007).<\/p>\n<p>Asimismo, ha sido tutora de la Maestr\u00eda en Derechos Humanos y Democracia de la <strong>FLACSO M\u00e9xico<\/strong>. Ha publicado diversos art\u00edculos e impartido conferencias en materia de derechos humanos.<\/p>\n<p>El <strong>Gobierno<\/strong> afirm\u00f3 que con tal designaci\u00f3n se refuerza el compromiso del presidente de la Rep\u00fablica en la promoci\u00f3n y defensa de los derechos humanos, as\u00ed como la atenci\u00f3n a las v\u00edctimas de desaparici\u00f3n y en la b\u00fasqueda de los derechos a la justicia, el esclarecimiento de los hechos de los que derivan las desapariciones y el derecho a la verdad.<\/p>\n","protected":false},"excerpt":{"rendered":"<p>Designan a Karla Quintana como titular de la Comisi\u00f3n Nacional de Personas Desaparecidas<br \/>\nPor Redacci\u00f3n QP<\/p>\n","protected":false},"author":2,"featured_media":16746,"comment_status":"open","ping_status":"open","sticky":false,"template":"","format":"standard","meta":{"_monsterinsights_skip_tracking":false,"_monsterinsights_sitenote_active":false,"_monsterinsights_sitenote_note":"","_monsterinsights_sitenote_category":0,"footnotes":""},"categories":[2],"tags":[],"class_list":["post-16747","post","type-post","status-publish","format-standard","has-post-thumbnail","hentry","category-noticias"],"yoast_head":"<!-- This site is optimized with the Yoast SEO plugin v27.3 - https:\/\/yoast.com\/product\/yoast-seo-wordpress\/ -->\n<title>Designan a Karla Quintana como titular de la Comisi\u00f3n Nacional de Personas Desaparecidas -<\/title>\n<meta name=\"robots\" content=\"index, follow, max-snippet:-1, max-image-preview:large, max-video-preview:-1\" \/>\n<link rel=\"canonical\" href=\"https:\/\/quehacerpolitico.mx\/?p=16747\" \/>\n<meta property=\"og:locale\" content=\"es_MX\" \/>\n<meta property=\"og:type\" content=\"article\" \/>\n<meta property=\"og:title\" content=\"Designan a Karla Quintana como titular de la Comisi\u00f3n Nacional de Personas Desaparecidas -\" \/>\n<meta property=\"og:description\" content=\"Designan a Karla Quintana como titular de la Comisi\u00f3n Nacional de Personas Desaparecidas Por Redacci\u00f3n QP\" \/>\n<meta property=\"og:url\" content=\"https:\/\/quehacerpolitico.mx\/?p=16747\" \/>\n<meta property=\"article:published_time\" content=\"2019-02-10T03:34:14+00:00\" \/>\n<meta name=\"author\" content=\"Redacci\u00f3n QP\" \/>\n<meta name=\"twitter:card\" content=\"summary_large_image\" \/>\n<meta name=\"twitter:label1\" content=\"Escrito por\" \/>\n\t<meta name=\"twitter:data1\" content=\"Redacci\u00f3n QP\" \/>\n\t<meta name=\"twitter:label2\" content=\"Tiempo de lectura\" \/>\n\t<meta name=\"twitter:data2\" content=\"2 minutos\" \/>\n<script type=\"application\/ld+json\" class=\"yoast-schema-graph\">{\"@context\":\"https:\\\/\\\/schema.org\",\"@graph\":[{\"@type\":\"Article\",\"@id\":\"https:\\\/\\\/quehacerpolitico.mx\\\/?p=16747#article\",\"isPartOf\":{\"@id\":\"https:\\\/\\\/quehacerpolitico.mx\\\/?p=16747\"},\"author\":{\"name\":\"Redacci\u00f3n QP\",\"@id\":\"https:\\\/\\\/quehacerpolitico.mx\\\/#\\\/schema\\\/person\\\/496d8ad2d1d3f8036101dca7ee39e585\"},\"headline\":\"Designan a Karla Quintana como titular de la Comisi\u00f3n Nacional de Personas Desaparecidas\",\"datePublished\":\"2019-02-10T03:34:14+00:00\",\"mainEntityOfPage\":{\"@id\":\"https:\\\/\\\/quehacerpolitico.mx\\\/?p=16747\"},\"wordCount\":375,\"commentCount\":0,\"image\":{\"@id\":\"https:\\\/\\\/quehacerpolitico.mx\\\/?p=16747#primaryimage\"},\"thumbnailUrl\":\"\",\"articleSection\":[\"Noticias\"],\"inLanguage\":\"es\",\"potentialAction\":[{\"@type\":\"CommentAction\",\"name\":\"Comment\",\"target\":[\"https:\\\/\\\/quehacerpolitico.mx\\\/?p=16747#respond\"]}]},{\"@type\":\"WebPage\",\"@id\":\"https:\\\/\\\/quehacerpolitico.mx\\\/?p=16747\",\"url\":\"https:\\\/\\\/quehacerpolitico.mx\\\/?p=16747\",\"name\":\"Designan a Karla Quintana como titular de la Comisi\u00f3n Nacional de Personas Desaparecidas -\",\"isPartOf\":{\"@id\":\"https:\\\/\\\/quehacerpolitico.mx\\\/#website\"},\"primaryImageOfPage\":{\"@id\":\"https:\\\/\\\/quehacerpolitico.mx\\\/?p=16747#primaryimage\"},\"image\":{\"@id\":\"https:\\\/\\\/quehacerpolitico.mx\\\/?p=16747#primaryimage\"},\"thumbnailUrl\":\"\",\"datePublished\":\"2019-02-10T03:34:14+00:00\",\"author\":{\"@id\":\"https:\\\/\\\/quehacerpolitico.mx\\\/#\\\/schema\\\/person\\\/496d8ad2d1d3f8036101dca7ee39e585\"},\"breadcrumb\":{\"@id\":\"https:\\\/\\\/quehacerpolitico.mx\\\/?p=16747#breadcrumb\"},\"inLanguage\":\"es\",\"potentialAction\":[{\"@type\":\"ReadAction\",\"target\":[\"https:\\\/\\\/quehacerpolitico.mx\\\/?p=16747\"]}]},{\"@type\":\"ImageObject\",\"inLanguage\":\"es\",\"@id\":\"https:\\\/\\\/quehacerpolitico.mx\\\/?p=16747#primaryimage\",\"url\":\"\",\"contentUrl\":\"\"},{\"@type\":\"BreadcrumbList\",\"@id\":\"https:\\\/\\\/quehacerpolitico.mx\\\/?p=16747#breadcrumb\",\"itemListElement\":[{\"@type\":\"ListItem\",\"position\":1,\"name\":\"Inicio\",\"item\":\"https:\\\/\\\/quehacerpolitico.mx\\\/\"},{\"@type\":\"ListItem\",\"position\":2,\"name\":\"Designan a Karla Quintana como titular de la Comisi\u00f3n Nacional de Personas Desaparecidas\"}]},{\"@type\":\"WebSite\",\"@id\":\"https:\\\/\\\/quehacerpolitico.mx\\\/#website\",\"url\":\"https:\\\/\\\/quehacerpolitico.mx\\\/\",\"name\":\"\",\"description\":\"\",\"potentialAction\":[{\"@type\":\"SearchAction\",\"target\":{\"@type\":\"EntryPoint\",\"urlTemplate\":\"https:\\\/\\\/quehacerpolitico.mx\\\/?s={search_term_string}\"},\"query-input\":{\"@type\":\"PropertyValueSpecification\",\"valueRequired\":true,\"valueName\":\"search_term_string\"}}],\"inLanguage\":\"es\"},{\"@type\":\"Person\",\"@id\":\"https:\\\/\\\/quehacerpolitico.mx\\\/#\\\/schema\\\/person\\\/496d8ad2d1d3f8036101dca7ee39e585\",\"name\":\"Redacci\u00f3n QP\",\"image\":{\"@type\":\"ImageObject\",\"inLanguage\":\"es\",\"@id\":\"https:\\\/\\\/secure.gravatar.com\\\/avatar\\\/c7164ed6fdec453195284ad24a5ae5b6e1eed2b848477fa2a4787ba9adf39a41?s=96&d=mm&r=g\",\"url\":\"https:\\\/\\\/secure.gravatar.com\\\/avatar\\\/c7164ed6fdec453195284ad24a5ae5b6e1eed2b848477fa2a4787ba9adf39a41?s=96&d=mm&r=g\",\"contentUrl\":\"https:\\\/\\\/secure.gravatar.com\\\/avatar\\\/c7164ed6fdec453195284ad24a5ae5b6e1eed2b848477fa2a4787ba9adf39a41?s=96&d=mm&r=g\",\"caption\":\"Redacci\u00f3n QP\"},\"url\":\"https:\\\/\\\/quehacerpolitico.mx\\\/?author=2\"}]}<\/script>\n<!-- \/ Yoast SEO plugin. -->","yoast_head_json":{"title":"Designan a Karla Quintana como titular de la Comisi\u00f3n Nacional de Personas Desaparecidas -","robots":{"index":"index","follow":"follow","max-snippet":"max-snippet:-1","max-image-preview":"max-image-preview:large","max-video-preview":"max-video-preview:-1"},"canonical":"https:\/\/quehacerpolitico.mx\/?p=16747","og_locale":"es_MX","og_type":"article","og_title":"Designan a Karla Quintana como titular de la Comisi\u00f3n Nacional de Personas Desaparecidas -","og_description":"Designan a Karla Quintana como titular de la Comisi\u00f3n Nacional de Personas Desaparecidas Por Redacci\u00f3n QP","og_url":"https:\/\/quehacerpolitico.mx\/?p=16747","article_published_time":"2019-02-10T03:34:14+00:00","author":"Redacci\u00f3n QP","twitter_card":"summary_large_image","twitter_misc":{"Escrito por":"Redacci\u00f3n QP","Tiempo de lectura":"2 minutos"},"schema":{"@context":"https:\/\/schema.org","@graph":[{"@type":"Article","@id":"https:\/\/quehacerpolitico.mx\/?p=16747#article","isPartOf":{"@id":"https:\/\/quehacerpolitico.mx\/?p=16747"},"author":{"name":"Redacci\u00f3n QP","@id":"https:\/\/quehacerpolitico.mx\/#\/schema\/person\/496d8ad2d1d3f8036101dca7ee39e585"},"headline":"Designan a Karla Quintana como titular de la Comisi\u00f3n Nacional de Personas Desaparecidas","datePublished":"2019-02-10T03:34:14+00:00","mainEntityOfPage":{"@id":"https:\/\/quehacerpolitico.mx\/?p=16747"},"wordCount":375,"commentCount":0,"image":{"@id":"https:\/\/quehacerpolitico.mx\/?p=16747#primaryimage"},"thumbnailUrl":"","articleSection":["Noticias"],"inLanguage":"es","potentialAction":[{"@type":"CommentAction","name":"Comment","target":["https:\/\/quehacerpolitico.mx\/?p=16747#respond"]}]},{"@type":"WebPage","@id":"https:\/\/quehacerpolitico.mx\/?p=16747","url":"https:\/\/quehacerpolitico.mx\/?p=16747","name":"Designan a Karla Quintana como titular de la Comisi\u00f3n Nacional de Personas Desaparecidas -","isPartOf":{"@id":"https:\/\/quehacerpolitico.mx\/#website"},"primaryImageOfPage":{"@id":"https:\/\/quehacerpolitico.mx\/?p=16747#primaryimage"},"image":{"@id":"https:\/\/quehacerpolitico.mx\/?p=16747#primaryimage"},"thumbnailUrl":"","datePublished":"2019-02-10T03:34:14+00:00","author":{"@id":"https:\/\/quehacerpolitico.mx\/#\/schema\/person\/496d8ad2d1d3f8036101dca7ee39e585"},"breadcrumb":{"@id":"https:\/\/quehacerpolitico.mx\/?p=16747#breadcrumb"},"inLanguage":"es","potentialAction":[{"@type":"ReadAction","target":["https:\/\/quehacerpolitico.mx\/?p=16747"]}]},{"@type":"ImageObject","inLanguage":"es","@id":"https:\/\/quehacerpolitico.mx\/?p=16747#primaryimage","url":"","contentUrl":""},{"@type":"BreadcrumbList","@id":"https:\/\/quehacerpolitico.mx\/?p=16747#breadcrumb","itemListElement":[{"@type":"ListItem","position":1,"name":"Inicio","item":"https:\/\/quehacerpolitico.mx\/"},{"@type":"ListItem","position":2,"name":"Designan a Karla Quintana como titular de la Comisi\u00f3n Nacional de Personas Desaparecidas"}]},{"@type":"WebSite","@id":"https:\/\/quehacerpolitico.mx\/#website","url":"https:\/\/quehacerpolitico.mx\/","name":"","description":"","potentialAction":[{"@type":"SearchAction","target":{"@type":"EntryPoint","urlTemplate":"https:\/\/quehacerpolitico.mx\/?s={search_term_string}"},"query-input":{"@type":"PropertyValueSpecification","valueRequired":true,"valueName":"search_term_string"}}],"inLanguage":"es"},{"@type":"Person","@id":"https:\/\/quehacerpolitico.mx\/#\/schema\/person\/496d8ad2d1d3f8036101dca7ee39e585","name":"Redacci\u00f3n QP","image":{"@type":"ImageObject","inLanguage":"es","@id":"https:\/\/secure.gravatar.com\/avatar\/c7164ed6fdec453195284ad24a5ae5b6e1eed2b848477fa2a4787ba9adf39a41?s=96&d=mm&r=g","url":"https:\/\/secure.gravatar.com\/avatar\/c7164ed6fdec453195284ad24a5ae5b6e1eed2b848477fa2a4787ba9adf39a41?s=96&d=mm&r=g","contentUrl":"https:\/\/secure.gravatar.com\/avatar\/c7164ed6fdec453195284ad24a5ae5b6e1eed2b848477fa2a4787ba9adf39a41?s=96&d=mm&r=g","caption":"Redacci\u00f3n QP"},"url":"https:\/\/quehacerpolitico.mx\/?author=2"}]}},"featured_image_urls":{"full":"","thumbnail":"","medium":"","medium_large":"","large":"","1536x1536":"","2048x2048":"","covernews-featured":"","covernews-medium":""},"author_info":{"display_name":"Redacci\u00f3n QP","author_link":"https:\/\/quehacerpolitico.mx\/?author=2"},"category_info":"<a href=\"https:\/\/quehacerpolitico.mx\/?cat=2\" rel=\"category\">Noticias<\/a>","tag_info":"Noticias","comment_count":"0","_links":{"self":[{"href":"https:\/\/quehacerpolitico.mx\/index.php?rest_route=\/wp\/v2\/posts\/16747","targetHints":{"allow":["GET"]}}],"collection":[{"href":"https:\/\/quehacerpolitico.mx\/index.php?rest_route=\/wp\/v2\/posts"}],"about":[{"href":"https:\/\/quehacerpolitico.mx\/index.php?rest_route=\/wp\/v2\/types\/post"}],"author":[{"embeddable":true,"href":"https:\/\/quehacerpolitico.mx\/index.php?rest_route=\/wp\/v2\/users\/2"}],"replies":[{"embeddable":true,"href":"https:\/\/quehacerpolitico.mx\/index.php?rest_route=%2Fwp%2Fv2%2Fcomments&post=16747"}],"version-history":[{"count":0,"href":"https:\/\/quehacerpolitico.mx\/index.php?rest_route=\/wp\/v2\/posts\/16747\/revisions"}],"wp:featuredmedia":[{"embeddable":true,"href":"https:\/\/quehacerpolitico.mx\/index.php?rest_route=\/"}],"wp:attachment":[{"href":"https:\/\/quehacerpolitico.mx\/index.php?rest_route=%2Fwp%2Fv2%2Fmedia&parent=16747"}],"wp:term":[{"taxonomy":"category","embeddable":true,"href":"https:\/\/quehacerpolitico.mx\/index.php?rest_route=%2Fwp%2Fv2%2Fcategories&post=16747"},{"taxonomy":"post_tag","embeddable":true,"href":"https:\/\/quehacerpolitico.mx\/index.php?rest_route=%2Fwp%2Fv2%2Ftags&post=16747"}],"curies":[{"name":"wp","href":"https:\/\/api.w.org\/{rel}","templated":true}]}}