{"id":16735,"date":"2019-02-09T23:55:59","date_gmt":"2019-02-09T23:55:59","guid":{"rendered":"http:\/\/quehacerpolitico.mx\/ya-lo-pasado-pasado-no-me-interesa-dice-lopez-obrador-en-edomex-y-ante-el-priista-del-mazo\/"},"modified":"2019-02-09T23:55:59","modified_gmt":"2019-02-09T23:55:59","slug":"ya-lo-pasado-pasado-no-me-interesa-dice-lopez-obrador-en-edomex-y-ante-el-priista-del-mazo","status":"publish","type":"post","link":"https:\/\/quehacerpolitico.mx\/?p=16735","title":{"rendered":"\u201cYa lo pasado, pasado, no me interesa\u201d, dice L\u00f3pez Obrador en Edomex y ante el priista Del Mazo"},"content":{"rendered":"<h1>\u201cYa lo pasado, pasado, no me interesa\u201d, dice L\u00f3pez Obrador en Edomex y ante el priista Del Mazo<\/h1>\n<p>Por Redacci\u00f3n QP<\/p>\n<p><strong>Andr\u00e9s Manuel L\u00f3pez Obrador<\/strong>, Presidente de M\u00e9xico, dijo hoy que los j\u00f3venes son lo que da sentido a la vida, frescura, presente y futuro, son a quienes se les va a entregar la estafeta y los que van a continuar la <strong>Cuarta Transformaci\u00f3n de la vida p\u00fablica de M\u00e9xico<\/strong>.<\/p>\n<p>En Tejupilco, Estado de M\u00e9xico, y acompa\u00f1ado del Gobernador de la entidad, el priista Alfredo del Mazo Maza, el Jefe del Ejecutivo federal plante\u00f3 que hay que dar facilidades para que los estudiantes de educaci\u00f3n media no abandonen sus estudios, pues es el nivel donde hay m\u00e1s deserci\u00f3n.<\/p>\n<blockquote>\n<p>El Presidente destac\u00f3 que \u201ces un mill\u00f3n de veces mejor tener a los j\u00f3venes estudiando que tenerlos en la calle\u201d, dijo.<\/p>\n<p>Por eso, a\u00f1adi\u00f3, se les dar\u00e1n mil 600 pesos cada dos meses siempre: \u201cme canso ganso\u201d. Y, \u201c\u00bfse va a cansar el ganso?\u201d, pregunt\u00f3 el Presidente. Y los cientos de j\u00f3venes le respondieron: \u201c\u00a1Noooooooo!\u201d.<\/p>\n<p>Al explicar la operaci\u00f3n del programa de Becas \u201cBenito Ju\u00e1rez\u201d, L\u00f3pez Obrador reiter\u00f3 que el prop\u00f3sito es garantizar a los j\u00f3venes el derecho al trabajo y al estudio, para evitarles la tentaci\u00f3n de las conductas antisociales.<\/p>\n<p>Cuando se atienda a los j\u00f3venes, dijo, va a ver paz y tranquilidad.<\/p>\n<p>El uso de la fuerza no funciona, expuso. No se puede enfrentar el mal con el mal, y eso es lo que se ha puesto en marcha con el nuevo Gobierno: que haya trabajo, que haya paz y que se fortalezcan los valores.<\/p>\n<p>\u00bfD\u00f3nde esta la corrupci\u00f3n que nos ha acarreado tanta mala fama? Est\u00e1 arriba, dijo el Presidente, y eso se va a acabar. \u201cMe canso ganso\u201d, repiti\u00f3 ante la griter\u00eda de los j\u00f3venes.<\/p>\n<p>Todav\u00eda quedan por ah\u00ed algunos malandrines, pero poco a poco van a ir entendiendo, porque si el Presidente da el ejemplo se va a acabar, a\u00f1adi\u00f3.<\/p>\n<p>AMLO inform\u00f3 que se crear\u00e1n m\u00e1s universidades p\u00fablicas en el Estado de M\u00e9xico y en todo el pa\u00eds. En el municipio de Luviano, afirm\u00f3, va a ver universidad, y quien lo plante\u00f3 es el Gobernador Alfredo del Mazo, \u201cel es el padrino de esa universidad\u201d.<\/p>\n<p>La educaci\u00f3n es la base para el progreso de los pueblos, afirm\u00f3. Y a los maestros que est\u00e1n en situaci\u00f3n irregular, que no tienen base o que est\u00e1n contratados por honorarios, les prometi\u00f3 regularizarlos.<\/p>\n<p>Ning\u00fan funcionario debe simular, dijo. Que ning\u00fan funcionario enga\u00f1e al pueblo, expuso AMLO.<\/p>\n<p>Al final de su presentaci\u00f3n reconoci\u00f3 al Gobernador Del Mazo. \u201cSe ha portado muy bien\u201d. La campa\u00f1a ya pas\u00f3, y \u201clo pasado, pasado, no me interesa\u201d, dijo el Presidente.<\/p>\n<p>Es el momento de la reconciliaci\u00f3n, no dividirnos. Tenemos que trabajar juntos, no pelearnos, a\u00f1adi\u00f3.<\/p>\n<p>Que nunca se olvide que s\u00f3lo siendo buenos podemos ser felices, agreg\u00f3.<\/p>\n<p>Nunca jam\u00e1s voy a traicionar al pueblo: no les voy a fallar, prometi\u00f3. Y vamos a reunirnos para evaluar los avances, a\u00f1adi\u00f3.<\/p>\n<blockquote class=\"twitter-tweet\" data-width=\"550\" data-dnt=\"true\">\n<p lang=\"es\" dir=\"ltr\">&quot;Esta beca me motiva a seguir estudiando, sacar mejores calificaciones y apoyar a mi mam\u00e1 con mis gastos&quot;.  <br \/>Johana L\u00f3pez Garc\u00eda, estudiante del Colegio de Estudios Cient\u00edficos y Tecnol\u00f3gicos del Estado de M\u00e9xico.<a href=\"https:\/\/twitter.com\/hashtag\/BecaUniversal?src=hash&amp;ref_src=twsrc%5Etfw\">#BecaUniversal<\/a><a href=\"https:\/\/twitter.com\/hashtag\/GobiernoDeM%C3%A9xico?src=hash&amp;ref_src=twsrc%5Etfw\">#GobiernoDeM\u00e9xico<\/a> \ud83c\uddf2\ud83c\uddfd <a href=\"https:\/\/t.co\/jcc5YV0Cns\">pic.twitter.com\/jcc5YV0Cns<\/a><\/p>\n<p>&mdash; BecasBenito (@BecasBenito) <a href=\"https:\/\/twitter.com\/BecasBenito\/status\/1094366232667742208?ref_src=twsrc%5Etfw\">February 9, 2019<\/a><\/p><\/blockquote>\n<p><script async src=\"https:\/\/platform.twitter.com\/widgets.js\" charset=\"utf-8\"><\/script><\/p>\n<p>Por su parte, el Secretario de Educaci\u00f3n, Esteban Moctezuma, dijo que el programa apoyar\u00e1 a estudiantes de educaci\u00f3n media superior principalmente; en total 4.2 millones de j\u00f3venes recibir\u00e1n apoyos. Record\u00f3 que el 30 por ciento de los estudiantes que ingresan a la educaci\u00f3n media no concluyen a sus estudios, \u201cprincipalmente por problemas econ\u00f3micos\u201d.<\/p>\n<p>El programa tambi\u00e9n apoyar\u00e1 a estudiantes de nivel superior, a quienes se les dar\u00e1n 2 mil 400 pesos mensuales. J\u00f3venes de hasta 29 a\u00f1os ser\u00e1n los beneficiarios, dando prioridad a estudiantes ind\u00edgenas, dijo.<\/p>\n<blockquote class=\"twitter-tweet\" data-width=\"550\" data-dnt=\"true\">\n<p lang=\"es\" dir=\"ltr\">La educaci\u00f3n es un derecho, no un privilegio. Entrega <a href=\"https:\/\/twitter.com\/hashtag\/BecasBienestar?src=hash&amp;ref_src=twsrc%5Etfw\">#BecasBienestar<\/a> Educaci\u00f3n Media Superior <a href=\"https:\/\/t.co\/ARed25zhBC\">https:\/\/t.co\/ARed25zhBC<\/a><\/p>\n<p>&mdash; Gobierno de M\u00e9xico (@GobiernoMX) <a href=\"https:\/\/twitter.com\/GobiernoMX\/status\/1094358989104590848?ref_src=twsrc%5Etfw\">February 9, 2019<\/a><\/p><\/blockquote>\n<p><script async src=\"https:\/\/platform.twitter.com\/widgets.js\" charset=\"utf-8\"><\/script><\/p>\n<\/blockquote>\n","protected":false},"excerpt":{"rendered":"<p>\u201cYa lo pasado, pasado, no me interesa\u201d, dice L\u00f3pez Obrador en Edomex y ante el priista Del Mazo<br \/>\nPor Redacci\u00f3n QP<\/p>\n","protected":false},"author":2,"featured_media":16734,"comment_status":"open","ping_status":"open","sticky":false,"template":"","format":"standard","meta":{"_monsterinsights_skip_tracking":false,"_monsterinsights_sitenote_active":false,"_monsterinsights_sitenote_note":"","_monsterinsights_sitenote_category":0,"footnotes":""},"categories":[2],"tags":[],"class_list":["post-16735","post","type-post","status-publish","format-standard","has-post-thumbnail","hentry","category-noticias"],"yoast_head":"<!-- This site is optimized with the Yoast SEO plugin v27.3 - https:\/\/yoast.com\/product\/yoast-seo-wordpress\/ -->\n<title>\u201cYa lo pasado, pasado, no me interesa\u201d, dice L\u00f3pez Obrador en Edomex y ante el priista Del Mazo -<\/title>\n<meta name=\"robots\" content=\"index, follow, max-snippet:-1, max-image-preview:large, max-video-preview:-1\" \/>\n<link rel=\"canonical\" href=\"https:\/\/quehacerpolitico.mx\/?p=16735\" \/>\n<meta property=\"og:locale\" content=\"es_MX\" \/>\n<meta property=\"og:type\" content=\"article\" \/>\n<meta property=\"og:title\" content=\"\u201cYa lo pasado, pasado, no me interesa\u201d, dice L\u00f3pez Obrador en Edomex y ante el priista Del Mazo -\" \/>\n<meta property=\"og:description\" content=\"\u201cYa lo pasado, pasado, no me interesa\u201d, dice L\u00f3pez Obrador en Edomex y ante el priista Del Mazo Por Redacci\u00f3n QP\" \/>\n<meta property=\"og:url\" content=\"https:\/\/quehacerpolitico.mx\/?p=16735\" \/>\n<meta property=\"article:published_time\" content=\"2019-02-09T23:55:59+00:00\" \/>\n<meta name=\"author\" content=\"Redacci\u00f3n QP\" \/>\n<meta name=\"twitter:card\" content=\"summary_large_image\" \/>\n<meta name=\"twitter:label1\" content=\"Escrito por\" \/>\n\t<meta name=\"twitter:data1\" content=\"Redacci\u00f3n QP\" \/>\n\t<meta name=\"twitter:label2\" content=\"Tiempo de lectura\" \/>\n\t<meta name=\"twitter:data2\" content=\"3 minutos\" \/>\n<script type=\"application\/ld+json\" class=\"yoast-schema-graph\">{\"@context\":\"https:\\\/\\\/schema.org\",\"@graph\":[{\"@type\":\"Article\",\"@id\":\"https:\\\/\\\/quehacerpolitico.mx\\\/?p=16735#article\",\"isPartOf\":{\"@id\":\"https:\\\/\\\/quehacerpolitico.mx\\\/?p=16735\"},\"author\":{\"name\":\"Redacci\u00f3n QP\",\"@id\":\"https:\\\/\\\/quehacerpolitico.mx\\\/#\\\/schema\\\/person\\\/496d8ad2d1d3f8036101dca7ee39e585\"},\"headline\":\"\u201cYa lo pasado, pasado, no me interesa\u201d, dice L\u00f3pez Obrador en Edomex y ante el priista Del Mazo\",\"datePublished\":\"2019-02-09T23:55:59+00:00\",\"mainEntityOfPage\":{\"@id\":\"https:\\\/\\\/quehacerpolitico.mx\\\/?p=16735\"},\"wordCount\":667,\"commentCount\":0,\"image\":{\"@id\":\"https:\\\/\\\/quehacerpolitico.mx\\\/?p=16735#primaryimage\"},\"thumbnailUrl\":\"\",\"articleSection\":[\"Noticias\"],\"inLanguage\":\"es\",\"potentialAction\":[{\"@type\":\"CommentAction\",\"name\":\"Comment\",\"target\":[\"https:\\\/\\\/quehacerpolitico.mx\\\/?p=16735#respond\"]}]},{\"@type\":\"WebPage\",\"@id\":\"https:\\\/\\\/quehacerpolitico.mx\\\/?p=16735\",\"url\":\"https:\\\/\\\/quehacerpolitico.mx\\\/?p=16735\",\"name\":\"\u201cYa lo pasado, pasado, no me interesa\u201d, dice L\u00f3pez Obrador en Edomex y ante el priista Del Mazo -\",\"isPartOf\":{\"@id\":\"https:\\\/\\\/quehacerpolitico.mx\\\/#website\"},\"primaryImageOfPage\":{\"@id\":\"https:\\\/\\\/quehacerpolitico.mx\\\/?p=16735#primaryimage\"},\"image\":{\"@id\":\"https:\\\/\\\/quehacerpolitico.mx\\\/?p=16735#primaryimage\"},\"thumbnailUrl\":\"\",\"datePublished\":\"2019-02-09T23:55:59+00:00\",\"author\":{\"@id\":\"https:\\\/\\\/quehacerpolitico.mx\\\/#\\\/schema\\\/person\\\/496d8ad2d1d3f8036101dca7ee39e585\"},\"breadcrumb\":{\"@id\":\"https:\\\/\\\/quehacerpolitico.mx\\\/?p=16735#breadcrumb\"},\"inLanguage\":\"es\",\"potentialAction\":[{\"@type\":\"ReadAction\",\"target\":[\"https:\\\/\\\/quehacerpolitico.mx\\\/?p=16735\"]}]},{\"@type\":\"ImageObject\",\"inLanguage\":\"es\",\"@id\":\"https:\\\/\\\/quehacerpolitico.mx\\\/?p=16735#primaryimage\",\"url\":\"\",\"contentUrl\":\"\"},{\"@type\":\"BreadcrumbList\",\"@id\":\"https:\\\/\\\/quehacerpolitico.mx\\\/?p=16735#breadcrumb\",\"itemListElement\":[{\"@type\":\"ListItem\",\"position\":1,\"name\":\"Inicio\",\"item\":\"https:\\\/\\\/quehacerpolitico.mx\\\/\"},{\"@type\":\"ListItem\",\"position\":2,\"name\":\"\u201cYa lo pasado, pasado, no me interesa\u201d, dice L\u00f3pez Obrador en Edomex y ante el priista Del Mazo\"}]},{\"@type\":\"WebSite\",\"@id\":\"https:\\\/\\\/quehacerpolitico.mx\\\/#website\",\"url\":\"https:\\\/\\\/quehacerpolitico.mx\\\/\",\"name\":\"\",\"description\":\"\",\"potentialAction\":[{\"@type\":\"SearchAction\",\"target\":{\"@type\":\"EntryPoint\",\"urlTemplate\":\"https:\\\/\\\/quehacerpolitico.mx\\\/?s={search_term_string}\"},\"query-input\":{\"@type\":\"PropertyValueSpecification\",\"valueRequired\":true,\"valueName\":\"search_term_string\"}}],\"inLanguage\":\"es\"},{\"@type\":\"Person\",\"@id\":\"https:\\\/\\\/quehacerpolitico.mx\\\/#\\\/schema\\\/person\\\/496d8ad2d1d3f8036101dca7ee39e585\",\"name\":\"Redacci\u00f3n QP\",\"image\":{\"@type\":\"ImageObject\",\"inLanguage\":\"es\",\"@id\":\"https:\\\/\\\/secure.gravatar.com\\\/avatar\\\/c7164ed6fdec453195284ad24a5ae5b6e1eed2b848477fa2a4787ba9adf39a41?s=96&d=mm&r=g\",\"url\":\"https:\\\/\\\/secure.gravatar.com\\\/avatar\\\/c7164ed6fdec453195284ad24a5ae5b6e1eed2b848477fa2a4787ba9adf39a41?s=96&d=mm&r=g\",\"contentUrl\":\"https:\\\/\\\/secure.gravatar.com\\\/avatar\\\/c7164ed6fdec453195284ad24a5ae5b6e1eed2b848477fa2a4787ba9adf39a41?s=96&d=mm&r=g\",\"caption\":\"Redacci\u00f3n QP\"},\"url\":\"https:\\\/\\\/quehacerpolitico.mx\\\/?author=2\"}]}<\/script>\n<!-- \/ Yoast SEO plugin. -->","yoast_head_json":{"title":"\u201cYa lo pasado, pasado, no me interesa\u201d, dice L\u00f3pez Obrador en Edomex y ante el priista Del Mazo -","robots":{"index":"index","follow":"follow","max-snippet":"max-snippet:-1","max-image-preview":"max-image-preview:large","max-video-preview":"max-video-preview:-1"},"canonical":"https:\/\/quehacerpolitico.mx\/?p=16735","og_locale":"es_MX","og_type":"article","og_title":"\u201cYa lo pasado, pasado, no me interesa\u201d, dice L\u00f3pez Obrador en Edomex y ante el priista Del Mazo -","og_description":"\u201cYa lo pasado, pasado, no me interesa\u201d, dice L\u00f3pez Obrador en Edomex y ante el priista Del Mazo Por Redacci\u00f3n QP","og_url":"https:\/\/quehacerpolitico.mx\/?p=16735","article_published_time":"2019-02-09T23:55:59+00:00","author":"Redacci\u00f3n QP","twitter_card":"summary_large_image","twitter_misc":{"Escrito por":"Redacci\u00f3n QP","Tiempo de lectura":"3 minutos"},"schema":{"@context":"https:\/\/schema.org","@graph":[{"@type":"Article","@id":"https:\/\/quehacerpolitico.mx\/?p=16735#article","isPartOf":{"@id":"https:\/\/quehacerpolitico.mx\/?p=16735"},"author":{"name":"Redacci\u00f3n QP","@id":"https:\/\/quehacerpolitico.mx\/#\/schema\/person\/496d8ad2d1d3f8036101dca7ee39e585"},"headline":"\u201cYa lo pasado, pasado, no me interesa\u201d, dice L\u00f3pez Obrador en Edomex y ante el priista Del Mazo","datePublished":"2019-02-09T23:55:59+00:00","mainEntityOfPage":{"@id":"https:\/\/quehacerpolitico.mx\/?p=16735"},"wordCount":667,"commentCount":0,"image":{"@id":"https:\/\/quehacerpolitico.mx\/?p=16735#primaryimage"},"thumbnailUrl":"","articleSection":["Noticias"],"inLanguage":"es","potentialAction":[{"@type":"CommentAction","name":"Comment","target":["https:\/\/quehacerpolitico.mx\/?p=16735#respond"]}]},{"@type":"WebPage","@id":"https:\/\/quehacerpolitico.mx\/?p=16735","url":"https:\/\/quehacerpolitico.mx\/?p=16735","name":"\u201cYa lo pasado, pasado, no me interesa\u201d, dice L\u00f3pez Obrador en Edomex y ante el priista Del Mazo -","isPartOf":{"@id":"https:\/\/quehacerpolitico.mx\/#website"},"primaryImageOfPage":{"@id":"https:\/\/quehacerpolitico.mx\/?p=16735#primaryimage"},"image":{"@id":"https:\/\/quehacerpolitico.mx\/?p=16735#primaryimage"},"thumbnailUrl":"","datePublished":"2019-02-09T23:55:59+00:00","author":{"@id":"https:\/\/quehacerpolitico.mx\/#\/schema\/person\/496d8ad2d1d3f8036101dca7ee39e585"},"breadcrumb":{"@id":"https:\/\/quehacerpolitico.mx\/?p=16735#breadcrumb"},"inLanguage":"es","potentialAction":[{"@type":"ReadAction","target":["https:\/\/quehacerpolitico.mx\/?p=16735"]}]},{"@type":"ImageObject","inLanguage":"es","@id":"https:\/\/quehacerpolitico.mx\/?p=16735#primaryimage","url":"","contentUrl":""},{"@type":"BreadcrumbList","@id":"https:\/\/quehacerpolitico.mx\/?p=16735#breadcrumb","itemListElement":[{"@type":"ListItem","position":1,"name":"Inicio","item":"https:\/\/quehacerpolitico.mx\/"},{"@type":"ListItem","position":2,"name":"\u201cYa lo pasado, pasado, no me interesa\u201d, dice L\u00f3pez Obrador en Edomex y ante el priista Del Mazo"}]},{"@type":"WebSite","@id":"https:\/\/quehacerpolitico.mx\/#website","url":"https:\/\/quehacerpolitico.mx\/","name":"","description":"","potentialAction":[{"@type":"SearchAction","target":{"@type":"EntryPoint","urlTemplate":"https:\/\/quehacerpolitico.mx\/?s={search_term_string}"},"query-input":{"@type":"PropertyValueSpecification","valueRequired":true,"valueName":"search_term_string"}}],"inLanguage":"es"},{"@type":"Person","@id":"https:\/\/quehacerpolitico.mx\/#\/schema\/person\/496d8ad2d1d3f8036101dca7ee39e585","name":"Redacci\u00f3n QP","image":{"@type":"ImageObject","inLanguage":"es","@id":"https:\/\/secure.gravatar.com\/avatar\/c7164ed6fdec453195284ad24a5ae5b6e1eed2b848477fa2a4787ba9adf39a41?s=96&d=mm&r=g","url":"https:\/\/secure.gravatar.com\/avatar\/c7164ed6fdec453195284ad24a5ae5b6e1eed2b848477fa2a4787ba9adf39a41?s=96&d=mm&r=g","contentUrl":"https:\/\/secure.gravatar.com\/avatar\/c7164ed6fdec453195284ad24a5ae5b6e1eed2b848477fa2a4787ba9adf39a41?s=96&d=mm&r=g","caption":"Redacci\u00f3n QP"},"url":"https:\/\/quehacerpolitico.mx\/?author=2"}]}},"featured_image_urls":{"full":"","thumbnail":"","medium":"","medium_large":"","large":"","1536x1536":"","2048x2048":"","covernews-featured":"","covernews-medium":""},"author_info":{"display_name":"Redacci\u00f3n QP","author_link":"https:\/\/quehacerpolitico.mx\/?author=2"},"category_info":"<a href=\"https:\/\/quehacerpolitico.mx\/?cat=2\" rel=\"category\">Noticias<\/a>","tag_info":"Noticias","comment_count":"0","_links":{"self":[{"href":"https:\/\/quehacerpolitico.mx\/index.php?rest_route=\/wp\/v2\/posts\/16735","targetHints":{"allow":["GET"]}}],"collection":[{"href":"https:\/\/quehacerpolitico.mx\/index.php?rest_route=\/wp\/v2\/posts"}],"about":[{"href":"https:\/\/quehacerpolitico.mx\/index.php?rest_route=\/wp\/v2\/types\/post"}],"author":[{"embeddable":true,"href":"https:\/\/quehacerpolitico.mx\/index.php?rest_route=\/wp\/v2\/users\/2"}],"replies":[{"embeddable":true,"href":"https:\/\/quehacerpolitico.mx\/index.php?rest_route=%2Fwp%2Fv2%2Fcomments&post=16735"}],"version-history":[{"count":0,"href":"https:\/\/quehacerpolitico.mx\/index.php?rest_route=\/wp\/v2\/posts\/16735\/revisions"}],"wp:featuredmedia":[{"embeddable":true,"href":"https:\/\/quehacerpolitico.mx\/index.php?rest_route=\/"}],"wp:attachment":[{"href":"https:\/\/quehacerpolitico.mx\/index.php?rest_route=%2Fwp%2Fv2%2Fmedia&parent=16735"}],"wp:term":[{"taxonomy":"category","embeddable":true,"href":"https:\/\/quehacerpolitico.mx\/index.php?rest_route=%2Fwp%2Fv2%2Fcategories&post=16735"},{"taxonomy":"post_tag","embeddable":true,"href":"https:\/\/quehacerpolitico.mx\/index.php?rest_route=%2Fwp%2Fv2%2Ftags&post=16735"}],"curies":[{"name":"wp","href":"https:\/\/api.w.org\/{rel}","templated":true}]}}