{"id":16729,"date":"2019-02-09T18:37:24","date_gmt":"2019-02-09T18:37:24","guid":{"rendered":"http:\/\/quehacerpolitico.mx\/contra-punto-rodolfo-monroy-secuestro-de-feminas\/"},"modified":"2019-02-09T18:37:24","modified_gmt":"2019-02-09T18:37:24","slug":"contra-punto-rodolfo-monroy-secuestro-de-feminas","status":"publish","type":"post","link":"https:\/\/quehacerpolitico.mx\/?p=16729","title":{"rendered":"Contra Punto\/\/\/Rodolfo Monroy\/\/\/Secuestro de F\u00e9minas"},"content":{"rendered":"<p class=\"s3\"><span class=\"s2\"><span class=\"bumpedFont15\">SECUESTRO DE F\u00c9MINAS<\/span><\/span><\/p>\n<p class=\"s3\"><span class=\"s4\"><span class=\"bumpedFont15\">por: <\/span><\/span><span class=\"s5\"><span class=\"bumpedFont15\">Rodolfo Monroy V.<\/span><\/span><\/p>\n<p class=\"s7\"><span class=\"s4\"><span class=\"bumpedFont15\">A partir de la segunda quincena del mes de enero, en medios de comunicaci\u00f3n locales y nacionales, as\u00ed como en redes sociales, se observa un incremento significativo en el n\u00famero de escritos sobre denuncias p\u00fablicas relacionadas con el secuestro de mujeres en diversos puntos de la Ciudad de M\u00e9xico y \u00e1rea conurbada, particularmente en estaciones del Sistema de Transporte Colectivo-Metro y en el exterior de instituciones educativas.<\/span><\/span><\/p>\n<p class=\"s7\"><span class=\"s4\"><span class=\"bumpedFont15\">De acuerdo con la contabilidad de la <\/span><\/span><span class=\"s2\"><span class=\"bumpedFont15\">Empresa InfoMapp,<\/span><\/span><span class=\"s4\"><span class=\"bumpedFont15\">en las \u00faltimas tres semanas las cifras arrojan cerca del 20% de los espacios medi\u00e1ticos dedicados a la difusi\u00f3n de todo tipo de productos relacionados con el tema, los cuales van desde la simple r\u00e9plica de hechos, hasta el an\u00e1lisis georeferenciado, <\/span><\/span><span class=\"s5\"><span class=\"bumpedFont15\">modus operandi<\/span><\/span><span class=\"s4\"><span class=\"bumpedFont15\"> y da\u00f1o social de quienes participan en esta actividad ilegal.<\/span><\/span><\/p>\n<p class=\"s7\"><span class=\"s4\"><span class=\"bumpedFont15\">La condici\u00f3n se exacerba por el acompa\u00f1amiento de v\u00eddeos, audios y entrevistas que son proyectados como evidencia y\/o constancia sobre la existencia de este fen\u00f3meno.<\/span><\/span><\/p>\n<p class=\"s7\"><span class=\"s4\"><span class=\"bumpedFont15\">Tal como ha pasado en situaciones precedentes o paralelas, las acciones de autoridad para revertir el problema se encuentran fuera de tiempo, y peor a\u00fan, parecen haber exacerbado el descontento p\u00fablico, tras evidenciar carencias extraordinarias por parte de las dependencias dedicadas a la procuraci\u00f3n de justicia, las cuales se aprecian reactivas e ineficientes.<\/span><\/span><\/p>\n<p class=\"s7\"><span class=\"s4\"><span class=\"bumpedFont15\">Lo anterior se refuerza tras las \u00a0declaraciones de la Jefe de Gobierno de la Cludad de M\u00e9xico, quien mencion\u00f3 que se cuenta con antecedentes de este flagelo desde 2017.<\/span><\/span><\/p>\n<p class=\"s7\"><span class=\"s4\"><span class=\"bumpedFont15\">Para quienes somos suspicaces, esa expresi\u00f3n tambi\u00e9n representa un s\u00f3lido argumento para remover o cambiar al personal de las dependencias responsables de la persecuci\u00f3n de delitos, m\u00e1s all\u00e1 de la depuraci\u00f3n natural que motiva el cambio de gobierno local.<\/span><\/span><\/p>\n<p class=\"s7\"><span class=\"s4\"><span class=\"bumpedFont15\">Si aceptamos como verdaderos los dichos de Claudia Sheinbaum, estar\u00edamos entrando a la configuraci\u00f3n del ambiente de desconfianza y temor, inhibiendo la presentaci\u00f3n de denuncias, tras considerar que las autoridades no se ocupar\u00e1n cabalmente de sus casos, o peor a\u00fan, se refrendar\u00eda \u00a0el temor inherente por fugas de informaci\u00f3n o represalias por parte de los grupos delictivos.<\/span><\/span><\/p>\n<p class=\"s7\"><span class=\"s4\"><span class=\"bumpedFont15\">En lo inmediato, la tem\u00e1tica sobre la agresi\u00f3n a mujeres evolucionar\u00e1 y aumentar\u00e1 la psicosis colectiva, luego de que se han formulado y reciclado mensajes, especialmente en redes sociales, sobre las acciones de prevenci\u00f3n individual o general que podr\u00edan adoptar aquellas mujeres que se sientan vulnerables.<\/span><\/span><\/p>\n<p class=\"s7\"><span class=\"s4\"><span class=\"bumpedFont15\">En contraparte, se corre el riesgo de que la ciudadan\u00eda increpe la labor de la autoridad y modifique su conducta para realizar acciones directas contra los delincuentes.<\/span><\/span><\/p>\n<p class=\"s7\"><span class=\"s4\"><span class=\"bumpedFont15\">M\u00e1s a\u00fan, las organizaciones criminales que no se dedican al secuestro de f\u00e9minas, podr\u00edan adoptar un modelo forzado de protecci\u00f3n y depuraci\u00f3n contra quienes lo realizan, ya que la consecuencia l\u00f3gica ser\u00e1 un crecimiento de los enconos entre la sociedad y la delincuencia, y el cierre de espacios de operaci\u00f3n por la presencia reforzada de autoridades.<\/span><\/span><\/p>\n<p class=\"s7\"><span class=\"s4\"><span class=\"bumpedFont15\">Adem\u00e1s de las especulaciones anteriores, la ciudadan\u00eda generar\u00e1 otras nuevas, imaginando que el rapto de mujeres podr\u00eda desplazarse a otros sectores vulnerables como son los menores de edad, cuyos casos de desaparici\u00f3n frecuente se han difundido en medios de comunicaci\u00f3n y redes sociales.<\/span><\/span><\/p>\n","protected":false},"excerpt":{"rendered":"<p>SECUESTRO DE F\u00c9MINAS<br \/>\npor:Rodolfo Monroy V.<\/p>\n","protected":false},"author":2,"featured_media":16728,"comment_status":"open","ping_status":"open","sticky":false,"template":"","format":"standard","meta":{"_monsterinsights_skip_tracking":false,"_monsterinsights_sitenote_active":false,"_monsterinsights_sitenote_note":"","_monsterinsights_sitenote_category":0,"footnotes":""},"categories":[2],"tags":[],"class_list":["post-16729","post","type-post","status-publish","format-standard","has-post-thumbnail","hentry","category-noticias"],"yoast_head":"<!-- This site is optimized with the Yoast SEO plugin v27.3 - https:\/\/yoast.com\/product\/yoast-seo-wordpress\/ -->\n<title>Contra Punto\/\/\/Rodolfo Monroy\/\/\/Secuestro de F\u00e9minas -<\/title>\n<meta name=\"robots\" content=\"index, follow, max-snippet:-1, max-image-preview:large, max-video-preview:-1\" \/>\n<link rel=\"canonical\" href=\"https:\/\/quehacerpolitico.mx\/?p=16729\" \/>\n<meta property=\"og:locale\" content=\"es_MX\" \/>\n<meta property=\"og:type\" content=\"article\" \/>\n<meta property=\"og:title\" content=\"Contra Punto\/\/\/Rodolfo Monroy\/\/\/Secuestro de F\u00e9minas -\" \/>\n<meta property=\"og:description\" content=\"SECUESTRO DE F\u00c9MINAS por:Rodolfo Monroy V.\" \/>\n<meta property=\"og:url\" content=\"https:\/\/quehacerpolitico.mx\/?p=16729\" \/>\n<meta property=\"article:published_time\" content=\"2019-02-09T18:37:24+00:00\" \/>\n<meta name=\"author\" content=\"Redacci\u00f3n QP\" \/>\n<meta name=\"twitter:card\" content=\"summary_large_image\" \/>\n<meta name=\"twitter:label1\" content=\"Escrito por\" \/>\n\t<meta name=\"twitter:data1\" content=\"Redacci\u00f3n QP\" \/>\n\t<meta name=\"twitter:label2\" content=\"Tiempo de lectura\" \/>\n\t<meta name=\"twitter:data2\" content=\"3 minutos\" \/>\n<script type=\"application\/ld+json\" class=\"yoast-schema-graph\">{\"@context\":\"https:\\\/\\\/schema.org\",\"@graph\":[{\"@type\":\"Article\",\"@id\":\"https:\\\/\\\/quehacerpolitico.mx\\\/?p=16729#article\",\"isPartOf\":{\"@id\":\"https:\\\/\\\/quehacerpolitico.mx\\\/?p=16729\"},\"author\":{\"name\":\"Redacci\u00f3n QP\",\"@id\":\"https:\\\/\\\/quehacerpolitico.mx\\\/#\\\/schema\\\/person\\\/496d8ad2d1d3f8036101dca7ee39e585\"},\"headline\":\"Contra Punto\\\/\\\/\\\/Rodolfo Monroy\\\/\\\/\\\/Secuestro de F\u00e9minas\",\"datePublished\":\"2019-02-09T18:37:24+00:00\",\"mainEntityOfPage\":{\"@id\":\"https:\\\/\\\/quehacerpolitico.mx\\\/?p=16729\"},\"wordCount\":567,\"commentCount\":0,\"image\":{\"@id\":\"https:\\\/\\\/quehacerpolitico.mx\\\/?p=16729#primaryimage\"},\"thumbnailUrl\":\"\",\"articleSection\":[\"Noticias\"],\"inLanguage\":\"es\",\"potentialAction\":[{\"@type\":\"CommentAction\",\"name\":\"Comment\",\"target\":[\"https:\\\/\\\/quehacerpolitico.mx\\\/?p=16729#respond\"]}]},{\"@type\":\"WebPage\",\"@id\":\"https:\\\/\\\/quehacerpolitico.mx\\\/?p=16729\",\"url\":\"https:\\\/\\\/quehacerpolitico.mx\\\/?p=16729\",\"name\":\"Contra Punto\\\/\\\/\\\/Rodolfo Monroy\\\/\\\/\\\/Secuestro de F\u00e9minas -\",\"isPartOf\":{\"@id\":\"https:\\\/\\\/quehacerpolitico.mx\\\/#website\"},\"primaryImageOfPage\":{\"@id\":\"https:\\\/\\\/quehacerpolitico.mx\\\/?p=16729#primaryimage\"},\"image\":{\"@id\":\"https:\\\/\\\/quehacerpolitico.mx\\\/?p=16729#primaryimage\"},\"thumbnailUrl\":\"\",\"datePublished\":\"2019-02-09T18:37:24+00:00\",\"author\":{\"@id\":\"https:\\\/\\\/quehacerpolitico.mx\\\/#\\\/schema\\\/person\\\/496d8ad2d1d3f8036101dca7ee39e585\"},\"breadcrumb\":{\"@id\":\"https:\\\/\\\/quehacerpolitico.mx\\\/?p=16729#breadcrumb\"},\"inLanguage\":\"es\",\"potentialAction\":[{\"@type\":\"ReadAction\",\"target\":[\"https:\\\/\\\/quehacerpolitico.mx\\\/?p=16729\"]}]},{\"@type\":\"ImageObject\",\"inLanguage\":\"es\",\"@id\":\"https:\\\/\\\/quehacerpolitico.mx\\\/?p=16729#primaryimage\",\"url\":\"\",\"contentUrl\":\"\"},{\"@type\":\"BreadcrumbList\",\"@id\":\"https:\\\/\\\/quehacerpolitico.mx\\\/?p=16729#breadcrumb\",\"itemListElement\":[{\"@type\":\"ListItem\",\"position\":1,\"name\":\"Inicio\",\"item\":\"https:\\\/\\\/quehacerpolitico.mx\\\/\"},{\"@type\":\"ListItem\",\"position\":2,\"name\":\"Contra Punto\\\/\\\/\\\/Rodolfo Monroy\\\/\\\/\\\/Secuestro de F\u00e9minas\"}]},{\"@type\":\"WebSite\",\"@id\":\"https:\\\/\\\/quehacerpolitico.mx\\\/#website\",\"url\":\"https:\\\/\\\/quehacerpolitico.mx\\\/\",\"name\":\"\",\"description\":\"\",\"potentialAction\":[{\"@type\":\"SearchAction\",\"target\":{\"@type\":\"EntryPoint\",\"urlTemplate\":\"https:\\\/\\\/quehacerpolitico.mx\\\/?s={search_term_string}\"},\"query-input\":{\"@type\":\"PropertyValueSpecification\",\"valueRequired\":true,\"valueName\":\"search_term_string\"}}],\"inLanguage\":\"es\"},{\"@type\":\"Person\",\"@id\":\"https:\\\/\\\/quehacerpolitico.mx\\\/#\\\/schema\\\/person\\\/496d8ad2d1d3f8036101dca7ee39e585\",\"name\":\"Redacci\u00f3n QP\",\"image\":{\"@type\":\"ImageObject\",\"inLanguage\":\"es\",\"@id\":\"https:\\\/\\\/secure.gravatar.com\\\/avatar\\\/c7164ed6fdec453195284ad24a5ae5b6e1eed2b848477fa2a4787ba9adf39a41?s=96&d=mm&r=g\",\"url\":\"https:\\\/\\\/secure.gravatar.com\\\/avatar\\\/c7164ed6fdec453195284ad24a5ae5b6e1eed2b848477fa2a4787ba9adf39a41?s=96&d=mm&r=g\",\"contentUrl\":\"https:\\\/\\\/secure.gravatar.com\\\/avatar\\\/c7164ed6fdec453195284ad24a5ae5b6e1eed2b848477fa2a4787ba9adf39a41?s=96&d=mm&r=g\",\"caption\":\"Redacci\u00f3n QP\"},\"url\":\"https:\\\/\\\/quehacerpolitico.mx\\\/?author=2\"}]}<\/script>\n<!-- \/ Yoast SEO plugin. -->","yoast_head_json":{"title":"Contra Punto\/\/\/Rodolfo Monroy\/\/\/Secuestro de F\u00e9minas -","robots":{"index":"index","follow":"follow","max-snippet":"max-snippet:-1","max-image-preview":"max-image-preview:large","max-video-preview":"max-video-preview:-1"},"canonical":"https:\/\/quehacerpolitico.mx\/?p=16729","og_locale":"es_MX","og_type":"article","og_title":"Contra Punto\/\/\/Rodolfo Monroy\/\/\/Secuestro de F\u00e9minas -","og_description":"SECUESTRO DE F\u00c9MINAS por:Rodolfo Monroy V.","og_url":"https:\/\/quehacerpolitico.mx\/?p=16729","article_published_time":"2019-02-09T18:37:24+00:00","author":"Redacci\u00f3n QP","twitter_card":"summary_large_image","twitter_misc":{"Escrito por":"Redacci\u00f3n QP","Tiempo de lectura":"3 minutos"},"schema":{"@context":"https:\/\/schema.org","@graph":[{"@type":"Article","@id":"https:\/\/quehacerpolitico.mx\/?p=16729#article","isPartOf":{"@id":"https:\/\/quehacerpolitico.mx\/?p=16729"},"author":{"name":"Redacci\u00f3n QP","@id":"https:\/\/quehacerpolitico.mx\/#\/schema\/person\/496d8ad2d1d3f8036101dca7ee39e585"},"headline":"Contra Punto\/\/\/Rodolfo Monroy\/\/\/Secuestro de F\u00e9minas","datePublished":"2019-02-09T18:37:24+00:00","mainEntityOfPage":{"@id":"https:\/\/quehacerpolitico.mx\/?p=16729"},"wordCount":567,"commentCount":0,"image":{"@id":"https:\/\/quehacerpolitico.mx\/?p=16729#primaryimage"},"thumbnailUrl":"","articleSection":["Noticias"],"inLanguage":"es","potentialAction":[{"@type":"CommentAction","name":"Comment","target":["https:\/\/quehacerpolitico.mx\/?p=16729#respond"]}]},{"@type":"WebPage","@id":"https:\/\/quehacerpolitico.mx\/?p=16729","url":"https:\/\/quehacerpolitico.mx\/?p=16729","name":"Contra Punto\/\/\/Rodolfo Monroy\/\/\/Secuestro de F\u00e9minas -","isPartOf":{"@id":"https:\/\/quehacerpolitico.mx\/#website"},"primaryImageOfPage":{"@id":"https:\/\/quehacerpolitico.mx\/?p=16729#primaryimage"},"image":{"@id":"https:\/\/quehacerpolitico.mx\/?p=16729#primaryimage"},"thumbnailUrl":"","datePublished":"2019-02-09T18:37:24+00:00","author":{"@id":"https:\/\/quehacerpolitico.mx\/#\/schema\/person\/496d8ad2d1d3f8036101dca7ee39e585"},"breadcrumb":{"@id":"https:\/\/quehacerpolitico.mx\/?p=16729#breadcrumb"},"inLanguage":"es","potentialAction":[{"@type":"ReadAction","target":["https:\/\/quehacerpolitico.mx\/?p=16729"]}]},{"@type":"ImageObject","inLanguage":"es","@id":"https:\/\/quehacerpolitico.mx\/?p=16729#primaryimage","url":"","contentUrl":""},{"@type":"BreadcrumbList","@id":"https:\/\/quehacerpolitico.mx\/?p=16729#breadcrumb","itemListElement":[{"@type":"ListItem","position":1,"name":"Inicio","item":"https:\/\/quehacerpolitico.mx\/"},{"@type":"ListItem","position":2,"name":"Contra Punto\/\/\/Rodolfo Monroy\/\/\/Secuestro de F\u00e9minas"}]},{"@type":"WebSite","@id":"https:\/\/quehacerpolitico.mx\/#website","url":"https:\/\/quehacerpolitico.mx\/","name":"","description":"","potentialAction":[{"@type":"SearchAction","target":{"@type":"EntryPoint","urlTemplate":"https:\/\/quehacerpolitico.mx\/?s={search_term_string}"},"query-input":{"@type":"PropertyValueSpecification","valueRequired":true,"valueName":"search_term_string"}}],"inLanguage":"es"},{"@type":"Person","@id":"https:\/\/quehacerpolitico.mx\/#\/schema\/person\/496d8ad2d1d3f8036101dca7ee39e585","name":"Redacci\u00f3n QP","image":{"@type":"ImageObject","inLanguage":"es","@id":"https:\/\/secure.gravatar.com\/avatar\/c7164ed6fdec453195284ad24a5ae5b6e1eed2b848477fa2a4787ba9adf39a41?s=96&d=mm&r=g","url":"https:\/\/secure.gravatar.com\/avatar\/c7164ed6fdec453195284ad24a5ae5b6e1eed2b848477fa2a4787ba9adf39a41?s=96&d=mm&r=g","contentUrl":"https:\/\/secure.gravatar.com\/avatar\/c7164ed6fdec453195284ad24a5ae5b6e1eed2b848477fa2a4787ba9adf39a41?s=96&d=mm&r=g","caption":"Redacci\u00f3n QP"},"url":"https:\/\/quehacerpolitico.mx\/?author=2"}]}},"featured_image_urls":{"full":"","thumbnail":"","medium":"","medium_large":"","large":"","1536x1536":"","2048x2048":"","covernews-featured":"","covernews-medium":""},"author_info":{"display_name":"Redacci\u00f3n QP","author_link":"https:\/\/quehacerpolitico.mx\/?author=2"},"category_info":"<a href=\"https:\/\/quehacerpolitico.mx\/?cat=2\" rel=\"category\">Noticias<\/a>","tag_info":"Noticias","comment_count":"0","_links":{"self":[{"href":"https:\/\/quehacerpolitico.mx\/index.php?rest_route=\/wp\/v2\/posts\/16729","targetHints":{"allow":["GET"]}}],"collection":[{"href":"https:\/\/quehacerpolitico.mx\/index.php?rest_route=\/wp\/v2\/posts"}],"about":[{"href":"https:\/\/quehacerpolitico.mx\/index.php?rest_route=\/wp\/v2\/types\/post"}],"author":[{"embeddable":true,"href":"https:\/\/quehacerpolitico.mx\/index.php?rest_route=\/wp\/v2\/users\/2"}],"replies":[{"embeddable":true,"href":"https:\/\/quehacerpolitico.mx\/index.php?rest_route=%2Fwp%2Fv2%2Fcomments&post=16729"}],"version-history":[{"count":0,"href":"https:\/\/quehacerpolitico.mx\/index.php?rest_route=\/wp\/v2\/posts\/16729\/revisions"}],"wp:featuredmedia":[{"embeddable":true,"href":"https:\/\/quehacerpolitico.mx\/index.php?rest_route=\/"}],"wp:attachment":[{"href":"https:\/\/quehacerpolitico.mx\/index.php?rest_route=%2Fwp%2Fv2%2Fmedia&parent=16729"}],"wp:term":[{"taxonomy":"category","embeddable":true,"href":"https:\/\/quehacerpolitico.mx\/index.php?rest_route=%2Fwp%2Fv2%2Fcategories&post=16729"},{"taxonomy":"post_tag","embeddable":true,"href":"https:\/\/quehacerpolitico.mx\/index.php?rest_route=%2Fwp%2Fv2%2Ftags&post=16729"}],"curies":[{"name":"wp","href":"https:\/\/api.w.org\/{rel}","templated":true}]}}