{"id":16653,"date":"2019-02-09T00:52:10","date_gmt":"2019-02-09T00:52:10","guid":{"rendered":"http:\/\/quehacerpolitico.mx\/maestros-de-la-cnte-comparecen-ante-la-fiscalia-general-en-michoacan-por-los-bloqueos\/"},"modified":"2019-02-09T00:52:10","modified_gmt":"2019-02-09T00:52:10","slug":"maestros-de-la-cnte-comparecen-ante-la-fiscalia-general-en-michoacan-por-los-bloqueos","status":"publish","type":"post","link":"https:\/\/quehacerpolitico.mx\/?p=16653","title":{"rendered":"Maestros de la CNTE comparecen ante la Fiscal\u00eda General en Michoac\u00e1n por los bloqueos"},"content":{"rendered":"<h1>Maestros de la CNTE comparecen ante la Fiscal\u00eda General en Michoac\u00e1n por los bloqueos<\/h1>\n<p>Por Redacci\u00f3n QP<\/p>\n<p>Juana Mu\u00f1iz e Isidoro Casta\u00f1eda, docentes de la Coordinadora Nacional de Trabajadores de la Educaci\u00f3n (CNTE) radicados en la regi\u00f3n de L\u00e1zaro C\u00e1rdenas, acudieron ante la delegaci\u00f3n en Michoac\u00e1n de la Fiscal\u00eda General de la Rep\u00fablica (FGR) para comparecer por su presunta participaci\u00f3n en el bloqueo de v\u00edas f\u00e9rreas en la entidad.<\/p>\n<p>Los profesores ingresaron al edificio a las 10:00 horas, en tanto que un grupo de maestros procedentes de la regi\u00f3n porte\u00f1a se mantuvo en el exterior del inmueble, a la espera de la conclusi\u00f3n del procedimiento.<\/p>\n<p>V\u00edctor Manuel Alvarado Villegas, secretario de Asuntos Jur\u00eddicos de la CNTE, expuso que por el momento solo han sido requeridos de manera formal dos profesores, en calidad de imputados.<\/p>\n<p>La expectativa es que al t\u00e9rmino de la comparecencia ser\u00e1 posible que los docentes puedan retirarse en libertad, a la espera del seguimiento del caso, aunque acot\u00f3 que la decisi\u00f3n \u00faltima corresponde a la autoridad.<\/p>\n<p>Alvarado Villegas manifest\u00f3 que luego de la presencia de Juana Mu\u00f1iz e Isidoro Casta\u00f1eda se conocer\u00e1 la Carpeta de investigaci\u00f3n para identificar los delitos que se imputan a los maestros y si existen se\u00f1alamientos a otros trabajadores.<\/p>\n<p>Llam\u00f3 a las autoridades a suspender lo que consider\u00f3 actos de represi\u00f3n en contra de docentes que han exigido el cumplimiento de \u201cdemandas leg\u00edtimas y consagradas en la Carta Magna, ya que ello en nada contribuye a que se mantengan las negociaciones y el di\u00e1logo para buscar una soluci\u00f3n a la problem\u00e1tica magisterial\u201d.<\/p>\n<p>Asever\u00f3 que los profesores persistir\u00e1n en la instrumentaci\u00f3n de las determinaciones generadas ayer jueves en el LVII pleno de secretarios generales, entre las que destacan el repliegue de los bloqueos en la red ferroviaria del estado y la preservaci\u00f3n de otras acciones de protesta, como el paro indefinido de labores, la toma de oficinas gubernamentales y el plant\u00f3n en la zona Centro de Morelia.<\/p>\n<div id=\"attachment_3533729\" class=\"wp-caption alignnone\"><img loading=\"lazy\" decoding=\"async\" class=\"size-full wp-image-3533729\" src=\"https:\/\/www.sinembargo.mx\/wp-content\/uploads\/2019\/02\/manifestacion.jpg\" sizes=\"auto, (max-width: 700px) 100vw, 700px\" srcset=\"https:\/\/www.sinembargo.mx\/wp-content\/uploads\/2019\/02\/manifestacion.jpg 700w, https:\/\/www.sinembargo.mx\/wp-content\/uploads\/2019\/02\/manifestacion-300x172.jpg 300w, https:\/\/www.sinembargo.mx\/wp-content\/uploads\/2019\/02\/manifestacion-345x198.jpg 345w\" alt=\"\" width=\"700\" height=\"401\" \/><\/p>\n<p class=\"wp-caption-text\">El retiro de maestros en el Recinto Ferial fue por un posible boicot al evento del Presidente de M\u00e9xico, Andr\u00e9s Manuel L\u00f3pez Obrador. Foto: Provincia<\/p>\n<\/div>\n<p><strong>RETIRAN A MAESTROS DE EVENTO DE AMLO<\/strong><\/p>\n<p>El secretario de Seguridad P\u00fablica, Juan Bernardo Corona Mart\u00ednez, inform\u00f3 que el retiro de maestros, en el Recinto Ferial, fue por un posible boicot al evento del Presidente de M\u00e9xico, Andr\u00e9s Manuel L\u00f3pez Obrador.<\/p>\n<p>En entrevista, coment\u00f3 que no hubo detenidos y que fue pac\u00edfico el retiro, adem\u00e1s coment\u00f3 que en la Glorieta a Mart\u00edn Urieta hay un operativo para evitar cualquier riesgo que ponga el peligro el evento y a la sociedad misma.<\/p>\n<p>Entre las 6:00 y 7:00 horas de este viernes, integrantes de la secci\u00f3n XVIII de la Coordinadora Nacional de Trabajadores de la Educaci\u00f3n (CNTE) intentaron ingresar al Recinto Ferial para manifestarse por el conflicto magisterial. Sin embargo fueron retirados.<\/p>\n<p>Con Informaci\u00f3n de Provincia<\/p>\n","protected":false},"excerpt":{"rendered":"<p>Maestros de la CNTE comparecen ante la Fiscal\u00eda General en Michoac\u00e1n por los bloqueos<br \/>\nPor Redacci\u00f3n QP<\/p>\n","protected":false},"author":2,"featured_media":16652,"comment_status":"open","ping_status":"open","sticky":false,"template":"","format":"standard","meta":{"_monsterinsights_skip_tracking":false,"_monsterinsights_sitenote_active":false,"_monsterinsights_sitenote_note":"","_monsterinsights_sitenote_category":0,"footnotes":""},"categories":[2],"tags":[],"class_list":["post-16653","post","type-post","status-publish","format-standard","has-post-thumbnail","hentry","category-noticias"],"yoast_head":"<!-- This site is optimized with the Yoast SEO plugin v27.3 - https:\/\/yoast.com\/product\/yoast-seo-wordpress\/ -->\n<title>Maestros de la CNTE comparecen ante la Fiscal\u00eda General en Michoac\u00e1n por los bloqueos -<\/title>\n<meta name=\"robots\" content=\"index, follow, max-snippet:-1, max-image-preview:large, max-video-preview:-1\" \/>\n<link rel=\"canonical\" href=\"https:\/\/quehacerpolitico.mx\/?p=16653\" \/>\n<meta property=\"og:locale\" content=\"es_MX\" \/>\n<meta property=\"og:type\" content=\"article\" \/>\n<meta property=\"og:title\" content=\"Maestros de la CNTE comparecen ante la Fiscal\u00eda General en Michoac\u00e1n por los bloqueos -\" \/>\n<meta property=\"og:description\" content=\"Maestros de la CNTE comparecen ante la Fiscal\u00eda General en Michoac\u00e1n por los bloqueos Por Redacci\u00f3n QP\" \/>\n<meta property=\"og:url\" content=\"https:\/\/quehacerpolitico.mx\/?p=16653\" \/>\n<meta property=\"article:published_time\" content=\"2019-02-09T00:52:10+00:00\" \/>\n<meta name=\"author\" content=\"Redacci\u00f3n QP\" \/>\n<meta name=\"twitter:card\" content=\"summary_large_image\" \/>\n<meta name=\"twitter:label1\" content=\"Escrito por\" \/>\n\t<meta name=\"twitter:data1\" content=\"Redacci\u00f3n QP\" \/>\n\t<meta name=\"twitter:label2\" content=\"Tiempo de lectura\" \/>\n\t<meta name=\"twitter:data2\" content=\"3 minutos\" \/>\n<script type=\"application\/ld+json\" class=\"yoast-schema-graph\">{\"@context\":\"https:\\\/\\\/schema.org\",\"@graph\":[{\"@type\":\"Article\",\"@id\":\"https:\\\/\\\/quehacerpolitico.mx\\\/?p=16653#article\",\"isPartOf\":{\"@id\":\"https:\\\/\\\/quehacerpolitico.mx\\\/?p=16653\"},\"author\":{\"name\":\"Redacci\u00f3n QP\",\"@id\":\"https:\\\/\\\/quehacerpolitico.mx\\\/#\\\/schema\\\/person\\\/496d8ad2d1d3f8036101dca7ee39e585\"},\"headline\":\"Maestros de la CNTE comparecen ante la Fiscal\u00eda General en Michoac\u00e1n por los bloqueos\",\"datePublished\":\"2019-02-09T00:52:10+00:00\",\"mainEntityOfPage\":{\"@id\":\"https:\\\/\\\/quehacerpolitico.mx\\\/?p=16653\"},\"wordCount\":535,\"commentCount\":0,\"image\":{\"@id\":\"https:\\\/\\\/quehacerpolitico.mx\\\/?p=16653#primaryimage\"},\"thumbnailUrl\":\"\",\"articleSection\":[\"Noticias\"],\"inLanguage\":\"es\",\"potentialAction\":[{\"@type\":\"CommentAction\",\"name\":\"Comment\",\"target\":[\"https:\\\/\\\/quehacerpolitico.mx\\\/?p=16653#respond\"]}]},{\"@type\":\"WebPage\",\"@id\":\"https:\\\/\\\/quehacerpolitico.mx\\\/?p=16653\",\"url\":\"https:\\\/\\\/quehacerpolitico.mx\\\/?p=16653\",\"name\":\"Maestros de la CNTE comparecen ante la Fiscal\u00eda General en Michoac\u00e1n por los bloqueos -\",\"isPartOf\":{\"@id\":\"https:\\\/\\\/quehacerpolitico.mx\\\/#website\"},\"primaryImageOfPage\":{\"@id\":\"https:\\\/\\\/quehacerpolitico.mx\\\/?p=16653#primaryimage\"},\"image\":{\"@id\":\"https:\\\/\\\/quehacerpolitico.mx\\\/?p=16653#primaryimage\"},\"thumbnailUrl\":\"\",\"datePublished\":\"2019-02-09T00:52:10+00:00\",\"author\":{\"@id\":\"https:\\\/\\\/quehacerpolitico.mx\\\/#\\\/schema\\\/person\\\/496d8ad2d1d3f8036101dca7ee39e585\"},\"breadcrumb\":{\"@id\":\"https:\\\/\\\/quehacerpolitico.mx\\\/?p=16653#breadcrumb\"},\"inLanguage\":\"es\",\"potentialAction\":[{\"@type\":\"ReadAction\",\"target\":[\"https:\\\/\\\/quehacerpolitico.mx\\\/?p=16653\"]}]},{\"@type\":\"ImageObject\",\"inLanguage\":\"es\",\"@id\":\"https:\\\/\\\/quehacerpolitico.mx\\\/?p=16653#primaryimage\",\"url\":\"\",\"contentUrl\":\"\"},{\"@type\":\"BreadcrumbList\",\"@id\":\"https:\\\/\\\/quehacerpolitico.mx\\\/?p=16653#breadcrumb\",\"itemListElement\":[{\"@type\":\"ListItem\",\"position\":1,\"name\":\"Inicio\",\"item\":\"https:\\\/\\\/quehacerpolitico.mx\\\/\"},{\"@type\":\"ListItem\",\"position\":2,\"name\":\"Maestros de la CNTE comparecen ante la Fiscal\u00eda General en Michoac\u00e1n por los bloqueos\"}]},{\"@type\":\"WebSite\",\"@id\":\"https:\\\/\\\/quehacerpolitico.mx\\\/#website\",\"url\":\"https:\\\/\\\/quehacerpolitico.mx\\\/\",\"name\":\"\",\"description\":\"\",\"potentialAction\":[{\"@type\":\"SearchAction\",\"target\":{\"@type\":\"EntryPoint\",\"urlTemplate\":\"https:\\\/\\\/quehacerpolitico.mx\\\/?s={search_term_string}\"},\"query-input\":{\"@type\":\"PropertyValueSpecification\",\"valueRequired\":true,\"valueName\":\"search_term_string\"}}],\"inLanguage\":\"es\"},{\"@type\":\"Person\",\"@id\":\"https:\\\/\\\/quehacerpolitico.mx\\\/#\\\/schema\\\/person\\\/496d8ad2d1d3f8036101dca7ee39e585\",\"name\":\"Redacci\u00f3n QP\",\"image\":{\"@type\":\"ImageObject\",\"inLanguage\":\"es\",\"@id\":\"https:\\\/\\\/secure.gravatar.com\\\/avatar\\\/c7164ed6fdec453195284ad24a5ae5b6e1eed2b848477fa2a4787ba9adf39a41?s=96&d=mm&r=g\",\"url\":\"https:\\\/\\\/secure.gravatar.com\\\/avatar\\\/c7164ed6fdec453195284ad24a5ae5b6e1eed2b848477fa2a4787ba9adf39a41?s=96&d=mm&r=g\",\"contentUrl\":\"https:\\\/\\\/secure.gravatar.com\\\/avatar\\\/c7164ed6fdec453195284ad24a5ae5b6e1eed2b848477fa2a4787ba9adf39a41?s=96&d=mm&r=g\",\"caption\":\"Redacci\u00f3n QP\"},\"url\":\"https:\\\/\\\/quehacerpolitico.mx\\\/?author=2\"}]}<\/script>\n<!-- \/ Yoast SEO plugin. -->","yoast_head_json":{"title":"Maestros de la CNTE comparecen ante la Fiscal\u00eda General en Michoac\u00e1n por los bloqueos -","robots":{"index":"index","follow":"follow","max-snippet":"max-snippet:-1","max-image-preview":"max-image-preview:large","max-video-preview":"max-video-preview:-1"},"canonical":"https:\/\/quehacerpolitico.mx\/?p=16653","og_locale":"es_MX","og_type":"article","og_title":"Maestros de la CNTE comparecen ante la Fiscal\u00eda General en Michoac\u00e1n por los bloqueos -","og_description":"Maestros de la CNTE comparecen ante la Fiscal\u00eda General en Michoac\u00e1n por los bloqueos Por Redacci\u00f3n QP","og_url":"https:\/\/quehacerpolitico.mx\/?p=16653","article_published_time":"2019-02-09T00:52:10+00:00","author":"Redacci\u00f3n QP","twitter_card":"summary_large_image","twitter_misc":{"Escrito por":"Redacci\u00f3n QP","Tiempo de lectura":"3 minutos"},"schema":{"@context":"https:\/\/schema.org","@graph":[{"@type":"Article","@id":"https:\/\/quehacerpolitico.mx\/?p=16653#article","isPartOf":{"@id":"https:\/\/quehacerpolitico.mx\/?p=16653"},"author":{"name":"Redacci\u00f3n QP","@id":"https:\/\/quehacerpolitico.mx\/#\/schema\/person\/496d8ad2d1d3f8036101dca7ee39e585"},"headline":"Maestros de la CNTE comparecen ante la Fiscal\u00eda General en Michoac\u00e1n por los bloqueos","datePublished":"2019-02-09T00:52:10+00:00","mainEntityOfPage":{"@id":"https:\/\/quehacerpolitico.mx\/?p=16653"},"wordCount":535,"commentCount":0,"image":{"@id":"https:\/\/quehacerpolitico.mx\/?p=16653#primaryimage"},"thumbnailUrl":"","articleSection":["Noticias"],"inLanguage":"es","potentialAction":[{"@type":"CommentAction","name":"Comment","target":["https:\/\/quehacerpolitico.mx\/?p=16653#respond"]}]},{"@type":"WebPage","@id":"https:\/\/quehacerpolitico.mx\/?p=16653","url":"https:\/\/quehacerpolitico.mx\/?p=16653","name":"Maestros de la CNTE comparecen ante la Fiscal\u00eda General en Michoac\u00e1n por los bloqueos -","isPartOf":{"@id":"https:\/\/quehacerpolitico.mx\/#website"},"primaryImageOfPage":{"@id":"https:\/\/quehacerpolitico.mx\/?p=16653#primaryimage"},"image":{"@id":"https:\/\/quehacerpolitico.mx\/?p=16653#primaryimage"},"thumbnailUrl":"","datePublished":"2019-02-09T00:52:10+00:00","author":{"@id":"https:\/\/quehacerpolitico.mx\/#\/schema\/person\/496d8ad2d1d3f8036101dca7ee39e585"},"breadcrumb":{"@id":"https:\/\/quehacerpolitico.mx\/?p=16653#breadcrumb"},"inLanguage":"es","potentialAction":[{"@type":"ReadAction","target":["https:\/\/quehacerpolitico.mx\/?p=16653"]}]},{"@type":"ImageObject","inLanguage":"es","@id":"https:\/\/quehacerpolitico.mx\/?p=16653#primaryimage","url":"","contentUrl":""},{"@type":"BreadcrumbList","@id":"https:\/\/quehacerpolitico.mx\/?p=16653#breadcrumb","itemListElement":[{"@type":"ListItem","position":1,"name":"Inicio","item":"https:\/\/quehacerpolitico.mx\/"},{"@type":"ListItem","position":2,"name":"Maestros de la CNTE comparecen ante la Fiscal\u00eda General en Michoac\u00e1n por los bloqueos"}]},{"@type":"WebSite","@id":"https:\/\/quehacerpolitico.mx\/#website","url":"https:\/\/quehacerpolitico.mx\/","name":"","description":"","potentialAction":[{"@type":"SearchAction","target":{"@type":"EntryPoint","urlTemplate":"https:\/\/quehacerpolitico.mx\/?s={search_term_string}"},"query-input":{"@type":"PropertyValueSpecification","valueRequired":true,"valueName":"search_term_string"}}],"inLanguage":"es"},{"@type":"Person","@id":"https:\/\/quehacerpolitico.mx\/#\/schema\/person\/496d8ad2d1d3f8036101dca7ee39e585","name":"Redacci\u00f3n QP","image":{"@type":"ImageObject","inLanguage":"es","@id":"https:\/\/secure.gravatar.com\/avatar\/c7164ed6fdec453195284ad24a5ae5b6e1eed2b848477fa2a4787ba9adf39a41?s=96&d=mm&r=g","url":"https:\/\/secure.gravatar.com\/avatar\/c7164ed6fdec453195284ad24a5ae5b6e1eed2b848477fa2a4787ba9adf39a41?s=96&d=mm&r=g","contentUrl":"https:\/\/secure.gravatar.com\/avatar\/c7164ed6fdec453195284ad24a5ae5b6e1eed2b848477fa2a4787ba9adf39a41?s=96&d=mm&r=g","caption":"Redacci\u00f3n QP"},"url":"https:\/\/quehacerpolitico.mx\/?author=2"}]}},"featured_image_urls":{"full":"","thumbnail":"","medium":"","medium_large":"","large":"","1536x1536":"","2048x2048":"","covernews-featured":"","covernews-medium":""},"author_info":{"display_name":"Redacci\u00f3n QP","author_link":"https:\/\/quehacerpolitico.mx\/?author=2"},"category_info":"<a href=\"https:\/\/quehacerpolitico.mx\/?cat=2\" rel=\"category\">Noticias<\/a>","tag_info":"Noticias","comment_count":"0","_links":{"self":[{"href":"https:\/\/quehacerpolitico.mx\/index.php?rest_route=\/wp\/v2\/posts\/16653","targetHints":{"allow":["GET"]}}],"collection":[{"href":"https:\/\/quehacerpolitico.mx\/index.php?rest_route=\/wp\/v2\/posts"}],"about":[{"href":"https:\/\/quehacerpolitico.mx\/index.php?rest_route=\/wp\/v2\/types\/post"}],"author":[{"embeddable":true,"href":"https:\/\/quehacerpolitico.mx\/index.php?rest_route=\/wp\/v2\/users\/2"}],"replies":[{"embeddable":true,"href":"https:\/\/quehacerpolitico.mx\/index.php?rest_route=%2Fwp%2Fv2%2Fcomments&post=16653"}],"version-history":[{"count":0,"href":"https:\/\/quehacerpolitico.mx\/index.php?rest_route=\/wp\/v2\/posts\/16653\/revisions"}],"wp:featuredmedia":[{"embeddable":true,"href":"https:\/\/quehacerpolitico.mx\/index.php?rest_route=\/"}],"wp:attachment":[{"href":"https:\/\/quehacerpolitico.mx\/index.php?rest_route=%2Fwp%2Fv2%2Fmedia&parent=16653"}],"wp:term":[{"taxonomy":"category","embeddable":true,"href":"https:\/\/quehacerpolitico.mx\/index.php?rest_route=%2Fwp%2Fv2%2Fcategories&post=16653"},{"taxonomy":"post_tag","embeddable":true,"href":"https:\/\/quehacerpolitico.mx\/index.php?rest_route=%2Fwp%2Fv2%2Ftags&post=16653"}],"curies":[{"name":"wp","href":"https:\/\/api.w.org\/{rel}","templated":true}]}}