{"id":16644,"date":"2019-02-08T23:58:44","date_gmt":"2019-02-08T23:58:44","guid":{"rendered":"http:\/\/quehacerpolitico.mx\/voces-del-periodista-desde-filomeno-mata-8-mouris-salloum-george-la-imaginacion-al-poder-ya\/"},"modified":"2019-02-08T23:58:44","modified_gmt":"2019-02-08T23:58:44","slug":"voces-del-periodista-desde-filomeno-mata-8-mouris-salloum-george-la-imaginacion-al-poder-ya","status":"publish","type":"post","link":"https:\/\/quehacerpolitico.mx\/?p=16644","title":{"rendered":"Voces del Periodista Desde Filomeno Mata 8\/\/\/Mouris Salloum George\/\/\/La imaginaci\u00f3n al poder \u00a1Ya!"},"content":{"rendered":"<h1 class=\"entry-title penci-entry-title penci-title-\">La imaginaci\u00f3n al poder \u00a1Ya!<\/h1>\n<p>Por Mouris Salloum George <br \/>Director General del Club de Periodistas de M\u00e9xico AC<\/p>\n<p>Seg\u00fan medici\u00f3n de la edad del gabinete de <strong>Andr\u00e9s Manuel L\u00f3pez Obrador<\/strong>, el promedio es de 59 a\u00f1os.<\/p>\n<p>Aunque entre Javier Jim\u00e9nez Espri\u00fa y Manuel Bartlett D\u00edaz suman <strong>160 a\u00f1os<\/strong>, la media del resto de los funcionarios indica que en <strong>1968<\/strong> frisaban los diez a\u00f1os.<\/p>\n<p>El propio tabasque\u00f1o tendr\u00eda, en el 68, quince a\u00f1os de edad. En el tr\u00e1nsito de la secundaria a la preparatoria, dada su precoz inquietud militante, suponemos que sigui\u00f3 los acontecimientos juveniles que, en mayo, en Francia, prendieron la mecha y se extendieron a la Ciudad de M\u00e9xico.<\/p>\n<p>Siguiendo el supuesto, no ser\u00eda raro que L\u00f3pez Obrador escuchara una de las proclamas parisinas, cuyo eco reson\u00f3 en M\u00e9xico: \u00a1<strong><em>La imaginaci\u00f3n al poder<\/em><\/strong>!<\/p>\n<p>Algo cal\u00f3 la exigencia <strong>juvenil-estudiantil<\/strong> en la clase pol\u00edtica mexicana m\u00e1s sensible o acorralada: En julio del 68 se hicieron reformas legislativas para <strong>reconocer los derechos ciudadanos a los 18 a\u00f1os<\/strong>.<\/p>\n<p>Cuatro a\u00f1os despu\u00e9s, se redujo la edad para acceder al Poder Legislativo federal: <strong>De 25 a 21 a\u00f1os a la C\u00e1mara de Diputados: de 35 a 30 al Senado<\/strong>. De aquella <em>comalada<\/em> pocos sobresalieron.<\/p>\n<p>Resulta evidente que, dos d\u00e9cadas despu\u00e9s, aquellas expectativas se fracturaron: En 1998 se instal\u00f3 en el poder la <strong><em>tecnocr\u00e1tica Generaci\u00f3n del Cambio<\/em><\/strong>.<\/p>\n<p><strong>Partidocracia de crapulosos y decr\u00e9pitos <\/strong><\/p>\n<p>Con muy flaca imaginaci\u00f3n, esos bur\u00f3cratas se dedicaron a aplicar mec\u00e1nicamente las recetas de los padres del neoliberalismo. <strong>Dos generaciones se han perdido en tres d\u00e9cadas<\/strong>, entre <strong><em>ninis <\/em><\/strong>y en el <strong>ej\u00e9rcito de reserva<\/strong> de los c\u00e1rteles del crimen organizado, o en el anonimato de las redes sociales.<\/p>\n<p>De acuerdo con encuestas de las dos \u00faltimas d\u00e9cadas, la pol\u00edtica provoca una <strong><em>pulsi\u00f3n vomitiva <\/em><\/strong>a los j\u00f3venes. Las dirigencias de los partidos, sus sectores y sus <strong><em>tribus<\/em><\/strong> est\u00e1n en manos de hombres <strong><em>decr\u00e9pitos y crapulosos <\/em><\/strong>que no permiten la circulaci\u00f3n de sangre fresca en esas formaciones.<\/p>\n<p>\u00bfQu\u00e9 significar\u00eda ahora la <strong><em>imaginaci\u00f3n al poder<\/em><\/strong>?<\/p>\n<p>Reconocido apenas hace tres d\u00edas <em>el galimat\u00edas<\/em> en que ha terminado la <strong>Constituci\u00f3n de 1917<\/strong>, un texto parchado y remendado a capricho del Presidente en turno, significar\u00eda convocar a un <strong>nuevo<\/strong><strong>Constituyente <\/strong>en el que tengan voz y voto j\u00f3venes diputados <strong>obreros, campesinos y de clases medias populares<\/strong>, que se hagan cargo de legislar para su futuro.<\/p>\n<p>\u00bfEs mucho pedir? Lincoln dijo que el politicastro piensa en las pr\u00f3ximas elecciones; el verdadero estadista <strong><em>en las futuras generaciones<\/em><\/strong>. Vale.<\/p>\n","protected":false},"excerpt":{"rendered":"<p>La imaginaci\u00f3n al poder \u00a1Ya!<br \/>\nPor Mouris Salloum George<br \/>\nDirector General del Club de Periodistas de M\u00e9xico AC<\/p>\n","protected":false},"author":2,"featured_media":16643,"comment_status":"open","ping_status":"open","sticky":false,"template":"","format":"standard","meta":{"_monsterinsights_skip_tracking":false,"_monsterinsights_sitenote_active":false,"_monsterinsights_sitenote_note":"","_monsterinsights_sitenote_category":0,"footnotes":""},"categories":[2],"tags":[],"class_list":["post-16644","post","type-post","status-publish","format-standard","has-post-thumbnail","hentry","category-noticias"],"yoast_head":"<!-- This site is optimized with the Yoast SEO plugin v27.3 - https:\/\/yoast.com\/product\/yoast-seo-wordpress\/ -->\n<title>Voces del Periodista Desde Filomeno Mata 8\/\/\/Mouris Salloum George\/\/\/La imaginaci\u00f3n al poder \u00a1Ya! -<\/title>\n<meta name=\"robots\" content=\"index, follow, max-snippet:-1, max-image-preview:large, max-video-preview:-1\" \/>\n<link rel=\"canonical\" href=\"https:\/\/quehacerpolitico.mx\/?p=16644\" \/>\n<meta property=\"og:locale\" content=\"es_MX\" \/>\n<meta property=\"og:type\" content=\"article\" \/>\n<meta property=\"og:title\" content=\"Voces del Periodista Desde Filomeno Mata 8\/\/\/Mouris Salloum George\/\/\/La imaginaci\u00f3n al poder \u00a1Ya! -\" \/>\n<meta property=\"og:description\" content=\"La imaginaci\u00f3n al poder \u00a1Ya! Por Mouris Salloum George Director General del Club de Periodistas de M\u00e9xico AC\" \/>\n<meta property=\"og:url\" content=\"https:\/\/quehacerpolitico.mx\/?p=16644\" \/>\n<meta property=\"article:published_time\" content=\"2019-02-08T23:58:44+00:00\" \/>\n<meta name=\"author\" content=\"Redacci\u00f3n QP\" \/>\n<meta name=\"twitter:card\" content=\"summary_large_image\" \/>\n<meta name=\"twitter:label1\" content=\"Escrito por\" \/>\n\t<meta name=\"twitter:data1\" content=\"Redacci\u00f3n QP\" \/>\n\t<meta name=\"twitter:label2\" content=\"Tiempo de lectura\" \/>\n\t<meta name=\"twitter:data2\" content=\"2 minutos\" \/>\n<script type=\"application\/ld+json\" class=\"yoast-schema-graph\">{\"@context\":\"https:\\\/\\\/schema.org\",\"@graph\":[{\"@type\":\"Article\",\"@id\":\"https:\\\/\\\/quehacerpolitico.mx\\\/?p=16644#article\",\"isPartOf\":{\"@id\":\"https:\\\/\\\/quehacerpolitico.mx\\\/?p=16644\"},\"author\":{\"name\":\"Redacci\u00f3n QP\",\"@id\":\"https:\\\/\\\/quehacerpolitico.mx\\\/#\\\/schema\\\/person\\\/496d8ad2d1d3f8036101dca7ee39e585\"},\"headline\":\"Voces del Periodista Desde Filomeno Mata 8\\\/\\\/\\\/Mouris Salloum George\\\/\\\/\\\/La imaginaci\u00f3n al poder \u00a1Ya!\",\"datePublished\":\"2019-02-08T23:58:44+00:00\",\"mainEntityOfPage\":{\"@id\":\"https:\\\/\\\/quehacerpolitico.mx\\\/?p=16644\"},\"wordCount\":462,\"commentCount\":0,\"image\":{\"@id\":\"https:\\\/\\\/quehacerpolitico.mx\\\/?p=16644#primaryimage\"},\"thumbnailUrl\":\"\",\"articleSection\":[\"Noticias\"],\"inLanguage\":\"es\",\"potentialAction\":[{\"@type\":\"CommentAction\",\"name\":\"Comment\",\"target\":[\"https:\\\/\\\/quehacerpolitico.mx\\\/?p=16644#respond\"]}]},{\"@type\":\"WebPage\",\"@id\":\"https:\\\/\\\/quehacerpolitico.mx\\\/?p=16644\",\"url\":\"https:\\\/\\\/quehacerpolitico.mx\\\/?p=16644\",\"name\":\"Voces del Periodista Desde Filomeno Mata 8\\\/\\\/\\\/Mouris Salloum George\\\/\\\/\\\/La imaginaci\u00f3n al poder \u00a1Ya! -\",\"isPartOf\":{\"@id\":\"https:\\\/\\\/quehacerpolitico.mx\\\/#website\"},\"primaryImageOfPage\":{\"@id\":\"https:\\\/\\\/quehacerpolitico.mx\\\/?p=16644#primaryimage\"},\"image\":{\"@id\":\"https:\\\/\\\/quehacerpolitico.mx\\\/?p=16644#primaryimage\"},\"thumbnailUrl\":\"\",\"datePublished\":\"2019-02-08T23:58:44+00:00\",\"author\":{\"@id\":\"https:\\\/\\\/quehacerpolitico.mx\\\/#\\\/schema\\\/person\\\/496d8ad2d1d3f8036101dca7ee39e585\"},\"breadcrumb\":{\"@id\":\"https:\\\/\\\/quehacerpolitico.mx\\\/?p=16644#breadcrumb\"},\"inLanguage\":\"es\",\"potentialAction\":[{\"@type\":\"ReadAction\",\"target\":[\"https:\\\/\\\/quehacerpolitico.mx\\\/?p=16644\"]}]},{\"@type\":\"ImageObject\",\"inLanguage\":\"es\",\"@id\":\"https:\\\/\\\/quehacerpolitico.mx\\\/?p=16644#primaryimage\",\"url\":\"\",\"contentUrl\":\"\"},{\"@type\":\"BreadcrumbList\",\"@id\":\"https:\\\/\\\/quehacerpolitico.mx\\\/?p=16644#breadcrumb\",\"itemListElement\":[{\"@type\":\"ListItem\",\"position\":1,\"name\":\"Inicio\",\"item\":\"https:\\\/\\\/quehacerpolitico.mx\\\/\"},{\"@type\":\"ListItem\",\"position\":2,\"name\":\"Voces del Periodista Desde Filomeno Mata 8\\\/\\\/\\\/Mouris Salloum George\\\/\\\/\\\/La imaginaci\u00f3n al poder \u00a1Ya!\"}]},{\"@type\":\"WebSite\",\"@id\":\"https:\\\/\\\/quehacerpolitico.mx\\\/#website\",\"url\":\"https:\\\/\\\/quehacerpolitico.mx\\\/\",\"name\":\"\",\"description\":\"\",\"potentialAction\":[{\"@type\":\"SearchAction\",\"target\":{\"@type\":\"EntryPoint\",\"urlTemplate\":\"https:\\\/\\\/quehacerpolitico.mx\\\/?s={search_term_string}\"},\"query-input\":{\"@type\":\"PropertyValueSpecification\",\"valueRequired\":true,\"valueName\":\"search_term_string\"}}],\"inLanguage\":\"es\"},{\"@type\":\"Person\",\"@id\":\"https:\\\/\\\/quehacerpolitico.mx\\\/#\\\/schema\\\/person\\\/496d8ad2d1d3f8036101dca7ee39e585\",\"name\":\"Redacci\u00f3n QP\",\"image\":{\"@type\":\"ImageObject\",\"inLanguage\":\"es\",\"@id\":\"https:\\\/\\\/secure.gravatar.com\\\/avatar\\\/c7164ed6fdec453195284ad24a5ae5b6e1eed2b848477fa2a4787ba9adf39a41?s=96&d=mm&r=g\",\"url\":\"https:\\\/\\\/secure.gravatar.com\\\/avatar\\\/c7164ed6fdec453195284ad24a5ae5b6e1eed2b848477fa2a4787ba9adf39a41?s=96&d=mm&r=g\",\"contentUrl\":\"https:\\\/\\\/secure.gravatar.com\\\/avatar\\\/c7164ed6fdec453195284ad24a5ae5b6e1eed2b848477fa2a4787ba9adf39a41?s=96&d=mm&r=g\",\"caption\":\"Redacci\u00f3n QP\"},\"url\":\"https:\\\/\\\/quehacerpolitico.mx\\\/?author=2\"}]}<\/script>\n<!-- \/ Yoast SEO plugin. -->","yoast_head_json":{"title":"Voces del Periodista Desde Filomeno Mata 8\/\/\/Mouris Salloum George\/\/\/La imaginaci\u00f3n al poder \u00a1Ya! -","robots":{"index":"index","follow":"follow","max-snippet":"max-snippet:-1","max-image-preview":"max-image-preview:large","max-video-preview":"max-video-preview:-1"},"canonical":"https:\/\/quehacerpolitico.mx\/?p=16644","og_locale":"es_MX","og_type":"article","og_title":"Voces del Periodista Desde Filomeno Mata 8\/\/\/Mouris Salloum George\/\/\/La imaginaci\u00f3n al poder \u00a1Ya! -","og_description":"La imaginaci\u00f3n al poder \u00a1Ya! Por Mouris Salloum George Director General del Club de Periodistas de M\u00e9xico AC","og_url":"https:\/\/quehacerpolitico.mx\/?p=16644","article_published_time":"2019-02-08T23:58:44+00:00","author":"Redacci\u00f3n QP","twitter_card":"summary_large_image","twitter_misc":{"Escrito por":"Redacci\u00f3n QP","Tiempo de lectura":"2 minutos"},"schema":{"@context":"https:\/\/schema.org","@graph":[{"@type":"Article","@id":"https:\/\/quehacerpolitico.mx\/?p=16644#article","isPartOf":{"@id":"https:\/\/quehacerpolitico.mx\/?p=16644"},"author":{"name":"Redacci\u00f3n QP","@id":"https:\/\/quehacerpolitico.mx\/#\/schema\/person\/496d8ad2d1d3f8036101dca7ee39e585"},"headline":"Voces del Periodista Desde Filomeno Mata 8\/\/\/Mouris Salloum George\/\/\/La imaginaci\u00f3n al poder \u00a1Ya!","datePublished":"2019-02-08T23:58:44+00:00","mainEntityOfPage":{"@id":"https:\/\/quehacerpolitico.mx\/?p=16644"},"wordCount":462,"commentCount":0,"image":{"@id":"https:\/\/quehacerpolitico.mx\/?p=16644#primaryimage"},"thumbnailUrl":"","articleSection":["Noticias"],"inLanguage":"es","potentialAction":[{"@type":"CommentAction","name":"Comment","target":["https:\/\/quehacerpolitico.mx\/?p=16644#respond"]}]},{"@type":"WebPage","@id":"https:\/\/quehacerpolitico.mx\/?p=16644","url":"https:\/\/quehacerpolitico.mx\/?p=16644","name":"Voces del Periodista Desde Filomeno Mata 8\/\/\/Mouris Salloum George\/\/\/La imaginaci\u00f3n al poder \u00a1Ya! -","isPartOf":{"@id":"https:\/\/quehacerpolitico.mx\/#website"},"primaryImageOfPage":{"@id":"https:\/\/quehacerpolitico.mx\/?p=16644#primaryimage"},"image":{"@id":"https:\/\/quehacerpolitico.mx\/?p=16644#primaryimage"},"thumbnailUrl":"","datePublished":"2019-02-08T23:58:44+00:00","author":{"@id":"https:\/\/quehacerpolitico.mx\/#\/schema\/person\/496d8ad2d1d3f8036101dca7ee39e585"},"breadcrumb":{"@id":"https:\/\/quehacerpolitico.mx\/?p=16644#breadcrumb"},"inLanguage":"es","potentialAction":[{"@type":"ReadAction","target":["https:\/\/quehacerpolitico.mx\/?p=16644"]}]},{"@type":"ImageObject","inLanguage":"es","@id":"https:\/\/quehacerpolitico.mx\/?p=16644#primaryimage","url":"","contentUrl":""},{"@type":"BreadcrumbList","@id":"https:\/\/quehacerpolitico.mx\/?p=16644#breadcrumb","itemListElement":[{"@type":"ListItem","position":1,"name":"Inicio","item":"https:\/\/quehacerpolitico.mx\/"},{"@type":"ListItem","position":2,"name":"Voces del Periodista Desde Filomeno Mata 8\/\/\/Mouris Salloum George\/\/\/La imaginaci\u00f3n al poder \u00a1Ya!"}]},{"@type":"WebSite","@id":"https:\/\/quehacerpolitico.mx\/#website","url":"https:\/\/quehacerpolitico.mx\/","name":"","description":"","potentialAction":[{"@type":"SearchAction","target":{"@type":"EntryPoint","urlTemplate":"https:\/\/quehacerpolitico.mx\/?s={search_term_string}"},"query-input":{"@type":"PropertyValueSpecification","valueRequired":true,"valueName":"search_term_string"}}],"inLanguage":"es"},{"@type":"Person","@id":"https:\/\/quehacerpolitico.mx\/#\/schema\/person\/496d8ad2d1d3f8036101dca7ee39e585","name":"Redacci\u00f3n QP","image":{"@type":"ImageObject","inLanguage":"es","@id":"https:\/\/secure.gravatar.com\/avatar\/c7164ed6fdec453195284ad24a5ae5b6e1eed2b848477fa2a4787ba9adf39a41?s=96&d=mm&r=g","url":"https:\/\/secure.gravatar.com\/avatar\/c7164ed6fdec453195284ad24a5ae5b6e1eed2b848477fa2a4787ba9adf39a41?s=96&d=mm&r=g","contentUrl":"https:\/\/secure.gravatar.com\/avatar\/c7164ed6fdec453195284ad24a5ae5b6e1eed2b848477fa2a4787ba9adf39a41?s=96&d=mm&r=g","caption":"Redacci\u00f3n QP"},"url":"https:\/\/quehacerpolitico.mx\/?author=2"}]}},"featured_image_urls":{"full":"","thumbnail":"","medium":"","medium_large":"","large":"","1536x1536":"","2048x2048":"","covernews-featured":"","covernews-medium":""},"author_info":{"display_name":"Redacci\u00f3n QP","author_link":"https:\/\/quehacerpolitico.mx\/?author=2"},"category_info":"<a href=\"https:\/\/quehacerpolitico.mx\/?cat=2\" rel=\"category\">Noticias<\/a>","tag_info":"Noticias","comment_count":"0","_links":{"self":[{"href":"https:\/\/quehacerpolitico.mx\/index.php?rest_route=\/wp\/v2\/posts\/16644","targetHints":{"allow":["GET"]}}],"collection":[{"href":"https:\/\/quehacerpolitico.mx\/index.php?rest_route=\/wp\/v2\/posts"}],"about":[{"href":"https:\/\/quehacerpolitico.mx\/index.php?rest_route=\/wp\/v2\/types\/post"}],"author":[{"embeddable":true,"href":"https:\/\/quehacerpolitico.mx\/index.php?rest_route=\/wp\/v2\/users\/2"}],"replies":[{"embeddable":true,"href":"https:\/\/quehacerpolitico.mx\/index.php?rest_route=%2Fwp%2Fv2%2Fcomments&post=16644"}],"version-history":[{"count":0,"href":"https:\/\/quehacerpolitico.mx\/index.php?rest_route=\/wp\/v2\/posts\/16644\/revisions"}],"wp:featuredmedia":[{"embeddable":true,"href":"https:\/\/quehacerpolitico.mx\/index.php?rest_route=\/"}],"wp:attachment":[{"href":"https:\/\/quehacerpolitico.mx\/index.php?rest_route=%2Fwp%2Fv2%2Fmedia&parent=16644"}],"wp:term":[{"taxonomy":"category","embeddable":true,"href":"https:\/\/quehacerpolitico.mx\/index.php?rest_route=%2Fwp%2Fv2%2Fcategories&post=16644"},{"taxonomy":"post_tag","embeddable":true,"href":"https:\/\/quehacerpolitico.mx\/index.php?rest_route=%2Fwp%2Fv2%2Ftags&post=16644"}],"curies":[{"name":"wp","href":"https:\/\/api.w.org\/{rel}","templated":true}]}}