{"id":16599,"date":"2019-02-08T14:38:31","date_gmt":"2019-02-08T14:38:31","guid":{"rendered":"http:\/\/quehacerpolitico.mx\/amlo-ofrece-reduccion-de-tarifa-electrica-domestica-a-cambio-de-aprobacion-de-gasoducto-consulta-decidira-el-gasoducto-polemico-ofrece-ayudas-si-votan-el-si\/"},"modified":"2019-02-08T14:38:31","modified_gmt":"2019-02-08T14:38:31","slug":"amlo-ofrece-reduccion-de-tarifa-electrica-domestica-a-cambio-de-aprobacion-de-gasoducto-consulta-decidira-el-gasoducto-polemico-ofrece-ayudas-si-votan-el-si","status":"publish","type":"post","link":"https:\/\/quehacerpolitico.mx\/?p=16599","title":{"rendered":"AMLO ofrece reducci\u00f3n de tarifa el\u00e9ctrica domestica a cambio de aprobaci\u00f3n de gasoducto, Consulta decidir\u00e1 el gasoducto pol\u00e9mico. ofrece ayudas si votan el s\u00ed"},"content":{"rendered":"<p>AMLO ofrece reducci\u00f3n de tarifa el\u00e9ctrica domestica a cambio de aprobaci\u00f3n de gasoducto, Consulta decidir\u00e1 el gasoducto pol\u00e9mico. ofrece ayudas si votan el s\u00ed<\/p>\n<p>Por Redacci\u00f3n QP<\/p>\n<p>El Presidente de la Rep\u00fablica <strong>Andr\u00e9s Manuel L\u00f3pez Obrador<\/strong> asegur\u00f3, durante su conferencia matutina, que si los nueve municipios de <strong>Tlaxcala<\/strong>, 15 en <strong>Puebla<\/strong> y ocho en <strong>Morelos<\/strong> por los que pasa el <strong>gasoducto <\/strong>votan por\u00a0la <strong>reactivaci\u00f3n <\/strong>en su primera consulta ciudadana en el poder, tendr\u00e1n una reducci\u00f3n en la <strong>tarifa el\u00e9ctrica<\/strong> para uso <strong>domestico<\/strong>.<\/p>\n<p>Cabe destacar que el <strong>gasoducto<\/strong> pasa por la planta de la Comisi\u00f3n Nacional de Electricidad (<strong>CFE<\/strong>).\u00a0El presidente consider\u00f3 que se perder\u00edan <strong>miles de millones de pesos<\/strong> si se <strong>paraliza<\/strong> totalmente.<\/p>\n<p>Adem\u00e1s de la reducci\u00f3n de tarifas el\u00e9ctricas el Gobierno federal\u00a0est\u00e1 <strong>ofreciendo<\/strong> a las comunidades que si aprueban la planta, en la consulta del s\u00e1bado 23 y domingo 24 de febrero:<\/p>\n<ol>\n<li>Revestimiento de <strong>canales<\/strong> <strong>secundarios<\/strong> y los terciarios ser\u00edan <strong>revestidos<\/strong>.<\/li>\n<li>Se <strong>ampliar\u00edan<\/strong> colectores residuales.<\/li>\n<li>Se rehabilitar\u00edan plantas de <strong>tratamiento<\/strong> en <strong>Morelos<\/strong>.<\/li>\n<li>Apoyo para los <strong>campesinos<\/strong>. Etc\u00e9tera.<\/li>\n<\/ol>\n<p><img decoding=\"async\" class=\"i-amphtml-fill-content i-amphtml-replaced-content\" src=\"https:\/\/elbigdata.mx\/wp-content\/uploads\/2019\/02\/gasoducto_uno-768x432.jpg\" sizes=\"(min-width: 768px) 768px, 100vw\" srcset=\"https:\/\/elbigdata.mx\/wp-content\/uploads\/2019\/02\/gasoducto_uno-768x432.jpg 768w, https:\/\/elbigdata.mx\/wp-content\/uploads\/2019\/02\/gasoducto_uno-360x203.jpg 360w, https:\/\/elbigdata.mx\/wp-content\/uploads\/2019\/02\/gasoducto_uno.jpg 1061w\" alt=\"\" \/><\/p>\n<p>\u00a0<\/p>\n<p>AMLO dijo que se est\u00e1 revisando qui\u00e9n realizar\u00e1 la consulta. Ofreci\u00f3 una participaci\u00f3n de la UNESCO en todo el proceso para evitar que exista riesgo de contaminaci\u00f3n, algo que vienen alertando no s\u00f3lo pobladores, sino organizaciones de la sociedad civil.<\/p>\n<p>La principal obra (Central de Ciclo Combinado) se encuentra sin poder funcionar debido a la falta de suministro de agua de la planta tratadora de aguas residuales de Cuautla. Hay seis amparos promovidos por las comunidades, y tambi\u00e9n falta la entrega de permisos de Conagua, a causa tambi\u00e9n de los amparos. Hay un tramo de poco m\u00e1s de cien metros paralizados por un plant\u00f3n. La obra\u00a0se encuentran sin funcionar por la falta de suministro de agua de la planta tratadora de aguas residuales de Cuautla, que est\u00e1 parada desde el 22 de septiembre de 2017.<\/p>\n<p><strong>1.<\/strong> Temor de parte de los ejidatarios que afecte el caudal del agua.<br \/><strong>2.<\/strong> El impacto ambiental del proyecto.<br \/><strong>3.<\/strong> La construcci\u00f3n de la obra en una zona s\u00edsmica.<\/p>\n<blockquote>\n<p>\u201cDejaron un tiradero. As\u00ed como este, en todo el pa\u00eds hay obras donde faltan metros para terminar [\u2026] donde se invirti\u00f3 mucho dinero\u201d, critic\u00f3. \u201cVale m\u00e1s enfrentar los problemas. No decir ah\u00ed qued\u00f3, no lo hicimos nosotros, no es nuestra responsabilidad. Hacer lo del avestruz, meter la cabeza debajo de la tierra. Tenemos que enfrentar los problemas\u201d.<\/p>\n<\/blockquote>\n<div id=\"attachment_3533498\" class=\"wp-caption alignnone\"><img loading=\"lazy\" decoding=\"async\" class=\"size-full wp-image-3533498\" src=\"https:\/\/www.sinembargo.mx\/wp-content\/uploads\/2019\/02\/la-encuesta-1100.jpg\" sizes=\"auto, (max-width: 700px) 100vw, 700px\" srcset=\"https:\/\/www.sinembargo.mx\/wp-content\/uploads\/2019\/02\/la-encuesta-1100.jpg 700w, https:\/\/www.sinembargo.mx\/wp-content\/uploads\/2019\/02\/la-encuesta-1100-187x300.jpg 187w\" alt=\"\" width=\"700\" height=\"1124\" \/><\/p>\n<p class=\"wp-caption-text\">La encuesta.<\/p>\n<\/div>\n<p>L\u00f3pez Obrador record\u00f3 que en 2009 se comenz\u00f3 a construir un gasoducto en municipios de Tlaxcala, Puebla y Morelos \u201cDurante todo el tiempo de construcci\u00f3n del gasoducto hubo protestas y hubo represi\u00f3n a campesinos, incluso fueron algunos a la c\u00e1rcel\u201d, record\u00f3.<\/p>\n<p>Erik Flores, Superdelegado de Morelos, explic\u00f3 la cronolog\u00eda del proyecto integral energ\u00e9tico y Morelos fue determinada como zona para fines de distribuci\u00f3n de gas natural:<\/p>\n<p><strong>En 2009,<\/strong>\u00a0el entonces Gobernador de Morelos Marco Adame Castillo oficializ\u00f3 el inter\u00e9s para realizar el proyecto.<\/p>\n<p><strong>En 2010,<\/strong> la Secretar\u00eda de Energ\u00eda instruy\u00f3 a la CFE iniciar la licitaci\u00f3n del proyecto.<\/p>\n<p><strong>En 2011<\/strong> empieza la construcci\u00f3n y la CFE y el contratista firman el contrato bajo el esquema obra p\u00fablica financiada. Hasta ah\u00ed no se hab\u00eda hecho la petici\u00f3n de una consulta ind\u00edgena, pero en ese momento tampoco exist\u00eda una legislaci\u00f3n.\u00a0Una de las demandas m\u00e1s sentidas de la gente fue que no se hizo una consulta.<\/p>\n<p>La justificaci\u00f3n del proyecto fue que Morelos compraba la mayor\u00eda de su luz el\u00e9ctrica. Cuatro obras en torno a la obra: La central de ciclo combinado en Yecapixtla; un acueducto en la central termoel\u00e9ctrica; el gasoducto; y la red de transmisi\u00f3n.<\/p>\n<p><strong>SOBRE LA CONSULTA:<\/strong> El Jefe del Ejecutivo Federal anunci\u00f3 que a\u00fan no se tiene definido qui\u00e9n llevar\u00e1 a cabo la consulta sobre el proyecto de la termoel\u00e9ctrica, pero que probablemente ser\u00e1 la Subsecretar\u00eda de Gobernaci\u00f3n, que, dijo, tiene que capacidad de llevarla a cabo.<\/p>\n<p>Cuestionado sobre las cr\u00edticas a las consultas sobre el NAIM y el Tren Maya dijo que \u201clo m\u00e1s importante es que empe\u00f1amos nuestra palabra, nuestro honor de que se va a actuar como siempre con legalidad y con apego a la verdad, cuando se habla de las otras consultas que fueron cuestionadas, pues es que nuestros adversarios no est\u00e1n acostumbrados a estos procedimientos. Ellos se impon\u00edan\u201d.<\/p>\n<p>Dijo que se respetar\u00e1 lo que decida la gente en la consulta y reiter\u00f3 que no habr\u00e1 uso de la fuerza.<\/p>\n<blockquote>\n<p>\u201cLos conservadores de izquierda quisieran que nos puedan se\u00f1alar como represores\u201d, dijo.<\/p>\n<p>El Presidente explic\u00f3 que el gasoducto, que es privado, y la planta de la Comisi\u00f3n Federal de Electricidad (CFE) se lograron concluir, con una inversi\u00f3n de m\u00e1s de 20 mil millones de pesos. \u201cPero como dej\u00f3 una secuela de atropellos y arbitrariedades y de protestas existe una inconformidad leg\u00edtima y tenemos que decidir porque esta planta nos permite alumbrar a todo el estado de Morelos\u201d, dijo.<\/p>\n<blockquote>\n<p>Se\u00f1al\u00f3 que el gasoducto fue uno de los contratos que se hicieron en el \u201cprop\u00f3sito de privatizar los ductos\u201d. Y se\u00f1al\u00f3 que se tienen la necesidad de fortalecer a la empresa de la Naci\u00f3n. \u201cSe ha decidido hablar con la gente, con los afectados y hay una buena aceptaci\u00f3n de parte de los campesinos. Sobre todo los que tienen que ver con la cuenca del r\u00edo que va a abastecer de agua la planta. Todo esto porque la CFE est\u00e1 llevando a cabo obras de mitigaci\u00f3n\u201d, dijo.<\/p>\n<\/blockquote>\n<p>Asegur\u00f3 que se est\u00e1n realizando obras para mejorar canales, ponerles cemento, as\u00ed como otras para cuidar el agua. Indic\u00f3 que est\u00e1 el compromiso de tratar el agua en la planta que se regresar\u00e1 a la cuenca del r\u00edo y tambi\u00e9n se comprometi\u00f3 a que el organismo del agua de la Unesco certifique que el agua est\u00e1 saliendo limpia. Tambi\u00e9n anunci\u00f3 que en esos municipios se tenga la tarifa m\u00e1s baja de luz que existe \u201ccomo parte de la reparaci\u00f3n del da\u00f1o, con la idea de que nos permitan que podamos operar la planta porque nos hace falta\u201d.<\/p>\n<p>Dijo que si la planta no opera se tendr\u00e1 que comprar la luz a empresas particulares extranjeras. Mand\u00f3 un mensaje a quienes se oponen a la planta a que tambi\u00e9n tomen en consideraci\u00f3n ese elemento. Detall\u00f3 que se desperdiciar\u00edan m\u00e1s de 20 mil millones de pesos y recalc\u00f3 que se tendr\u00eda que seguir comprando energ\u00eda. \u201cYo espero que esto se tome en cuenta, se analice bien. Pero no vamos a hacer nada sin consultar a los ciudadanos. Al final siempre van a ser los ciudadanos los que van a decidir. Nunca m\u00e1s una imposici\u00f3n\u201d, asever\u00f3.<\/p>\n<section class=\"post-content\">\n<p><strong>SOBRE EL SAQUEO EN CFE:\u00a0<\/strong>Manuel Bartlett, director de la Comisi\u00f3n Federal de Electricidad, dijo esta ma\u00f1ana que se dej\u00f3 a la CFE sin posibilidad de competir con las empresas extranjeras en el mercado el\u00e9ctrico de M\u00e9xico. Indic\u00f3 que antes la CFE produc\u00eda el 100 por ciento de la electricidad del pa\u00eds y ahora s\u00f3lo el 50 por ciento.<\/p>\n<blockquote>\n<p>\u201cEl saqueo que ha sufrido la CFE, una empresa que generaba el 100 por ciento de la energ\u00eda del pa\u00eds y cubr\u00eda las necesidades del territorio, ha sido reducida a una empresa comercial que se supone debe competir en un mercado en igualdad de condiciones. Sin embargo las medidas tomadas ha significado una incompetibilidad\u201d, dijo.<\/p>\n<\/blockquote>\n<p>El problema global, dijo, es que en unos cuantos a\u00f1os ya la CFE produce solamente el 50 por ciento de la electricidad y las empresas extranjeras est\u00e1n generando la otra mitad de la electricidad del pa\u00eds. El pr\u00f3ximo lunes, Bartlett va a explicar c\u00f3mo se llev\u00f3 el saqueo a la CFE y tambi\u00e9n el plan para recuperarla, seg\u00fan anunci\u00f3 esta ma\u00f1ana el Presidente Andr\u00e9s Manuel L\u00f3pez Obrador.<\/p>\n<div id=\"attachment_3533507\" class=\"wp-caption alignnone\"><img loading=\"lazy\" decoding=\"async\" class=\"size-full wp-image-3533507\" src=\"https:\/\/www.sinembargo.mx\/wp-content\/uploads\/2019\/02\/presidente-amlo-700.jpg\" sizes=\"auto, (max-width: 700px) 100vw, 700px\" srcset=\"https:\/\/www.sinembargo.mx\/wp-content\/uploads\/2019\/02\/presidente-amlo-700.jpg 700w, https:\/\/www.sinembargo.mx\/wp-content\/uploads\/2019\/02\/presidente-amlo-700-300x199.jpg 300w\" alt=\"\" width=\"700\" height=\"465\" \/><\/p>\n<p class=\"wp-caption-text\">El Presidente, esta ma\u00f1ana. Foto: Gobierno de M\u00e9xico<\/p>\n<\/div>\n<p><strong>SOBRE ONGS Y LOS RECURSOS:<\/strong> AMLO denunci\u00f3 ayer que organizaciones de la sociedad civil recib\u00edan dinero y ten\u00edan aparatos financiados con el presupuesto del Gobierno federal mexicano. \u201cTodo eso ya desapareci\u00f3. No se va a entregar apoyo a ninguna organizaci\u00f3n social ni de la sociedad civil, o a las organizaciones no gubernamentales. No se van a transferir recursos en beneficio de la gente a trav\u00e9s de beneficiarios\u201d, indic\u00f3.<\/p>\n<p>\u201cHab\u00eda moches por todo el sistema de intermediaci\u00f3n que prevalec\u00eda: organizaciones sociales de todo tipo, organizaciones de la llamada sociedad civil que tambi\u00e9n recib\u00edan dinero para apoyar a ni\u00f1os de la calle, para apoyar a migrantes, para apoyar a adultos mayores\u201d, critic\u00f3.<\/p>\n<p><strong>SOBRE LA MA\u00d1ANERA: <\/strong>El Presidente Andr\u00e9s Manuel L\u00f3pez Obrador inform\u00f3 esta ma\u00f1ana que 120 mil mexicanos siguen la conferencia matutina a trav\u00e9s de redes sociales. Y por ello dijo se aprovechar\u00e1 para informar a la poblaci\u00f3n y tambi\u00e9n continuar\u00e1 con las asambleas con la gente pues dijo \u201cnunca un medio de informaci\u00f3n va a sustituir el sentimiento de la gente que se expresa en una asamblea, en un mitin\u201d. Anunci\u00f3 que habr\u00e1 una consulta para definir el futuro de la termoel\u00e9ctrica de Morelos. Y record\u00f3 que el pr\u00f3ximo domingo estar\u00e1 en Cuautla para presentar la propuesta a la poblaci\u00f3n.<\/p>\n<p>https:\/\/www.facebook.com\/lopezobrador.org.mx\/videos\/385579475336695\/<\/p>\n<\/section>\n<\/blockquote>\n","protected":false},"excerpt":{"rendered":"<p>AMLO ofrece reducci\u00f3n de tarifa el\u00e9ctrica domestica a cambio de aprobaci\u00f3n de gasoducto, Consulta decidir\u00e1 el gasoducto pol\u00e9mico. ofrece ayudas si votan el s\u00ed<br \/>\nPor Redacci\u00f3n QP<\/p>\n","protected":false},"author":2,"featured_media":16598,"comment_status":"open","ping_status":"open","sticky":false,"template":"","format":"standard","meta":{"_monsterinsights_skip_tracking":false,"_monsterinsights_sitenote_active":false,"_monsterinsights_sitenote_note":"","_monsterinsights_sitenote_category":0,"footnotes":""},"categories":[2],"tags":[],"class_list":["post-16599","post","type-post","status-publish","format-standard","has-post-thumbnail","hentry","category-noticias"],"yoast_head":"<!-- This site is optimized with the Yoast SEO plugin v27.3 - https:\/\/yoast.com\/product\/yoast-seo-wordpress\/ -->\n<title>AMLO ofrece reducci\u00f3n de tarifa el\u00e9ctrica domestica a cambio de aprobaci\u00f3n de gasoducto, Consulta decidir\u00e1 el gasoducto pol\u00e9mico. ofrece ayudas si votan el s\u00ed -<\/title>\n<meta name=\"robots\" content=\"index, follow, max-snippet:-1, max-image-preview:large, max-video-preview:-1\" \/>\n<link rel=\"canonical\" href=\"https:\/\/quehacerpolitico.mx\/?p=16599\" \/>\n<meta property=\"og:locale\" content=\"es_MX\" \/>\n<meta property=\"og:type\" content=\"article\" \/>\n<meta property=\"og:title\" content=\"AMLO ofrece reducci\u00f3n de tarifa el\u00e9ctrica domestica a cambio de aprobaci\u00f3n de gasoducto, Consulta decidir\u00e1 el gasoducto pol\u00e9mico. ofrece ayudas si votan el s\u00ed -\" \/>\n<meta property=\"og:description\" content=\"AMLO ofrece reducci\u00f3n de tarifa el\u00e9ctrica domestica a cambio de aprobaci\u00f3n de gasoducto, Consulta decidir\u00e1 el gasoducto pol\u00e9mico. ofrece ayudas si votan el s\u00ed Por Redacci\u00f3n QP\" \/>\n<meta property=\"og:url\" content=\"https:\/\/quehacerpolitico.mx\/?p=16599\" \/>\n<meta property=\"article:published_time\" content=\"2019-02-08T14:38:31+00:00\" \/>\n<meta name=\"author\" content=\"Redacci\u00f3n QP\" \/>\n<meta name=\"twitter:card\" content=\"summary_large_image\" \/>\n<meta name=\"twitter:label1\" content=\"Escrito por\" \/>\n\t<meta name=\"twitter:data1\" content=\"Redacci\u00f3n QP\" \/>\n\t<meta name=\"twitter:label2\" content=\"Tiempo de lectura\" \/>\n\t<meta name=\"twitter:data2\" content=\"8 minutos\" \/>\n<script type=\"application\/ld+json\" class=\"yoast-schema-graph\">{\"@context\":\"https:\\\/\\\/schema.org\",\"@graph\":[{\"@type\":\"Article\",\"@id\":\"https:\\\/\\\/quehacerpolitico.mx\\\/?p=16599#article\",\"isPartOf\":{\"@id\":\"https:\\\/\\\/quehacerpolitico.mx\\\/?p=16599\"},\"author\":{\"name\":\"Redacci\u00f3n QP\",\"@id\":\"https:\\\/\\\/quehacerpolitico.mx\\\/#\\\/schema\\\/person\\\/496d8ad2d1d3f8036101dca7ee39e585\"},\"headline\":\"AMLO ofrece reducci\u00f3n de tarifa el\u00e9ctrica domestica a cambio de aprobaci\u00f3n de gasoducto, Consulta decidir\u00e1 el gasoducto pol\u00e9mico. ofrece ayudas si votan el s\u00ed\",\"datePublished\":\"2019-02-08T14:38:31+00:00\",\"mainEntityOfPage\":{\"@id\":\"https:\\\/\\\/quehacerpolitico.mx\\\/?p=16599\"},\"wordCount\":1629,\"commentCount\":0,\"image\":{\"@id\":\"https:\\\/\\\/quehacerpolitico.mx\\\/?p=16599#primaryimage\"},\"thumbnailUrl\":\"\",\"articleSection\":[\"Noticias\"],\"inLanguage\":\"es\",\"potentialAction\":[{\"@type\":\"CommentAction\",\"name\":\"Comment\",\"target\":[\"https:\\\/\\\/quehacerpolitico.mx\\\/?p=16599#respond\"]}]},{\"@type\":\"WebPage\",\"@id\":\"https:\\\/\\\/quehacerpolitico.mx\\\/?p=16599\",\"url\":\"https:\\\/\\\/quehacerpolitico.mx\\\/?p=16599\",\"name\":\"AMLO ofrece reducci\u00f3n de tarifa el\u00e9ctrica domestica a cambio de aprobaci\u00f3n de gasoducto, Consulta decidir\u00e1 el gasoducto pol\u00e9mico. ofrece ayudas si votan el s\u00ed -\",\"isPartOf\":{\"@id\":\"https:\\\/\\\/quehacerpolitico.mx\\\/#website\"},\"primaryImageOfPage\":{\"@id\":\"https:\\\/\\\/quehacerpolitico.mx\\\/?p=16599#primaryimage\"},\"image\":{\"@id\":\"https:\\\/\\\/quehacerpolitico.mx\\\/?p=16599#primaryimage\"},\"thumbnailUrl\":\"\",\"datePublished\":\"2019-02-08T14:38:31+00:00\",\"author\":{\"@id\":\"https:\\\/\\\/quehacerpolitico.mx\\\/#\\\/schema\\\/person\\\/496d8ad2d1d3f8036101dca7ee39e585\"},\"breadcrumb\":{\"@id\":\"https:\\\/\\\/quehacerpolitico.mx\\\/?p=16599#breadcrumb\"},\"inLanguage\":\"es\",\"potentialAction\":[{\"@type\":\"ReadAction\",\"target\":[\"https:\\\/\\\/quehacerpolitico.mx\\\/?p=16599\"]}]},{\"@type\":\"ImageObject\",\"inLanguage\":\"es\",\"@id\":\"https:\\\/\\\/quehacerpolitico.mx\\\/?p=16599#primaryimage\",\"url\":\"\",\"contentUrl\":\"\"},{\"@type\":\"BreadcrumbList\",\"@id\":\"https:\\\/\\\/quehacerpolitico.mx\\\/?p=16599#breadcrumb\",\"itemListElement\":[{\"@type\":\"ListItem\",\"position\":1,\"name\":\"Inicio\",\"item\":\"https:\\\/\\\/quehacerpolitico.mx\\\/\"},{\"@type\":\"ListItem\",\"position\":2,\"name\":\"AMLO ofrece reducci\u00f3n de tarifa el\u00e9ctrica domestica a cambio de aprobaci\u00f3n de gasoducto, Consulta decidir\u00e1 el gasoducto pol\u00e9mico. ofrece ayudas si votan el s\u00ed\"}]},{\"@type\":\"WebSite\",\"@id\":\"https:\\\/\\\/quehacerpolitico.mx\\\/#website\",\"url\":\"https:\\\/\\\/quehacerpolitico.mx\\\/\",\"name\":\"\",\"description\":\"\",\"potentialAction\":[{\"@type\":\"SearchAction\",\"target\":{\"@type\":\"EntryPoint\",\"urlTemplate\":\"https:\\\/\\\/quehacerpolitico.mx\\\/?s={search_term_string}\"},\"query-input\":{\"@type\":\"PropertyValueSpecification\",\"valueRequired\":true,\"valueName\":\"search_term_string\"}}],\"inLanguage\":\"es\"},{\"@type\":\"Person\",\"@id\":\"https:\\\/\\\/quehacerpolitico.mx\\\/#\\\/schema\\\/person\\\/496d8ad2d1d3f8036101dca7ee39e585\",\"name\":\"Redacci\u00f3n QP\",\"image\":{\"@type\":\"ImageObject\",\"inLanguage\":\"es\",\"@id\":\"https:\\\/\\\/secure.gravatar.com\\\/avatar\\\/c7164ed6fdec453195284ad24a5ae5b6e1eed2b848477fa2a4787ba9adf39a41?s=96&d=mm&r=g\",\"url\":\"https:\\\/\\\/secure.gravatar.com\\\/avatar\\\/c7164ed6fdec453195284ad24a5ae5b6e1eed2b848477fa2a4787ba9adf39a41?s=96&d=mm&r=g\",\"contentUrl\":\"https:\\\/\\\/secure.gravatar.com\\\/avatar\\\/c7164ed6fdec453195284ad24a5ae5b6e1eed2b848477fa2a4787ba9adf39a41?s=96&d=mm&r=g\",\"caption\":\"Redacci\u00f3n QP\"},\"url\":\"https:\\\/\\\/quehacerpolitico.mx\\\/?author=2\"}]}<\/script>\n<!-- \/ Yoast SEO plugin. -->","yoast_head_json":{"title":"AMLO ofrece reducci\u00f3n de tarifa el\u00e9ctrica domestica a cambio de aprobaci\u00f3n de gasoducto, Consulta decidir\u00e1 el gasoducto pol\u00e9mico. ofrece ayudas si votan el s\u00ed -","robots":{"index":"index","follow":"follow","max-snippet":"max-snippet:-1","max-image-preview":"max-image-preview:large","max-video-preview":"max-video-preview:-1"},"canonical":"https:\/\/quehacerpolitico.mx\/?p=16599","og_locale":"es_MX","og_type":"article","og_title":"AMLO ofrece reducci\u00f3n de tarifa el\u00e9ctrica domestica a cambio de aprobaci\u00f3n de gasoducto, Consulta decidir\u00e1 el gasoducto pol\u00e9mico. ofrece ayudas si votan el s\u00ed -","og_description":"AMLO ofrece reducci\u00f3n de tarifa el\u00e9ctrica domestica a cambio de aprobaci\u00f3n de gasoducto, Consulta decidir\u00e1 el gasoducto pol\u00e9mico. ofrece ayudas si votan el s\u00ed Por Redacci\u00f3n QP","og_url":"https:\/\/quehacerpolitico.mx\/?p=16599","article_published_time":"2019-02-08T14:38:31+00:00","author":"Redacci\u00f3n QP","twitter_card":"summary_large_image","twitter_misc":{"Escrito por":"Redacci\u00f3n QP","Tiempo de lectura":"8 minutos"},"schema":{"@context":"https:\/\/schema.org","@graph":[{"@type":"Article","@id":"https:\/\/quehacerpolitico.mx\/?p=16599#article","isPartOf":{"@id":"https:\/\/quehacerpolitico.mx\/?p=16599"},"author":{"name":"Redacci\u00f3n QP","@id":"https:\/\/quehacerpolitico.mx\/#\/schema\/person\/496d8ad2d1d3f8036101dca7ee39e585"},"headline":"AMLO ofrece reducci\u00f3n de tarifa el\u00e9ctrica domestica a cambio de aprobaci\u00f3n de gasoducto, Consulta decidir\u00e1 el gasoducto pol\u00e9mico. ofrece ayudas si votan el s\u00ed","datePublished":"2019-02-08T14:38:31+00:00","mainEntityOfPage":{"@id":"https:\/\/quehacerpolitico.mx\/?p=16599"},"wordCount":1629,"commentCount":0,"image":{"@id":"https:\/\/quehacerpolitico.mx\/?p=16599#primaryimage"},"thumbnailUrl":"","articleSection":["Noticias"],"inLanguage":"es","potentialAction":[{"@type":"CommentAction","name":"Comment","target":["https:\/\/quehacerpolitico.mx\/?p=16599#respond"]}]},{"@type":"WebPage","@id":"https:\/\/quehacerpolitico.mx\/?p=16599","url":"https:\/\/quehacerpolitico.mx\/?p=16599","name":"AMLO ofrece reducci\u00f3n de tarifa el\u00e9ctrica domestica a cambio de aprobaci\u00f3n de gasoducto, Consulta decidir\u00e1 el gasoducto pol\u00e9mico. ofrece ayudas si votan el s\u00ed -","isPartOf":{"@id":"https:\/\/quehacerpolitico.mx\/#website"},"primaryImageOfPage":{"@id":"https:\/\/quehacerpolitico.mx\/?p=16599#primaryimage"},"image":{"@id":"https:\/\/quehacerpolitico.mx\/?p=16599#primaryimage"},"thumbnailUrl":"","datePublished":"2019-02-08T14:38:31+00:00","author":{"@id":"https:\/\/quehacerpolitico.mx\/#\/schema\/person\/496d8ad2d1d3f8036101dca7ee39e585"},"breadcrumb":{"@id":"https:\/\/quehacerpolitico.mx\/?p=16599#breadcrumb"},"inLanguage":"es","potentialAction":[{"@type":"ReadAction","target":["https:\/\/quehacerpolitico.mx\/?p=16599"]}]},{"@type":"ImageObject","inLanguage":"es","@id":"https:\/\/quehacerpolitico.mx\/?p=16599#primaryimage","url":"","contentUrl":""},{"@type":"BreadcrumbList","@id":"https:\/\/quehacerpolitico.mx\/?p=16599#breadcrumb","itemListElement":[{"@type":"ListItem","position":1,"name":"Inicio","item":"https:\/\/quehacerpolitico.mx\/"},{"@type":"ListItem","position":2,"name":"AMLO ofrece reducci\u00f3n de tarifa el\u00e9ctrica domestica a cambio de aprobaci\u00f3n de gasoducto, Consulta decidir\u00e1 el gasoducto pol\u00e9mico. ofrece ayudas si votan el s\u00ed"}]},{"@type":"WebSite","@id":"https:\/\/quehacerpolitico.mx\/#website","url":"https:\/\/quehacerpolitico.mx\/","name":"","description":"","potentialAction":[{"@type":"SearchAction","target":{"@type":"EntryPoint","urlTemplate":"https:\/\/quehacerpolitico.mx\/?s={search_term_string}"},"query-input":{"@type":"PropertyValueSpecification","valueRequired":true,"valueName":"search_term_string"}}],"inLanguage":"es"},{"@type":"Person","@id":"https:\/\/quehacerpolitico.mx\/#\/schema\/person\/496d8ad2d1d3f8036101dca7ee39e585","name":"Redacci\u00f3n QP","image":{"@type":"ImageObject","inLanguage":"es","@id":"https:\/\/secure.gravatar.com\/avatar\/c7164ed6fdec453195284ad24a5ae5b6e1eed2b848477fa2a4787ba9adf39a41?s=96&d=mm&r=g","url":"https:\/\/secure.gravatar.com\/avatar\/c7164ed6fdec453195284ad24a5ae5b6e1eed2b848477fa2a4787ba9adf39a41?s=96&d=mm&r=g","contentUrl":"https:\/\/secure.gravatar.com\/avatar\/c7164ed6fdec453195284ad24a5ae5b6e1eed2b848477fa2a4787ba9adf39a41?s=96&d=mm&r=g","caption":"Redacci\u00f3n QP"},"url":"https:\/\/quehacerpolitico.mx\/?author=2"}]}},"featured_image_urls":{"full":"","thumbnail":"","medium":"","medium_large":"","large":"","1536x1536":"","2048x2048":"","covernews-featured":"","covernews-medium":""},"author_info":{"display_name":"Redacci\u00f3n QP","author_link":"https:\/\/quehacerpolitico.mx\/?author=2"},"category_info":"<a href=\"https:\/\/quehacerpolitico.mx\/?cat=2\" rel=\"category\">Noticias<\/a>","tag_info":"Noticias","comment_count":"0","_links":{"self":[{"href":"https:\/\/quehacerpolitico.mx\/index.php?rest_route=\/wp\/v2\/posts\/16599","targetHints":{"allow":["GET"]}}],"collection":[{"href":"https:\/\/quehacerpolitico.mx\/index.php?rest_route=\/wp\/v2\/posts"}],"about":[{"href":"https:\/\/quehacerpolitico.mx\/index.php?rest_route=\/wp\/v2\/types\/post"}],"author":[{"embeddable":true,"href":"https:\/\/quehacerpolitico.mx\/index.php?rest_route=\/wp\/v2\/users\/2"}],"replies":[{"embeddable":true,"href":"https:\/\/quehacerpolitico.mx\/index.php?rest_route=%2Fwp%2Fv2%2Fcomments&post=16599"}],"version-history":[{"count":0,"href":"https:\/\/quehacerpolitico.mx\/index.php?rest_route=\/wp\/v2\/posts\/16599\/revisions"}],"wp:featuredmedia":[{"embeddable":true,"href":"https:\/\/quehacerpolitico.mx\/index.php?rest_route=\/"}],"wp:attachment":[{"href":"https:\/\/quehacerpolitico.mx\/index.php?rest_route=%2Fwp%2Fv2%2Fmedia&parent=16599"}],"wp:term":[{"taxonomy":"category","embeddable":true,"href":"https:\/\/quehacerpolitico.mx\/index.php?rest_route=%2Fwp%2Fv2%2Fcategories&post=16599"},{"taxonomy":"post_tag","embeddable":true,"href":"https:\/\/quehacerpolitico.mx\/index.php?rest_route=%2Fwp%2Fv2%2Ftags&post=16599"}],"curies":[{"name":"wp","href":"https:\/\/api.w.org\/{rel}","templated":true}]}}