{"id":16571,"date":"2019-02-08T04:53:13","date_gmt":"2019-02-08T04:53:13","guid":{"rendered":"http:\/\/quehacerpolitico.mx\/casados-y-en-una-boda-asi-fue-como-pena-nieto-y-tania-ruiz-se-conocieron\/"},"modified":"2019-02-08T04:53:13","modified_gmt":"2019-02-08T04:53:13","slug":"casados-y-en-una-boda-asi-fue-como-pena-nieto-y-tania-ruiz-se-conocieron","status":"publish","type":"post","link":"https:\/\/quehacerpolitico.mx\/?p=16571","title":{"rendered":"\u00a1Casados y en una boda! As\u00ed fue c\u00f3mo Pe\u00f1a Nieto y Tania Ruiz se conocieron"},"content":{"rendered":"<h1 class=\"amp-wp-title\">\u00a1Casados y en una boda! As\u00ed fue c\u00f3mo Pe\u00f1a Nieto y Tania Ruiz se conocieron<\/h1>\n<p>Por Redacci\u00f3n QP<\/p>\n<p><span class=\"amp-wp-inline-f62a86b1328cd4134bec55ddf6de989a\">En d\u00edas recientes, <\/span><b>el ex presidente Enrique Pe\u00f1a Nieto se le ha visto con la modelo Tania Ruiz Eichelmann<\/b><span class=\"amp-wp-inline-f62a86b1328cd4134bec55ddf6de989a\">, lo que ha sugerido que tienen una relaci\u00f3n amorosa.<\/span><\/p>\n<p><span class=\"amp-wp-inline-f62a86b1328cd4134bec55ddf6de989a\">La pareja se conoci\u00f3 en mayo de 2016, en San Luis Potos\u00ed, en la boda de Luc\u00eda Hern\u00e1ndez y Miguel Valladares Eichelmann, <\/span><b>primo hermano de Tania y hermano de Juan Carlos Valladares<\/b><span class=\"amp-wp-inline-f62a86b1328cd4134bec55ddf6de989a\">, esposo de la ex Miss Universo Ximena Navarrete.<\/span><\/p>\n<p><span class=\"amp-wp-inline-f62a86b1328cd4134bec55ddf6de989a\">La familia Valladares est\u00e1 muy ligada a la pol\u00edtica nacional, por lo que entre los asistentes al enlace estuvo la pareja presidencial de <\/span><b>Enrique Pe\u00f1a Nieto y Ang\u00e9lica Rivera<\/b><span class=\"amp-wp-inline-f62a86b1328cd4134bec55ddf6de989a\">.<\/span><\/p>\n<p><img decoding=\"async\" class=\"i-amphtml-fill-content i-amphtml-replaced-content\" src=\"https:\/\/elbigdata.mx\/wp-content\/uploads\/2019\/02\/pe%C3%B1a-nieto_modelo-tania_farmacia_foto-cuna-de-grillo_infidelidad.jpg\" sizes=\"(min-width: 1000px) 1000px, 100vw\" srcset=\"https:\/\/elbigdata.mx\/wp-content\/uploads\/2019\/02\/pe%C3%B1a-nieto_modelo-tania_farmacia_foto-cuna-de-grillo_infidelidad.jpg 1000w, https:\/\/elbigdata.mx\/wp-content\/uploads\/2019\/02\/pe%C3%B1a-nieto_modelo-tania_farmacia_foto-cuna-de-grillo_infidelidad-360x216.jpg 360w, https:\/\/elbigdata.mx\/wp-content\/uploads\/2019\/02\/pe%C3%B1a-nieto_modelo-tania_farmacia_foto-cuna-de-grillo_infidelidad-768x461.jpg 768w, https:\/\/elbigdata.mx\/wp-content\/uploads\/2019\/02\/pe%C3%B1a-nieto_modelo-tania_farmacia_foto-cuna-de-grillo_infidelidad-300x180.jpg 300w\" alt=\"\" \/><\/p>\n<p><span class=\"amp-wp-inline-f62a86b1328cd4134bec55ddf6de989a\">De acuerdo con el complemento <\/span><b><i>Clase<\/i><\/b> <span class=\"amp-wp-inline-f62a86b1328cd4134bec55ddf6de989a\">del diario<\/span> <b><i>El Universal <\/i><\/b><b><\/b><span class=\"amp-wp-inline-f62a86b1328cd4134bec55ddf6de989a\">la belleza de la modelo llam\u00f3 la atenci\u00f3n del ex mandatario.<\/span><\/p>\n<p><span class=\"amp-wp-inline-f62a86b1328cd4134bec55ddf6de989a\">Una fuente que asisti\u00f3 al enlace indic\u00f3 que <\/span><b>Pe\u00f1a Nieto<\/b><span class=\"amp-wp-inline-f62a86b1328cd4134bec55ddf6de989a\"> pregunt\u00f3 por la identidad de la mujer, por lo que el invitado ofreci\u00f3 presentarlos.<\/span><\/p>\n<p><span class=\"amp-wp-inline-f62a86b1328cd4134bec55ddf6de989a\">Fue as\u00ed que tuvieron su primer contacto, aunque en esos momentos <\/span><b>no comenzaron su relaci\u00f3n<\/b><span class=\"amp-wp-inline-f62a86b1328cd4134bec55ddf6de989a\">.<\/span><\/p>\n<div id=\"attachment_291843\" class=\"wp-caption alignnone amp-wp-inline-39fabed0815dadc743f1e4c6c079b95f\"><img decoding=\"async\" class=\"i-amphtml-fill-content i-amphtml-replaced-content\" src=\"https:\/\/elbigdata.mx\/wp-content\/uploads\/2019\/02\/pe%C3%B1a_nieto_tania.png\" sizes=\"(min-width: 1000px) 1000px, 100vw\" srcset=\"https:\/\/elbigdata.mx\/wp-content\/uploads\/2019\/02\/pe%C3%B1a_nieto_tania.png 1000w, https:\/\/elbigdata.mx\/wp-content\/uploads\/2019\/02\/pe%C3%B1a_nieto_tania-360x216.png 360w, https:\/\/elbigdata.mx\/wp-content\/uploads\/2019\/02\/pe%C3%B1a_nieto_tania-768x461.png 768w, https:\/\/elbigdata.mx\/wp-content\/uploads\/2019\/02\/pe%C3%B1a_nieto_tania-300x180.png 300w\" alt=\"\" \/><\/p>\n<p class=\"wp-caption-text\">Foto: Qui\u00e9n<\/p>\n<\/div>\n<p><span class=\"amp-wp-inline-f62a86b1328cd4134bec55ddf6de989a\">Esto debido a que <\/span><b>\u00e9l estaba casado <\/b><span class=\"amp-wp-inline-f62a86b1328cd4134bec55ddf6de989a\">y todav\u00eda faltaban dos a\u00f1os de \u00a0su mandato presidencial, mientras que ella era pareja del empresario <\/span><b>Bobby Dom\u00ednguez<\/b><span class=\"amp-wp-inline-f62a86b1328cd4134bec55ddf6de989a\">.<\/span><\/p>\n<h3>Rumores sobre su relaci\u00f3n<\/h3>\n<p><span class=\"amp-wp-inline-f62a86b1328cd4134bec55ddf6de989a\">Sin embargo, en varios sectores de <\/span><b>la alta sociedad potosina<\/b><span class=\"amp-wp-inline-f62a86b1328cd4134bec55ddf6de989a\"> corri\u00f3 el rumor de que ella ten\u00eda una relaci\u00f3n con un importante pol\u00edtico de la capital. <\/span><\/p>\n<p><span class=\"amp-wp-inline-f62a86b1328cd4134bec55ddf6de989a\">Dicha teor\u00eda fue reforzada con la aparici\u00f3n<\/span><b> el 31 de enero <\/b><span class=\"amp-wp-inline-f62a86b1328cd4134bec55ddf6de989a\">de varias fotograf\u00edas de la pareja durante un viaje a Madrid.<\/span><\/p>\n<div id=\"attachment_291278\" class=\"wp-caption alignnone amp-wp-inline-39fabed0815dadc743f1e4c6c079b95f\"><img decoding=\"async\" class=\"i-amphtml-fill-content i-amphtml-replaced-content\" src=\"https:\/\/elbigdata.mx\/wp-content\/uploads\/2019\/01\/enrique-pe%C3%B1a-nieto_tania-ruiz_editada.jpg\" sizes=\"(min-width: 1000px) 1000px, 100vw\" srcset=\"https:\/\/elbigdata.mx\/wp-content\/uploads\/2019\/01\/enrique-pe%C3%B1a-nieto_tania-ruiz_editada.jpg 1000w, https:\/\/elbigdata.mx\/wp-content\/uploads\/2019\/01\/enrique-pe%C3%B1a-nieto_tania-ruiz_editada-360x216.jpg 360w, https:\/\/elbigdata.mx\/wp-content\/uploads\/2019\/01\/enrique-pe%C3%B1a-nieto_tania-ruiz_editada-768x461.jpg 768w, https:\/\/elbigdata.mx\/wp-content\/uploads\/2019\/01\/enrique-pe%C3%B1a-nieto_tania-ruiz_editada-300x180.jpg 300w\" alt=\"\" \/><\/p>\n<p class=\"wp-caption-text\">Foto: Qui\u00e9n<\/p>\n<\/div>\n<p><span class=\"amp-wp-inline-f62a86b1328cd4134bec55ddf6de989a\">Las im\u00e1genes fueron tomadas el a\u00f1o pasado, pero fue hasta este a\u00f1o que se dieron a conocer, ya con el \u00a0ex presidente<\/span><b> fuera del cargo<\/b><span class=\"amp-wp-inline-f62a86b1328cd4134bec55ddf6de989a\">.<\/span><\/p>\n<p><span class=\"amp-wp-inline-f62a86b1328cd4134bec55ddf6de989a\">Tania Ruiz Eichelmann <\/span><b>naci\u00f3 hace 31 a\u00f1os<\/b><span class=\"amp-wp-inline-f62a86b1328cd4134bec55ddf6de989a\"> y proviene de un matrimonio ligado a la c\u00fapula empresarial y pol\u00edtica de San Luis Potos\u00ed.<\/span><\/p>\n<p><img decoding=\"async\" class=\"i-amphtml-fill-content i-amphtml-replaced-content\" src=\"https:\/\/elbigdata.mx\/wp-content\/uploads\/2018\/11\/Captura-de-pantalla-2018-11-29-a-las-12.47.28.png\" sizes=\"(min-width: 1000px) 1000px, 100vw\" srcset=\"https:\/\/elbigdata.mx\/wp-content\/uploads\/2018\/11\/Captura-de-pantalla-2018-11-29-a-las-12.47.28.png 1418w, https:\/\/elbigdata.mx\/wp-content\/uploads\/2018\/11\/Captura-de-pantalla-2018-11-29-a-las-12.47.28-360x202.png 360w, https:\/\/elbigdata.mx\/wp-content\/uploads\/2018\/11\/Captura-de-pantalla-2018-11-29-a-las-12.47.28-768x431.png 768w, https:\/\/elbigdata.mx\/wp-content\/uploads\/2018\/11\/Captura-de-pantalla-2018-11-29-a-las-12.47.28-1200x674.png 1200w\" alt=\"\" \/><\/p>\n<p><span class=\"amp-wp-inline-f62a86b1328cd4134bec55ddf6de989a\">Estudi\u00f3 toda su vida en el <\/span><b>Instituto Lomas del Real<\/b><span class=\"amp-wp-inline-f62a86b1328cd4134bec55ddf6de989a\">, un colegio privado para mujeres, y posteriormente curs\u00f3 la carrera en la Universidad Interamericana para el Desarrollo (UNID) en San Luis. <\/span><\/p>\n<p><span class=\"amp-wp-inline-f62a86b1328cd4134bec55ddf6de989a\">Es madre de una peque\u00f1a de \u00a0cinco a\u00f1os llamada Carlota,<\/span><b> producto de su relaci\u00f3n con el empresario Bobby Dom\u00ednguez<\/b><span class=\"amp-wp-inline-f62a86b1328cd4134bec55ddf6de989a\">, su \u00faltima pareja antes de ser captada con Pe\u00f1a Nieto.<\/span><\/p>\n<p><span class=\"amp-wp-inline-f62a86b1328cd4134bec55ddf6de989a\">Algunos rumores indican que la pareja ya vive junta y que desde mediados del a\u00f1o \u00a0ya manten\u00edan una relaci\u00f3n amorosa, pese a estar <\/span><b>casado con Ang\u00e9lica Rivera<\/b><span class=\"amp-wp-inline-f62a86b1328cd4134bec55ddf6de989a\">.<\/span><\/p>\n","protected":false},"excerpt":{"rendered":"<p>\u00a1Casados y en una boda! As\u00ed fue c\u00f3mo Pe\u00f1a Nieto y Tania Ruiz se conocieron<br \/>\nPor Redacci\u00f3n QP<\/p>\n","protected":false},"author":2,"featured_media":16570,"comment_status":"open","ping_status":"open","sticky":false,"template":"","format":"standard","meta":{"_monsterinsights_skip_tracking":false,"_monsterinsights_sitenote_active":false,"_monsterinsights_sitenote_note":"","_monsterinsights_sitenote_category":0,"footnotes":""},"categories":[2],"tags":[],"class_list":["post-16571","post","type-post","status-publish","format-standard","has-post-thumbnail","hentry","category-noticias"],"yoast_head":"<!-- This site is optimized with the Yoast SEO plugin v27.3 - https:\/\/yoast.com\/product\/yoast-seo-wordpress\/ -->\n<title>\u00a1Casados y en una boda! As\u00ed fue c\u00f3mo Pe\u00f1a Nieto y Tania Ruiz se conocieron -<\/title>\n<meta name=\"robots\" content=\"index, follow, max-snippet:-1, max-image-preview:large, max-video-preview:-1\" \/>\n<link rel=\"canonical\" href=\"https:\/\/quehacerpolitico.mx\/?p=16571\" \/>\n<meta property=\"og:locale\" content=\"es_MX\" \/>\n<meta property=\"og:type\" content=\"article\" \/>\n<meta property=\"og:title\" content=\"\u00a1Casados y en una boda! As\u00ed fue c\u00f3mo Pe\u00f1a Nieto y Tania Ruiz se conocieron -\" \/>\n<meta property=\"og:description\" content=\"\u00a1Casados y en una boda! As\u00ed fue c\u00f3mo Pe\u00f1a Nieto y Tania Ruiz se conocieron Por Redacci\u00f3n QP\" \/>\n<meta property=\"og:url\" content=\"https:\/\/quehacerpolitico.mx\/?p=16571\" \/>\n<meta property=\"article:published_time\" content=\"2019-02-08T04:53:13+00:00\" \/>\n<meta name=\"author\" content=\"Redacci\u00f3n QP\" \/>\n<meta name=\"twitter:card\" content=\"summary_large_image\" \/>\n<meta name=\"twitter:label1\" content=\"Escrito por\" \/>\n\t<meta name=\"twitter:data1\" content=\"Redacci\u00f3n QP\" \/>\n\t<meta name=\"twitter:label2\" content=\"Tiempo de lectura\" \/>\n\t<meta name=\"twitter:data2\" content=\"2 minutos\" \/>\n<script type=\"application\/ld+json\" class=\"yoast-schema-graph\">{\"@context\":\"https:\\\/\\\/schema.org\",\"@graph\":[{\"@type\":\"Article\",\"@id\":\"https:\\\/\\\/quehacerpolitico.mx\\\/?p=16571#article\",\"isPartOf\":{\"@id\":\"https:\\\/\\\/quehacerpolitico.mx\\\/?p=16571\"},\"author\":{\"name\":\"Redacci\u00f3n QP\",\"@id\":\"https:\\\/\\\/quehacerpolitico.mx\\\/#\\\/schema\\\/person\\\/496d8ad2d1d3f8036101dca7ee39e585\"},\"headline\":\"\u00a1Casados y en una boda! As\u00ed fue c\u00f3mo Pe\u00f1a Nieto y Tania Ruiz se conocieron\",\"datePublished\":\"2019-02-08T04:53:13+00:00\",\"mainEntityOfPage\":{\"@id\":\"https:\\\/\\\/quehacerpolitico.mx\\\/?p=16571\"},\"wordCount\":446,\"commentCount\":0,\"image\":{\"@id\":\"https:\\\/\\\/quehacerpolitico.mx\\\/?p=16571#primaryimage\"},\"thumbnailUrl\":\"\",\"articleSection\":[\"Noticias\"],\"inLanguage\":\"es\",\"potentialAction\":[{\"@type\":\"CommentAction\",\"name\":\"Comment\",\"target\":[\"https:\\\/\\\/quehacerpolitico.mx\\\/?p=16571#respond\"]}]},{\"@type\":\"WebPage\",\"@id\":\"https:\\\/\\\/quehacerpolitico.mx\\\/?p=16571\",\"url\":\"https:\\\/\\\/quehacerpolitico.mx\\\/?p=16571\",\"name\":\"\u00a1Casados y en una boda! As\u00ed fue c\u00f3mo Pe\u00f1a Nieto y Tania Ruiz se conocieron -\",\"isPartOf\":{\"@id\":\"https:\\\/\\\/quehacerpolitico.mx\\\/#website\"},\"primaryImageOfPage\":{\"@id\":\"https:\\\/\\\/quehacerpolitico.mx\\\/?p=16571#primaryimage\"},\"image\":{\"@id\":\"https:\\\/\\\/quehacerpolitico.mx\\\/?p=16571#primaryimage\"},\"thumbnailUrl\":\"\",\"datePublished\":\"2019-02-08T04:53:13+00:00\",\"author\":{\"@id\":\"https:\\\/\\\/quehacerpolitico.mx\\\/#\\\/schema\\\/person\\\/496d8ad2d1d3f8036101dca7ee39e585\"},\"breadcrumb\":{\"@id\":\"https:\\\/\\\/quehacerpolitico.mx\\\/?p=16571#breadcrumb\"},\"inLanguage\":\"es\",\"potentialAction\":[{\"@type\":\"ReadAction\",\"target\":[\"https:\\\/\\\/quehacerpolitico.mx\\\/?p=16571\"]}]},{\"@type\":\"ImageObject\",\"inLanguage\":\"es\",\"@id\":\"https:\\\/\\\/quehacerpolitico.mx\\\/?p=16571#primaryimage\",\"url\":\"\",\"contentUrl\":\"\"},{\"@type\":\"BreadcrumbList\",\"@id\":\"https:\\\/\\\/quehacerpolitico.mx\\\/?p=16571#breadcrumb\",\"itemListElement\":[{\"@type\":\"ListItem\",\"position\":1,\"name\":\"Inicio\",\"item\":\"https:\\\/\\\/quehacerpolitico.mx\\\/\"},{\"@type\":\"ListItem\",\"position\":2,\"name\":\"\u00a1Casados y en una boda! As\u00ed fue c\u00f3mo Pe\u00f1a Nieto y Tania Ruiz se conocieron\"}]},{\"@type\":\"WebSite\",\"@id\":\"https:\\\/\\\/quehacerpolitico.mx\\\/#website\",\"url\":\"https:\\\/\\\/quehacerpolitico.mx\\\/\",\"name\":\"\",\"description\":\"\",\"potentialAction\":[{\"@type\":\"SearchAction\",\"target\":{\"@type\":\"EntryPoint\",\"urlTemplate\":\"https:\\\/\\\/quehacerpolitico.mx\\\/?s={search_term_string}\"},\"query-input\":{\"@type\":\"PropertyValueSpecification\",\"valueRequired\":true,\"valueName\":\"search_term_string\"}}],\"inLanguage\":\"es\"},{\"@type\":\"Person\",\"@id\":\"https:\\\/\\\/quehacerpolitico.mx\\\/#\\\/schema\\\/person\\\/496d8ad2d1d3f8036101dca7ee39e585\",\"name\":\"Redacci\u00f3n QP\",\"image\":{\"@type\":\"ImageObject\",\"inLanguage\":\"es\",\"@id\":\"https:\\\/\\\/secure.gravatar.com\\\/avatar\\\/c7164ed6fdec453195284ad24a5ae5b6e1eed2b848477fa2a4787ba9adf39a41?s=96&d=mm&r=g\",\"url\":\"https:\\\/\\\/secure.gravatar.com\\\/avatar\\\/c7164ed6fdec453195284ad24a5ae5b6e1eed2b848477fa2a4787ba9adf39a41?s=96&d=mm&r=g\",\"contentUrl\":\"https:\\\/\\\/secure.gravatar.com\\\/avatar\\\/c7164ed6fdec453195284ad24a5ae5b6e1eed2b848477fa2a4787ba9adf39a41?s=96&d=mm&r=g\",\"caption\":\"Redacci\u00f3n QP\"},\"url\":\"https:\\\/\\\/quehacerpolitico.mx\\\/?author=2\"}]}<\/script>\n<!-- \/ Yoast SEO plugin. -->","yoast_head_json":{"title":"\u00a1Casados y en una boda! As\u00ed fue c\u00f3mo Pe\u00f1a Nieto y Tania Ruiz se conocieron -","robots":{"index":"index","follow":"follow","max-snippet":"max-snippet:-1","max-image-preview":"max-image-preview:large","max-video-preview":"max-video-preview:-1"},"canonical":"https:\/\/quehacerpolitico.mx\/?p=16571","og_locale":"es_MX","og_type":"article","og_title":"\u00a1Casados y en una boda! As\u00ed fue c\u00f3mo Pe\u00f1a Nieto y Tania Ruiz se conocieron -","og_description":"\u00a1Casados y en una boda! As\u00ed fue c\u00f3mo Pe\u00f1a Nieto y Tania Ruiz se conocieron Por Redacci\u00f3n QP","og_url":"https:\/\/quehacerpolitico.mx\/?p=16571","article_published_time":"2019-02-08T04:53:13+00:00","author":"Redacci\u00f3n QP","twitter_card":"summary_large_image","twitter_misc":{"Escrito por":"Redacci\u00f3n QP","Tiempo de lectura":"2 minutos"},"schema":{"@context":"https:\/\/schema.org","@graph":[{"@type":"Article","@id":"https:\/\/quehacerpolitico.mx\/?p=16571#article","isPartOf":{"@id":"https:\/\/quehacerpolitico.mx\/?p=16571"},"author":{"name":"Redacci\u00f3n QP","@id":"https:\/\/quehacerpolitico.mx\/#\/schema\/person\/496d8ad2d1d3f8036101dca7ee39e585"},"headline":"\u00a1Casados y en una boda! As\u00ed fue c\u00f3mo Pe\u00f1a Nieto y Tania Ruiz se conocieron","datePublished":"2019-02-08T04:53:13+00:00","mainEntityOfPage":{"@id":"https:\/\/quehacerpolitico.mx\/?p=16571"},"wordCount":446,"commentCount":0,"image":{"@id":"https:\/\/quehacerpolitico.mx\/?p=16571#primaryimage"},"thumbnailUrl":"","articleSection":["Noticias"],"inLanguage":"es","potentialAction":[{"@type":"CommentAction","name":"Comment","target":["https:\/\/quehacerpolitico.mx\/?p=16571#respond"]}]},{"@type":"WebPage","@id":"https:\/\/quehacerpolitico.mx\/?p=16571","url":"https:\/\/quehacerpolitico.mx\/?p=16571","name":"\u00a1Casados y en una boda! As\u00ed fue c\u00f3mo Pe\u00f1a Nieto y Tania Ruiz se conocieron -","isPartOf":{"@id":"https:\/\/quehacerpolitico.mx\/#website"},"primaryImageOfPage":{"@id":"https:\/\/quehacerpolitico.mx\/?p=16571#primaryimage"},"image":{"@id":"https:\/\/quehacerpolitico.mx\/?p=16571#primaryimage"},"thumbnailUrl":"","datePublished":"2019-02-08T04:53:13+00:00","author":{"@id":"https:\/\/quehacerpolitico.mx\/#\/schema\/person\/496d8ad2d1d3f8036101dca7ee39e585"},"breadcrumb":{"@id":"https:\/\/quehacerpolitico.mx\/?p=16571#breadcrumb"},"inLanguage":"es","potentialAction":[{"@type":"ReadAction","target":["https:\/\/quehacerpolitico.mx\/?p=16571"]}]},{"@type":"ImageObject","inLanguage":"es","@id":"https:\/\/quehacerpolitico.mx\/?p=16571#primaryimage","url":"","contentUrl":""},{"@type":"BreadcrumbList","@id":"https:\/\/quehacerpolitico.mx\/?p=16571#breadcrumb","itemListElement":[{"@type":"ListItem","position":1,"name":"Inicio","item":"https:\/\/quehacerpolitico.mx\/"},{"@type":"ListItem","position":2,"name":"\u00a1Casados y en una boda! As\u00ed fue c\u00f3mo Pe\u00f1a Nieto y Tania Ruiz se conocieron"}]},{"@type":"WebSite","@id":"https:\/\/quehacerpolitico.mx\/#website","url":"https:\/\/quehacerpolitico.mx\/","name":"","description":"","potentialAction":[{"@type":"SearchAction","target":{"@type":"EntryPoint","urlTemplate":"https:\/\/quehacerpolitico.mx\/?s={search_term_string}"},"query-input":{"@type":"PropertyValueSpecification","valueRequired":true,"valueName":"search_term_string"}}],"inLanguage":"es"},{"@type":"Person","@id":"https:\/\/quehacerpolitico.mx\/#\/schema\/person\/496d8ad2d1d3f8036101dca7ee39e585","name":"Redacci\u00f3n QP","image":{"@type":"ImageObject","inLanguage":"es","@id":"https:\/\/secure.gravatar.com\/avatar\/c7164ed6fdec453195284ad24a5ae5b6e1eed2b848477fa2a4787ba9adf39a41?s=96&d=mm&r=g","url":"https:\/\/secure.gravatar.com\/avatar\/c7164ed6fdec453195284ad24a5ae5b6e1eed2b848477fa2a4787ba9adf39a41?s=96&d=mm&r=g","contentUrl":"https:\/\/secure.gravatar.com\/avatar\/c7164ed6fdec453195284ad24a5ae5b6e1eed2b848477fa2a4787ba9adf39a41?s=96&d=mm&r=g","caption":"Redacci\u00f3n QP"},"url":"https:\/\/quehacerpolitico.mx\/?author=2"}]}},"featured_image_urls":{"full":"","thumbnail":"","medium":"","medium_large":"","large":"","1536x1536":"","2048x2048":"","covernews-featured":"","covernews-medium":""},"author_info":{"display_name":"Redacci\u00f3n QP","author_link":"https:\/\/quehacerpolitico.mx\/?author=2"},"category_info":"<a href=\"https:\/\/quehacerpolitico.mx\/?cat=2\" rel=\"category\">Noticias<\/a>","tag_info":"Noticias","comment_count":"0","_links":{"self":[{"href":"https:\/\/quehacerpolitico.mx\/index.php?rest_route=\/wp\/v2\/posts\/16571","targetHints":{"allow":["GET"]}}],"collection":[{"href":"https:\/\/quehacerpolitico.mx\/index.php?rest_route=\/wp\/v2\/posts"}],"about":[{"href":"https:\/\/quehacerpolitico.mx\/index.php?rest_route=\/wp\/v2\/types\/post"}],"author":[{"embeddable":true,"href":"https:\/\/quehacerpolitico.mx\/index.php?rest_route=\/wp\/v2\/users\/2"}],"replies":[{"embeddable":true,"href":"https:\/\/quehacerpolitico.mx\/index.php?rest_route=%2Fwp%2Fv2%2Fcomments&post=16571"}],"version-history":[{"count":0,"href":"https:\/\/quehacerpolitico.mx\/index.php?rest_route=\/wp\/v2\/posts\/16571\/revisions"}],"wp:featuredmedia":[{"embeddable":true,"href":"https:\/\/quehacerpolitico.mx\/index.php?rest_route=\/"}],"wp:attachment":[{"href":"https:\/\/quehacerpolitico.mx\/index.php?rest_route=%2Fwp%2Fv2%2Fmedia&parent=16571"}],"wp:term":[{"taxonomy":"category","embeddable":true,"href":"https:\/\/quehacerpolitico.mx\/index.php?rest_route=%2Fwp%2Fv2%2Fcategories&post=16571"},{"taxonomy":"post_tag","embeddable":true,"href":"https:\/\/quehacerpolitico.mx\/index.php?rest_route=%2Fwp%2Fv2%2Ftags&post=16571"}],"curies":[{"name":"wp","href":"https:\/\/api.w.org\/{rel}","templated":true}]}}