{"id":16559,"date":"2019-02-08T04:25:54","date_gmt":"2019-02-08T04:25:54","guid":{"rendered":"http:\/\/quehacerpolitico.mx\/cancun-se-convierte-en-prioridad-para-amlo-va-por-delincuentes-que-asolan-la-region\/"},"modified":"2019-02-08T04:25:54","modified_gmt":"2019-02-08T04:25:54","slug":"cancun-se-convierte-en-prioridad-para-amlo-va-por-delincuentes-que-asolan-la-region","status":"publish","type":"post","link":"https:\/\/quehacerpolitico.mx\/?p=16559","title":{"rendered":"Canc\u00fan se convierte en prioridad para AMLO; va por delincuentes que asolan la regi\u00f3n"},"content":{"rendered":"<h1 class=\"amp-wp-title\">Canc\u00fan se convierte en prioridad para AMLO; va por delincuentes que asolan la regi\u00f3n<\/h1>\n<p>Por Redacci\u00f3n QP<\/p>\n<p><strong>Canc\u00fan<\/strong> es una de las 1<strong>7 regiones del pa\u00eds<\/strong> en las que el gobierno de<strong> Andr\u00e9s Manuel L\u00f3pez<\/strong> <strong>Obrador<\/strong>pondr\u00e1 especial atenci\u00f3n para la <strong>erradicaci\u00f3n de la inseguridad<\/strong>.<\/p>\n<p>A esta zona, perteneciente al estado de <strong>Quintana Roo<\/strong>, enviar\u00e1 600 elementos tanto de la <strong>Secretar\u00eda de Marina y Ejercito Nacional Mexicano<\/strong>, quienes combatir\u00e1n estrat\u00e9gicamente los puntos m\u00e1s vulnerables.<\/p>\n<p>As\u00ed lo anunci\u00f3 el mismo <strong>presidente AMLO<\/strong> y el <strong>Secretario de Seguridad P\u00fablica<\/strong> y <strong>Protecci\u00f3n Ciudadana<\/strong>, <strong>Alfonso Durazo<\/strong>, durante la conferencia matutina habitual.<\/p>\n<div id=\"attachment_293194\" class=\"wp-caption alignnone amp-wp-inline-bc7b0344dc0d8b6aec49d2024895b394\"><img decoding=\"async\" class=\"i-amphtml-fill-content i-amphtml-replaced-content\" src=\"https:\/\/elbigdata.mx\/wp-content\/uploads\/2019\/02\/prioriatios-768x676.jpg\" sizes=\"(min-width: 511px) 511px, 100vw\" srcset=\"https:\/\/elbigdata.mx\/wp-content\/uploads\/2019\/02\/prioriatios-768x676.jpg 768w, https:\/\/elbigdata.mx\/wp-content\/uploads\/2019\/02\/prioriatios-360x317.jpg 360w, https:\/\/elbigdata.mx\/wp-content\/uploads\/2019\/02\/prioriatios.jpg 800w\" alt=\"\" \/><\/p>\n<p class=\"wp-caption-text\">Presentaci\u00f3n del programa de regiones prioritarias en materia de seguridad<\/p>\n<\/div>\n<h3>\u00bfPor qu\u00e9 Canc\u00fan entra dentro del plan de 17 regiones prioritarias en materia de seguridad?<\/h3>\n<p>De acuerdo con el<strong> Gobierno Federal<\/strong> tan solo en diciembre pasado fueron asesinadas dolosamente 55 personas en este municipio, ocupando as\u00ed el quinto lugar a nivel nacional.<\/p>\n<p>A esto se agrega que los propios habitantes de Canc\u00fan consideran que su ciudad es en extremo peligrosa, colocandola as\u00ed en el cuarto lugar de percepci\u00f3n de inseguridad a nivel nacional, de acuerdo con le Encuesta Nacional de Seguridad P\u00fablica Urbana (ENSU), que elabor\u00f3 el Inegi.<\/p>\n<div id=\"attachment_293192\" class=\"wp-caption alignnone amp-wp-inline-e2708293701fb7d15c1e9b84fbd7c763\"><img decoding=\"async\" class=\"i-amphtml-fill-content i-amphtml-replaced-content\" src=\"https:\/\/elbigdata.mx\/wp-content\/uploads\/2019\/02\/escena_balacera_cancun.jpg\" sizes=\"(min-width: 494px) 494px, 100vw\" srcset=\"https:\/\/elbigdata.mx\/wp-content\/uploads\/2019\/02\/escena_balacera_cancun.jpg 750w, https:\/\/elbigdata.mx\/wp-content\/uploads\/2019\/02\/escena_balacera_cancun-360x216.jpg 360w, https:\/\/elbigdata.mx\/wp-content\/uploads\/2019\/02\/escena_balacera_cancun-300x180.jpg 300w\" alt=\"\" \/><\/p>\n<p class=\"wp-caption-text\">Una de las tantas masacres perpetradas por sicarios que operan en Canc\u00fan<\/p>\n<\/div>\n<p>Los datos arrojan que tambi\u00e9n los homicidios en Canc\u00fan van a la alza, pues mientras en 2016 el n\u00famero ejecuciones fue de 283 personas, para el cierre de 2018 el n\u00famero de asesinatos ronda las 600 v\u00edctimas, indican datos de la Unidad de Transparencia de la Fiscal\u00eda de Quintana Roo.<\/p>\n<p><strong>Los carteles que se disputan el control de Canc\u00fan<\/strong><\/p>\n<p>Cada a\u00f1o arriban a Canc\u00fan un promedio de 7.6\u00a0 millones de turistas por v\u00eda terrestre, a\u00e9rea o mar\u00edtima (cruceros), seg\u00fan estad\u00edsticas presentadas en 2017 por Marketing Consultants. Muchos de los visitantes llegan en busca de drogas il\u00edcitas y prostituci\u00f3n, por al menos estos dos \u201cnegocios\u201d cuatro carteles se disputan la plaza.<\/p>\n<p>Se trata de\u00a0 <strong>El Cartel de Canc\u00fan<\/strong>, <strong>Los Zetas<\/strong>, Los Pelones, <strong>El Cartel del Golfo<\/strong> y el Cartel de Sinaloa.<\/p>\n<h3>Algunos de los hechos escalofriantes en Canc\u00fan:<\/h3>\n<p><strong>El decapitado <\/strong><\/p>\n<p>En diciembre de 2017 el cad\u00e1ver desnudo y decapitado de un hombre apareci\u00f3 en la reja de un hospital del <strong>IMSS en Canc\u00fan<\/strong>, junto a una <strong>narcomanta<\/strong> que ordenaba a<strong>l Cartel Jalisco Nueva Generaci\u00f3n<\/strong> que dejara de avanzar en la regi\u00f3n.<\/p>\n<p><strong>Irrupci\u00f3n violenta de sicarios en hospital <\/strong><\/p>\n<p>En marzo de 2018 cuatro hombres armados irrumpieron en un hospital de Canc\u00fan para dispararle a <strong>Alfonso Contreras Espinoza<\/strong>, un supuesto operador del Cartel del Golfo en la regi\u00f3n.<\/p>\n<p><strong>Los 8 cad\u00e1veres regados por Canc\u00fan<\/strong><\/p>\n<p>El 21 de agosto de 2018 ocho cad\u00e1veres aparecieron regados por todo Canc\u00fan, todos con las mismas caracter\u00edsticas:\u00a0 atados y embolsados en pl\u00e1sticos negros.<\/p>\n<h2>Las 17 regiones prioritarias en materia de seguridad para AMLO<\/h2>\n<p>Adem\u00e1s de Canc\u00fan el gobierno de AMLO tambi\u00e9n tiene como objetivos prioritarios a <strong>Tijuana<\/strong>, <strong>Ciudad Ju\u00e1rez,<\/strong> <strong>Acapulco<\/strong>, <strong>Tlajomulco<\/strong>, <strong>Irapuato<\/strong>, <strong>Guadalajara<\/strong>, <strong>Salamanca<\/strong>, <strong>Culiac\u00e1n<\/strong>, <strong>Manzanillo<\/strong>, <strong>Uriangato<\/strong>, <strong>Celaya<\/strong>,\u00a0 <strong>Monterrey<\/strong>, <strong>Chilpancingo<\/strong>,<strong>Reynosa<\/strong> y <strong>Nuevo Laredo<\/strong>.<\/p>\n<p>El siguiente es el proyecto que present\u00f3 AMLO durante su conferencia de prensa.<\/p>\n<p><iframe loading=\"lazy\" title=\"17 Regiones Prioritarias 6 Feb\" class=\"scribd_iframe_embed\" src=\"https:\/\/www.scribd.com\/embeds\/399080088\/content\" data-aspect-ratio=\"1.3323485967503692\" scrolling=\"no\" id=\"399080088\" width=\"640\" height=\"960\" frameborder=\"0\"><\/iframe><script type=\"text\/javascript\">          (function() { var scribd = document.createElement(\"script\"); scribd.type = \"text\/javascript\"; scribd.async = true; scribd.src = \"https:\/\/www.scribd.com\/javascripts\/embed_code\/inject.js\"; var s = document.getElementsByTagName(\"script\")[0]; s.parentNode.insertBefore(scribd, s); })()        <\/script><\/p>\n","protected":false},"excerpt":{"rendered":"<p>Canc\u00fan se convierte en prioridad para AMLO; va por delincuentes que asolan la regi\u00f3n<br \/>\nPor Redacci\u00f3n QP<\/p>\n","protected":false},"author":2,"featured_media":16558,"comment_status":"open","ping_status":"open","sticky":false,"template":"","format":"standard","meta":{"_monsterinsights_skip_tracking":false,"_monsterinsights_sitenote_active":false,"_monsterinsights_sitenote_note":"","_monsterinsights_sitenote_category":0,"footnotes":""},"categories":[2],"tags":[],"class_list":["post-16559","post","type-post","status-publish","format-standard","has-post-thumbnail","hentry","category-noticias"],"yoast_head":"<!-- This site is optimized with the Yoast SEO plugin v27.3 - https:\/\/yoast.com\/product\/yoast-seo-wordpress\/ -->\n<title>Canc\u00fan se convierte en prioridad para AMLO; va por delincuentes que asolan la regi\u00f3n -<\/title>\n<meta name=\"robots\" content=\"index, follow, max-snippet:-1, max-image-preview:large, max-video-preview:-1\" \/>\n<link rel=\"canonical\" href=\"https:\/\/quehacerpolitico.mx\/?p=16559\" \/>\n<meta property=\"og:locale\" content=\"es_MX\" \/>\n<meta property=\"og:type\" content=\"article\" \/>\n<meta property=\"og:title\" content=\"Canc\u00fan se convierte en prioridad para AMLO; va por delincuentes que asolan la regi\u00f3n -\" \/>\n<meta property=\"og:description\" content=\"Canc\u00fan se convierte en prioridad para AMLO; va por delincuentes que asolan la regi\u00f3n Por Redacci\u00f3n QP\" \/>\n<meta property=\"og:url\" content=\"https:\/\/quehacerpolitico.mx\/?p=16559\" \/>\n<meta property=\"article:published_time\" content=\"2019-02-08T04:25:54+00:00\" \/>\n<meta name=\"author\" content=\"Redacci\u00f3n QP\" \/>\n<meta name=\"twitter:card\" content=\"summary_large_image\" \/>\n<meta name=\"twitter:label1\" content=\"Escrito por\" \/>\n\t<meta name=\"twitter:data1\" content=\"Redacci\u00f3n QP\" \/>\n\t<meta name=\"twitter:label2\" content=\"Tiempo de lectura\" \/>\n\t<meta name=\"twitter:data2\" content=\"3 minutos\" \/>\n<script type=\"application\/ld+json\" class=\"yoast-schema-graph\">{\"@context\":\"https:\\\/\\\/schema.org\",\"@graph\":[{\"@type\":\"Article\",\"@id\":\"https:\\\/\\\/quehacerpolitico.mx\\\/?p=16559#article\",\"isPartOf\":{\"@id\":\"https:\\\/\\\/quehacerpolitico.mx\\\/?p=16559\"},\"author\":{\"name\":\"Redacci\u00f3n QP\",\"@id\":\"https:\\\/\\\/quehacerpolitico.mx\\\/#\\\/schema\\\/person\\\/496d8ad2d1d3f8036101dca7ee39e585\"},\"headline\":\"Canc\u00fan se convierte en prioridad para AMLO; va por delincuentes que asolan la regi\u00f3n\",\"datePublished\":\"2019-02-08T04:25:54+00:00\",\"mainEntityOfPage\":{\"@id\":\"https:\\\/\\\/quehacerpolitico.mx\\\/?p=16559\"},\"wordCount\":571,\"commentCount\":0,\"image\":{\"@id\":\"https:\\\/\\\/quehacerpolitico.mx\\\/?p=16559#primaryimage\"},\"thumbnailUrl\":\"\",\"articleSection\":[\"Noticias\"],\"inLanguage\":\"es\",\"potentialAction\":[{\"@type\":\"CommentAction\",\"name\":\"Comment\",\"target\":[\"https:\\\/\\\/quehacerpolitico.mx\\\/?p=16559#respond\"]}]},{\"@type\":\"WebPage\",\"@id\":\"https:\\\/\\\/quehacerpolitico.mx\\\/?p=16559\",\"url\":\"https:\\\/\\\/quehacerpolitico.mx\\\/?p=16559\",\"name\":\"Canc\u00fan se convierte en prioridad para AMLO; va por delincuentes que asolan la regi\u00f3n -\",\"isPartOf\":{\"@id\":\"https:\\\/\\\/quehacerpolitico.mx\\\/#website\"},\"primaryImageOfPage\":{\"@id\":\"https:\\\/\\\/quehacerpolitico.mx\\\/?p=16559#primaryimage\"},\"image\":{\"@id\":\"https:\\\/\\\/quehacerpolitico.mx\\\/?p=16559#primaryimage\"},\"thumbnailUrl\":\"\",\"datePublished\":\"2019-02-08T04:25:54+00:00\",\"author\":{\"@id\":\"https:\\\/\\\/quehacerpolitico.mx\\\/#\\\/schema\\\/person\\\/496d8ad2d1d3f8036101dca7ee39e585\"},\"breadcrumb\":{\"@id\":\"https:\\\/\\\/quehacerpolitico.mx\\\/?p=16559#breadcrumb\"},\"inLanguage\":\"es\",\"potentialAction\":[{\"@type\":\"ReadAction\",\"target\":[\"https:\\\/\\\/quehacerpolitico.mx\\\/?p=16559\"]}]},{\"@type\":\"ImageObject\",\"inLanguage\":\"es\",\"@id\":\"https:\\\/\\\/quehacerpolitico.mx\\\/?p=16559#primaryimage\",\"url\":\"\",\"contentUrl\":\"\"},{\"@type\":\"BreadcrumbList\",\"@id\":\"https:\\\/\\\/quehacerpolitico.mx\\\/?p=16559#breadcrumb\",\"itemListElement\":[{\"@type\":\"ListItem\",\"position\":1,\"name\":\"Inicio\",\"item\":\"https:\\\/\\\/quehacerpolitico.mx\\\/\"},{\"@type\":\"ListItem\",\"position\":2,\"name\":\"Canc\u00fan se convierte en prioridad para AMLO; va por delincuentes que asolan la regi\u00f3n\"}]},{\"@type\":\"WebSite\",\"@id\":\"https:\\\/\\\/quehacerpolitico.mx\\\/#website\",\"url\":\"https:\\\/\\\/quehacerpolitico.mx\\\/\",\"name\":\"\",\"description\":\"\",\"potentialAction\":[{\"@type\":\"SearchAction\",\"target\":{\"@type\":\"EntryPoint\",\"urlTemplate\":\"https:\\\/\\\/quehacerpolitico.mx\\\/?s={search_term_string}\"},\"query-input\":{\"@type\":\"PropertyValueSpecification\",\"valueRequired\":true,\"valueName\":\"search_term_string\"}}],\"inLanguage\":\"es\"},{\"@type\":\"Person\",\"@id\":\"https:\\\/\\\/quehacerpolitico.mx\\\/#\\\/schema\\\/person\\\/496d8ad2d1d3f8036101dca7ee39e585\",\"name\":\"Redacci\u00f3n QP\",\"image\":{\"@type\":\"ImageObject\",\"inLanguage\":\"es\",\"@id\":\"https:\\\/\\\/secure.gravatar.com\\\/avatar\\\/c7164ed6fdec453195284ad24a5ae5b6e1eed2b848477fa2a4787ba9adf39a41?s=96&d=mm&r=g\",\"url\":\"https:\\\/\\\/secure.gravatar.com\\\/avatar\\\/c7164ed6fdec453195284ad24a5ae5b6e1eed2b848477fa2a4787ba9adf39a41?s=96&d=mm&r=g\",\"contentUrl\":\"https:\\\/\\\/secure.gravatar.com\\\/avatar\\\/c7164ed6fdec453195284ad24a5ae5b6e1eed2b848477fa2a4787ba9adf39a41?s=96&d=mm&r=g\",\"caption\":\"Redacci\u00f3n QP\"},\"url\":\"https:\\\/\\\/quehacerpolitico.mx\\\/?author=2\"}]}<\/script>\n<!-- \/ Yoast SEO plugin. -->","yoast_head_json":{"title":"Canc\u00fan se convierte en prioridad para AMLO; va por delincuentes que asolan la regi\u00f3n -","robots":{"index":"index","follow":"follow","max-snippet":"max-snippet:-1","max-image-preview":"max-image-preview:large","max-video-preview":"max-video-preview:-1"},"canonical":"https:\/\/quehacerpolitico.mx\/?p=16559","og_locale":"es_MX","og_type":"article","og_title":"Canc\u00fan se convierte en prioridad para AMLO; va por delincuentes que asolan la regi\u00f3n -","og_description":"Canc\u00fan se convierte en prioridad para AMLO; va por delincuentes que asolan la regi\u00f3n Por Redacci\u00f3n QP","og_url":"https:\/\/quehacerpolitico.mx\/?p=16559","article_published_time":"2019-02-08T04:25:54+00:00","author":"Redacci\u00f3n QP","twitter_card":"summary_large_image","twitter_misc":{"Escrito por":"Redacci\u00f3n QP","Tiempo de lectura":"3 minutos"},"schema":{"@context":"https:\/\/schema.org","@graph":[{"@type":"Article","@id":"https:\/\/quehacerpolitico.mx\/?p=16559#article","isPartOf":{"@id":"https:\/\/quehacerpolitico.mx\/?p=16559"},"author":{"name":"Redacci\u00f3n QP","@id":"https:\/\/quehacerpolitico.mx\/#\/schema\/person\/496d8ad2d1d3f8036101dca7ee39e585"},"headline":"Canc\u00fan se convierte en prioridad para AMLO; va por delincuentes que asolan la regi\u00f3n","datePublished":"2019-02-08T04:25:54+00:00","mainEntityOfPage":{"@id":"https:\/\/quehacerpolitico.mx\/?p=16559"},"wordCount":571,"commentCount":0,"image":{"@id":"https:\/\/quehacerpolitico.mx\/?p=16559#primaryimage"},"thumbnailUrl":"","articleSection":["Noticias"],"inLanguage":"es","potentialAction":[{"@type":"CommentAction","name":"Comment","target":["https:\/\/quehacerpolitico.mx\/?p=16559#respond"]}]},{"@type":"WebPage","@id":"https:\/\/quehacerpolitico.mx\/?p=16559","url":"https:\/\/quehacerpolitico.mx\/?p=16559","name":"Canc\u00fan se convierte en prioridad para AMLO; va por delincuentes que asolan la regi\u00f3n -","isPartOf":{"@id":"https:\/\/quehacerpolitico.mx\/#website"},"primaryImageOfPage":{"@id":"https:\/\/quehacerpolitico.mx\/?p=16559#primaryimage"},"image":{"@id":"https:\/\/quehacerpolitico.mx\/?p=16559#primaryimage"},"thumbnailUrl":"","datePublished":"2019-02-08T04:25:54+00:00","author":{"@id":"https:\/\/quehacerpolitico.mx\/#\/schema\/person\/496d8ad2d1d3f8036101dca7ee39e585"},"breadcrumb":{"@id":"https:\/\/quehacerpolitico.mx\/?p=16559#breadcrumb"},"inLanguage":"es","potentialAction":[{"@type":"ReadAction","target":["https:\/\/quehacerpolitico.mx\/?p=16559"]}]},{"@type":"ImageObject","inLanguage":"es","@id":"https:\/\/quehacerpolitico.mx\/?p=16559#primaryimage","url":"","contentUrl":""},{"@type":"BreadcrumbList","@id":"https:\/\/quehacerpolitico.mx\/?p=16559#breadcrumb","itemListElement":[{"@type":"ListItem","position":1,"name":"Inicio","item":"https:\/\/quehacerpolitico.mx\/"},{"@type":"ListItem","position":2,"name":"Canc\u00fan se convierte en prioridad para AMLO; va por delincuentes que asolan la regi\u00f3n"}]},{"@type":"WebSite","@id":"https:\/\/quehacerpolitico.mx\/#website","url":"https:\/\/quehacerpolitico.mx\/","name":"","description":"","potentialAction":[{"@type":"SearchAction","target":{"@type":"EntryPoint","urlTemplate":"https:\/\/quehacerpolitico.mx\/?s={search_term_string}"},"query-input":{"@type":"PropertyValueSpecification","valueRequired":true,"valueName":"search_term_string"}}],"inLanguage":"es"},{"@type":"Person","@id":"https:\/\/quehacerpolitico.mx\/#\/schema\/person\/496d8ad2d1d3f8036101dca7ee39e585","name":"Redacci\u00f3n QP","image":{"@type":"ImageObject","inLanguage":"es","@id":"https:\/\/secure.gravatar.com\/avatar\/c7164ed6fdec453195284ad24a5ae5b6e1eed2b848477fa2a4787ba9adf39a41?s=96&d=mm&r=g","url":"https:\/\/secure.gravatar.com\/avatar\/c7164ed6fdec453195284ad24a5ae5b6e1eed2b848477fa2a4787ba9adf39a41?s=96&d=mm&r=g","contentUrl":"https:\/\/secure.gravatar.com\/avatar\/c7164ed6fdec453195284ad24a5ae5b6e1eed2b848477fa2a4787ba9adf39a41?s=96&d=mm&r=g","caption":"Redacci\u00f3n QP"},"url":"https:\/\/quehacerpolitico.mx\/?author=2"}]}},"featured_image_urls":{"full":"","thumbnail":"","medium":"","medium_large":"","large":"","1536x1536":"","2048x2048":"","covernews-featured":"","covernews-medium":""},"author_info":{"display_name":"Redacci\u00f3n QP","author_link":"https:\/\/quehacerpolitico.mx\/?author=2"},"category_info":"<a href=\"https:\/\/quehacerpolitico.mx\/?cat=2\" rel=\"category\">Noticias<\/a>","tag_info":"Noticias","comment_count":"0","_links":{"self":[{"href":"https:\/\/quehacerpolitico.mx\/index.php?rest_route=\/wp\/v2\/posts\/16559","targetHints":{"allow":["GET"]}}],"collection":[{"href":"https:\/\/quehacerpolitico.mx\/index.php?rest_route=\/wp\/v2\/posts"}],"about":[{"href":"https:\/\/quehacerpolitico.mx\/index.php?rest_route=\/wp\/v2\/types\/post"}],"author":[{"embeddable":true,"href":"https:\/\/quehacerpolitico.mx\/index.php?rest_route=\/wp\/v2\/users\/2"}],"replies":[{"embeddable":true,"href":"https:\/\/quehacerpolitico.mx\/index.php?rest_route=%2Fwp%2Fv2%2Fcomments&post=16559"}],"version-history":[{"count":0,"href":"https:\/\/quehacerpolitico.mx\/index.php?rest_route=\/wp\/v2\/posts\/16559\/revisions"}],"wp:featuredmedia":[{"embeddable":true,"href":"https:\/\/quehacerpolitico.mx\/index.php?rest_route=\/"}],"wp:attachment":[{"href":"https:\/\/quehacerpolitico.mx\/index.php?rest_route=%2Fwp%2Fv2%2Fmedia&parent=16559"}],"wp:term":[{"taxonomy":"category","embeddable":true,"href":"https:\/\/quehacerpolitico.mx\/index.php?rest_route=%2Fwp%2Fv2%2Fcategories&post=16559"},{"taxonomy":"post_tag","embeddable":true,"href":"https:\/\/quehacerpolitico.mx\/index.php?rest_route=%2Fwp%2Fv2%2Ftags&post=16559"}],"curies":[{"name":"wp","href":"https:\/\/api.w.org\/{rel}","templated":true}]}}