{"id":16556,"date":"2019-02-08T04:18:07","date_gmt":"2019-02-08T04:18:07","guid":{"rendered":"http:\/\/quehacerpolitico.mx\/mas-que-confirmado-enrique-pena-nieto-y-angelica-rivera-se-separaron-en-diciembre\/"},"modified":"2019-02-08T04:18:07","modified_gmt":"2019-02-08T04:18:07","slug":"mas-que-confirmado-enrique-pena-nieto-y-angelica-rivera-se-separaron-en-diciembre","status":"publish","type":"post","link":"https:\/\/quehacerpolitico.mx\/?p=16556","title":{"rendered":"\u00a1M\u00e1s que confirmado! Enrique Pe\u00f1a Nieto y Ang\u00e9lica Rivera se separaron en diciembre"},"content":{"rendered":"<h1 class=\"amp-wp-title\">\u00a1M\u00e1s que confirmado! Enrique Pe\u00f1a Nieto y Ang\u00e9lica Rivera se separaron en diciembre<\/h1>\n<p>Por Redacci\u00f3n QP<\/p>\n<p><span class=\"amp-wp-inline-f62a86b1328cd4134bec55ddf6de989a\">La pareja presidencial del sexenio pasado, Enrique Pe\u00f1a Nieto y Ang\u00e9lica Rivera, se separ\u00f3 en diciembre, confirm\u00f3 la revista<\/span><b><i> \u00a1Hola!<\/i><\/b><span class=\"amp-wp-inline-f62a86b1328cd4134bec55ddf6de989a\">.<\/span><\/p>\n<p><span class=\"amp-wp-inline-f62a86b1328cd4134bec55ddf6de989a\">La publicaci\u00f3n expuso en su portada la noticia del fin de la relaci\u00f3n entre <strong>el ex presidente y la otrora primera dama<\/strong>.<\/span><\/p>\n<p><img decoding=\"async\" class=\"i-amphtml-fill-content i-amphtml-replaced-content\" src=\"https:\/\/elbigdata.mx\/wp-content\/uploads\/2019\/02\/hola-pe%C3%B1a-gaviota-569x768.jpg\" sizes=\"(min-width: 569px) 569px, 100vw\" srcset=\"https:\/\/elbigdata.mx\/wp-content\/uploads\/2019\/02\/hola-pe%C3%B1a-gaviota-569x768.jpg 569w, https:\/\/elbigdata.mx\/wp-content\/uploads\/2019\/02\/hola-pe%C3%B1a-gaviota-267x360.jpg 267w, https:\/\/elbigdata.mx\/wp-content\/uploads\/2019\/02\/hola-pe%C3%B1a-gaviota.jpg 630w\" alt=\"\" \/><\/p>\n<p><span class=\"amp-wp-inline-f62a86b1328cd4134bec55ddf6de989a\">Pese a que en meses recientes se hab\u00edan manejado <strong>rumores sobre el hecho<\/strong>, fueron fuentes cercanas a la pareja las que confirmaron el fin de la relaci\u00f3n.<\/span><\/p>\n<blockquote>\n<p><span class=\"amp-wp-inline-f62a86b1328cd4134bec55ddf6de989a\">\u201cQuiero dejar constancia de mi profunda gratitud a mi esposa Ang\u00e9lica, por la compa\u00f1\u00eda, la fortaleza y el apoyo permanente que incondicionalmente me ha dado. Muchas gracias Angie\u201d, dijo Pe\u00f1a Nieto durante su \u00faltimo Informe de Gobierno.<\/span><\/p>\n<\/blockquote>\n<p><b>\u2018La Gaviota\u2019 <\/b><span class=\"amp-wp-inline-f62a86b1328cd4134bec55ddf6de989a\">agradeci\u00f3 las palabras del mandatario <strong>con una sonrisa y varias l\u00e1grimas<\/strong>, en uno de los \u00faltimos actos en los que <\/span><b>se les vio juntos<\/b><span class=\"amp-wp-inline-f62a86b1328cd4134bec55ddf6de989a\">.<\/span><\/p>\n<p>https:\/\/youtu.be\/RZk_sQ78dnE<\/p>\n<p><span class=\"amp-wp-inline-f62a86b1328cd4134bec55ddf6de989a\">D\u00edas despu\u00e9s, <\/span><b>la pareja y todos sus hijos <\/b><span class=\"amp-wp-inline-f62a86b1328cd4134bec55ddf6de989a\">estuvieron presentes en la \u00faltima Ceremonia del Grito de Independencia de Pe\u00f1a como presidente.<\/span><\/p>\n<p><iframe loading=\"lazy\" title=\"\u00daLTIMO GRITO DE INDEPENDENCIA DE ENRIQUE PE\u00d1A NIETO by Jos\u00e9 Luis Torres C.\" width=\"640\" height=\"360\" src=\"https:\/\/www.youtube.com\/embed\/b-8OV6QdKL8?feature=oembed\" frameborder=\"0\" allow=\"accelerometer; autoplay; clipboard-write; encrypted-media; gyroscope; picture-in-picture; web-share\" referrerpolicy=\"strict-origin-when-cross-origin\" allowfullscreen><\/iframe><\/p>\n<p><span class=\"amp-wp-inline-f62a86b1328cd4134bec55ddf6de989a\">Al d\u00eda siguiente ambos asistieron la<\/span><b> parada militar<\/b><span class=\"amp-wp-inline-f62a86b1328cd4134bec55ddf6de989a\">por motivo al D\u00eda de Independencia.<\/span><\/p>\n<p>Sof\u00eda Castro, neg\u00f3 que su madre y el presidente de la Rep\u00fablica fueran a divorciarse.<\/p>\n<blockquote>\n<p>\u201cLo \u00fanico que puedo decir es que mi mam\u00e1 y Enrique est\u00e1n m\u00e1s felices, m\u00e1s unidos, m\u00e1s guapos que nunca\u201d, mencion\u00f3.<\/p>\n<\/blockquote>\n<p>Aclar\u00f3 que aunque por el momento desconoce si su madre retomar\u00e1 su carrera art\u00edstica, le encantar\u00eda trabajar con ella.<\/p>\n<h3>En buenos t\u00e9rminos<\/h3>\n<p><span class=\"amp-wp-inline-f62a86b1328cd4134bec55ddf6de989a\">La publicaci\u00f3n indic\u00f3 que la ruptura se llev\u00f3 en \u201c<\/span><b>los mejores t\u00e9rminos\u201d<\/b><span class=\"amp-wp-inline-f62a86b1328cd4134bec55ddf6de989a\">.<\/span><\/p>\n<p><span class=\"amp-wp-inline-f62a86b1328cd4134bec55ddf6de989a\">Muestra de ello, asegur\u00f3, \u00a0es que ambos asistieron a los funerales del ex gobernador del Estado de M\u00e9xico Alfredo del Mazo Gonz\u00e1lez, <\/span><b>el 11 de enero<\/b><span class=\"amp-wp-inline-f62a86b1328cd4134bec55ddf6de989a\">.<\/span><\/p>\n<p><span class=\"amp-wp-inline-f62a86b1328cd4134bec55ddf6de989a\">Hace una semana, la <\/span><b>revista Qui\u00e9n<\/b><span class=\"amp-wp-inline-f62a86b1328cd4134bec55ddf6de989a\"> revel\u00f3 la posible relaci\u00f3n amorosa entre el ex presidente y la modelo Tania Ruiz.<\/span><\/p>\n<p><span class=\"amp-wp-inline-f62a86b1328cd4134bec55ddf6de989a\">Ang\u00e9lica Rivera y Enrique Pe\u00f1a Nieto<\/span><b> se casaron en la Catedral de Toluca<\/b><span class=\"amp-wp-inline-f62a86b1328cd4134bec55ddf6de989a\">, el 27 de noviembre de 2010.<\/span><\/p>\n<p><span class=\"amp-wp-inline-f62a86b1328cd4134bec55ddf6de989a\">Hasta el momento, ni el ex mandatario ni Rivera <\/span><b>han dado declaraciones al respecto<\/b><span class=\"amp-wp-inline-f62a86b1328cd4134bec55ddf6de989a\">.<\/span><\/p>\n","protected":false},"excerpt":{"rendered":"<p>\u00a1M\u00e1s que confirmado! Enrique Pe\u00f1a Nieto y Ang\u00e9lica Rivera se separaron en diciembre<br \/>\nPor Redacci\u00f3n QP<\/p>\n","protected":false},"author":2,"featured_media":16555,"comment_status":"open","ping_status":"open","sticky":false,"template":"","format":"standard","meta":{"_monsterinsights_skip_tracking":false,"_monsterinsights_sitenote_active":false,"_monsterinsights_sitenote_note":"","_monsterinsights_sitenote_category":0,"footnotes":""},"categories":[2],"tags":[],"class_list":["post-16556","post","type-post","status-publish","format-standard","has-post-thumbnail","hentry","category-noticias"],"yoast_head":"<!-- This site is optimized with the Yoast SEO plugin v27.3 - https:\/\/yoast.com\/product\/yoast-seo-wordpress\/ -->\n<title>\u00a1M\u00e1s que confirmado! Enrique Pe\u00f1a Nieto y Ang\u00e9lica Rivera se separaron en diciembre -<\/title>\n<meta name=\"robots\" content=\"index, follow, max-snippet:-1, max-image-preview:large, max-video-preview:-1\" \/>\n<link rel=\"canonical\" href=\"https:\/\/quehacerpolitico.mx\/?p=16556\" \/>\n<meta property=\"og:locale\" content=\"es_MX\" \/>\n<meta property=\"og:type\" content=\"article\" \/>\n<meta property=\"og:title\" content=\"\u00a1M\u00e1s que confirmado! Enrique Pe\u00f1a Nieto y Ang\u00e9lica Rivera se separaron en diciembre -\" \/>\n<meta property=\"og:description\" content=\"\u00a1M\u00e1s que confirmado! Enrique Pe\u00f1a Nieto y Ang\u00e9lica Rivera se separaron en diciembre Por Redacci\u00f3n QP\" \/>\n<meta property=\"og:url\" content=\"https:\/\/quehacerpolitico.mx\/?p=16556\" \/>\n<meta property=\"article:published_time\" content=\"2019-02-08T04:18:07+00:00\" \/>\n<meta name=\"author\" content=\"Redacci\u00f3n QP\" \/>\n<meta name=\"twitter:card\" content=\"summary_large_image\" \/>\n<meta name=\"twitter:label1\" content=\"Escrito por\" \/>\n\t<meta name=\"twitter:data1\" content=\"Redacci\u00f3n QP\" \/>\n\t<meta name=\"twitter:label2\" content=\"Tiempo de lectura\" \/>\n\t<meta name=\"twitter:data2\" content=\"2 minutos\" \/>\n<script type=\"application\/ld+json\" class=\"yoast-schema-graph\">{\"@context\":\"https:\\\/\\\/schema.org\",\"@graph\":[{\"@type\":\"Article\",\"@id\":\"https:\\\/\\\/quehacerpolitico.mx\\\/?p=16556#article\",\"isPartOf\":{\"@id\":\"https:\\\/\\\/quehacerpolitico.mx\\\/?p=16556\"},\"author\":{\"name\":\"Redacci\u00f3n QP\",\"@id\":\"https:\\\/\\\/quehacerpolitico.mx\\\/#\\\/schema\\\/person\\\/496d8ad2d1d3f8036101dca7ee39e585\"},\"headline\":\"\u00a1M\u00e1s que confirmado! Enrique Pe\u00f1a Nieto y Ang\u00e9lica Rivera se separaron en diciembre\",\"datePublished\":\"2019-02-08T04:18:07+00:00\",\"mainEntityOfPage\":{\"@id\":\"https:\\\/\\\/quehacerpolitico.mx\\\/?p=16556\"},\"wordCount\":394,\"commentCount\":0,\"image\":{\"@id\":\"https:\\\/\\\/quehacerpolitico.mx\\\/?p=16556#primaryimage\"},\"thumbnailUrl\":\"\",\"articleSection\":[\"Noticias\"],\"inLanguage\":\"es\",\"potentialAction\":[{\"@type\":\"CommentAction\",\"name\":\"Comment\",\"target\":[\"https:\\\/\\\/quehacerpolitico.mx\\\/?p=16556#respond\"]}]},{\"@type\":\"WebPage\",\"@id\":\"https:\\\/\\\/quehacerpolitico.mx\\\/?p=16556\",\"url\":\"https:\\\/\\\/quehacerpolitico.mx\\\/?p=16556\",\"name\":\"\u00a1M\u00e1s que confirmado! Enrique Pe\u00f1a Nieto y Ang\u00e9lica Rivera se separaron en diciembre -\",\"isPartOf\":{\"@id\":\"https:\\\/\\\/quehacerpolitico.mx\\\/#website\"},\"primaryImageOfPage\":{\"@id\":\"https:\\\/\\\/quehacerpolitico.mx\\\/?p=16556#primaryimage\"},\"image\":{\"@id\":\"https:\\\/\\\/quehacerpolitico.mx\\\/?p=16556#primaryimage\"},\"thumbnailUrl\":\"\",\"datePublished\":\"2019-02-08T04:18:07+00:00\",\"author\":{\"@id\":\"https:\\\/\\\/quehacerpolitico.mx\\\/#\\\/schema\\\/person\\\/496d8ad2d1d3f8036101dca7ee39e585\"},\"breadcrumb\":{\"@id\":\"https:\\\/\\\/quehacerpolitico.mx\\\/?p=16556#breadcrumb\"},\"inLanguage\":\"es\",\"potentialAction\":[{\"@type\":\"ReadAction\",\"target\":[\"https:\\\/\\\/quehacerpolitico.mx\\\/?p=16556\"]}]},{\"@type\":\"ImageObject\",\"inLanguage\":\"es\",\"@id\":\"https:\\\/\\\/quehacerpolitico.mx\\\/?p=16556#primaryimage\",\"url\":\"\",\"contentUrl\":\"\"},{\"@type\":\"BreadcrumbList\",\"@id\":\"https:\\\/\\\/quehacerpolitico.mx\\\/?p=16556#breadcrumb\",\"itemListElement\":[{\"@type\":\"ListItem\",\"position\":1,\"name\":\"Inicio\",\"item\":\"https:\\\/\\\/quehacerpolitico.mx\\\/\"},{\"@type\":\"ListItem\",\"position\":2,\"name\":\"\u00a1M\u00e1s que confirmado! Enrique Pe\u00f1a Nieto y Ang\u00e9lica Rivera se separaron en diciembre\"}]},{\"@type\":\"WebSite\",\"@id\":\"https:\\\/\\\/quehacerpolitico.mx\\\/#website\",\"url\":\"https:\\\/\\\/quehacerpolitico.mx\\\/\",\"name\":\"\",\"description\":\"\",\"potentialAction\":[{\"@type\":\"SearchAction\",\"target\":{\"@type\":\"EntryPoint\",\"urlTemplate\":\"https:\\\/\\\/quehacerpolitico.mx\\\/?s={search_term_string}\"},\"query-input\":{\"@type\":\"PropertyValueSpecification\",\"valueRequired\":true,\"valueName\":\"search_term_string\"}}],\"inLanguage\":\"es\"},{\"@type\":\"Person\",\"@id\":\"https:\\\/\\\/quehacerpolitico.mx\\\/#\\\/schema\\\/person\\\/496d8ad2d1d3f8036101dca7ee39e585\",\"name\":\"Redacci\u00f3n QP\",\"image\":{\"@type\":\"ImageObject\",\"inLanguage\":\"es\",\"@id\":\"https:\\\/\\\/secure.gravatar.com\\\/avatar\\\/c7164ed6fdec453195284ad24a5ae5b6e1eed2b848477fa2a4787ba9adf39a41?s=96&d=mm&r=g\",\"url\":\"https:\\\/\\\/secure.gravatar.com\\\/avatar\\\/c7164ed6fdec453195284ad24a5ae5b6e1eed2b848477fa2a4787ba9adf39a41?s=96&d=mm&r=g\",\"contentUrl\":\"https:\\\/\\\/secure.gravatar.com\\\/avatar\\\/c7164ed6fdec453195284ad24a5ae5b6e1eed2b848477fa2a4787ba9adf39a41?s=96&d=mm&r=g\",\"caption\":\"Redacci\u00f3n QP\"},\"url\":\"https:\\\/\\\/quehacerpolitico.mx\\\/?author=2\"}]}<\/script>\n<!-- \/ Yoast SEO plugin. -->","yoast_head_json":{"title":"\u00a1M\u00e1s que confirmado! Enrique Pe\u00f1a Nieto y Ang\u00e9lica Rivera se separaron en diciembre -","robots":{"index":"index","follow":"follow","max-snippet":"max-snippet:-1","max-image-preview":"max-image-preview:large","max-video-preview":"max-video-preview:-1"},"canonical":"https:\/\/quehacerpolitico.mx\/?p=16556","og_locale":"es_MX","og_type":"article","og_title":"\u00a1M\u00e1s que confirmado! Enrique Pe\u00f1a Nieto y Ang\u00e9lica Rivera se separaron en diciembre -","og_description":"\u00a1M\u00e1s que confirmado! Enrique Pe\u00f1a Nieto y Ang\u00e9lica Rivera se separaron en diciembre Por Redacci\u00f3n QP","og_url":"https:\/\/quehacerpolitico.mx\/?p=16556","article_published_time":"2019-02-08T04:18:07+00:00","author":"Redacci\u00f3n QP","twitter_card":"summary_large_image","twitter_misc":{"Escrito por":"Redacci\u00f3n QP","Tiempo de lectura":"2 minutos"},"schema":{"@context":"https:\/\/schema.org","@graph":[{"@type":"Article","@id":"https:\/\/quehacerpolitico.mx\/?p=16556#article","isPartOf":{"@id":"https:\/\/quehacerpolitico.mx\/?p=16556"},"author":{"name":"Redacci\u00f3n QP","@id":"https:\/\/quehacerpolitico.mx\/#\/schema\/person\/496d8ad2d1d3f8036101dca7ee39e585"},"headline":"\u00a1M\u00e1s que confirmado! Enrique Pe\u00f1a Nieto y Ang\u00e9lica Rivera se separaron en diciembre","datePublished":"2019-02-08T04:18:07+00:00","mainEntityOfPage":{"@id":"https:\/\/quehacerpolitico.mx\/?p=16556"},"wordCount":394,"commentCount":0,"image":{"@id":"https:\/\/quehacerpolitico.mx\/?p=16556#primaryimage"},"thumbnailUrl":"","articleSection":["Noticias"],"inLanguage":"es","potentialAction":[{"@type":"CommentAction","name":"Comment","target":["https:\/\/quehacerpolitico.mx\/?p=16556#respond"]}]},{"@type":"WebPage","@id":"https:\/\/quehacerpolitico.mx\/?p=16556","url":"https:\/\/quehacerpolitico.mx\/?p=16556","name":"\u00a1M\u00e1s que confirmado! Enrique Pe\u00f1a Nieto y Ang\u00e9lica Rivera se separaron en diciembre -","isPartOf":{"@id":"https:\/\/quehacerpolitico.mx\/#website"},"primaryImageOfPage":{"@id":"https:\/\/quehacerpolitico.mx\/?p=16556#primaryimage"},"image":{"@id":"https:\/\/quehacerpolitico.mx\/?p=16556#primaryimage"},"thumbnailUrl":"","datePublished":"2019-02-08T04:18:07+00:00","author":{"@id":"https:\/\/quehacerpolitico.mx\/#\/schema\/person\/496d8ad2d1d3f8036101dca7ee39e585"},"breadcrumb":{"@id":"https:\/\/quehacerpolitico.mx\/?p=16556#breadcrumb"},"inLanguage":"es","potentialAction":[{"@type":"ReadAction","target":["https:\/\/quehacerpolitico.mx\/?p=16556"]}]},{"@type":"ImageObject","inLanguage":"es","@id":"https:\/\/quehacerpolitico.mx\/?p=16556#primaryimage","url":"","contentUrl":""},{"@type":"BreadcrumbList","@id":"https:\/\/quehacerpolitico.mx\/?p=16556#breadcrumb","itemListElement":[{"@type":"ListItem","position":1,"name":"Inicio","item":"https:\/\/quehacerpolitico.mx\/"},{"@type":"ListItem","position":2,"name":"\u00a1M\u00e1s que confirmado! Enrique Pe\u00f1a Nieto y Ang\u00e9lica Rivera se separaron en diciembre"}]},{"@type":"WebSite","@id":"https:\/\/quehacerpolitico.mx\/#website","url":"https:\/\/quehacerpolitico.mx\/","name":"","description":"","potentialAction":[{"@type":"SearchAction","target":{"@type":"EntryPoint","urlTemplate":"https:\/\/quehacerpolitico.mx\/?s={search_term_string}"},"query-input":{"@type":"PropertyValueSpecification","valueRequired":true,"valueName":"search_term_string"}}],"inLanguage":"es"},{"@type":"Person","@id":"https:\/\/quehacerpolitico.mx\/#\/schema\/person\/496d8ad2d1d3f8036101dca7ee39e585","name":"Redacci\u00f3n QP","image":{"@type":"ImageObject","inLanguage":"es","@id":"https:\/\/secure.gravatar.com\/avatar\/c7164ed6fdec453195284ad24a5ae5b6e1eed2b848477fa2a4787ba9adf39a41?s=96&d=mm&r=g","url":"https:\/\/secure.gravatar.com\/avatar\/c7164ed6fdec453195284ad24a5ae5b6e1eed2b848477fa2a4787ba9adf39a41?s=96&d=mm&r=g","contentUrl":"https:\/\/secure.gravatar.com\/avatar\/c7164ed6fdec453195284ad24a5ae5b6e1eed2b848477fa2a4787ba9adf39a41?s=96&d=mm&r=g","caption":"Redacci\u00f3n QP"},"url":"https:\/\/quehacerpolitico.mx\/?author=2"}]}},"featured_image_urls":{"full":"","thumbnail":"","medium":"","medium_large":"","large":"","1536x1536":"","2048x2048":"","covernews-featured":"","covernews-medium":""},"author_info":{"display_name":"Redacci\u00f3n QP","author_link":"https:\/\/quehacerpolitico.mx\/?author=2"},"category_info":"<a href=\"https:\/\/quehacerpolitico.mx\/?cat=2\" rel=\"category\">Noticias<\/a>","tag_info":"Noticias","comment_count":"0","_links":{"self":[{"href":"https:\/\/quehacerpolitico.mx\/index.php?rest_route=\/wp\/v2\/posts\/16556","targetHints":{"allow":["GET"]}}],"collection":[{"href":"https:\/\/quehacerpolitico.mx\/index.php?rest_route=\/wp\/v2\/posts"}],"about":[{"href":"https:\/\/quehacerpolitico.mx\/index.php?rest_route=\/wp\/v2\/types\/post"}],"author":[{"embeddable":true,"href":"https:\/\/quehacerpolitico.mx\/index.php?rest_route=\/wp\/v2\/users\/2"}],"replies":[{"embeddable":true,"href":"https:\/\/quehacerpolitico.mx\/index.php?rest_route=%2Fwp%2Fv2%2Fcomments&post=16556"}],"version-history":[{"count":0,"href":"https:\/\/quehacerpolitico.mx\/index.php?rest_route=\/wp\/v2\/posts\/16556\/revisions"}],"wp:featuredmedia":[{"embeddable":true,"href":"https:\/\/quehacerpolitico.mx\/index.php?rest_route=\/"}],"wp:attachment":[{"href":"https:\/\/quehacerpolitico.mx\/index.php?rest_route=%2Fwp%2Fv2%2Fmedia&parent=16556"}],"wp:term":[{"taxonomy":"category","embeddable":true,"href":"https:\/\/quehacerpolitico.mx\/index.php?rest_route=%2Fwp%2Fv2%2Fcategories&post=16556"},{"taxonomy":"post_tag","embeddable":true,"href":"https:\/\/quehacerpolitico.mx\/index.php?rest_route=%2Fwp%2Fv2%2Ftags&post=16556"}],"curies":[{"name":"wp","href":"https:\/\/api.w.org\/{rel}","templated":true}]}}