{"id":16553,"date":"2019-02-08T04:09:30","date_gmt":"2019-02-08T04:09:30","guid":{"rendered":"http:\/\/quehacerpolitico.mx\/internacionales-carolina-alonso-romei-arrestan-a-un-familiar-del-chapo-en-su-juicio\/"},"modified":"2019-02-08T04:09:30","modified_gmt":"2019-02-08T04:09:30","slug":"internacionales-carolina-alonso-romei-arrestan-a-un-familiar-del-chapo-en-su-juicio","status":"publish","type":"post","link":"https:\/\/quehacerpolitico.mx\/?p=16553","title":{"rendered":"Internacionales\/\/\/Carolina Alonso Romei\/\/\/Arrestan a un &#8220;familiar&#8221; del &#8220;Chapo&#8221; en su juicio"},"content":{"rendered":"<h1 class=\"news-title\">Arrestan a un &#8220;familiar&#8221; del &#8220;Chapo&#8221; en su juicio<\/h1>\n<p>Por Carolina Alonso Romei\u00a0<\/p>\n<p>Internacionalista\u00a0<\/p>\n<header class=\"news-header\">\n<div class=\"news-subtitle\">\n<p>El hombre, de 40 y pocos a\u00f1os, es detenido este jueves porque ten\u00eda una orden de arresto pendiente en su contra<\/p>\n<\/div>\n<\/header>\n<div class=\"news-content\">\n<div class=\"news-body row\">\n<p>Un hombre que <strong>dijo ser familiar y luego amigo del &#8220;Chapo&#8221; Guzm\u00e1n<\/strong> e intent\u00f3 asistir a su proceso en la corte de Brooklyn <strong>fue detenido este jueves porque ten\u00eda una orden de arresto pendiente en su contra<\/strong>, constat\u00f3 la AFP.<\/p>\n<div id=\"div-gpt-ad-1548262875188-0\" data-google-query-id=\"CPGYk5Chq-ACFQO-TwodpYUCLw\">\n<div id=\"google_ads_iframe_\/1001694\/INF_intext_1_0__container__\">El hombre, de 40 y pocos a\u00f1os, entr\u00f3 en la sala donde los periodistas, fiscales y abogados del capo mexicano Joaquin \u201cChapo\u201d Guzm\u00e1n esperan que el jurado anuncie si es culpable o no de traficar m\u00e1s de 155 toneladas de drogas a Estados Unidos luego de tres meses de juicio, y <strong>se sent\u00f3 en los asientos reservados para familiares<\/strong>.<\/div>\n<\/div>\n<p><strong>Cuando un alguacil le pregunt\u00f3 si era de la familia, el hombre respondi\u00f3 que s\u00ed de mal tono<\/strong>. El alguacil entonces le orden\u00f3 que saliera de la sala y se fuera a otra habitaci\u00f3n, enfrente, donde el juicio es transmitido por circuito cerrado de televisi\u00f3n.<\/p>\n<p><strong>Unos ocho alguaciles lo sacaron luego de all\u00ed y se lo llevaron esposado. Un guardia de seguridad dijo que ten\u00eda una orden de arresto en su contra<\/strong>, pero la fiscal\u00eda no ha explicado por qu\u00e9.<\/p>\n<p><strong>Antes de su arresto, el hombre dijo que se llamaba Ren\u00e9 Javier Rivera Mart\u00ednez, que era italiano y amigo del &#8220;Chapo&#8221;, no familiar<\/strong>. Dijo que vino a Nueva York durante 15 d\u00edas, a someterse a una operaci\u00f3n en la boca tras un accidente de motocicleta.<\/p>\n<p>&#8220;Toda mi familia es amiga de la familia del &#8216;Chapo&#8217;. Como estoy en Nueva York, mi madre me llam\u00f3 por tel\u00e9fono y me pidi\u00f3 que viniera a darle apoyo&#8221; al &#8216;Chapo&#8217; y a su esposa Emma Coronel, dijo el hombre en un espa\u00f1ol con acento.<\/p>\n<p>Asegur\u00f3 que su familia es muy conocida y trabaja en finanzas y en la moda, y que tienen casas en Mil\u00e1n, Ibiza, Madrid, Malib\u00fa y M\u00e9xico. &#8220;Soy la oveja negra de mi familia&#8221;, asegur\u00f3, antes de contar sus planes para asistir a la ceremonia de los premios Oscar.<\/p>\n<p><strong>El juicio del &#8220;Chapo&#8221; es abierto al p\u00fablico, y al mismo han asistido incre\u00edbles personajes<\/strong>, muchos de ellos fans del m\u00edtico capo, como una pareja de mexicanos que reside en California y que asisti\u00f3 al proceso para celebrar su 11\u00ba aniversario de bodas, o una mujer conocida como &#8220;la reverenda&#8221;, vestida con una chaqueta de sacerdote negra, que se arrodilla frente a la corte en las madrugadas para rezar por el capo, Biblia en mano.<\/p>\n<p>El jurado ha deliberado ya durante m\u00e1s de 19 horas, a lo largo de cuatro d\u00edas. A su pedido, recibieron este jueves cientos -quiz\u00e1s miles- de p\u00e1ginas de nueve d\u00edas de testimonios de tres excolaboradores del &#8220;Chapo&#8221;.<\/p>\n<p>&#8220;Considerando las preguntas de ayer, que quieren revisar m\u00e1s testimonios, no creo que haya un veredicto hoy&#8221;, dijo a periodistas el abogado del Chapo Eduardo Balarezo al entrar a la corte.<\/p>\n<p>&#8220;Joaqu\u00edn est\u00e1 muy animado, muy tranquilo, esperando el veredicto&#8221;, a\u00f1adi\u00f3.<\/p>\n<\/div>\n<\/div>\n","protected":false},"excerpt":{"rendered":"<p>Arrestan a un &#8220;familiar&#8221; del &#8220;Chapo&#8221; en su juicio<br \/>\nPor Carolina Alonso Romei<br \/>\nInternacionalista<\/p>\n","protected":false},"author":2,"featured_media":16552,"comment_status":"open","ping_status":"open","sticky":false,"template":"","format":"standard","meta":{"_monsterinsights_skip_tracking":false,"_monsterinsights_sitenote_active":false,"_monsterinsights_sitenote_note":"","_monsterinsights_sitenote_category":0,"footnotes":""},"categories":[1],"tags":[],"class_list":["post-16553","post","type-post","status-publish","format-standard","has-post-thumbnail","hentry","category-sin-categoria"],"yoast_head":"<!-- This site is optimized with the Yoast SEO plugin v27.3 - https:\/\/yoast.com\/product\/yoast-seo-wordpress\/ -->\n<title>Internacionales\/\/\/Carolina Alonso Romei\/\/\/Arrestan a un &quot;familiar&quot; del &quot;Chapo&quot; en su juicio -<\/title>\n<meta name=\"robots\" content=\"index, follow, max-snippet:-1, max-image-preview:large, max-video-preview:-1\" \/>\n<link rel=\"canonical\" href=\"https:\/\/quehacerpolitico.mx\/?p=16553\" \/>\n<meta property=\"og:locale\" content=\"es_MX\" \/>\n<meta property=\"og:type\" content=\"article\" \/>\n<meta property=\"og:title\" content=\"Internacionales\/\/\/Carolina Alonso Romei\/\/\/Arrestan a un &quot;familiar&quot; del &quot;Chapo&quot; en su juicio -\" \/>\n<meta property=\"og:description\" content=\"Arrestan a un &quot;familiar&quot; del &quot;Chapo&quot; en su juicio Por Carolina Alonso Romei Internacionalista\" \/>\n<meta property=\"og:url\" content=\"https:\/\/quehacerpolitico.mx\/?p=16553\" \/>\n<meta property=\"article:published_time\" content=\"2019-02-08T04:09:30+00:00\" \/>\n<meta name=\"author\" content=\"Redacci\u00f3n QP\" \/>\n<meta name=\"twitter:card\" content=\"summary_large_image\" \/>\n<meta name=\"twitter:label1\" content=\"Escrito por\" \/>\n\t<meta name=\"twitter:data1\" content=\"Redacci\u00f3n QP\" \/>\n\t<meta name=\"twitter:label2\" content=\"Tiempo de lectura\" \/>\n\t<meta name=\"twitter:data2\" content=\"3 minutos\" \/>\n<script type=\"application\/ld+json\" class=\"yoast-schema-graph\">{\"@context\":\"https:\\\/\\\/schema.org\",\"@graph\":[{\"@type\":\"Article\",\"@id\":\"https:\\\/\\\/quehacerpolitico.mx\\\/?p=16553#article\",\"isPartOf\":{\"@id\":\"https:\\\/\\\/quehacerpolitico.mx\\\/?p=16553\"},\"author\":{\"name\":\"Redacci\u00f3n QP\",\"@id\":\"https:\\\/\\\/quehacerpolitico.mx\\\/#\\\/schema\\\/person\\\/496d8ad2d1d3f8036101dca7ee39e585\"},\"headline\":\"Internacionales\\\/\\\/\\\/Carolina Alonso Romei\\\/\\\/\\\/Arrestan a un &#8220;familiar&#8221; del &#8220;Chapo&#8221; en su juicio\",\"datePublished\":\"2019-02-08T04:09:30+00:00\",\"mainEntityOfPage\":{\"@id\":\"https:\\\/\\\/quehacerpolitico.mx\\\/?p=16553\"},\"wordCount\":541,\"commentCount\":0,\"image\":{\"@id\":\"https:\\\/\\\/quehacerpolitico.mx\\\/?p=16553#primaryimage\"},\"thumbnailUrl\":\"\",\"articleSection\":[\"Internacionales\"],\"inLanguage\":\"es\",\"potentialAction\":[{\"@type\":\"CommentAction\",\"name\":\"Comment\",\"target\":[\"https:\\\/\\\/quehacerpolitico.mx\\\/?p=16553#respond\"]}]},{\"@type\":\"WebPage\",\"@id\":\"https:\\\/\\\/quehacerpolitico.mx\\\/?p=16553\",\"url\":\"https:\\\/\\\/quehacerpolitico.mx\\\/?p=16553\",\"name\":\"Internacionales\\\/\\\/\\\/Carolina Alonso Romei\\\/\\\/\\\/Arrestan a un \\\"familiar\\\" del \\\"Chapo\\\" en su juicio -\",\"isPartOf\":{\"@id\":\"https:\\\/\\\/quehacerpolitico.mx\\\/#website\"},\"primaryImageOfPage\":{\"@id\":\"https:\\\/\\\/quehacerpolitico.mx\\\/?p=16553#primaryimage\"},\"image\":{\"@id\":\"https:\\\/\\\/quehacerpolitico.mx\\\/?p=16553#primaryimage\"},\"thumbnailUrl\":\"\",\"datePublished\":\"2019-02-08T04:09:30+00:00\",\"author\":{\"@id\":\"https:\\\/\\\/quehacerpolitico.mx\\\/#\\\/schema\\\/person\\\/496d8ad2d1d3f8036101dca7ee39e585\"},\"breadcrumb\":{\"@id\":\"https:\\\/\\\/quehacerpolitico.mx\\\/?p=16553#breadcrumb\"},\"inLanguage\":\"es\",\"potentialAction\":[{\"@type\":\"ReadAction\",\"target\":[\"https:\\\/\\\/quehacerpolitico.mx\\\/?p=16553\"]}]},{\"@type\":\"ImageObject\",\"inLanguage\":\"es\",\"@id\":\"https:\\\/\\\/quehacerpolitico.mx\\\/?p=16553#primaryimage\",\"url\":\"\",\"contentUrl\":\"\"},{\"@type\":\"BreadcrumbList\",\"@id\":\"https:\\\/\\\/quehacerpolitico.mx\\\/?p=16553#breadcrumb\",\"itemListElement\":[{\"@type\":\"ListItem\",\"position\":1,\"name\":\"Inicio\",\"item\":\"https:\\\/\\\/quehacerpolitico.mx\\\/\"},{\"@type\":\"ListItem\",\"position\":2,\"name\":\"Internacionales\\\/\\\/\\\/Carolina Alonso Romei\\\/\\\/\\\/Arrestan a un &#8220;familiar&#8221; del &#8220;Chapo&#8221; en su juicio\"}]},{\"@type\":\"WebSite\",\"@id\":\"https:\\\/\\\/quehacerpolitico.mx\\\/#website\",\"url\":\"https:\\\/\\\/quehacerpolitico.mx\\\/\",\"name\":\"\",\"description\":\"\",\"potentialAction\":[{\"@type\":\"SearchAction\",\"target\":{\"@type\":\"EntryPoint\",\"urlTemplate\":\"https:\\\/\\\/quehacerpolitico.mx\\\/?s={search_term_string}\"},\"query-input\":{\"@type\":\"PropertyValueSpecification\",\"valueRequired\":true,\"valueName\":\"search_term_string\"}}],\"inLanguage\":\"es\"},{\"@type\":\"Person\",\"@id\":\"https:\\\/\\\/quehacerpolitico.mx\\\/#\\\/schema\\\/person\\\/496d8ad2d1d3f8036101dca7ee39e585\",\"name\":\"Redacci\u00f3n QP\",\"image\":{\"@type\":\"ImageObject\",\"inLanguage\":\"es\",\"@id\":\"https:\\\/\\\/secure.gravatar.com\\\/avatar\\\/c7164ed6fdec453195284ad24a5ae5b6e1eed2b848477fa2a4787ba9adf39a41?s=96&d=mm&r=g\",\"url\":\"https:\\\/\\\/secure.gravatar.com\\\/avatar\\\/c7164ed6fdec453195284ad24a5ae5b6e1eed2b848477fa2a4787ba9adf39a41?s=96&d=mm&r=g\",\"contentUrl\":\"https:\\\/\\\/secure.gravatar.com\\\/avatar\\\/c7164ed6fdec453195284ad24a5ae5b6e1eed2b848477fa2a4787ba9adf39a41?s=96&d=mm&r=g\",\"caption\":\"Redacci\u00f3n QP\"},\"url\":\"https:\\\/\\\/quehacerpolitico.mx\\\/?author=2\"}]}<\/script>\n<!-- \/ Yoast SEO plugin. -->","yoast_head_json":{"title":"Internacionales\/\/\/Carolina Alonso Romei\/\/\/Arrestan a un \"familiar\" del \"Chapo\" en su juicio -","robots":{"index":"index","follow":"follow","max-snippet":"max-snippet:-1","max-image-preview":"max-image-preview:large","max-video-preview":"max-video-preview:-1"},"canonical":"https:\/\/quehacerpolitico.mx\/?p=16553","og_locale":"es_MX","og_type":"article","og_title":"Internacionales\/\/\/Carolina Alonso Romei\/\/\/Arrestan a un \"familiar\" del \"Chapo\" en su juicio -","og_description":"Arrestan a un \"familiar\" del \"Chapo\" en su juicio Por Carolina Alonso Romei Internacionalista","og_url":"https:\/\/quehacerpolitico.mx\/?p=16553","article_published_time":"2019-02-08T04:09:30+00:00","author":"Redacci\u00f3n QP","twitter_card":"summary_large_image","twitter_misc":{"Escrito por":"Redacci\u00f3n QP","Tiempo de lectura":"3 minutos"},"schema":{"@context":"https:\/\/schema.org","@graph":[{"@type":"Article","@id":"https:\/\/quehacerpolitico.mx\/?p=16553#article","isPartOf":{"@id":"https:\/\/quehacerpolitico.mx\/?p=16553"},"author":{"name":"Redacci\u00f3n QP","@id":"https:\/\/quehacerpolitico.mx\/#\/schema\/person\/496d8ad2d1d3f8036101dca7ee39e585"},"headline":"Internacionales\/\/\/Carolina Alonso Romei\/\/\/Arrestan a un &#8220;familiar&#8221; del &#8220;Chapo&#8221; en su juicio","datePublished":"2019-02-08T04:09:30+00:00","mainEntityOfPage":{"@id":"https:\/\/quehacerpolitico.mx\/?p=16553"},"wordCount":541,"commentCount":0,"image":{"@id":"https:\/\/quehacerpolitico.mx\/?p=16553#primaryimage"},"thumbnailUrl":"","articleSection":["Internacionales"],"inLanguage":"es","potentialAction":[{"@type":"CommentAction","name":"Comment","target":["https:\/\/quehacerpolitico.mx\/?p=16553#respond"]}]},{"@type":"WebPage","@id":"https:\/\/quehacerpolitico.mx\/?p=16553","url":"https:\/\/quehacerpolitico.mx\/?p=16553","name":"Internacionales\/\/\/Carolina Alonso Romei\/\/\/Arrestan a un \"familiar\" del \"Chapo\" en su juicio -","isPartOf":{"@id":"https:\/\/quehacerpolitico.mx\/#website"},"primaryImageOfPage":{"@id":"https:\/\/quehacerpolitico.mx\/?p=16553#primaryimage"},"image":{"@id":"https:\/\/quehacerpolitico.mx\/?p=16553#primaryimage"},"thumbnailUrl":"","datePublished":"2019-02-08T04:09:30+00:00","author":{"@id":"https:\/\/quehacerpolitico.mx\/#\/schema\/person\/496d8ad2d1d3f8036101dca7ee39e585"},"breadcrumb":{"@id":"https:\/\/quehacerpolitico.mx\/?p=16553#breadcrumb"},"inLanguage":"es","potentialAction":[{"@type":"ReadAction","target":["https:\/\/quehacerpolitico.mx\/?p=16553"]}]},{"@type":"ImageObject","inLanguage":"es","@id":"https:\/\/quehacerpolitico.mx\/?p=16553#primaryimage","url":"","contentUrl":""},{"@type":"BreadcrumbList","@id":"https:\/\/quehacerpolitico.mx\/?p=16553#breadcrumb","itemListElement":[{"@type":"ListItem","position":1,"name":"Inicio","item":"https:\/\/quehacerpolitico.mx\/"},{"@type":"ListItem","position":2,"name":"Internacionales\/\/\/Carolina Alonso Romei\/\/\/Arrestan a un &#8220;familiar&#8221; del &#8220;Chapo&#8221; en su juicio"}]},{"@type":"WebSite","@id":"https:\/\/quehacerpolitico.mx\/#website","url":"https:\/\/quehacerpolitico.mx\/","name":"","description":"","potentialAction":[{"@type":"SearchAction","target":{"@type":"EntryPoint","urlTemplate":"https:\/\/quehacerpolitico.mx\/?s={search_term_string}"},"query-input":{"@type":"PropertyValueSpecification","valueRequired":true,"valueName":"search_term_string"}}],"inLanguage":"es"},{"@type":"Person","@id":"https:\/\/quehacerpolitico.mx\/#\/schema\/person\/496d8ad2d1d3f8036101dca7ee39e585","name":"Redacci\u00f3n QP","image":{"@type":"ImageObject","inLanguage":"es","@id":"https:\/\/secure.gravatar.com\/avatar\/c7164ed6fdec453195284ad24a5ae5b6e1eed2b848477fa2a4787ba9adf39a41?s=96&d=mm&r=g","url":"https:\/\/secure.gravatar.com\/avatar\/c7164ed6fdec453195284ad24a5ae5b6e1eed2b848477fa2a4787ba9adf39a41?s=96&d=mm&r=g","contentUrl":"https:\/\/secure.gravatar.com\/avatar\/c7164ed6fdec453195284ad24a5ae5b6e1eed2b848477fa2a4787ba9adf39a41?s=96&d=mm&r=g","caption":"Redacci\u00f3n QP"},"url":"https:\/\/quehacerpolitico.mx\/?author=2"}]}},"featured_image_urls":{"full":"","thumbnail":"","medium":"","medium_large":"","large":"","1536x1536":"","2048x2048":"","covernews-featured":"","covernews-medium":""},"author_info":{"display_name":"Redacci\u00f3n QP","author_link":"https:\/\/quehacerpolitico.mx\/?author=2"},"category_info":"<a href=\"https:\/\/quehacerpolitico.mx\/?cat=1\" rel=\"category\">Internacionales<\/a>","tag_info":"Internacionales","comment_count":"0","_links":{"self":[{"href":"https:\/\/quehacerpolitico.mx\/index.php?rest_route=\/wp\/v2\/posts\/16553","targetHints":{"allow":["GET"]}}],"collection":[{"href":"https:\/\/quehacerpolitico.mx\/index.php?rest_route=\/wp\/v2\/posts"}],"about":[{"href":"https:\/\/quehacerpolitico.mx\/index.php?rest_route=\/wp\/v2\/types\/post"}],"author":[{"embeddable":true,"href":"https:\/\/quehacerpolitico.mx\/index.php?rest_route=\/wp\/v2\/users\/2"}],"replies":[{"embeddable":true,"href":"https:\/\/quehacerpolitico.mx\/index.php?rest_route=%2Fwp%2Fv2%2Fcomments&post=16553"}],"version-history":[{"count":0,"href":"https:\/\/quehacerpolitico.mx\/index.php?rest_route=\/wp\/v2\/posts\/16553\/revisions"}],"wp:featuredmedia":[{"embeddable":true,"href":"https:\/\/quehacerpolitico.mx\/index.php?rest_route=\/"}],"wp:attachment":[{"href":"https:\/\/quehacerpolitico.mx\/index.php?rest_route=%2Fwp%2Fv2%2Fmedia&parent=16553"}],"wp:term":[{"taxonomy":"category","embeddable":true,"href":"https:\/\/quehacerpolitico.mx\/index.php?rest_route=%2Fwp%2Fv2%2Fcategories&post=16553"},{"taxonomy":"post_tag","embeddable":true,"href":"https:\/\/quehacerpolitico.mx\/index.php?rest_route=%2Fwp%2Fv2%2Ftags&post=16553"}],"curies":[{"name":"wp","href":"https:\/\/api.w.org\/{rel}","templated":true}]}}