{"id":16550,"date":"2019-02-08T04:01:44","date_gmt":"2019-02-08T04:01:44","guid":{"rendered":"http:\/\/quehacerpolitico.mx\/se-creara-una-fiscalia-especial-sobre-el-caso-ayotzinapa\/"},"modified":"2019-02-08T04:01:44","modified_gmt":"2019-02-08T04:01:44","slug":"se-creara-una-fiscalia-especial-sobre-el-caso-ayotzinapa","status":"publish","type":"post","link":"https:\/\/quehacerpolitico.mx\/?p=16550","title":{"rendered":"Se crear\u00e1 una Fiscal\u00eda Especial sobre el caso Ayotzinapa"},"content":{"rendered":"<h1 class=\"news-title\">Se crear\u00e1 una Fiscal\u00eda Especial sobre el caso Ayotzinapa<\/h1>\n<p>Por Redacci\u00f3n QP<\/p>\n<header class=\"news-header\">\n<div class=\"news-subtitle\">\n<p>Este organismo trabajar\u00e1 en coordinaci\u00f3n estrecha con la Comisi\u00f3n para la Verdad y el Acceso a la Justicia, informa la Segob<\/p>\n<\/div>\n<\/header>\n<div class=\"news-content\">\n<div class=\"news-body row\">\n<p>La Secretar\u00eda de Gobernaci\u00f3n (Segob) dio a conocer que se crear\u00e1 una Fiscal\u00eda Especial sobre el caso Ayotzinapa, que trabajar\u00e1 en estrecha coordinaci\u00f3n con la Comisi\u00f3n para la Verdad y Acceso a la Justicia sobre los hechos ocurridos el 26 y 27 de septiembre de 2014 a fin de dar con el paradero de los estudiantes normalistas.<\/p>\n<p>&#8220;El Fiscal General (de la Rep\u00fablica, Alejandro Gertz Manero), se comprometi\u00f3 a crear una Fiscal\u00eda Especial para el caso Ayotzinapa, que reponga y d\u00e9 un nuevo cauce a la investigaci\u00f3n penal en el caso&#8221;, indic\u00f3 la dependencia en un comunicado.<\/p>\n<p>El objetivo principal de la Fiscal\u00eda Especial <strong>ser\u00e1 dar con el paradero de los estudiantes, para lo cual trabajar\u00e1 en coordinaci\u00f3n estrecha con la Comisi\u00f3n para la Verdad y el Acceso a la Justicia<\/strong>, se\u00f1al\u00f3 Gertz Manero.<\/p>\n<p>Durante una reuni\u00f3n entre integrantes de la referida Comisi\u00f3n de la Verdad, encabezada por el subsecretario de Gobernaci\u00f3n, Alejandro Encinas, el Fiscal General reiter\u00f3 que no alcanzar la verdad en casos como el de Ayitzinapa\u00a0socavar\u00eda la credibilidad de la recientemente reformada instituci\u00f3n de procuraci\u00f3n de justicia.<\/p>\n<p>A su vez el subsecretario de Derechos Humanos, Poblaci\u00f3n y Migraci\u00f3n, Alejandro Encinas, resalt\u00f3 que toda la Administraci\u00f3n P\u00fablica Federal estar\u00e1 colaborando con la investigaci\u00f3n penal, como fue instruido en el Decreto Presidencial respectivo.<\/p>\n<p>En el encuentro, que forma parte de los compromisos adquiridos en la primera reuni\u00f3n de la Comisi\u00f3n para la Verdad, tambi\u00e9n estuvo una representaci\u00f3n de los padres y madres de los estudiantes de la Escuela Normal Rural de Ayotzinapa.<\/p>\n<p>Adem\u00e1s el representante de la Secretar\u00eda de Relaciones Exteriores (SRE), Cristopher Ballinas, y el secretario t\u00e9cnico de la Comisi\u00f3n, F\u00e9lix Santana.<\/p>\n<\/div>\n<\/div>\n","protected":false},"excerpt":{"rendered":"<p>Se crear\u00e1 una Fiscal\u00eda Especial sobre el caso Ayotzinapa<br \/>\nPor Redacci\u00f3n QP<\/p>\n","protected":false},"author":2,"featured_media":16549,"comment_status":"open","ping_status":"open","sticky":false,"template":"","format":"standard","meta":{"_monsterinsights_skip_tracking":false,"_monsterinsights_sitenote_active":false,"_monsterinsights_sitenote_note":"","_monsterinsights_sitenote_category":0,"footnotes":""},"categories":[2],"tags":[],"class_list":["post-16550","post","type-post","status-publish","format-standard","has-post-thumbnail","hentry","category-noticias"],"yoast_head":"<!-- This site is optimized with the Yoast SEO plugin v27.3 - https:\/\/yoast.com\/product\/yoast-seo-wordpress\/ -->\n<title>Se crear\u00e1 una Fiscal\u00eda Especial sobre el caso Ayotzinapa -<\/title>\n<meta name=\"robots\" content=\"index, follow, max-snippet:-1, max-image-preview:large, max-video-preview:-1\" \/>\n<link rel=\"canonical\" href=\"https:\/\/quehacerpolitico.mx\/?p=16550\" \/>\n<meta property=\"og:locale\" content=\"es_MX\" \/>\n<meta property=\"og:type\" content=\"article\" \/>\n<meta property=\"og:title\" content=\"Se crear\u00e1 una Fiscal\u00eda Especial sobre el caso Ayotzinapa -\" \/>\n<meta property=\"og:description\" content=\"Se crear\u00e1 una Fiscal\u00eda Especial sobre el caso Ayotzinapa Por Redacci\u00f3n QP\" \/>\n<meta property=\"og:url\" content=\"https:\/\/quehacerpolitico.mx\/?p=16550\" \/>\n<meta property=\"article:published_time\" content=\"2019-02-08T04:01:44+00:00\" \/>\n<meta name=\"author\" content=\"Redacci\u00f3n QP\" \/>\n<meta name=\"twitter:card\" content=\"summary_large_image\" \/>\n<meta name=\"twitter:label1\" content=\"Escrito por\" \/>\n\t<meta name=\"twitter:data1\" content=\"Redacci\u00f3n QP\" \/>\n\t<meta name=\"twitter:label2\" content=\"Tiempo de lectura\" \/>\n\t<meta name=\"twitter:data2\" content=\"2 minutos\" \/>\n<script type=\"application\/ld+json\" class=\"yoast-schema-graph\">{\"@context\":\"https:\\\/\\\/schema.org\",\"@graph\":[{\"@type\":\"Article\",\"@id\":\"https:\\\/\\\/quehacerpolitico.mx\\\/?p=16550#article\",\"isPartOf\":{\"@id\":\"https:\\\/\\\/quehacerpolitico.mx\\\/?p=16550\"},\"author\":{\"name\":\"Redacci\u00f3n QP\",\"@id\":\"https:\\\/\\\/quehacerpolitico.mx\\\/#\\\/schema\\\/person\\\/496d8ad2d1d3f8036101dca7ee39e585\"},\"headline\":\"Se crear\u00e1 una Fiscal\u00eda Especial sobre el caso Ayotzinapa\",\"datePublished\":\"2019-02-08T04:01:44+00:00\",\"mainEntityOfPage\":{\"@id\":\"https:\\\/\\\/quehacerpolitico.mx\\\/?p=16550\"},\"wordCount\":351,\"commentCount\":0,\"image\":{\"@id\":\"https:\\\/\\\/quehacerpolitico.mx\\\/?p=16550#primaryimage\"},\"thumbnailUrl\":\"\",\"articleSection\":[\"Noticias\"],\"inLanguage\":\"es\",\"potentialAction\":[{\"@type\":\"CommentAction\",\"name\":\"Comment\",\"target\":[\"https:\\\/\\\/quehacerpolitico.mx\\\/?p=16550#respond\"]}]},{\"@type\":\"WebPage\",\"@id\":\"https:\\\/\\\/quehacerpolitico.mx\\\/?p=16550\",\"url\":\"https:\\\/\\\/quehacerpolitico.mx\\\/?p=16550\",\"name\":\"Se crear\u00e1 una Fiscal\u00eda Especial sobre el caso Ayotzinapa -\",\"isPartOf\":{\"@id\":\"https:\\\/\\\/quehacerpolitico.mx\\\/#website\"},\"primaryImageOfPage\":{\"@id\":\"https:\\\/\\\/quehacerpolitico.mx\\\/?p=16550#primaryimage\"},\"image\":{\"@id\":\"https:\\\/\\\/quehacerpolitico.mx\\\/?p=16550#primaryimage\"},\"thumbnailUrl\":\"\",\"datePublished\":\"2019-02-08T04:01:44+00:00\",\"author\":{\"@id\":\"https:\\\/\\\/quehacerpolitico.mx\\\/#\\\/schema\\\/person\\\/496d8ad2d1d3f8036101dca7ee39e585\"},\"breadcrumb\":{\"@id\":\"https:\\\/\\\/quehacerpolitico.mx\\\/?p=16550#breadcrumb\"},\"inLanguage\":\"es\",\"potentialAction\":[{\"@type\":\"ReadAction\",\"target\":[\"https:\\\/\\\/quehacerpolitico.mx\\\/?p=16550\"]}]},{\"@type\":\"ImageObject\",\"inLanguage\":\"es\",\"@id\":\"https:\\\/\\\/quehacerpolitico.mx\\\/?p=16550#primaryimage\",\"url\":\"\",\"contentUrl\":\"\"},{\"@type\":\"BreadcrumbList\",\"@id\":\"https:\\\/\\\/quehacerpolitico.mx\\\/?p=16550#breadcrumb\",\"itemListElement\":[{\"@type\":\"ListItem\",\"position\":1,\"name\":\"Inicio\",\"item\":\"https:\\\/\\\/quehacerpolitico.mx\\\/\"},{\"@type\":\"ListItem\",\"position\":2,\"name\":\"Se crear\u00e1 una Fiscal\u00eda Especial sobre el caso Ayotzinapa\"}]},{\"@type\":\"WebSite\",\"@id\":\"https:\\\/\\\/quehacerpolitico.mx\\\/#website\",\"url\":\"https:\\\/\\\/quehacerpolitico.mx\\\/\",\"name\":\"\",\"description\":\"\",\"potentialAction\":[{\"@type\":\"SearchAction\",\"target\":{\"@type\":\"EntryPoint\",\"urlTemplate\":\"https:\\\/\\\/quehacerpolitico.mx\\\/?s={search_term_string}\"},\"query-input\":{\"@type\":\"PropertyValueSpecification\",\"valueRequired\":true,\"valueName\":\"search_term_string\"}}],\"inLanguage\":\"es\"},{\"@type\":\"Person\",\"@id\":\"https:\\\/\\\/quehacerpolitico.mx\\\/#\\\/schema\\\/person\\\/496d8ad2d1d3f8036101dca7ee39e585\",\"name\":\"Redacci\u00f3n QP\",\"image\":{\"@type\":\"ImageObject\",\"inLanguage\":\"es\",\"@id\":\"https:\\\/\\\/secure.gravatar.com\\\/avatar\\\/c7164ed6fdec453195284ad24a5ae5b6e1eed2b848477fa2a4787ba9adf39a41?s=96&d=mm&r=g\",\"url\":\"https:\\\/\\\/secure.gravatar.com\\\/avatar\\\/c7164ed6fdec453195284ad24a5ae5b6e1eed2b848477fa2a4787ba9adf39a41?s=96&d=mm&r=g\",\"contentUrl\":\"https:\\\/\\\/secure.gravatar.com\\\/avatar\\\/c7164ed6fdec453195284ad24a5ae5b6e1eed2b848477fa2a4787ba9adf39a41?s=96&d=mm&r=g\",\"caption\":\"Redacci\u00f3n QP\"},\"url\":\"https:\\\/\\\/quehacerpolitico.mx\\\/?author=2\"}]}<\/script>\n<!-- \/ Yoast SEO plugin. -->","yoast_head_json":{"title":"Se crear\u00e1 una Fiscal\u00eda Especial sobre el caso Ayotzinapa -","robots":{"index":"index","follow":"follow","max-snippet":"max-snippet:-1","max-image-preview":"max-image-preview:large","max-video-preview":"max-video-preview:-1"},"canonical":"https:\/\/quehacerpolitico.mx\/?p=16550","og_locale":"es_MX","og_type":"article","og_title":"Se crear\u00e1 una Fiscal\u00eda Especial sobre el caso Ayotzinapa -","og_description":"Se crear\u00e1 una Fiscal\u00eda Especial sobre el caso Ayotzinapa Por Redacci\u00f3n QP","og_url":"https:\/\/quehacerpolitico.mx\/?p=16550","article_published_time":"2019-02-08T04:01:44+00:00","author":"Redacci\u00f3n QP","twitter_card":"summary_large_image","twitter_misc":{"Escrito por":"Redacci\u00f3n QP","Tiempo de lectura":"2 minutos"},"schema":{"@context":"https:\/\/schema.org","@graph":[{"@type":"Article","@id":"https:\/\/quehacerpolitico.mx\/?p=16550#article","isPartOf":{"@id":"https:\/\/quehacerpolitico.mx\/?p=16550"},"author":{"name":"Redacci\u00f3n QP","@id":"https:\/\/quehacerpolitico.mx\/#\/schema\/person\/496d8ad2d1d3f8036101dca7ee39e585"},"headline":"Se crear\u00e1 una Fiscal\u00eda Especial sobre el caso Ayotzinapa","datePublished":"2019-02-08T04:01:44+00:00","mainEntityOfPage":{"@id":"https:\/\/quehacerpolitico.mx\/?p=16550"},"wordCount":351,"commentCount":0,"image":{"@id":"https:\/\/quehacerpolitico.mx\/?p=16550#primaryimage"},"thumbnailUrl":"","articleSection":["Noticias"],"inLanguage":"es","potentialAction":[{"@type":"CommentAction","name":"Comment","target":["https:\/\/quehacerpolitico.mx\/?p=16550#respond"]}]},{"@type":"WebPage","@id":"https:\/\/quehacerpolitico.mx\/?p=16550","url":"https:\/\/quehacerpolitico.mx\/?p=16550","name":"Se crear\u00e1 una Fiscal\u00eda Especial sobre el caso Ayotzinapa -","isPartOf":{"@id":"https:\/\/quehacerpolitico.mx\/#website"},"primaryImageOfPage":{"@id":"https:\/\/quehacerpolitico.mx\/?p=16550#primaryimage"},"image":{"@id":"https:\/\/quehacerpolitico.mx\/?p=16550#primaryimage"},"thumbnailUrl":"","datePublished":"2019-02-08T04:01:44+00:00","author":{"@id":"https:\/\/quehacerpolitico.mx\/#\/schema\/person\/496d8ad2d1d3f8036101dca7ee39e585"},"breadcrumb":{"@id":"https:\/\/quehacerpolitico.mx\/?p=16550#breadcrumb"},"inLanguage":"es","potentialAction":[{"@type":"ReadAction","target":["https:\/\/quehacerpolitico.mx\/?p=16550"]}]},{"@type":"ImageObject","inLanguage":"es","@id":"https:\/\/quehacerpolitico.mx\/?p=16550#primaryimage","url":"","contentUrl":""},{"@type":"BreadcrumbList","@id":"https:\/\/quehacerpolitico.mx\/?p=16550#breadcrumb","itemListElement":[{"@type":"ListItem","position":1,"name":"Inicio","item":"https:\/\/quehacerpolitico.mx\/"},{"@type":"ListItem","position":2,"name":"Se crear\u00e1 una Fiscal\u00eda Especial sobre el caso Ayotzinapa"}]},{"@type":"WebSite","@id":"https:\/\/quehacerpolitico.mx\/#website","url":"https:\/\/quehacerpolitico.mx\/","name":"","description":"","potentialAction":[{"@type":"SearchAction","target":{"@type":"EntryPoint","urlTemplate":"https:\/\/quehacerpolitico.mx\/?s={search_term_string}"},"query-input":{"@type":"PropertyValueSpecification","valueRequired":true,"valueName":"search_term_string"}}],"inLanguage":"es"},{"@type":"Person","@id":"https:\/\/quehacerpolitico.mx\/#\/schema\/person\/496d8ad2d1d3f8036101dca7ee39e585","name":"Redacci\u00f3n QP","image":{"@type":"ImageObject","inLanguage":"es","@id":"https:\/\/secure.gravatar.com\/avatar\/c7164ed6fdec453195284ad24a5ae5b6e1eed2b848477fa2a4787ba9adf39a41?s=96&d=mm&r=g","url":"https:\/\/secure.gravatar.com\/avatar\/c7164ed6fdec453195284ad24a5ae5b6e1eed2b848477fa2a4787ba9adf39a41?s=96&d=mm&r=g","contentUrl":"https:\/\/secure.gravatar.com\/avatar\/c7164ed6fdec453195284ad24a5ae5b6e1eed2b848477fa2a4787ba9adf39a41?s=96&d=mm&r=g","caption":"Redacci\u00f3n QP"},"url":"https:\/\/quehacerpolitico.mx\/?author=2"}]}},"featured_image_urls":{"full":"","thumbnail":"","medium":"","medium_large":"","large":"","1536x1536":"","2048x2048":"","covernews-featured":"","covernews-medium":""},"author_info":{"display_name":"Redacci\u00f3n QP","author_link":"https:\/\/quehacerpolitico.mx\/?author=2"},"category_info":"<a href=\"https:\/\/quehacerpolitico.mx\/?cat=2\" rel=\"category\">Noticias<\/a>","tag_info":"Noticias","comment_count":"0","_links":{"self":[{"href":"https:\/\/quehacerpolitico.mx\/index.php?rest_route=\/wp\/v2\/posts\/16550","targetHints":{"allow":["GET"]}}],"collection":[{"href":"https:\/\/quehacerpolitico.mx\/index.php?rest_route=\/wp\/v2\/posts"}],"about":[{"href":"https:\/\/quehacerpolitico.mx\/index.php?rest_route=\/wp\/v2\/types\/post"}],"author":[{"embeddable":true,"href":"https:\/\/quehacerpolitico.mx\/index.php?rest_route=\/wp\/v2\/users\/2"}],"replies":[{"embeddable":true,"href":"https:\/\/quehacerpolitico.mx\/index.php?rest_route=%2Fwp%2Fv2%2Fcomments&post=16550"}],"version-history":[{"count":0,"href":"https:\/\/quehacerpolitico.mx\/index.php?rest_route=\/wp\/v2\/posts\/16550\/revisions"}],"wp:featuredmedia":[{"embeddable":true,"href":"https:\/\/quehacerpolitico.mx\/index.php?rest_route=\/"}],"wp:attachment":[{"href":"https:\/\/quehacerpolitico.mx\/index.php?rest_route=%2Fwp%2Fv2%2Fmedia&parent=16550"}],"wp:term":[{"taxonomy":"category","embeddable":true,"href":"https:\/\/quehacerpolitico.mx\/index.php?rest_route=%2Fwp%2Fv2%2Fcategories&post=16550"},{"taxonomy":"post_tag","embeddable":true,"href":"https:\/\/quehacerpolitico.mx\/index.php?rest_route=%2Fwp%2Fv2%2Ftags&post=16550"}],"curies":[{"name":"wp","href":"https:\/\/api.w.org\/{rel}","templated":true}]}}