{"id":16541,"date":"2019-02-08T03:40:14","date_gmt":"2019-02-08T03:40:14","guid":{"rendered":"http:\/\/quehacerpolitico.mx\/el-congreso-de-veracruz-no-se-decide-y-prolonga-la-agonia-del-fiscal-de-yunes-jorge-winckler\/"},"modified":"2019-02-08T03:40:14","modified_gmt":"2019-02-08T03:40:14","slug":"el-congreso-de-veracruz-no-se-decide-y-prolonga-la-agonia-del-fiscal-de-yunes-jorge-winckler","status":"publish","type":"post","link":"https:\/\/quehacerpolitico.mx\/?p=16541","title":{"rendered":"El Congreso de Veracruz no se decide y prolonga la agon\u00eda del Fiscal de Yunes, Jorge Winckler"},"content":{"rendered":"<h1>El Congreso de Veracruz no se decide y prolonga la agon\u00eda del Fiscal de Yunes, Jorge Winckler<\/h1>\n<p>Por Redacci\u00f3n QP<\/p>\n<p>La sesi\u00f3n extraordinaria del Congreso de Veracruz para decidir si se aprueba el juicio pol\u00edtico contra Jorge Winckler, Fiscal General del Estado, fue suspendida la noche de este jueves y se pospuso para ma\u00f1ana a las 17:00 horas, inform\u00f3 Jorge Reyes Peralta, abogado del ex titular de Servicios Periciales, Gilberto \u2018N\u2019, quien present\u00f3 una demanda para dicho juicio.<\/p>\n<blockquote>\n<p>\u201cSe reanuda la sesi\u00f3n extraordinaria del @LegisVer ma\u00f1ana viernes 8 de febrero a las 17:00 horas en que se votar\u00e1 el dictamen del juicio pol\u00edtico que promuevo contra el @FGE_Veracruz @AbogadoWinckler mientras tanto \u2018nada para nadie&#8217;\u201d, public\u00f3 en su cuenta de Twitter.<\/p>\n<\/blockquote>\n<p>El\u00a0Congreso de Veracruz\u00a0discuti\u00f3 este jueves los dict\u00e1menes relativos al juicio pol\u00edtico en contra del\u00a0Fiscal, que en caso de proceder, abrir\u00edan la puerta para que el funcionario sea enjuiciado por acusaciones de tortura y desaparici\u00f3n forzada.<\/p>\n<blockquote class=\"twitter-tweet\" data-width=\"550\" data-dnt=\"true\">\n<p lang=\"es\" dir=\"ltr\">Se reanuda la sesi\u00f3n extraordinaria del <a href=\"https:\/\/twitter.com\/legisver?ref_src=twsrc%5Etfw\">@LegisVer<\/a> ma\u00f1ana viernes 8 de febrero a las 17:00 horas en que se votar\u00e1 el dictamen del juicio pol\u00edtico que promuevo contra el <a href=\"https:\/\/twitter.com\/FGE_Veracruz?ref_src=twsrc%5Etfw\">@FGE_Veracruz<\/a> <a href=\"https:\/\/twitter.com\/AbogadoWinckler?ref_src=twsrc%5Etfw\">@AbogadoWinckler<\/a> mientras tanto \u201cnada para nadie\u201d<\/p>\n<p>&mdash; Jorge Reyes Peralta (@JReyesPeralta) <a href=\"https:\/\/twitter.com\/JReyesPeralta\/status\/1093703042250219520?ref_src=twsrc%5Etfw\">February 8, 2019<\/a><\/p><\/blockquote>\n<p><script async src=\"https:\/\/platform.twitter.com\/widgets.js\" charset=\"utf-8\"><\/script><\/p>\n<p>Desde las 17:00 horas, los diputados arribaron a la sesi\u00f3n extraordinaria que se realiz\u00f3 a puerta cerrada y sin la presencia de medios de comunicaci\u00f3n. De acuerdo con los protocolos,\u00a0Winckler Ortiz tendr\u00eda la oportunidad de hablar sobre el caso frente a los legisladores, para que posteriormente cada fracci\u00f3n parlamentaria diera su posicionamiento.<\/p>\n<blockquote>\n<p>\u201cHoy inicia la sesi\u00f3n extraordinaria, en la cual, el pleno de este Congreso tiene la oportunidad de que 34 diputados por lo menos atiendan el reclamo de Veracruz que le urge que se vaya el Fiscal General del Estado,\u00a0Jorge Winckler, y que esta soberan\u00eda designe un nuevo Fiscal\u201d, dijo Reyes Peralta en un video compartido en sus redes sociales esta tarde.<\/p>\n<blockquote class=\"twitter-tweet\" data-width=\"550\" data-dnt=\"true\">\n<p lang=\"es\" dir=\"ltr\">En <a href=\"https:\/\/twitter.com\/legisver?ref_src=twsrc%5Etfw\">@LegisVer<\/a> en el JUICIO POL\u00cdTICO al <a href=\"https:\/\/twitter.com\/FGE_Veracruz?ref_src=twsrc%5Etfw\">@FGE_Veracruz<\/a> <a href=\"https:\/\/twitter.com\/AbogadoWinckler?ref_src=twsrc%5Etfw\">@AbogadoWinckler<\/a> sesi\u00f3n extraordinaria 7 de febrero de 2019 <a href=\"https:\/\/t.co\/JW9FuhSyKH\">pic.twitter.com\/JW9FuhSyKH<\/a><\/p>\n<p>&mdash; Jorge Reyes Peralta (@JReyesPeralta) <a href=\"https:\/\/twitter.com\/JReyesPeralta\/status\/1093648394751565824?ref_src=twsrc%5Etfw\">February 7, 2019<\/a><\/p><\/blockquote>\n<p><script async src=\"https:\/\/platform.twitter.com\/widgets.js\" charset=\"utf-8\"><\/script><\/p>\n<p>A trav\u00e9s de su portal, el Congreso de la entidad inform\u00f3 hace dos d\u00edas que la discusi\u00f3n se celebrar\u00eda \u201cdurante la primera sesi\u00f3n extraordinaria\u201d, a partir de las 17:00 horas. Los dict\u00e1menes que se revisan fueron aprobados por la Comisi\u00f3n Permanente Instructora el pasado 29 y 30 de enero.<\/p>\n<blockquote>\n<p>Jorge Winckler Ortiz fue acusado de desaparici\u00f3n forzada en contra de Francisco Z\u00e1rate Avi\u00f1a, quien se\u00f1ala al Fiscal como responsable de haberlo mantenido privado de su libertad para que revelara la ubicaci\u00f3n del ex Fiscal, Luis \u00c1ngel Bravo, para quien trabajaba como jefe de escoltas.<\/p>\n<\/blockquote>\n<p>Adem\u00e1s, d\u00edas antes se dio a conocer que un juez desech\u00f3 el amparo con el que Winckler buscaba evitar este juicio pol\u00edtico. Con dicho recurso legal, el funcionario trat\u00f3 de defenderse de la denuncia que present\u00f3 Gilberto Aguirre Garza, quien fue director general de Servicios Periciales en Veracruz durante el sexenio del ex Gobernador priista Javier Duarte, y acus\u00f3 al actual Fiscal por el delito de tortura.<\/p>\n<p><strong>FISCAL TRAMITA 7 AMPAROS PARA EVITAR DESTITUCI\u00d3N<\/strong><\/p>\n<p>El Fiscal General del Estado ha tramitado siete amparos para evitar ser destituido del cargo, inform\u00f3 Jorge Reyes Peralta, abogado de Gilberto \u201cN\u201d, ex funcionario de la SPP y presunto prestanombres de Arturo Berm\u00fadez Zurita.<\/p>\n<p>\u00c9l se\u00f1ala violaciones a los derechos fundamentales y tortura al interior del penal de Pacho Viejo, ubicado en el municipio de Coatepec.<\/p>\n<p>Por este n\u00famero de amparos, dijo que se trata de una exageraci\u00f3n por tratar de evitar un proceso en su contra.<\/p>\n<p>Durante una rueda de prensa, celebrada la ma\u00f1ana del martes pasado, Jorge Reyes Peralta indic\u00f3 que la \u00fanica forma en que le pueden aplicar el juicio pol\u00edtico al Fiscal, es la denuncia que \u00e9l ha interpuesto.<\/p>\n<blockquote>\n<p>\u201cLa conducta del Fiscal que lleva siete amparos, encuadra en el delito de la Ley de Amparo en vigor del art\u00edculo 261, dice que se impondr\u00e1 una pena de dos a seis a\u00f1os de prisi\u00f3n al quejoso si con el prop\u00f3sito de obtener una ventaja procesal indebida en la demanda afirme hechos falsos u omitan que le causen con el acto que reclama\u201d.<\/p>\n<\/blockquote>\n<p>\u201cLa \u00fanica forma que le pueden aplicar al Fiscal para que sea retirado del cargo como Fiscal General del Estado es el Juicio Pol\u00edtico que estoy promoviendo\u201d, refiri\u00f3 Reyes Peralta.<\/p>\n<p>Por \u00faltimo, expres\u00f3 que est\u00e1 a la espera de los dict\u00e1menes en el Congreso del Estado para que Winckler Ortiz sea separado del cargo como Fiscal General del Estado.<\/p>\n<p><em>Con informaci\u00f3n de Plumas Libres<\/em><\/p>\n<\/blockquote>\n","protected":false},"excerpt":{"rendered":"<p>El Congreso de Veracruz no se decide y prolonga la agon\u00eda del Fiscal de Yunes, Jorge Winckler<br \/>\nPor Redacci\u00f3n QP<\/p>\n","protected":false},"author":2,"featured_media":16540,"comment_status":"open","ping_status":"open","sticky":false,"template":"","format":"standard","meta":{"_monsterinsights_skip_tracking":false,"_monsterinsights_sitenote_active":false,"_monsterinsights_sitenote_note":"","_monsterinsights_sitenote_category":0,"footnotes":""},"categories":[2],"tags":[],"class_list":["post-16541","post","type-post","status-publish","format-standard","has-post-thumbnail","hentry","category-noticias"],"yoast_head":"<!-- This site is optimized with the Yoast SEO plugin v27.3 - https:\/\/yoast.com\/product\/yoast-seo-wordpress\/ -->\n<title>El Congreso de Veracruz no se decide y prolonga la agon\u00eda del Fiscal de Yunes, Jorge Winckler -<\/title>\n<meta name=\"robots\" content=\"index, follow, max-snippet:-1, max-image-preview:large, max-video-preview:-1\" \/>\n<link rel=\"canonical\" href=\"https:\/\/quehacerpolitico.mx\/?p=16541\" \/>\n<meta property=\"og:locale\" content=\"es_MX\" \/>\n<meta property=\"og:type\" content=\"article\" \/>\n<meta property=\"og:title\" content=\"El Congreso de Veracruz no se decide y prolonga la agon\u00eda del Fiscal de Yunes, Jorge Winckler -\" \/>\n<meta property=\"og:description\" content=\"El Congreso de Veracruz no se decide y prolonga la agon\u00eda del Fiscal de Yunes, Jorge Winckler Por Redacci\u00f3n QP\" \/>\n<meta property=\"og:url\" content=\"https:\/\/quehacerpolitico.mx\/?p=16541\" \/>\n<meta property=\"article:published_time\" content=\"2019-02-08T03:40:14+00:00\" \/>\n<meta name=\"author\" content=\"Redacci\u00f3n QP\" \/>\n<meta name=\"twitter:card\" content=\"summary_large_image\" \/>\n<meta name=\"twitter:label1\" content=\"Escrito por\" \/>\n\t<meta name=\"twitter:data1\" content=\"Redacci\u00f3n QP\" \/>\n\t<meta name=\"twitter:label2\" content=\"Tiempo de lectura\" \/>\n\t<meta name=\"twitter:data2\" content=\"4 minutos\" \/>\n<script type=\"application\/ld+json\" class=\"yoast-schema-graph\">{\"@context\":\"https:\\\/\\\/schema.org\",\"@graph\":[{\"@type\":\"Article\",\"@id\":\"https:\\\/\\\/quehacerpolitico.mx\\\/?p=16541#article\",\"isPartOf\":{\"@id\":\"https:\\\/\\\/quehacerpolitico.mx\\\/?p=16541\"},\"author\":{\"name\":\"Redacci\u00f3n QP\",\"@id\":\"https:\\\/\\\/quehacerpolitico.mx\\\/#\\\/schema\\\/person\\\/496d8ad2d1d3f8036101dca7ee39e585\"},\"headline\":\"El Congreso de Veracruz no se decide y prolonga la agon\u00eda del Fiscal de Yunes, Jorge Winckler\",\"datePublished\":\"2019-02-08T03:40:14+00:00\",\"mainEntityOfPage\":{\"@id\":\"https:\\\/\\\/quehacerpolitico.mx\\\/?p=16541\"},\"wordCount\":750,\"commentCount\":0,\"image\":{\"@id\":\"https:\\\/\\\/quehacerpolitico.mx\\\/?p=16541#primaryimage\"},\"thumbnailUrl\":\"\",\"articleSection\":[\"Noticias\"],\"inLanguage\":\"es\",\"potentialAction\":[{\"@type\":\"CommentAction\",\"name\":\"Comment\",\"target\":[\"https:\\\/\\\/quehacerpolitico.mx\\\/?p=16541#respond\"]}]},{\"@type\":\"WebPage\",\"@id\":\"https:\\\/\\\/quehacerpolitico.mx\\\/?p=16541\",\"url\":\"https:\\\/\\\/quehacerpolitico.mx\\\/?p=16541\",\"name\":\"El Congreso de Veracruz no se decide y prolonga la agon\u00eda del Fiscal de Yunes, Jorge Winckler -\",\"isPartOf\":{\"@id\":\"https:\\\/\\\/quehacerpolitico.mx\\\/#website\"},\"primaryImageOfPage\":{\"@id\":\"https:\\\/\\\/quehacerpolitico.mx\\\/?p=16541#primaryimage\"},\"image\":{\"@id\":\"https:\\\/\\\/quehacerpolitico.mx\\\/?p=16541#primaryimage\"},\"thumbnailUrl\":\"\",\"datePublished\":\"2019-02-08T03:40:14+00:00\",\"author\":{\"@id\":\"https:\\\/\\\/quehacerpolitico.mx\\\/#\\\/schema\\\/person\\\/496d8ad2d1d3f8036101dca7ee39e585\"},\"breadcrumb\":{\"@id\":\"https:\\\/\\\/quehacerpolitico.mx\\\/?p=16541#breadcrumb\"},\"inLanguage\":\"es\",\"potentialAction\":[{\"@type\":\"ReadAction\",\"target\":[\"https:\\\/\\\/quehacerpolitico.mx\\\/?p=16541\"]}]},{\"@type\":\"ImageObject\",\"inLanguage\":\"es\",\"@id\":\"https:\\\/\\\/quehacerpolitico.mx\\\/?p=16541#primaryimage\",\"url\":\"\",\"contentUrl\":\"\"},{\"@type\":\"BreadcrumbList\",\"@id\":\"https:\\\/\\\/quehacerpolitico.mx\\\/?p=16541#breadcrumb\",\"itemListElement\":[{\"@type\":\"ListItem\",\"position\":1,\"name\":\"Inicio\",\"item\":\"https:\\\/\\\/quehacerpolitico.mx\\\/\"},{\"@type\":\"ListItem\",\"position\":2,\"name\":\"El Congreso de Veracruz no se decide y prolonga la agon\u00eda del Fiscal de Yunes, Jorge Winckler\"}]},{\"@type\":\"WebSite\",\"@id\":\"https:\\\/\\\/quehacerpolitico.mx\\\/#website\",\"url\":\"https:\\\/\\\/quehacerpolitico.mx\\\/\",\"name\":\"\",\"description\":\"\",\"potentialAction\":[{\"@type\":\"SearchAction\",\"target\":{\"@type\":\"EntryPoint\",\"urlTemplate\":\"https:\\\/\\\/quehacerpolitico.mx\\\/?s={search_term_string}\"},\"query-input\":{\"@type\":\"PropertyValueSpecification\",\"valueRequired\":true,\"valueName\":\"search_term_string\"}}],\"inLanguage\":\"es\"},{\"@type\":\"Person\",\"@id\":\"https:\\\/\\\/quehacerpolitico.mx\\\/#\\\/schema\\\/person\\\/496d8ad2d1d3f8036101dca7ee39e585\",\"name\":\"Redacci\u00f3n QP\",\"image\":{\"@type\":\"ImageObject\",\"inLanguage\":\"es\",\"@id\":\"https:\\\/\\\/secure.gravatar.com\\\/avatar\\\/c7164ed6fdec453195284ad24a5ae5b6e1eed2b848477fa2a4787ba9adf39a41?s=96&d=mm&r=g\",\"url\":\"https:\\\/\\\/secure.gravatar.com\\\/avatar\\\/c7164ed6fdec453195284ad24a5ae5b6e1eed2b848477fa2a4787ba9adf39a41?s=96&d=mm&r=g\",\"contentUrl\":\"https:\\\/\\\/secure.gravatar.com\\\/avatar\\\/c7164ed6fdec453195284ad24a5ae5b6e1eed2b848477fa2a4787ba9adf39a41?s=96&d=mm&r=g\",\"caption\":\"Redacci\u00f3n QP\"},\"url\":\"https:\\\/\\\/quehacerpolitico.mx\\\/?author=2\"}]}<\/script>\n<!-- \/ Yoast SEO plugin. -->","yoast_head_json":{"title":"El Congreso de Veracruz no se decide y prolonga la agon\u00eda del Fiscal de Yunes, Jorge Winckler -","robots":{"index":"index","follow":"follow","max-snippet":"max-snippet:-1","max-image-preview":"max-image-preview:large","max-video-preview":"max-video-preview:-1"},"canonical":"https:\/\/quehacerpolitico.mx\/?p=16541","og_locale":"es_MX","og_type":"article","og_title":"El Congreso de Veracruz no se decide y prolonga la agon\u00eda del Fiscal de Yunes, Jorge Winckler -","og_description":"El Congreso de Veracruz no se decide y prolonga la agon\u00eda del Fiscal de Yunes, Jorge Winckler Por Redacci\u00f3n QP","og_url":"https:\/\/quehacerpolitico.mx\/?p=16541","article_published_time":"2019-02-08T03:40:14+00:00","author":"Redacci\u00f3n QP","twitter_card":"summary_large_image","twitter_misc":{"Escrito por":"Redacci\u00f3n QP","Tiempo de lectura":"4 minutos"},"schema":{"@context":"https:\/\/schema.org","@graph":[{"@type":"Article","@id":"https:\/\/quehacerpolitico.mx\/?p=16541#article","isPartOf":{"@id":"https:\/\/quehacerpolitico.mx\/?p=16541"},"author":{"name":"Redacci\u00f3n QP","@id":"https:\/\/quehacerpolitico.mx\/#\/schema\/person\/496d8ad2d1d3f8036101dca7ee39e585"},"headline":"El Congreso de Veracruz no se decide y prolonga la agon\u00eda del Fiscal de Yunes, Jorge Winckler","datePublished":"2019-02-08T03:40:14+00:00","mainEntityOfPage":{"@id":"https:\/\/quehacerpolitico.mx\/?p=16541"},"wordCount":750,"commentCount":0,"image":{"@id":"https:\/\/quehacerpolitico.mx\/?p=16541#primaryimage"},"thumbnailUrl":"","articleSection":["Noticias"],"inLanguage":"es","potentialAction":[{"@type":"CommentAction","name":"Comment","target":["https:\/\/quehacerpolitico.mx\/?p=16541#respond"]}]},{"@type":"WebPage","@id":"https:\/\/quehacerpolitico.mx\/?p=16541","url":"https:\/\/quehacerpolitico.mx\/?p=16541","name":"El Congreso de Veracruz no se decide y prolonga la agon\u00eda del Fiscal de Yunes, Jorge Winckler -","isPartOf":{"@id":"https:\/\/quehacerpolitico.mx\/#website"},"primaryImageOfPage":{"@id":"https:\/\/quehacerpolitico.mx\/?p=16541#primaryimage"},"image":{"@id":"https:\/\/quehacerpolitico.mx\/?p=16541#primaryimage"},"thumbnailUrl":"","datePublished":"2019-02-08T03:40:14+00:00","author":{"@id":"https:\/\/quehacerpolitico.mx\/#\/schema\/person\/496d8ad2d1d3f8036101dca7ee39e585"},"breadcrumb":{"@id":"https:\/\/quehacerpolitico.mx\/?p=16541#breadcrumb"},"inLanguage":"es","potentialAction":[{"@type":"ReadAction","target":["https:\/\/quehacerpolitico.mx\/?p=16541"]}]},{"@type":"ImageObject","inLanguage":"es","@id":"https:\/\/quehacerpolitico.mx\/?p=16541#primaryimage","url":"","contentUrl":""},{"@type":"BreadcrumbList","@id":"https:\/\/quehacerpolitico.mx\/?p=16541#breadcrumb","itemListElement":[{"@type":"ListItem","position":1,"name":"Inicio","item":"https:\/\/quehacerpolitico.mx\/"},{"@type":"ListItem","position":2,"name":"El Congreso de Veracruz no se decide y prolonga la agon\u00eda del Fiscal de Yunes, Jorge Winckler"}]},{"@type":"WebSite","@id":"https:\/\/quehacerpolitico.mx\/#website","url":"https:\/\/quehacerpolitico.mx\/","name":"","description":"","potentialAction":[{"@type":"SearchAction","target":{"@type":"EntryPoint","urlTemplate":"https:\/\/quehacerpolitico.mx\/?s={search_term_string}"},"query-input":{"@type":"PropertyValueSpecification","valueRequired":true,"valueName":"search_term_string"}}],"inLanguage":"es"},{"@type":"Person","@id":"https:\/\/quehacerpolitico.mx\/#\/schema\/person\/496d8ad2d1d3f8036101dca7ee39e585","name":"Redacci\u00f3n QP","image":{"@type":"ImageObject","inLanguage":"es","@id":"https:\/\/secure.gravatar.com\/avatar\/c7164ed6fdec453195284ad24a5ae5b6e1eed2b848477fa2a4787ba9adf39a41?s=96&d=mm&r=g","url":"https:\/\/secure.gravatar.com\/avatar\/c7164ed6fdec453195284ad24a5ae5b6e1eed2b848477fa2a4787ba9adf39a41?s=96&d=mm&r=g","contentUrl":"https:\/\/secure.gravatar.com\/avatar\/c7164ed6fdec453195284ad24a5ae5b6e1eed2b848477fa2a4787ba9adf39a41?s=96&d=mm&r=g","caption":"Redacci\u00f3n QP"},"url":"https:\/\/quehacerpolitico.mx\/?author=2"}]}},"featured_image_urls":{"full":"","thumbnail":"","medium":"","medium_large":"","large":"","1536x1536":"","2048x2048":"","covernews-featured":"","covernews-medium":""},"author_info":{"display_name":"Redacci\u00f3n QP","author_link":"https:\/\/quehacerpolitico.mx\/?author=2"},"category_info":"<a href=\"https:\/\/quehacerpolitico.mx\/?cat=2\" rel=\"category\">Noticias<\/a>","tag_info":"Noticias","comment_count":"0","_links":{"self":[{"href":"https:\/\/quehacerpolitico.mx\/index.php?rest_route=\/wp\/v2\/posts\/16541","targetHints":{"allow":["GET"]}}],"collection":[{"href":"https:\/\/quehacerpolitico.mx\/index.php?rest_route=\/wp\/v2\/posts"}],"about":[{"href":"https:\/\/quehacerpolitico.mx\/index.php?rest_route=\/wp\/v2\/types\/post"}],"author":[{"embeddable":true,"href":"https:\/\/quehacerpolitico.mx\/index.php?rest_route=\/wp\/v2\/users\/2"}],"replies":[{"embeddable":true,"href":"https:\/\/quehacerpolitico.mx\/index.php?rest_route=%2Fwp%2Fv2%2Fcomments&post=16541"}],"version-history":[{"count":0,"href":"https:\/\/quehacerpolitico.mx\/index.php?rest_route=\/wp\/v2\/posts\/16541\/revisions"}],"wp:featuredmedia":[{"embeddable":true,"href":"https:\/\/quehacerpolitico.mx\/index.php?rest_route=\/"}],"wp:attachment":[{"href":"https:\/\/quehacerpolitico.mx\/index.php?rest_route=%2Fwp%2Fv2%2Fmedia&parent=16541"}],"wp:term":[{"taxonomy":"category","embeddable":true,"href":"https:\/\/quehacerpolitico.mx\/index.php?rest_route=%2Fwp%2Fv2%2Fcategories&post=16541"},{"taxonomy":"post_tag","embeddable":true,"href":"https:\/\/quehacerpolitico.mx\/index.php?rest_route=%2Fwp%2Fv2%2Ftags&post=16541"}],"curies":[{"name":"wp","href":"https:\/\/api.w.org\/{rel}","templated":true}]}}