{"id":16398,"date":"2019-02-07T02:24:54","date_gmt":"2019-02-07T02:24:54","guid":{"rendered":"http:\/\/quehacerpolitico.mx\/recuperan-cuerpo-de-avioneta-en-que-viajaba-emiliano-sala\/"},"modified":"2019-02-07T02:24:54","modified_gmt":"2019-02-07T02:24:54","slug":"recuperan-cuerpo-de-avioneta-en-que-viajaba-emiliano-sala","status":"publish","type":"post","link":"https:\/\/quehacerpolitico.mx\/?p=16398","title":{"rendered":"Recuperan cuerpo de avioneta en que viajaba Emiliano Sala"},"content":{"rendered":"<h1 class=\"news-title\">Recuperan cuerpo de avioneta en que viajaba Emiliano Sala<\/h1>\n<p>Por Redacci\u00f3n QP<\/p>\n<header class=\"news-header\">\n<div class=\"news-subtitle\">\n<p>Esperan que la polic\u00eda ofrezca la identidad confirmada de los restos despu\u00e9s de los ex\u00e1menes de los ex\u00e1menes de rigor.<\/p>\n<\/div>\n<\/header>\n<div class=\"news-content\">\n<div class=\"news-body row\">\n<p>Las autoridades recuperaron un cad\u00e1ver de los restos en el fondo del mar de la avioneta en que viajaban el futbolista argentino Emiliano Sala\u00a0y su piloto.<\/p>\n<div id=\"div-gpt-ad-1548262875188-0\" data-google-query-id=\"CLrhyfDHqOACFcwWYgodGrYLOw\">\n<div id=\"google_ads_iframe_\/1001694\/INF_intext_1_0__container__\">Sin embargo, funcionarios de la agencia de investigaci\u00f3n de accidentes a\u00e9reos de Gran Breta\u00f1a (AAIB) <strong>no han se\u00f1alado si se trata del cuerpo de Sala, quien reci\u00e9n hab\u00eda sido fichado por el club Cardiff de la Liga Premier, o es del piloto David Ibbotson.<\/strong><\/div>\n<\/div>\n<div id=\"div-pos-2\">\u00a0<\/div>\n<div id=\"div-gpt-ad-1539621784980-0\" data-google-query-id=\"CLvhyfDHqOACFcwWYgodGrYLOw\">\n<div id=\"google_ads_iframe_\/1001694\/1x1Mobile_0__container__\">S\u00f3lo ellos dos iban a bordo de la avioneta que desapareci\u00f3 recio\u00a0del radar sobre el Canal de la Mancha el 21 de enero, en vuelo de la ciudad francesa de Nantes a Cardiff, la capital de Gales.<\/div>\n<\/div>\n<p>La rama de investigaci\u00f3n de accidentes a\u00e9reos\u00a0indic\u00f3 que <strong>el cuerpo fue recuperado bajo &#8220;condiciones desafiantes&#8221;<\/strong> en un &#8220;operativo realizado de la manera m\u00e1s respetuosa posible y se mantuvo informadas a las familias de los avances&#8221;.<\/p>\n<p>El cad\u00e1ver ser\u00e1 entregado a un m\u00e9dico forense, y <strong>se espera que la polic\u00eda ofrezca la identidad confirmada del cuerpo despu\u00e9s de un examen minucioso.<\/strong><\/p>\n<p>Los investigadores a\u00fan no han recuperado los restos de la avioneta, que volaba de Nantes a Cardiff despu\u00e9s que el delantero de 28 a\u00f1os fuera transferido del club franc\u00e9s al equipo de la Premier de la capital galesa. No obstante, la AAIB explic\u00f3 que se prev\u00e9 que un veh\u00edculo submarino operado a control remoto pueda &#8220;proporcionar evidencia valiosa para nuestra investigaci\u00f3n de seguridad&#8221;.<\/p>\n<p>Los restos fueron localizados el domingo luego que la familia del jugador recaudo fondos\u00a0para iniciar una b\u00fasqueda privada con David Mearns, un estadounidense especialista en la detecci\u00f3n de naufragios, en colaboraci\u00f3n con investigadores brit\u00e1nicos.<\/p>\n<\/div>\n<\/div>\n","protected":false},"excerpt":{"rendered":"<p>Recuperan cuerpo de avioneta en que viajaba Emiliano Sala<br \/>\nPor Redacci\u00f3n QP<\/p>\n","protected":false},"author":2,"featured_media":16397,"comment_status":"open","ping_status":"open","sticky":false,"template":"","format":"standard","meta":{"_monsterinsights_skip_tracking":false,"_monsterinsights_sitenote_active":false,"_monsterinsights_sitenote_note":"","_monsterinsights_sitenote_category":0,"footnotes":""},"categories":[54],"tags":[],"class_list":["post-16398","post","type-post","status-publish","format-standard","has-post-thumbnail","hentry","category-deportes"],"yoast_head":"<!-- This site is optimized with the Yoast SEO plugin v27.3 - https:\/\/yoast.com\/product\/yoast-seo-wordpress\/ -->\n<title>Recuperan cuerpo de avioneta en que viajaba Emiliano Sala -<\/title>\n<meta name=\"robots\" content=\"index, follow, max-snippet:-1, max-image-preview:large, max-video-preview:-1\" \/>\n<link rel=\"canonical\" href=\"https:\/\/quehacerpolitico.mx\/?p=16398\" \/>\n<meta property=\"og:locale\" content=\"es_MX\" \/>\n<meta property=\"og:type\" content=\"article\" \/>\n<meta property=\"og:title\" content=\"Recuperan cuerpo de avioneta en que viajaba Emiliano Sala -\" \/>\n<meta property=\"og:description\" content=\"Recuperan cuerpo de avioneta en que viajaba Emiliano Sala Por Redacci\u00f3n QP\" \/>\n<meta property=\"og:url\" content=\"https:\/\/quehacerpolitico.mx\/?p=16398\" \/>\n<meta property=\"article:published_time\" content=\"2019-02-07T02:24:54+00:00\" \/>\n<meta name=\"author\" content=\"Redacci\u00f3n QP\" \/>\n<meta name=\"twitter:card\" content=\"summary_large_image\" \/>\n<meta name=\"twitter:label1\" content=\"Escrito por\" \/>\n\t<meta name=\"twitter:data1\" content=\"Redacci\u00f3n QP\" \/>\n\t<meta name=\"twitter:label2\" content=\"Tiempo de lectura\" \/>\n\t<meta name=\"twitter:data2\" content=\"2 minutos\" \/>\n<script type=\"application\/ld+json\" class=\"yoast-schema-graph\">{\"@context\":\"https:\\\/\\\/schema.org\",\"@graph\":[{\"@type\":\"Article\",\"@id\":\"https:\\\/\\\/quehacerpolitico.mx\\\/?p=16398#article\",\"isPartOf\":{\"@id\":\"https:\\\/\\\/quehacerpolitico.mx\\\/?p=16398\"},\"author\":{\"name\":\"Redacci\u00f3n QP\",\"@id\":\"https:\\\/\\\/quehacerpolitico.mx\\\/#\\\/schema\\\/person\\\/496d8ad2d1d3f8036101dca7ee39e585\"},\"headline\":\"Recuperan cuerpo de avioneta en que viajaba Emiliano Sala\",\"datePublished\":\"2019-02-07T02:24:54+00:00\",\"mainEntityOfPage\":{\"@id\":\"https:\\\/\\\/quehacerpolitico.mx\\\/?p=16398\"},\"wordCount\":337,\"commentCount\":0,\"image\":{\"@id\":\"https:\\\/\\\/quehacerpolitico.mx\\\/?p=16398#primaryimage\"},\"thumbnailUrl\":\"\",\"articleSection\":[\"Deportes\"],\"inLanguage\":\"es\",\"potentialAction\":[{\"@type\":\"CommentAction\",\"name\":\"Comment\",\"target\":[\"https:\\\/\\\/quehacerpolitico.mx\\\/?p=16398#respond\"]}]},{\"@type\":\"WebPage\",\"@id\":\"https:\\\/\\\/quehacerpolitico.mx\\\/?p=16398\",\"url\":\"https:\\\/\\\/quehacerpolitico.mx\\\/?p=16398\",\"name\":\"Recuperan cuerpo de avioneta en que viajaba Emiliano Sala -\",\"isPartOf\":{\"@id\":\"https:\\\/\\\/quehacerpolitico.mx\\\/#website\"},\"primaryImageOfPage\":{\"@id\":\"https:\\\/\\\/quehacerpolitico.mx\\\/?p=16398#primaryimage\"},\"image\":{\"@id\":\"https:\\\/\\\/quehacerpolitico.mx\\\/?p=16398#primaryimage\"},\"thumbnailUrl\":\"\",\"datePublished\":\"2019-02-07T02:24:54+00:00\",\"author\":{\"@id\":\"https:\\\/\\\/quehacerpolitico.mx\\\/#\\\/schema\\\/person\\\/496d8ad2d1d3f8036101dca7ee39e585\"},\"breadcrumb\":{\"@id\":\"https:\\\/\\\/quehacerpolitico.mx\\\/?p=16398#breadcrumb\"},\"inLanguage\":\"es\",\"potentialAction\":[{\"@type\":\"ReadAction\",\"target\":[\"https:\\\/\\\/quehacerpolitico.mx\\\/?p=16398\"]}]},{\"@type\":\"ImageObject\",\"inLanguage\":\"es\",\"@id\":\"https:\\\/\\\/quehacerpolitico.mx\\\/?p=16398#primaryimage\",\"url\":\"\",\"contentUrl\":\"\"},{\"@type\":\"BreadcrumbList\",\"@id\":\"https:\\\/\\\/quehacerpolitico.mx\\\/?p=16398#breadcrumb\",\"itemListElement\":[{\"@type\":\"ListItem\",\"position\":1,\"name\":\"Inicio\",\"item\":\"https:\\\/\\\/quehacerpolitico.mx\\\/\"},{\"@type\":\"ListItem\",\"position\":2,\"name\":\"Recuperan cuerpo de avioneta en que viajaba Emiliano Sala\"}]},{\"@type\":\"WebSite\",\"@id\":\"https:\\\/\\\/quehacerpolitico.mx\\\/#website\",\"url\":\"https:\\\/\\\/quehacerpolitico.mx\\\/\",\"name\":\"\",\"description\":\"\",\"potentialAction\":[{\"@type\":\"SearchAction\",\"target\":{\"@type\":\"EntryPoint\",\"urlTemplate\":\"https:\\\/\\\/quehacerpolitico.mx\\\/?s={search_term_string}\"},\"query-input\":{\"@type\":\"PropertyValueSpecification\",\"valueRequired\":true,\"valueName\":\"search_term_string\"}}],\"inLanguage\":\"es\"},{\"@type\":\"Person\",\"@id\":\"https:\\\/\\\/quehacerpolitico.mx\\\/#\\\/schema\\\/person\\\/496d8ad2d1d3f8036101dca7ee39e585\",\"name\":\"Redacci\u00f3n QP\",\"image\":{\"@type\":\"ImageObject\",\"inLanguage\":\"es\",\"@id\":\"https:\\\/\\\/secure.gravatar.com\\\/avatar\\\/c7164ed6fdec453195284ad24a5ae5b6e1eed2b848477fa2a4787ba9adf39a41?s=96&d=mm&r=g\",\"url\":\"https:\\\/\\\/secure.gravatar.com\\\/avatar\\\/c7164ed6fdec453195284ad24a5ae5b6e1eed2b848477fa2a4787ba9adf39a41?s=96&d=mm&r=g\",\"contentUrl\":\"https:\\\/\\\/secure.gravatar.com\\\/avatar\\\/c7164ed6fdec453195284ad24a5ae5b6e1eed2b848477fa2a4787ba9adf39a41?s=96&d=mm&r=g\",\"caption\":\"Redacci\u00f3n QP\"},\"url\":\"https:\\\/\\\/quehacerpolitico.mx\\\/?author=2\"}]}<\/script>\n<!-- \/ Yoast SEO plugin. -->","yoast_head_json":{"title":"Recuperan cuerpo de avioneta en que viajaba Emiliano Sala -","robots":{"index":"index","follow":"follow","max-snippet":"max-snippet:-1","max-image-preview":"max-image-preview:large","max-video-preview":"max-video-preview:-1"},"canonical":"https:\/\/quehacerpolitico.mx\/?p=16398","og_locale":"es_MX","og_type":"article","og_title":"Recuperan cuerpo de avioneta en que viajaba Emiliano Sala -","og_description":"Recuperan cuerpo de avioneta en que viajaba Emiliano Sala Por Redacci\u00f3n QP","og_url":"https:\/\/quehacerpolitico.mx\/?p=16398","article_published_time":"2019-02-07T02:24:54+00:00","author":"Redacci\u00f3n QP","twitter_card":"summary_large_image","twitter_misc":{"Escrito por":"Redacci\u00f3n QP","Tiempo de lectura":"2 minutos"},"schema":{"@context":"https:\/\/schema.org","@graph":[{"@type":"Article","@id":"https:\/\/quehacerpolitico.mx\/?p=16398#article","isPartOf":{"@id":"https:\/\/quehacerpolitico.mx\/?p=16398"},"author":{"name":"Redacci\u00f3n QP","@id":"https:\/\/quehacerpolitico.mx\/#\/schema\/person\/496d8ad2d1d3f8036101dca7ee39e585"},"headline":"Recuperan cuerpo de avioneta en que viajaba Emiliano Sala","datePublished":"2019-02-07T02:24:54+00:00","mainEntityOfPage":{"@id":"https:\/\/quehacerpolitico.mx\/?p=16398"},"wordCount":337,"commentCount":0,"image":{"@id":"https:\/\/quehacerpolitico.mx\/?p=16398#primaryimage"},"thumbnailUrl":"","articleSection":["Deportes"],"inLanguage":"es","potentialAction":[{"@type":"CommentAction","name":"Comment","target":["https:\/\/quehacerpolitico.mx\/?p=16398#respond"]}]},{"@type":"WebPage","@id":"https:\/\/quehacerpolitico.mx\/?p=16398","url":"https:\/\/quehacerpolitico.mx\/?p=16398","name":"Recuperan cuerpo de avioneta en que viajaba Emiliano Sala -","isPartOf":{"@id":"https:\/\/quehacerpolitico.mx\/#website"},"primaryImageOfPage":{"@id":"https:\/\/quehacerpolitico.mx\/?p=16398#primaryimage"},"image":{"@id":"https:\/\/quehacerpolitico.mx\/?p=16398#primaryimage"},"thumbnailUrl":"","datePublished":"2019-02-07T02:24:54+00:00","author":{"@id":"https:\/\/quehacerpolitico.mx\/#\/schema\/person\/496d8ad2d1d3f8036101dca7ee39e585"},"breadcrumb":{"@id":"https:\/\/quehacerpolitico.mx\/?p=16398#breadcrumb"},"inLanguage":"es","potentialAction":[{"@type":"ReadAction","target":["https:\/\/quehacerpolitico.mx\/?p=16398"]}]},{"@type":"ImageObject","inLanguage":"es","@id":"https:\/\/quehacerpolitico.mx\/?p=16398#primaryimage","url":"","contentUrl":""},{"@type":"BreadcrumbList","@id":"https:\/\/quehacerpolitico.mx\/?p=16398#breadcrumb","itemListElement":[{"@type":"ListItem","position":1,"name":"Inicio","item":"https:\/\/quehacerpolitico.mx\/"},{"@type":"ListItem","position":2,"name":"Recuperan cuerpo de avioneta en que viajaba Emiliano Sala"}]},{"@type":"WebSite","@id":"https:\/\/quehacerpolitico.mx\/#website","url":"https:\/\/quehacerpolitico.mx\/","name":"","description":"","potentialAction":[{"@type":"SearchAction","target":{"@type":"EntryPoint","urlTemplate":"https:\/\/quehacerpolitico.mx\/?s={search_term_string}"},"query-input":{"@type":"PropertyValueSpecification","valueRequired":true,"valueName":"search_term_string"}}],"inLanguage":"es"},{"@type":"Person","@id":"https:\/\/quehacerpolitico.mx\/#\/schema\/person\/496d8ad2d1d3f8036101dca7ee39e585","name":"Redacci\u00f3n QP","image":{"@type":"ImageObject","inLanguage":"es","@id":"https:\/\/secure.gravatar.com\/avatar\/c7164ed6fdec453195284ad24a5ae5b6e1eed2b848477fa2a4787ba9adf39a41?s=96&d=mm&r=g","url":"https:\/\/secure.gravatar.com\/avatar\/c7164ed6fdec453195284ad24a5ae5b6e1eed2b848477fa2a4787ba9adf39a41?s=96&d=mm&r=g","contentUrl":"https:\/\/secure.gravatar.com\/avatar\/c7164ed6fdec453195284ad24a5ae5b6e1eed2b848477fa2a4787ba9adf39a41?s=96&d=mm&r=g","caption":"Redacci\u00f3n QP"},"url":"https:\/\/quehacerpolitico.mx\/?author=2"}]}},"featured_image_urls":{"full":"","thumbnail":"","medium":"","medium_large":"","large":"","1536x1536":"","2048x2048":"","covernews-featured":"","covernews-medium":""},"author_info":{"display_name":"Redacci\u00f3n QP","author_link":"https:\/\/quehacerpolitico.mx\/?author=2"},"category_info":"<a href=\"https:\/\/quehacerpolitico.mx\/?cat=54\" rel=\"category\">Deportes<\/a>","tag_info":"Deportes","comment_count":"0","_links":{"self":[{"href":"https:\/\/quehacerpolitico.mx\/index.php?rest_route=\/wp\/v2\/posts\/16398","targetHints":{"allow":["GET"]}}],"collection":[{"href":"https:\/\/quehacerpolitico.mx\/index.php?rest_route=\/wp\/v2\/posts"}],"about":[{"href":"https:\/\/quehacerpolitico.mx\/index.php?rest_route=\/wp\/v2\/types\/post"}],"author":[{"embeddable":true,"href":"https:\/\/quehacerpolitico.mx\/index.php?rest_route=\/wp\/v2\/users\/2"}],"replies":[{"embeddable":true,"href":"https:\/\/quehacerpolitico.mx\/index.php?rest_route=%2Fwp%2Fv2%2Fcomments&post=16398"}],"version-history":[{"count":0,"href":"https:\/\/quehacerpolitico.mx\/index.php?rest_route=\/wp\/v2\/posts\/16398\/revisions"}],"wp:featuredmedia":[{"embeddable":true,"href":"https:\/\/quehacerpolitico.mx\/index.php?rest_route=\/"}],"wp:attachment":[{"href":"https:\/\/quehacerpolitico.mx\/index.php?rest_route=%2Fwp%2Fv2%2Fmedia&parent=16398"}],"wp:term":[{"taxonomy":"category","embeddable":true,"href":"https:\/\/quehacerpolitico.mx\/index.php?rest_route=%2Fwp%2Fv2%2Fcategories&post=16398"},{"taxonomy":"post_tag","embeddable":true,"href":"https:\/\/quehacerpolitico.mx\/index.php?rest_route=%2Fwp%2Fv2%2Ftags&post=16398"}],"curies":[{"name":"wp","href":"https:\/\/api.w.org\/{rel}","templated":true}]}}