{"id":16395,"date":"2019-02-07T02:18:38","date_gmt":"2019-02-07T02:18:38","guid":{"rendered":"http:\/\/quehacerpolitico.mx\/voces-del-periodista-desde-filomeno-mata-8-mouris-salloum-george-no-hay-transformacion-sin-derechos-sociales\/"},"modified":"2019-02-07T02:18:38","modified_gmt":"2019-02-07T02:18:38","slug":"voces-del-periodista-desde-filomeno-mata-8-mouris-salloum-george-no-hay-transformacion-sin-derechos-sociales","status":"publish","type":"post","link":"https:\/\/quehacerpolitico.mx\/?p=16395","title":{"rendered":"Voces del Periodista Desde Filomeno Mata 8\/\/\/Mouris Salloum George\/\/\/No hay transformaci\u00f3n sin Derechos Sociales"},"content":{"rendered":"<h1 class=\"entry-title penci-entry-title penci-title-\">No hay transformaci\u00f3n sin Derechos Sociales<\/h1>\n<p>Por Mouris Salloum George <br \/>Director General del Club de Periodistas de M\u00e9xico AC<\/p>\n<p>Del mismo modo que <strong><em>no puede haber teor\u00eda revolucionaria, sin pr\u00e1ctica revolucionaria<\/em><\/strong>, no puede haber Republica sin republicanos ni, en M\u00e9xico en transformaci\u00f3n, una Constituci\u00f3n <strong><em>sin derechos sociales<\/em><\/strong>.<\/p>\n<p>Efem\u00e9ride con catarata de discursos, las representaciones de los tres Poderes de la Uni\u00f3n se congregaron ayer en Quer\u00e9taro para hablar en el 102 aniversario de la Constituci\u00f3n de 1917; <strong><em>primera social<\/em><\/strong> del siglo XX en el mundo, la defini\u00f3 la secretar\u00eda de Gobernaci\u00f3n <strong>Olga S\u00e1nchez Cordero<\/strong>.<\/p>\n<p>Del Constituyente Permanente, recuperamos la advertencia del presidente de la directiva de la C\u00e1mara la Diputados, Porfirio Mu\u00f1oz Ledo: <strong><em>Si no se satisfacen las necesidades m\u00e1s inmediatas de las gentes, aquellas por las que se movilizaron en 2018, ser\u00e1 muy dif\u00edcil seguir adelante<\/em><\/strong>.<\/p>\n<p>Por el Tribunal Constitucional, la Suprema Corte de Justicia de la Naci\u00f3n, el ministro presidente <strong>Arturo Zald\u00edvar <\/strong>rescat\u00f3 el eco de lo que es clamor popular.<\/p>\n<p>Hist\u00f3ricamente, y a la fecha, dijo, se han producido <strong><em>condiciones de vida inaceptables <\/em><\/strong>para millones de mexicanos, <strong><em>impidi\u00e9ndoles gozar<\/em><\/strong> <strong><em>de las libertades y derecho que la propia norma fundamental les promete y garantiza<\/em><\/strong>.<\/p>\n<p>Dijo m\u00e1s el togado orador: Estamos en deuda con el pueblo de M\u00e9xico. <strong><em>En deuda con los desprotegidos, con los discriminados, con los pueblos ind\u00edgenas; en deuda con las mujeres, en deuda con nuestras ni\u00f1as y ni\u00f1os, en deuda con los grupos vulnerables y con las personas con discapacidad<\/em><\/strong>. (El M\u00e9xico profundo, pues).<\/p>\n<p><strong>Derechos sociales como discursos de buenas intenciones<\/strong><\/p>\n<p>Si se requiriera decir m\u00e1s, el ministro presidente se los dijo a sus pares y a los jueces: <strong><em>Tenemos que ser el motor del cambio social, alcanzar un nuevo paradigma que tenga aplicaci\u00f3n del programa social de la Constituci\u00f3n<\/em><\/strong>. En suma, abandonar visiones anquilosadas y dejar de entender los <strong>derechos sociales como discursos de buenas intenciones<\/strong>\u2026<\/p>\n<p>Si esa <strong>cruel realidad<\/strong> est\u00e1 latente un siglo despu\u00e9s de promulgada la Constituci\u00f3n de Quer\u00e9taro, no se tratar\u00eda de salir a la caza de los deudores que han fallado a la Rep\u00fablica y a <strong>millones de parias que pueblan el territorio nacional<\/strong>.<\/p>\n<p><strong>Casta dorada y 16 plut\u00f3cratas forrados de d\u00f3lars<\/strong><\/p>\n<p>Si hay nuevos responsables de la conducci\u00f3n del Estado mexicano, es exigible que empiecen por un examen de conciencia para que valoren que ha sido lo bueno y lo malo del galopante <strong>reformismo<\/strong>, cuyo producto final ha sido la consagraci\u00f3n de una rapaz <strong><em>casta dorada<\/em> <\/strong>en cuya c\u00faspide aparecen <strong>16 plut\u00f3cratas nominados entre los m\u00e1s ricos del mundo<\/strong>.<\/p>\n<p>No habr\u00e1, en lo inmediato, una nueva Constituci\u00f3n, pero ser\u00eda vergonzoso que el 5 de febrero de 2024 estemos escuchando los mismos discursos de ayer. Vale.<\/p>\n","protected":false},"excerpt":{"rendered":"<p>No hay transformaci\u00f3n sin Derechos Sociales<br \/>\nPor Mouris Salloum George<br \/>\nDirector General del Club de Periodistas de M\u00e9xico AC<\/p>\n","protected":false},"author":2,"featured_media":16394,"comment_status":"open","ping_status":"open","sticky":false,"template":"","format":"standard","meta":{"_monsterinsights_skip_tracking":false,"_monsterinsights_sitenote_active":false,"_monsterinsights_sitenote_note":"","_monsterinsights_sitenote_category":0,"footnotes":""},"categories":[2],"tags":[],"class_list":["post-16395","post","type-post","status-publish","format-standard","has-post-thumbnail","hentry","category-noticias"],"yoast_head":"<!-- This site is optimized with the Yoast SEO plugin v27.3 - https:\/\/yoast.com\/product\/yoast-seo-wordpress\/ -->\n<title>Voces del Periodista Desde Filomeno Mata 8\/\/\/Mouris Salloum George\/\/\/No hay transformaci\u00f3n sin Derechos Sociales -<\/title>\n<meta name=\"robots\" content=\"index, follow, max-snippet:-1, max-image-preview:large, max-video-preview:-1\" \/>\n<link rel=\"canonical\" href=\"https:\/\/quehacerpolitico.mx\/?p=16395\" \/>\n<meta property=\"og:locale\" content=\"es_MX\" \/>\n<meta property=\"og:type\" content=\"article\" \/>\n<meta property=\"og:title\" content=\"Voces del Periodista Desde Filomeno Mata 8\/\/\/Mouris Salloum George\/\/\/No hay transformaci\u00f3n sin Derechos Sociales -\" \/>\n<meta property=\"og:description\" content=\"No hay transformaci\u00f3n sin Derechos Sociales Por Mouris Salloum George Director General del Club de Periodistas de M\u00e9xico AC\" \/>\n<meta property=\"og:url\" content=\"https:\/\/quehacerpolitico.mx\/?p=16395\" \/>\n<meta property=\"article:published_time\" content=\"2019-02-07T02:18:38+00:00\" \/>\n<meta name=\"author\" content=\"Redacci\u00f3n QP\" \/>\n<meta name=\"twitter:card\" content=\"summary_large_image\" \/>\n<meta name=\"twitter:label1\" content=\"Escrito por\" \/>\n\t<meta name=\"twitter:data1\" content=\"Redacci\u00f3n QP\" \/>\n\t<meta name=\"twitter:label2\" content=\"Tiempo de lectura\" \/>\n\t<meta name=\"twitter:data2\" content=\"2 minutos\" \/>\n<script type=\"application\/ld+json\" class=\"yoast-schema-graph\">{\"@context\":\"https:\\\/\\\/schema.org\",\"@graph\":[{\"@type\":\"Article\",\"@id\":\"https:\\\/\\\/quehacerpolitico.mx\\\/?p=16395#article\",\"isPartOf\":{\"@id\":\"https:\\\/\\\/quehacerpolitico.mx\\\/?p=16395\"},\"author\":{\"name\":\"Redacci\u00f3n QP\",\"@id\":\"https:\\\/\\\/quehacerpolitico.mx\\\/#\\\/schema\\\/person\\\/496d8ad2d1d3f8036101dca7ee39e585\"},\"headline\":\"Voces del Periodista Desde Filomeno Mata 8\\\/\\\/\\\/Mouris Salloum George\\\/\\\/\\\/No hay transformaci\u00f3n sin Derechos Sociales\",\"datePublished\":\"2019-02-07T02:18:38+00:00\",\"mainEntityOfPage\":{\"@id\":\"https:\\\/\\\/quehacerpolitico.mx\\\/?p=16395\"},\"wordCount\":500,\"commentCount\":0,\"image\":{\"@id\":\"https:\\\/\\\/quehacerpolitico.mx\\\/?p=16395#primaryimage\"},\"thumbnailUrl\":\"\",\"articleSection\":[\"Noticias\"],\"inLanguage\":\"es\",\"potentialAction\":[{\"@type\":\"CommentAction\",\"name\":\"Comment\",\"target\":[\"https:\\\/\\\/quehacerpolitico.mx\\\/?p=16395#respond\"]}]},{\"@type\":\"WebPage\",\"@id\":\"https:\\\/\\\/quehacerpolitico.mx\\\/?p=16395\",\"url\":\"https:\\\/\\\/quehacerpolitico.mx\\\/?p=16395\",\"name\":\"Voces del Periodista Desde Filomeno Mata 8\\\/\\\/\\\/Mouris Salloum George\\\/\\\/\\\/No hay transformaci\u00f3n sin Derechos Sociales -\",\"isPartOf\":{\"@id\":\"https:\\\/\\\/quehacerpolitico.mx\\\/#website\"},\"primaryImageOfPage\":{\"@id\":\"https:\\\/\\\/quehacerpolitico.mx\\\/?p=16395#primaryimage\"},\"image\":{\"@id\":\"https:\\\/\\\/quehacerpolitico.mx\\\/?p=16395#primaryimage\"},\"thumbnailUrl\":\"\",\"datePublished\":\"2019-02-07T02:18:38+00:00\",\"author\":{\"@id\":\"https:\\\/\\\/quehacerpolitico.mx\\\/#\\\/schema\\\/person\\\/496d8ad2d1d3f8036101dca7ee39e585\"},\"breadcrumb\":{\"@id\":\"https:\\\/\\\/quehacerpolitico.mx\\\/?p=16395#breadcrumb\"},\"inLanguage\":\"es\",\"potentialAction\":[{\"@type\":\"ReadAction\",\"target\":[\"https:\\\/\\\/quehacerpolitico.mx\\\/?p=16395\"]}]},{\"@type\":\"ImageObject\",\"inLanguage\":\"es\",\"@id\":\"https:\\\/\\\/quehacerpolitico.mx\\\/?p=16395#primaryimage\",\"url\":\"\",\"contentUrl\":\"\"},{\"@type\":\"BreadcrumbList\",\"@id\":\"https:\\\/\\\/quehacerpolitico.mx\\\/?p=16395#breadcrumb\",\"itemListElement\":[{\"@type\":\"ListItem\",\"position\":1,\"name\":\"Inicio\",\"item\":\"https:\\\/\\\/quehacerpolitico.mx\\\/\"},{\"@type\":\"ListItem\",\"position\":2,\"name\":\"Voces del Periodista Desde Filomeno Mata 8\\\/\\\/\\\/Mouris Salloum George\\\/\\\/\\\/No hay transformaci\u00f3n sin Derechos Sociales\"}]},{\"@type\":\"WebSite\",\"@id\":\"https:\\\/\\\/quehacerpolitico.mx\\\/#website\",\"url\":\"https:\\\/\\\/quehacerpolitico.mx\\\/\",\"name\":\"\",\"description\":\"\",\"potentialAction\":[{\"@type\":\"SearchAction\",\"target\":{\"@type\":\"EntryPoint\",\"urlTemplate\":\"https:\\\/\\\/quehacerpolitico.mx\\\/?s={search_term_string}\"},\"query-input\":{\"@type\":\"PropertyValueSpecification\",\"valueRequired\":true,\"valueName\":\"search_term_string\"}}],\"inLanguage\":\"es\"},{\"@type\":\"Person\",\"@id\":\"https:\\\/\\\/quehacerpolitico.mx\\\/#\\\/schema\\\/person\\\/496d8ad2d1d3f8036101dca7ee39e585\",\"name\":\"Redacci\u00f3n QP\",\"image\":{\"@type\":\"ImageObject\",\"inLanguage\":\"es\",\"@id\":\"https:\\\/\\\/secure.gravatar.com\\\/avatar\\\/c7164ed6fdec453195284ad24a5ae5b6e1eed2b848477fa2a4787ba9adf39a41?s=96&d=mm&r=g\",\"url\":\"https:\\\/\\\/secure.gravatar.com\\\/avatar\\\/c7164ed6fdec453195284ad24a5ae5b6e1eed2b848477fa2a4787ba9adf39a41?s=96&d=mm&r=g\",\"contentUrl\":\"https:\\\/\\\/secure.gravatar.com\\\/avatar\\\/c7164ed6fdec453195284ad24a5ae5b6e1eed2b848477fa2a4787ba9adf39a41?s=96&d=mm&r=g\",\"caption\":\"Redacci\u00f3n QP\"},\"url\":\"https:\\\/\\\/quehacerpolitico.mx\\\/?author=2\"}]}<\/script>\n<!-- \/ Yoast SEO plugin. -->","yoast_head_json":{"title":"Voces del Periodista Desde Filomeno Mata 8\/\/\/Mouris Salloum George\/\/\/No hay transformaci\u00f3n sin Derechos Sociales -","robots":{"index":"index","follow":"follow","max-snippet":"max-snippet:-1","max-image-preview":"max-image-preview:large","max-video-preview":"max-video-preview:-1"},"canonical":"https:\/\/quehacerpolitico.mx\/?p=16395","og_locale":"es_MX","og_type":"article","og_title":"Voces del Periodista Desde Filomeno Mata 8\/\/\/Mouris Salloum George\/\/\/No hay transformaci\u00f3n sin Derechos Sociales -","og_description":"No hay transformaci\u00f3n sin Derechos Sociales Por Mouris Salloum George Director General del Club de Periodistas de M\u00e9xico AC","og_url":"https:\/\/quehacerpolitico.mx\/?p=16395","article_published_time":"2019-02-07T02:18:38+00:00","author":"Redacci\u00f3n QP","twitter_card":"summary_large_image","twitter_misc":{"Escrito por":"Redacci\u00f3n QP","Tiempo de lectura":"2 minutos"},"schema":{"@context":"https:\/\/schema.org","@graph":[{"@type":"Article","@id":"https:\/\/quehacerpolitico.mx\/?p=16395#article","isPartOf":{"@id":"https:\/\/quehacerpolitico.mx\/?p=16395"},"author":{"name":"Redacci\u00f3n QP","@id":"https:\/\/quehacerpolitico.mx\/#\/schema\/person\/496d8ad2d1d3f8036101dca7ee39e585"},"headline":"Voces del Periodista Desde Filomeno Mata 8\/\/\/Mouris Salloum George\/\/\/No hay transformaci\u00f3n sin Derechos Sociales","datePublished":"2019-02-07T02:18:38+00:00","mainEntityOfPage":{"@id":"https:\/\/quehacerpolitico.mx\/?p=16395"},"wordCount":500,"commentCount":0,"image":{"@id":"https:\/\/quehacerpolitico.mx\/?p=16395#primaryimage"},"thumbnailUrl":"","articleSection":["Noticias"],"inLanguage":"es","potentialAction":[{"@type":"CommentAction","name":"Comment","target":["https:\/\/quehacerpolitico.mx\/?p=16395#respond"]}]},{"@type":"WebPage","@id":"https:\/\/quehacerpolitico.mx\/?p=16395","url":"https:\/\/quehacerpolitico.mx\/?p=16395","name":"Voces del Periodista Desde Filomeno Mata 8\/\/\/Mouris Salloum George\/\/\/No hay transformaci\u00f3n sin Derechos Sociales -","isPartOf":{"@id":"https:\/\/quehacerpolitico.mx\/#website"},"primaryImageOfPage":{"@id":"https:\/\/quehacerpolitico.mx\/?p=16395#primaryimage"},"image":{"@id":"https:\/\/quehacerpolitico.mx\/?p=16395#primaryimage"},"thumbnailUrl":"","datePublished":"2019-02-07T02:18:38+00:00","author":{"@id":"https:\/\/quehacerpolitico.mx\/#\/schema\/person\/496d8ad2d1d3f8036101dca7ee39e585"},"breadcrumb":{"@id":"https:\/\/quehacerpolitico.mx\/?p=16395#breadcrumb"},"inLanguage":"es","potentialAction":[{"@type":"ReadAction","target":["https:\/\/quehacerpolitico.mx\/?p=16395"]}]},{"@type":"ImageObject","inLanguage":"es","@id":"https:\/\/quehacerpolitico.mx\/?p=16395#primaryimage","url":"","contentUrl":""},{"@type":"BreadcrumbList","@id":"https:\/\/quehacerpolitico.mx\/?p=16395#breadcrumb","itemListElement":[{"@type":"ListItem","position":1,"name":"Inicio","item":"https:\/\/quehacerpolitico.mx\/"},{"@type":"ListItem","position":2,"name":"Voces del Periodista Desde Filomeno Mata 8\/\/\/Mouris Salloum George\/\/\/No hay transformaci\u00f3n sin Derechos Sociales"}]},{"@type":"WebSite","@id":"https:\/\/quehacerpolitico.mx\/#website","url":"https:\/\/quehacerpolitico.mx\/","name":"","description":"","potentialAction":[{"@type":"SearchAction","target":{"@type":"EntryPoint","urlTemplate":"https:\/\/quehacerpolitico.mx\/?s={search_term_string}"},"query-input":{"@type":"PropertyValueSpecification","valueRequired":true,"valueName":"search_term_string"}}],"inLanguage":"es"},{"@type":"Person","@id":"https:\/\/quehacerpolitico.mx\/#\/schema\/person\/496d8ad2d1d3f8036101dca7ee39e585","name":"Redacci\u00f3n QP","image":{"@type":"ImageObject","inLanguage":"es","@id":"https:\/\/secure.gravatar.com\/avatar\/c7164ed6fdec453195284ad24a5ae5b6e1eed2b848477fa2a4787ba9adf39a41?s=96&d=mm&r=g","url":"https:\/\/secure.gravatar.com\/avatar\/c7164ed6fdec453195284ad24a5ae5b6e1eed2b848477fa2a4787ba9adf39a41?s=96&d=mm&r=g","contentUrl":"https:\/\/secure.gravatar.com\/avatar\/c7164ed6fdec453195284ad24a5ae5b6e1eed2b848477fa2a4787ba9adf39a41?s=96&d=mm&r=g","caption":"Redacci\u00f3n QP"},"url":"https:\/\/quehacerpolitico.mx\/?author=2"}]}},"featured_image_urls":{"full":"","thumbnail":"","medium":"","medium_large":"","large":"","1536x1536":"","2048x2048":"","covernews-featured":"","covernews-medium":""},"author_info":{"display_name":"Redacci\u00f3n QP","author_link":"https:\/\/quehacerpolitico.mx\/?author=2"},"category_info":"<a href=\"https:\/\/quehacerpolitico.mx\/?cat=2\" rel=\"category\">Noticias<\/a>","tag_info":"Noticias","comment_count":"0","_links":{"self":[{"href":"https:\/\/quehacerpolitico.mx\/index.php?rest_route=\/wp\/v2\/posts\/16395","targetHints":{"allow":["GET"]}}],"collection":[{"href":"https:\/\/quehacerpolitico.mx\/index.php?rest_route=\/wp\/v2\/posts"}],"about":[{"href":"https:\/\/quehacerpolitico.mx\/index.php?rest_route=\/wp\/v2\/types\/post"}],"author":[{"embeddable":true,"href":"https:\/\/quehacerpolitico.mx\/index.php?rest_route=\/wp\/v2\/users\/2"}],"replies":[{"embeddable":true,"href":"https:\/\/quehacerpolitico.mx\/index.php?rest_route=%2Fwp%2Fv2%2Fcomments&post=16395"}],"version-history":[{"count":0,"href":"https:\/\/quehacerpolitico.mx\/index.php?rest_route=\/wp\/v2\/posts\/16395\/revisions"}],"wp:featuredmedia":[{"embeddable":true,"href":"https:\/\/quehacerpolitico.mx\/index.php?rest_route=\/"}],"wp:attachment":[{"href":"https:\/\/quehacerpolitico.mx\/index.php?rest_route=%2Fwp%2Fv2%2Fmedia&parent=16395"}],"wp:term":[{"taxonomy":"category","embeddable":true,"href":"https:\/\/quehacerpolitico.mx\/index.php?rest_route=%2Fwp%2Fv2%2Fcategories&post=16395"},{"taxonomy":"post_tag","embeddable":true,"href":"https:\/\/quehacerpolitico.mx\/index.php?rest_route=%2Fwp%2Fv2%2Ftags&post=16395"}],"curies":[{"name":"wp","href":"https:\/\/api.w.org\/{rel}","templated":true}]}}