{"id":16262,"date":"2019-02-06T02:16:18","date_gmt":"2019-02-06T02:16:18","guid":{"rendered":"http:\/\/quehacerpolitico.mx\/lamentable-uso-de-audio-quiza-alterado-beatriz-muller\/"},"modified":"2019-02-06T02:16:18","modified_gmt":"2019-02-06T02:16:18","slug":"lamentable-uso-de-audio-quiza-alterado-beatriz-muller","status":"publish","type":"post","link":"https:\/\/quehacerpolitico.mx\/?p=16262","title":{"rendered":"Lamentable uso de audio, quiz\u00e1 alterado: Beatriz M\u00fcller"},"content":{"rendered":"<h1 class=\"news-title\">Lamentable uso de audio, quiz\u00e1 alterado: Beatriz M\u00fcller<\/h1>\n<p>Por Redacci\u00f3n QP<\/p>\n<header class=\"news-header\">\n<div class=\"news-subtitle\">\n<p>La escritora lament\u00f3\u00a0&#8220;la bajeza en la que incurren usuarios&#8221; sobre su desliz en una entrevista en la que confundi\u00f3 el nombre del poeta Amado Nervo<\/p>\n<\/div>\n<\/header>\n<div class=\"news-content\">\n<div class=\"news-body row\">\n<p>La escritora Beatriz Guti\u00e9rrez M\u00fcller se\u00f1al\u00f3 que el video donde se equivoca al decir el nombre del poeta Amado Nervo fue, quiz\u00e1, alterado.<\/p>\n<div id=\"div-gpt-ad-1548262875188-0\" data-google-query-id=\"COS-u_6DpuACFXQGrQYdUlYGxA\">\n<div id=\"google_ads_iframe_\/1001694\/INF_intext_1_0__container__\">La esposa del Presidente de M\u00e9xico, Andr\u00e9s Manuel L\u00f3pez Obrador, mencion\u00f3 que es <strong>lamentable el uso que se le dio al audio de una entrevista que ofreci\u00f3 a la UnivesidadAutonoma de Nayarit<\/strong>, donde present\u00f3 un libro como parte del Festival Letras en Tepic.<\/div>\n<\/div>\n<p>Cuando la entrevistadora la cuestiona sobre cu\u00e1l otro poeta estar\u00e1 en su tomo, la escritora contesta: <strong>\u201cDe aqu\u00ed, Mamado Nervo tiene un cuento en estos n\u00fameros que estamos publicando\u201d.<\/strong><\/p>\n<p>El hecho no fue perdonado por las redes sociales que se burlaron del error y hasta hicieron memes del poeta.<\/p>\n<p>https:\/\/twitter.com\/gobmeme\/status\/1092811720064712706?s=21<\/p>\n<p>Ante esto, Guti\u00e9rrez M\u00fcller escribi\u00f3\u00a0&#8220;Lamentable el nivel de discusi\u00f3n de ciertos sujetos. Lamentable la bajeza en la que incurren usuarios varios. Ojo @TwitterSeguro.&#8221;<\/p>\n<blockquote class=\"twitter-tweet\" data-width=\"550\" data-dnt=\"true\">\n<p lang=\"es\" dir=\"ltr\">Lamentable el uso de un audio, quiz\u00e1 alterado. Lamentable el nivel de discusi\u00f3n de ciertos sujetos. Lamentable la bajeza en la que incurren usuarios varios. Ojo @TwitterSeguro. Que viva <a href=\"https:\/\/twitter.com\/hashtag\/AmadoNervo?src=hash&amp;ref_src=twsrc%5Etfw\">#AmadoNervo<\/a> a quien este 2019 algunos estamos recordando a cien a\u00f1os de su defunci\u00f3n.<\/p>\n<p>&mdash; Beatriz Guti\u00e9rrez M\u00fcller (@BeatrizGMuller) <a href=\"https:\/\/twitter.com\/BeatrizGMuller\/status\/1092870357248339972?ref_src=twsrc%5Etfw\">February 5, 2019<\/a><\/p><\/blockquote>\n<p><script async src=\"https:\/\/platform.twitter.com\/widgets.js\" charset=\"utf-8\"><\/script><\/p>\n<p>Usuarios de redes sociales tampoco se quedaron tranquilos ante esta respuesta, pues hubo quien afirm\u00f3 la autenticidad del video\u00a0y otros que lamentaron que la esposa del Mandatario no aceptara su error.<\/p>\n<blockquote class=\"twitter-tweet\" data-width=\"550\" data-dnt=\"true\">\n<p lang=\"es\" dir=\"ltr\">No est\u00e1 alterado. He visto el video original en su totalidad y usted se equivoc\u00f3. Que no lo quiera reconocer, es otra cosa&#8230;<\/p>\n<p>&mdash; Bec (@solo_bec) <a href=\"https:\/\/twitter.com\/solo_bec\/status\/1092876699304370183?ref_src=twsrc%5Etfw\">February 5, 2019<\/a><\/p><\/blockquote>\n<p><script async src=\"https:\/\/platform.twitter.com\/widgets.js\" charset=\"utf-8\"><\/script><\/p>\n<blockquote class=\"twitter-tweet\" data-width=\"550\" data-dnt=\"true\">\n<p lang=\"es\" dir=\"ltr\">C\u00f1ora, necesita mejor equipo de comunicaci\u00f3n. Ayer se verific\u00f3 el video.<\/p>\n<p>Podr\u00eda haber capitalizado esto pol\u00edticamente a su favor: \u00abQu\u00e9 bueno que mi desliz verbal ha provocado que Amado Nervo sea un meme. Ojal\u00e1 que muchos lo lean a ra\u00edz de esto\u00bb.<\/p>\n<p>Sin la mentira y sin la sa\u00f1a.<\/p>\n<p>&mdash; homo sentiens \u221e \u0f04 (@homosentiens) <a href=\"https:\/\/twitter.com\/homosentiens\/status\/1092880300353368064?ref_src=twsrc%5Etfw\">February 5, 2019<\/a><\/p><\/blockquote>\n<p><script async src=\"https:\/\/platform.twitter.com\/widgets.js\" charset=\"utf-8\"><\/script><\/p>\n<p>Posteriormente, la escritora se\u00f1al\u00f3 que a\u00fan se sigue recordando al poeta Amado Nervo, a cien a\u00f1os de su muerte.<\/p>\n<\/div>\n<\/div>\n","protected":false},"excerpt":{"rendered":"<p>Lamentable uso de audio, quiz\u00e1 alterado: Beatriz M\u00fcller<br \/>\nPor Redacci\u00f3n QP<\/p>\n","protected":false},"author":2,"featured_media":16261,"comment_status":"open","ping_status":"open","sticky":false,"template":"","format":"standard","meta":{"_monsterinsights_skip_tracking":false,"_monsterinsights_sitenote_active":false,"_monsterinsights_sitenote_note":"","_monsterinsights_sitenote_category":0,"footnotes":""},"categories":[58],"tags":[],"class_list":["post-16262","post","type-post","status-publish","format-standard","has-post-thumbnail","hentry","category-cultura"],"yoast_head":"<!-- This site is optimized with the Yoast SEO plugin v27.3 - https:\/\/yoast.com\/product\/yoast-seo-wordpress\/ -->\n<title>Lamentable uso de audio, quiz\u00e1 alterado: Beatriz M\u00fcller -<\/title>\n<meta name=\"robots\" content=\"index, follow, max-snippet:-1, max-image-preview:large, max-video-preview:-1\" \/>\n<link rel=\"canonical\" href=\"https:\/\/quehacerpolitico.mx\/?p=16262\" \/>\n<meta property=\"og:locale\" content=\"es_MX\" \/>\n<meta property=\"og:type\" content=\"article\" \/>\n<meta property=\"og:title\" content=\"Lamentable uso de audio, quiz\u00e1 alterado: Beatriz M\u00fcller -\" \/>\n<meta property=\"og:description\" content=\"Lamentable uso de audio, quiz\u00e1 alterado: Beatriz M\u00fcller Por Redacci\u00f3n QP\" \/>\n<meta property=\"og:url\" content=\"https:\/\/quehacerpolitico.mx\/?p=16262\" \/>\n<meta property=\"article:published_time\" content=\"2019-02-06T02:16:18+00:00\" \/>\n<meta name=\"author\" content=\"Redacci\u00f3n QP\" \/>\n<meta name=\"twitter:card\" content=\"summary_large_image\" \/>\n<meta name=\"twitter:label1\" content=\"Escrito por\" \/>\n\t<meta name=\"twitter:data1\" content=\"Redacci\u00f3n QP\" \/>\n\t<meta name=\"twitter:label2\" content=\"Tiempo de lectura\" \/>\n\t<meta name=\"twitter:data2\" content=\"1 minuto\" \/>\n<script type=\"application\/ld+json\" class=\"yoast-schema-graph\">{\"@context\":\"https:\\\/\\\/schema.org\",\"@graph\":[{\"@type\":\"Article\",\"@id\":\"https:\\\/\\\/quehacerpolitico.mx\\\/?p=16262#article\",\"isPartOf\":{\"@id\":\"https:\\\/\\\/quehacerpolitico.mx\\\/?p=16262\"},\"author\":{\"name\":\"Redacci\u00f3n QP\",\"@id\":\"https:\\\/\\\/quehacerpolitico.mx\\\/#\\\/schema\\\/person\\\/496d8ad2d1d3f8036101dca7ee39e585\"},\"headline\":\"Lamentable uso de audio, quiz\u00e1 alterado: Beatriz M\u00fcller\",\"datePublished\":\"2019-02-06T02:16:18+00:00\",\"mainEntityOfPage\":{\"@id\":\"https:\\\/\\\/quehacerpolitico.mx\\\/?p=16262\"},\"wordCount\":277,\"commentCount\":0,\"image\":{\"@id\":\"https:\\\/\\\/quehacerpolitico.mx\\\/?p=16262#primaryimage\"},\"thumbnailUrl\":\"\",\"articleSection\":[\"Cultura y Entretenimiento\"],\"inLanguage\":\"es\",\"potentialAction\":[{\"@type\":\"CommentAction\",\"name\":\"Comment\",\"target\":[\"https:\\\/\\\/quehacerpolitico.mx\\\/?p=16262#respond\"]}]},{\"@type\":\"WebPage\",\"@id\":\"https:\\\/\\\/quehacerpolitico.mx\\\/?p=16262\",\"url\":\"https:\\\/\\\/quehacerpolitico.mx\\\/?p=16262\",\"name\":\"Lamentable uso de audio, quiz\u00e1 alterado: Beatriz M\u00fcller -\",\"isPartOf\":{\"@id\":\"https:\\\/\\\/quehacerpolitico.mx\\\/#website\"},\"primaryImageOfPage\":{\"@id\":\"https:\\\/\\\/quehacerpolitico.mx\\\/?p=16262#primaryimage\"},\"image\":{\"@id\":\"https:\\\/\\\/quehacerpolitico.mx\\\/?p=16262#primaryimage\"},\"thumbnailUrl\":\"\",\"datePublished\":\"2019-02-06T02:16:18+00:00\",\"author\":{\"@id\":\"https:\\\/\\\/quehacerpolitico.mx\\\/#\\\/schema\\\/person\\\/496d8ad2d1d3f8036101dca7ee39e585\"},\"breadcrumb\":{\"@id\":\"https:\\\/\\\/quehacerpolitico.mx\\\/?p=16262#breadcrumb\"},\"inLanguage\":\"es\",\"potentialAction\":[{\"@type\":\"ReadAction\",\"target\":[\"https:\\\/\\\/quehacerpolitico.mx\\\/?p=16262\"]}]},{\"@type\":\"ImageObject\",\"inLanguage\":\"es\",\"@id\":\"https:\\\/\\\/quehacerpolitico.mx\\\/?p=16262#primaryimage\",\"url\":\"\",\"contentUrl\":\"\"},{\"@type\":\"BreadcrumbList\",\"@id\":\"https:\\\/\\\/quehacerpolitico.mx\\\/?p=16262#breadcrumb\",\"itemListElement\":[{\"@type\":\"ListItem\",\"position\":1,\"name\":\"Inicio\",\"item\":\"https:\\\/\\\/quehacerpolitico.mx\\\/\"},{\"@type\":\"ListItem\",\"position\":2,\"name\":\"Lamentable uso de audio, quiz\u00e1 alterado: Beatriz M\u00fcller\"}]},{\"@type\":\"WebSite\",\"@id\":\"https:\\\/\\\/quehacerpolitico.mx\\\/#website\",\"url\":\"https:\\\/\\\/quehacerpolitico.mx\\\/\",\"name\":\"\",\"description\":\"\",\"potentialAction\":[{\"@type\":\"SearchAction\",\"target\":{\"@type\":\"EntryPoint\",\"urlTemplate\":\"https:\\\/\\\/quehacerpolitico.mx\\\/?s={search_term_string}\"},\"query-input\":{\"@type\":\"PropertyValueSpecification\",\"valueRequired\":true,\"valueName\":\"search_term_string\"}}],\"inLanguage\":\"es\"},{\"@type\":\"Person\",\"@id\":\"https:\\\/\\\/quehacerpolitico.mx\\\/#\\\/schema\\\/person\\\/496d8ad2d1d3f8036101dca7ee39e585\",\"name\":\"Redacci\u00f3n QP\",\"image\":{\"@type\":\"ImageObject\",\"inLanguage\":\"es\",\"@id\":\"https:\\\/\\\/secure.gravatar.com\\\/avatar\\\/c7164ed6fdec453195284ad24a5ae5b6e1eed2b848477fa2a4787ba9adf39a41?s=96&d=mm&r=g\",\"url\":\"https:\\\/\\\/secure.gravatar.com\\\/avatar\\\/c7164ed6fdec453195284ad24a5ae5b6e1eed2b848477fa2a4787ba9adf39a41?s=96&d=mm&r=g\",\"contentUrl\":\"https:\\\/\\\/secure.gravatar.com\\\/avatar\\\/c7164ed6fdec453195284ad24a5ae5b6e1eed2b848477fa2a4787ba9adf39a41?s=96&d=mm&r=g\",\"caption\":\"Redacci\u00f3n QP\"},\"url\":\"https:\\\/\\\/quehacerpolitico.mx\\\/?author=2\"}]}<\/script>\n<!-- \/ Yoast SEO plugin. -->","yoast_head_json":{"title":"Lamentable uso de audio, quiz\u00e1 alterado: Beatriz M\u00fcller -","robots":{"index":"index","follow":"follow","max-snippet":"max-snippet:-1","max-image-preview":"max-image-preview:large","max-video-preview":"max-video-preview:-1"},"canonical":"https:\/\/quehacerpolitico.mx\/?p=16262","og_locale":"es_MX","og_type":"article","og_title":"Lamentable uso de audio, quiz\u00e1 alterado: Beatriz M\u00fcller -","og_description":"Lamentable uso de audio, quiz\u00e1 alterado: Beatriz M\u00fcller Por Redacci\u00f3n QP","og_url":"https:\/\/quehacerpolitico.mx\/?p=16262","article_published_time":"2019-02-06T02:16:18+00:00","author":"Redacci\u00f3n QP","twitter_card":"summary_large_image","twitter_misc":{"Escrito por":"Redacci\u00f3n QP","Tiempo de lectura":"1 minuto"},"schema":{"@context":"https:\/\/schema.org","@graph":[{"@type":"Article","@id":"https:\/\/quehacerpolitico.mx\/?p=16262#article","isPartOf":{"@id":"https:\/\/quehacerpolitico.mx\/?p=16262"},"author":{"name":"Redacci\u00f3n QP","@id":"https:\/\/quehacerpolitico.mx\/#\/schema\/person\/496d8ad2d1d3f8036101dca7ee39e585"},"headline":"Lamentable uso de audio, quiz\u00e1 alterado: Beatriz M\u00fcller","datePublished":"2019-02-06T02:16:18+00:00","mainEntityOfPage":{"@id":"https:\/\/quehacerpolitico.mx\/?p=16262"},"wordCount":277,"commentCount":0,"image":{"@id":"https:\/\/quehacerpolitico.mx\/?p=16262#primaryimage"},"thumbnailUrl":"","articleSection":["Cultura y Entretenimiento"],"inLanguage":"es","potentialAction":[{"@type":"CommentAction","name":"Comment","target":["https:\/\/quehacerpolitico.mx\/?p=16262#respond"]}]},{"@type":"WebPage","@id":"https:\/\/quehacerpolitico.mx\/?p=16262","url":"https:\/\/quehacerpolitico.mx\/?p=16262","name":"Lamentable uso de audio, quiz\u00e1 alterado: Beatriz M\u00fcller -","isPartOf":{"@id":"https:\/\/quehacerpolitico.mx\/#website"},"primaryImageOfPage":{"@id":"https:\/\/quehacerpolitico.mx\/?p=16262#primaryimage"},"image":{"@id":"https:\/\/quehacerpolitico.mx\/?p=16262#primaryimage"},"thumbnailUrl":"","datePublished":"2019-02-06T02:16:18+00:00","author":{"@id":"https:\/\/quehacerpolitico.mx\/#\/schema\/person\/496d8ad2d1d3f8036101dca7ee39e585"},"breadcrumb":{"@id":"https:\/\/quehacerpolitico.mx\/?p=16262#breadcrumb"},"inLanguage":"es","potentialAction":[{"@type":"ReadAction","target":["https:\/\/quehacerpolitico.mx\/?p=16262"]}]},{"@type":"ImageObject","inLanguage":"es","@id":"https:\/\/quehacerpolitico.mx\/?p=16262#primaryimage","url":"","contentUrl":""},{"@type":"BreadcrumbList","@id":"https:\/\/quehacerpolitico.mx\/?p=16262#breadcrumb","itemListElement":[{"@type":"ListItem","position":1,"name":"Inicio","item":"https:\/\/quehacerpolitico.mx\/"},{"@type":"ListItem","position":2,"name":"Lamentable uso de audio, quiz\u00e1 alterado: Beatriz M\u00fcller"}]},{"@type":"WebSite","@id":"https:\/\/quehacerpolitico.mx\/#website","url":"https:\/\/quehacerpolitico.mx\/","name":"","description":"","potentialAction":[{"@type":"SearchAction","target":{"@type":"EntryPoint","urlTemplate":"https:\/\/quehacerpolitico.mx\/?s={search_term_string}"},"query-input":{"@type":"PropertyValueSpecification","valueRequired":true,"valueName":"search_term_string"}}],"inLanguage":"es"},{"@type":"Person","@id":"https:\/\/quehacerpolitico.mx\/#\/schema\/person\/496d8ad2d1d3f8036101dca7ee39e585","name":"Redacci\u00f3n QP","image":{"@type":"ImageObject","inLanguage":"es","@id":"https:\/\/secure.gravatar.com\/avatar\/c7164ed6fdec453195284ad24a5ae5b6e1eed2b848477fa2a4787ba9adf39a41?s=96&d=mm&r=g","url":"https:\/\/secure.gravatar.com\/avatar\/c7164ed6fdec453195284ad24a5ae5b6e1eed2b848477fa2a4787ba9adf39a41?s=96&d=mm&r=g","contentUrl":"https:\/\/secure.gravatar.com\/avatar\/c7164ed6fdec453195284ad24a5ae5b6e1eed2b848477fa2a4787ba9adf39a41?s=96&d=mm&r=g","caption":"Redacci\u00f3n QP"},"url":"https:\/\/quehacerpolitico.mx\/?author=2"}]}},"featured_image_urls":{"full":"","thumbnail":"","medium":"","medium_large":"","large":"","1536x1536":"","2048x2048":"","covernews-featured":"","covernews-medium":""},"author_info":{"display_name":"Redacci\u00f3n QP","author_link":"https:\/\/quehacerpolitico.mx\/?author=2"},"category_info":"<a href=\"https:\/\/quehacerpolitico.mx\/?cat=58\" rel=\"category\">Cultura y Entretenimiento<\/a>","tag_info":"Cultura y Entretenimiento","comment_count":"0","_links":{"self":[{"href":"https:\/\/quehacerpolitico.mx\/index.php?rest_route=\/wp\/v2\/posts\/16262","targetHints":{"allow":["GET"]}}],"collection":[{"href":"https:\/\/quehacerpolitico.mx\/index.php?rest_route=\/wp\/v2\/posts"}],"about":[{"href":"https:\/\/quehacerpolitico.mx\/index.php?rest_route=\/wp\/v2\/types\/post"}],"author":[{"embeddable":true,"href":"https:\/\/quehacerpolitico.mx\/index.php?rest_route=\/wp\/v2\/users\/2"}],"replies":[{"embeddable":true,"href":"https:\/\/quehacerpolitico.mx\/index.php?rest_route=%2Fwp%2Fv2%2Fcomments&post=16262"}],"version-history":[{"count":0,"href":"https:\/\/quehacerpolitico.mx\/index.php?rest_route=\/wp\/v2\/posts\/16262\/revisions"}],"wp:featuredmedia":[{"embeddable":true,"href":"https:\/\/quehacerpolitico.mx\/index.php?rest_route=\/"}],"wp:attachment":[{"href":"https:\/\/quehacerpolitico.mx\/index.php?rest_route=%2Fwp%2Fv2%2Fmedia&parent=16262"}],"wp:term":[{"taxonomy":"category","embeddable":true,"href":"https:\/\/quehacerpolitico.mx\/index.php?rest_route=%2Fwp%2Fv2%2Fcategories&post=16262"},{"taxonomy":"post_tag","embeddable":true,"href":"https:\/\/quehacerpolitico.mx\/index.php?rest_route=%2Fwp%2Fv2%2Ftags&post=16262"}],"curies":[{"name":"wp","href":"https:\/\/api.w.org\/{rel}","templated":true}]}}