{"id":16256,"date":"2019-02-06T01:19:35","date_gmt":"2019-02-06T01:19:35","guid":{"rendered":"http:\/\/quehacerpolitico.mx\/el-gobierno-de-slp-analiza-aumentar-la-seguridad-de-el-mijis-agresores-iban-en-una-moto-dice\/"},"modified":"2019-02-06T01:19:35","modified_gmt":"2019-02-06T01:19:35","slug":"el-gobierno-de-slp-analiza-aumentar-la-seguridad-de-el-mijis-agresores-iban-en-una-moto-dice","status":"publish","type":"post","link":"https:\/\/quehacerpolitico.mx\/?p=16256","title":{"rendered":"El Gobierno de SLP analiza aumentar la seguridad de \u201cEl Mijis\u201d; agresores iban en una moto, dice"},"content":{"rendered":"<h1>El Gobierno de SLP analiza aumentar la seguridad de \u201cEl Mijis\u201d; agresores iban en una moto, dice<\/h1>\n<p>Por Redacci\u00f3n QP<\/p>\n<p>El Gobierno del estado mexicano de <strong>San Luis Potos\u00ed<\/strong> inform\u00f3 este martes que eval\u00faa aumentar la seguridad del diputado local<strong> Pedro Carrizales<\/strong>, apodado \u201c<strong>el Mijis<\/strong>\u201c, luego de que anoche sufriera un <strong>ataque<\/strong>a <strong>balazos<\/strong> del que sali\u00f3 ileso.<\/p>\n<blockquote>\n<p>\u201cTendremos una reuni\u00f3n con \u00e9l para ver qu\u00e9 tipo de <strong>protecci\u00f3n<\/strong> darle\u201d, dijo en entrevista a <em>Milenio Televisi\u00f3n<\/em> el secretario de Gobierno estatal, Alejandro Leal Tov\u00edas.<\/p>\n<\/blockquote>\n<p>El funcionario explic\u00f3 que la <strong>Fiscal\u00eda<\/strong> de San Luis Potos\u00ed est\u00e1 <strong>investigando<\/strong> los hechos ocurridos este lunes por la noche cuando un sujeto en <strong>motocicleta<\/strong> <strong>dispar\u00f3<\/strong> contra el veh\u00edculo del <strong>diputado<\/strong> en un ataque que fue repelido por sus <strong>escoltas<\/strong>.<\/p>\n<p>Aunque no result\u00f3 herido, el secretario inform\u00f3 que Carrizalez abandon\u00f3 esta ma\u00f1ana el hospital en el que fue internado tras sufrir una crisis a ra\u00edz de su diabetes.<\/p>\n<p>De acuerdo con Leal Tov\u00edas, la seguridad del \u201cMijis\u201d se increment\u00f3 el a\u00f1o pasado despu\u00e9s de que el propio diputado lo solicitara, algo que seg\u00fan el funcionario \u201cdio como resultado que est\u00e9 a salvo y no tenga ninguna lesi\u00f3n\u201d.<\/p>\n<blockquote>\n<p>El \u201cMijis\u201d ha denunciado p\u00fablicamente durante las \u00faltimas semanas haber sufrido amenazas por su activismo en contra de las corridas de toros y las peleas de gallos en San Luis Potos\u00ed.<\/p>\n<\/blockquote>\n<p>En entrevista telef\u00f3nica, Carrizales confirm\u00f3 que nadie result\u00f3 herido, ya que despu\u00e9s de las amenazas previas dirigidas hacia \u00e9l y su familia, ya contaban con un protocolo de seguridad. Asimismo, coment\u00f3 que ya se hicieron las denuncias correspondientes.<\/p>\n<p>\u201cFui v\u00edctima de un atentado, nos balacearon (\u2026) Como parte de mi agenda ten\u00eda que ir a tres colonias de mi Distrito. La primera fue Torre de Babel; la segunda, Olinda, y la \u00faltima, a las 8:30 de la noche, era Ciudad Sat\u00e9lite. Al salir de Olinda mis escoltas me dijeron que subiera r\u00e1pido a la camioneta. En el transcurso de la carretera me dijeron que me tirara al piso. Me tiro y enseguida siento un enfren\u00f3n y empiezan a o\u00edrse los balazos. Yo estaba tapado, s\u00f3lo me volaban vidrios por encima de m\u00ed. Yo o\u00ed muchos calibres y dije: \u00a1Ya pues ya, ya fui, ahora ya me toc\u00f3! Los escoltas detuvieron la agresi\u00f3n\u201d, comparti\u00f3.<\/p>\n<p>Inform\u00f3 que los representantes de la Secretar\u00eda de Gobernaci\u00f3n ya se han puesto en contacto con \u00e9l, por lo que espera poder comunicarse con el Presidente a la brevedad.<\/p>\n<p>Este diputado, que consigui\u00f3 un esca\u00f1o en el Congreso local en las elecciones del pasado 1 de julio con la coalici\u00f3n izquierdista del presidente Andr\u00e9s Manuel L\u00f3pez Obrador, se convirti\u00f3 en un fen\u00f3meno medi\u00e1tico por haber formado parte de una pandilla cuando era joven.<\/p>\n<p>El \u201cMijis\u201d, una variante de la contracci\u00f3n \u201cmi\u2019jo\u201d (mi hijo), expresi\u00f3n con la que se saludan miles j\u00f3venes mexicanos -\u201c\u00bfQu\u00e9 pas\u00f3, mi\u2019jo?\u201d-, vivi\u00f3 un sinf\u00edn de carencias desde ni\u00f1o que lo llevaron a pertenecer a pandillas y vivir una juventud agitada.<\/p>\n<p>Fue durante esa etapa cuando estuvo a punto de morir, tanto por peleas callejeras como por intentos de suicidio.<\/p>\n<p>En 2002 cre\u00f3 el Movimiento Popular Juvenil, que \u00e9l dirige en San Luis Potos\u00ed, el cual busca \u201cencauzar chicos en situaci\u00f3n de calle y reivindicar sus derechos y luchar contra la discriminaci\u00f3n\u201d, seg\u00fan una ficha informativa en su sitio de Facebook.<\/p>\n<p>Con Informaci\u00f3n de EFE<\/p>\n","protected":false},"excerpt":{"rendered":"<p>El Gobierno de SLP analiza aumentar la seguridad de \u201cEl Mijis\u201d; agresores iban en una moto, dice<br \/>\nPor Redacci\u00f3n QP<\/p>\n","protected":false},"author":2,"featured_media":16255,"comment_status":"open","ping_status":"open","sticky":false,"template":"","format":"standard","meta":{"_monsterinsights_skip_tracking":false,"_monsterinsights_sitenote_active":false,"_monsterinsights_sitenote_note":"","_monsterinsights_sitenote_category":0,"footnotes":""},"categories":[2],"tags":[],"class_list":["post-16256","post","type-post","status-publish","format-standard","has-post-thumbnail","hentry","category-noticias"],"yoast_head":"<!-- This site is optimized with the Yoast SEO plugin v27.3 - https:\/\/yoast.com\/product\/yoast-seo-wordpress\/ -->\n<title>El Gobierno de SLP analiza aumentar la seguridad de \u201cEl Mijis\u201d; agresores iban en una moto, dice -<\/title>\n<meta name=\"robots\" content=\"index, follow, max-snippet:-1, max-image-preview:large, max-video-preview:-1\" \/>\n<link rel=\"canonical\" href=\"https:\/\/quehacerpolitico.mx\/?p=16256\" \/>\n<meta property=\"og:locale\" content=\"es_MX\" \/>\n<meta property=\"og:type\" content=\"article\" \/>\n<meta property=\"og:title\" content=\"El Gobierno de SLP analiza aumentar la seguridad de \u201cEl Mijis\u201d; agresores iban en una moto, dice -\" \/>\n<meta property=\"og:description\" content=\"El Gobierno de SLP analiza aumentar la seguridad de \u201cEl Mijis\u201d; agresores iban en una moto, dice Por Redacci\u00f3n QP\" \/>\n<meta property=\"og:url\" content=\"https:\/\/quehacerpolitico.mx\/?p=16256\" \/>\n<meta property=\"article:published_time\" content=\"2019-02-06T01:19:35+00:00\" \/>\n<meta name=\"author\" content=\"Redacci\u00f3n QP\" \/>\n<meta name=\"twitter:card\" content=\"summary_large_image\" \/>\n<meta name=\"twitter:label1\" content=\"Escrito por\" \/>\n\t<meta name=\"twitter:data1\" content=\"Redacci\u00f3n QP\" \/>\n\t<meta name=\"twitter:label2\" content=\"Tiempo de lectura\" \/>\n\t<meta name=\"twitter:data2\" content=\"3 minutos\" \/>\n<script type=\"application\/ld+json\" class=\"yoast-schema-graph\">{\"@context\":\"https:\\\/\\\/schema.org\",\"@graph\":[{\"@type\":\"Article\",\"@id\":\"https:\\\/\\\/quehacerpolitico.mx\\\/?p=16256#article\",\"isPartOf\":{\"@id\":\"https:\\\/\\\/quehacerpolitico.mx\\\/?p=16256\"},\"author\":{\"name\":\"Redacci\u00f3n QP\",\"@id\":\"https:\\\/\\\/quehacerpolitico.mx\\\/#\\\/schema\\\/person\\\/496d8ad2d1d3f8036101dca7ee39e585\"},\"headline\":\"El Gobierno de SLP analiza aumentar la seguridad de \u201cEl Mijis\u201d; agresores iban en una moto, dice\",\"datePublished\":\"2019-02-06T01:19:35+00:00\",\"mainEntityOfPage\":{\"@id\":\"https:\\\/\\\/quehacerpolitico.mx\\\/?p=16256\"},\"wordCount\":612,\"commentCount\":0,\"image\":{\"@id\":\"https:\\\/\\\/quehacerpolitico.mx\\\/?p=16256#primaryimage\"},\"thumbnailUrl\":\"\",\"articleSection\":[\"Noticias\"],\"inLanguage\":\"es\",\"potentialAction\":[{\"@type\":\"CommentAction\",\"name\":\"Comment\",\"target\":[\"https:\\\/\\\/quehacerpolitico.mx\\\/?p=16256#respond\"]}]},{\"@type\":\"WebPage\",\"@id\":\"https:\\\/\\\/quehacerpolitico.mx\\\/?p=16256\",\"url\":\"https:\\\/\\\/quehacerpolitico.mx\\\/?p=16256\",\"name\":\"El Gobierno de SLP analiza aumentar la seguridad de \u201cEl Mijis\u201d; agresores iban en una moto, dice -\",\"isPartOf\":{\"@id\":\"https:\\\/\\\/quehacerpolitico.mx\\\/#website\"},\"primaryImageOfPage\":{\"@id\":\"https:\\\/\\\/quehacerpolitico.mx\\\/?p=16256#primaryimage\"},\"image\":{\"@id\":\"https:\\\/\\\/quehacerpolitico.mx\\\/?p=16256#primaryimage\"},\"thumbnailUrl\":\"\",\"datePublished\":\"2019-02-06T01:19:35+00:00\",\"author\":{\"@id\":\"https:\\\/\\\/quehacerpolitico.mx\\\/#\\\/schema\\\/person\\\/496d8ad2d1d3f8036101dca7ee39e585\"},\"breadcrumb\":{\"@id\":\"https:\\\/\\\/quehacerpolitico.mx\\\/?p=16256#breadcrumb\"},\"inLanguage\":\"es\",\"potentialAction\":[{\"@type\":\"ReadAction\",\"target\":[\"https:\\\/\\\/quehacerpolitico.mx\\\/?p=16256\"]}]},{\"@type\":\"ImageObject\",\"inLanguage\":\"es\",\"@id\":\"https:\\\/\\\/quehacerpolitico.mx\\\/?p=16256#primaryimage\",\"url\":\"\",\"contentUrl\":\"\"},{\"@type\":\"BreadcrumbList\",\"@id\":\"https:\\\/\\\/quehacerpolitico.mx\\\/?p=16256#breadcrumb\",\"itemListElement\":[{\"@type\":\"ListItem\",\"position\":1,\"name\":\"Inicio\",\"item\":\"https:\\\/\\\/quehacerpolitico.mx\\\/\"},{\"@type\":\"ListItem\",\"position\":2,\"name\":\"El Gobierno de SLP analiza aumentar la seguridad de \u201cEl Mijis\u201d; agresores iban en una moto, dice\"}]},{\"@type\":\"WebSite\",\"@id\":\"https:\\\/\\\/quehacerpolitico.mx\\\/#website\",\"url\":\"https:\\\/\\\/quehacerpolitico.mx\\\/\",\"name\":\"\",\"description\":\"\",\"potentialAction\":[{\"@type\":\"SearchAction\",\"target\":{\"@type\":\"EntryPoint\",\"urlTemplate\":\"https:\\\/\\\/quehacerpolitico.mx\\\/?s={search_term_string}\"},\"query-input\":{\"@type\":\"PropertyValueSpecification\",\"valueRequired\":true,\"valueName\":\"search_term_string\"}}],\"inLanguage\":\"es\"},{\"@type\":\"Person\",\"@id\":\"https:\\\/\\\/quehacerpolitico.mx\\\/#\\\/schema\\\/person\\\/496d8ad2d1d3f8036101dca7ee39e585\",\"name\":\"Redacci\u00f3n QP\",\"image\":{\"@type\":\"ImageObject\",\"inLanguage\":\"es\",\"@id\":\"https:\\\/\\\/secure.gravatar.com\\\/avatar\\\/c7164ed6fdec453195284ad24a5ae5b6e1eed2b848477fa2a4787ba9adf39a41?s=96&d=mm&r=g\",\"url\":\"https:\\\/\\\/secure.gravatar.com\\\/avatar\\\/c7164ed6fdec453195284ad24a5ae5b6e1eed2b848477fa2a4787ba9adf39a41?s=96&d=mm&r=g\",\"contentUrl\":\"https:\\\/\\\/secure.gravatar.com\\\/avatar\\\/c7164ed6fdec453195284ad24a5ae5b6e1eed2b848477fa2a4787ba9adf39a41?s=96&d=mm&r=g\",\"caption\":\"Redacci\u00f3n QP\"},\"url\":\"https:\\\/\\\/quehacerpolitico.mx\\\/?author=2\"}]}<\/script>\n<!-- \/ Yoast SEO plugin. -->","yoast_head_json":{"title":"El Gobierno de SLP analiza aumentar la seguridad de \u201cEl Mijis\u201d; agresores iban en una moto, dice -","robots":{"index":"index","follow":"follow","max-snippet":"max-snippet:-1","max-image-preview":"max-image-preview:large","max-video-preview":"max-video-preview:-1"},"canonical":"https:\/\/quehacerpolitico.mx\/?p=16256","og_locale":"es_MX","og_type":"article","og_title":"El Gobierno de SLP analiza aumentar la seguridad de \u201cEl Mijis\u201d; agresores iban en una moto, dice -","og_description":"El Gobierno de SLP analiza aumentar la seguridad de \u201cEl Mijis\u201d; agresores iban en una moto, dice Por Redacci\u00f3n QP","og_url":"https:\/\/quehacerpolitico.mx\/?p=16256","article_published_time":"2019-02-06T01:19:35+00:00","author":"Redacci\u00f3n QP","twitter_card":"summary_large_image","twitter_misc":{"Escrito por":"Redacci\u00f3n QP","Tiempo de lectura":"3 minutos"},"schema":{"@context":"https:\/\/schema.org","@graph":[{"@type":"Article","@id":"https:\/\/quehacerpolitico.mx\/?p=16256#article","isPartOf":{"@id":"https:\/\/quehacerpolitico.mx\/?p=16256"},"author":{"name":"Redacci\u00f3n QP","@id":"https:\/\/quehacerpolitico.mx\/#\/schema\/person\/496d8ad2d1d3f8036101dca7ee39e585"},"headline":"El Gobierno de SLP analiza aumentar la seguridad de \u201cEl Mijis\u201d; agresores iban en una moto, dice","datePublished":"2019-02-06T01:19:35+00:00","mainEntityOfPage":{"@id":"https:\/\/quehacerpolitico.mx\/?p=16256"},"wordCount":612,"commentCount":0,"image":{"@id":"https:\/\/quehacerpolitico.mx\/?p=16256#primaryimage"},"thumbnailUrl":"","articleSection":["Noticias"],"inLanguage":"es","potentialAction":[{"@type":"CommentAction","name":"Comment","target":["https:\/\/quehacerpolitico.mx\/?p=16256#respond"]}]},{"@type":"WebPage","@id":"https:\/\/quehacerpolitico.mx\/?p=16256","url":"https:\/\/quehacerpolitico.mx\/?p=16256","name":"El Gobierno de SLP analiza aumentar la seguridad de \u201cEl Mijis\u201d; agresores iban en una moto, dice -","isPartOf":{"@id":"https:\/\/quehacerpolitico.mx\/#website"},"primaryImageOfPage":{"@id":"https:\/\/quehacerpolitico.mx\/?p=16256#primaryimage"},"image":{"@id":"https:\/\/quehacerpolitico.mx\/?p=16256#primaryimage"},"thumbnailUrl":"","datePublished":"2019-02-06T01:19:35+00:00","author":{"@id":"https:\/\/quehacerpolitico.mx\/#\/schema\/person\/496d8ad2d1d3f8036101dca7ee39e585"},"breadcrumb":{"@id":"https:\/\/quehacerpolitico.mx\/?p=16256#breadcrumb"},"inLanguage":"es","potentialAction":[{"@type":"ReadAction","target":["https:\/\/quehacerpolitico.mx\/?p=16256"]}]},{"@type":"ImageObject","inLanguage":"es","@id":"https:\/\/quehacerpolitico.mx\/?p=16256#primaryimage","url":"","contentUrl":""},{"@type":"BreadcrumbList","@id":"https:\/\/quehacerpolitico.mx\/?p=16256#breadcrumb","itemListElement":[{"@type":"ListItem","position":1,"name":"Inicio","item":"https:\/\/quehacerpolitico.mx\/"},{"@type":"ListItem","position":2,"name":"El Gobierno de SLP analiza aumentar la seguridad de \u201cEl Mijis\u201d; agresores iban en una moto, dice"}]},{"@type":"WebSite","@id":"https:\/\/quehacerpolitico.mx\/#website","url":"https:\/\/quehacerpolitico.mx\/","name":"","description":"","potentialAction":[{"@type":"SearchAction","target":{"@type":"EntryPoint","urlTemplate":"https:\/\/quehacerpolitico.mx\/?s={search_term_string}"},"query-input":{"@type":"PropertyValueSpecification","valueRequired":true,"valueName":"search_term_string"}}],"inLanguage":"es"},{"@type":"Person","@id":"https:\/\/quehacerpolitico.mx\/#\/schema\/person\/496d8ad2d1d3f8036101dca7ee39e585","name":"Redacci\u00f3n QP","image":{"@type":"ImageObject","inLanguage":"es","@id":"https:\/\/secure.gravatar.com\/avatar\/c7164ed6fdec453195284ad24a5ae5b6e1eed2b848477fa2a4787ba9adf39a41?s=96&d=mm&r=g","url":"https:\/\/secure.gravatar.com\/avatar\/c7164ed6fdec453195284ad24a5ae5b6e1eed2b848477fa2a4787ba9adf39a41?s=96&d=mm&r=g","contentUrl":"https:\/\/secure.gravatar.com\/avatar\/c7164ed6fdec453195284ad24a5ae5b6e1eed2b848477fa2a4787ba9adf39a41?s=96&d=mm&r=g","caption":"Redacci\u00f3n QP"},"url":"https:\/\/quehacerpolitico.mx\/?author=2"}]}},"featured_image_urls":{"full":"","thumbnail":"","medium":"","medium_large":"","large":"","1536x1536":"","2048x2048":"","covernews-featured":"","covernews-medium":""},"author_info":{"display_name":"Redacci\u00f3n QP","author_link":"https:\/\/quehacerpolitico.mx\/?author=2"},"category_info":"<a href=\"https:\/\/quehacerpolitico.mx\/?cat=2\" rel=\"category\">Noticias<\/a>","tag_info":"Noticias","comment_count":"0","_links":{"self":[{"href":"https:\/\/quehacerpolitico.mx\/index.php?rest_route=\/wp\/v2\/posts\/16256","targetHints":{"allow":["GET"]}}],"collection":[{"href":"https:\/\/quehacerpolitico.mx\/index.php?rest_route=\/wp\/v2\/posts"}],"about":[{"href":"https:\/\/quehacerpolitico.mx\/index.php?rest_route=\/wp\/v2\/types\/post"}],"author":[{"embeddable":true,"href":"https:\/\/quehacerpolitico.mx\/index.php?rest_route=\/wp\/v2\/users\/2"}],"replies":[{"embeddable":true,"href":"https:\/\/quehacerpolitico.mx\/index.php?rest_route=%2Fwp%2Fv2%2Fcomments&post=16256"}],"version-history":[{"count":0,"href":"https:\/\/quehacerpolitico.mx\/index.php?rest_route=\/wp\/v2\/posts\/16256\/revisions"}],"wp:featuredmedia":[{"embeddable":true,"href":"https:\/\/quehacerpolitico.mx\/index.php?rest_route=\/"}],"wp:attachment":[{"href":"https:\/\/quehacerpolitico.mx\/index.php?rest_route=%2Fwp%2Fv2%2Fmedia&parent=16256"}],"wp:term":[{"taxonomy":"category","embeddable":true,"href":"https:\/\/quehacerpolitico.mx\/index.php?rest_route=%2Fwp%2Fv2%2Fcategories&post=16256"},{"taxonomy":"post_tag","embeddable":true,"href":"https:\/\/quehacerpolitico.mx\/index.php?rest_route=%2Fwp%2Fv2%2Ftags&post=16256"}],"curies":[{"name":"wp","href":"https:\/\/api.w.org\/{rel}","templated":true}]}}