{"id":16253,"date":"2019-02-06T01:14:08","date_gmt":"2019-02-06T01:14:08","guid":{"rendered":"http:\/\/quehacerpolitico.mx\/el-congreso-de-veracruz-decidira-el-proximo-jueves-si-el-fiscal-jorge-winckler-va-a-juicio-politico\/"},"modified":"2019-02-06T01:14:08","modified_gmt":"2019-02-06T01:14:08","slug":"el-congreso-de-veracruz-decidira-el-proximo-jueves-si-el-fiscal-jorge-winckler-va-a-juicio-politico","status":"publish","type":"post","link":"https:\/\/quehacerpolitico.mx\/?p=16253","title":{"rendered":"El Congreso de Veracruz decidir\u00e1 el pr\u00f3ximo jueves si el Fiscal Jorge Winckler va a juicio pol\u00edtico"},"content":{"rendered":"<h1>El Congreso de Veracruz decidir\u00e1 el pr\u00f3ximo jueves si el Fiscal Jorge Winckler va a juicio pol\u00edtico<\/h1>\n<p>Por Redacci\u00f3n QP<\/p>\n<p>El <strong>Congreso de Veracruz<\/strong> discutir\u00e1 y votar\u00e1 el pr\u00f3ximo jueves los Dict\u00e1menes relativos al juicio pol\u00edtico en contra del <strong>Fiscal General del Estado, Jorge Winckler<\/strong>, que en caso de proceder, abrir\u00edan la puerta para que el funcionario sea enjuiciado por acusaciones de tortura y desaparici\u00f3n forzada.<\/p>\n<p>A trav\u00e9s de su portal, el Congreso veracruzano inform\u00f3 que la discusi\u00f3n se celebrar\u00e1 \u201cdurante la primera sesi\u00f3n extraordinaria\u201d, a las 17:00 horas del pr\u00f3ximo jueves 7 de febrero.<\/p>\n<p>Los Dict\u00e1menes que se revisar\u00e1n fueron aprobados por la Comisi\u00f3n Permanente Instructora el pasado 29 y 30 de enero.<\/p>\n<p>Jorge Winckler Ortiz fue acusado de desaparici\u00f3n forzada en contra de Francisco Z\u00e1rate Avi\u00f1a, quien se\u00f1ala al Fiscal como responsable de haberlo mantenido privado de su libertad para que revelara la ubicaci\u00f3n del ex Fiscal, Luis \u00c1ngel Bravo, para quien trabajaba como jefe de escoltas.<\/p>\n<p>Adem\u00e1s, en d\u00edas pasados se dio a conocer que un Juez desech\u00f3 el amparo con el que el Fiscal Jorge Winckler buscaba evitar este juicio pol\u00edtico. Con dicho recurso legal el funcionario trat\u00f3 de defenderse de la denuncia en su contra que present\u00f3 Gilberto Aguirre Garza, quien fue director general de Servicios Periciales en Veracruz durante el sexenio del ex Gobernador priista Javier Duarte y denunci\u00f3 al Fiscal por por el delito de tortura.<\/p>\n<p><strong>PROHIBE TRABAJO PERIOD\u00cdSTICO\u00a0<\/strong><\/p>\n<p>La empresa gubernamental Radio Televisi\u00f3n de Veracruz (RTV), hizo responsable al Fiscal Jorge Winckler de cualquier agresi\u00f3n a la integridad f\u00edsica o moral de cualquiera de nuestros reporteros y colaboradores del canal.<\/p>\n<p>Lo anterior se desprende de la situaci\u00f3n que este martes se registr\u00f3 cuando los reporteros, Antonio Luna Ortega y Carlos Andrade, acudieron a la Fiscal\u00eda para cubrir la tradicional conferencia del Fiscal Jorge Winckler.<\/p>\n<blockquote>\n<p>\u201cEn esta ocasi\u00f3n, el personal de seguridad de la FGE impidi\u00f3 el paso de nuestros compa\u00f1eros a la rueda de prensa, con el argumento de que se trata de una orden espec\u00edfica de Jorge Winckler\u201d.<\/p>\n<\/blockquote>\n<p>A trav\u00e9s de un comunicado, la televisora estatal denunci\u00f3 que fueron videograbados por personal al servicio del Fiscal, \u201cpor lo que desde este momento lo hacemos responsable de cualquier agresi\u00f3n a la integridad f\u00edsica o moral de cualquiera de nuestros reporteros y colaboradores\u201d.<\/p>\n<p><em>Con informaci\u00f3n de Plumas Libres\u00a0<\/em><\/p>\n","protected":false},"excerpt":{"rendered":"<p>El Congreso de Veracruz decidir\u00e1 el pr\u00f3ximo jueves si el Fiscal Jorge Winckler va a juicio pol\u00edtico<br \/>\nPor Redacci\u00f3n QP<\/p>\n","protected":false},"author":2,"featured_media":16252,"comment_status":"open","ping_status":"open","sticky":false,"template":"","format":"standard","meta":{"_monsterinsights_skip_tracking":false,"_monsterinsights_sitenote_active":false,"_monsterinsights_sitenote_note":"","_monsterinsights_sitenote_category":0,"footnotes":""},"categories":[2],"tags":[],"class_list":["post-16253","post","type-post","status-publish","format-standard","has-post-thumbnail","hentry","category-noticias"],"yoast_head":"<!-- This site is optimized with the Yoast SEO plugin v27.3 - https:\/\/yoast.com\/product\/yoast-seo-wordpress\/ -->\n<title>El Congreso de Veracruz decidir\u00e1 el pr\u00f3ximo jueves si el Fiscal Jorge Winckler va a juicio pol\u00edtico -<\/title>\n<meta name=\"robots\" content=\"index, follow, max-snippet:-1, max-image-preview:large, max-video-preview:-1\" \/>\n<link rel=\"canonical\" href=\"https:\/\/quehacerpolitico.mx\/?p=16253\" \/>\n<meta property=\"og:locale\" content=\"es_MX\" \/>\n<meta property=\"og:type\" content=\"article\" \/>\n<meta property=\"og:title\" content=\"El Congreso de Veracruz decidir\u00e1 el pr\u00f3ximo jueves si el Fiscal Jorge Winckler va a juicio pol\u00edtico -\" \/>\n<meta property=\"og:description\" content=\"El Congreso de Veracruz decidir\u00e1 el pr\u00f3ximo jueves si el Fiscal Jorge Winckler va a juicio pol\u00edtico Por Redacci\u00f3n QP\" \/>\n<meta property=\"og:url\" content=\"https:\/\/quehacerpolitico.mx\/?p=16253\" \/>\n<meta property=\"article:published_time\" content=\"2019-02-06T01:14:08+00:00\" \/>\n<meta name=\"author\" content=\"Redacci\u00f3n QP\" \/>\n<meta name=\"twitter:card\" content=\"summary_large_image\" \/>\n<meta name=\"twitter:label1\" content=\"Escrito por\" \/>\n\t<meta name=\"twitter:data1\" content=\"Redacci\u00f3n QP\" \/>\n\t<meta name=\"twitter:label2\" content=\"Tiempo de lectura\" \/>\n\t<meta name=\"twitter:data2\" content=\"2 minutos\" \/>\n<script type=\"application\/ld+json\" class=\"yoast-schema-graph\">{\"@context\":\"https:\\\/\\\/schema.org\",\"@graph\":[{\"@type\":\"Article\",\"@id\":\"https:\\\/\\\/quehacerpolitico.mx\\\/?p=16253#article\",\"isPartOf\":{\"@id\":\"https:\\\/\\\/quehacerpolitico.mx\\\/?p=16253\"},\"author\":{\"name\":\"Redacci\u00f3n QP\",\"@id\":\"https:\\\/\\\/quehacerpolitico.mx\\\/#\\\/schema\\\/person\\\/496d8ad2d1d3f8036101dca7ee39e585\"},\"headline\":\"El Congreso de Veracruz decidir\u00e1 el pr\u00f3ximo jueves si el Fiscal Jorge Winckler va a juicio pol\u00edtico\",\"datePublished\":\"2019-02-06T01:14:08+00:00\",\"mainEntityOfPage\":{\"@id\":\"https:\\\/\\\/quehacerpolitico.mx\\\/?p=16253\"},\"wordCount\":436,\"commentCount\":0,\"image\":{\"@id\":\"https:\\\/\\\/quehacerpolitico.mx\\\/?p=16253#primaryimage\"},\"thumbnailUrl\":\"\",\"articleSection\":[\"Noticias\"],\"inLanguage\":\"es\",\"potentialAction\":[{\"@type\":\"CommentAction\",\"name\":\"Comment\",\"target\":[\"https:\\\/\\\/quehacerpolitico.mx\\\/?p=16253#respond\"]}]},{\"@type\":\"WebPage\",\"@id\":\"https:\\\/\\\/quehacerpolitico.mx\\\/?p=16253\",\"url\":\"https:\\\/\\\/quehacerpolitico.mx\\\/?p=16253\",\"name\":\"El Congreso de Veracruz decidir\u00e1 el pr\u00f3ximo jueves si el Fiscal Jorge Winckler va a juicio pol\u00edtico -\",\"isPartOf\":{\"@id\":\"https:\\\/\\\/quehacerpolitico.mx\\\/#website\"},\"primaryImageOfPage\":{\"@id\":\"https:\\\/\\\/quehacerpolitico.mx\\\/?p=16253#primaryimage\"},\"image\":{\"@id\":\"https:\\\/\\\/quehacerpolitico.mx\\\/?p=16253#primaryimage\"},\"thumbnailUrl\":\"\",\"datePublished\":\"2019-02-06T01:14:08+00:00\",\"author\":{\"@id\":\"https:\\\/\\\/quehacerpolitico.mx\\\/#\\\/schema\\\/person\\\/496d8ad2d1d3f8036101dca7ee39e585\"},\"breadcrumb\":{\"@id\":\"https:\\\/\\\/quehacerpolitico.mx\\\/?p=16253#breadcrumb\"},\"inLanguage\":\"es\",\"potentialAction\":[{\"@type\":\"ReadAction\",\"target\":[\"https:\\\/\\\/quehacerpolitico.mx\\\/?p=16253\"]}]},{\"@type\":\"ImageObject\",\"inLanguage\":\"es\",\"@id\":\"https:\\\/\\\/quehacerpolitico.mx\\\/?p=16253#primaryimage\",\"url\":\"\",\"contentUrl\":\"\"},{\"@type\":\"BreadcrumbList\",\"@id\":\"https:\\\/\\\/quehacerpolitico.mx\\\/?p=16253#breadcrumb\",\"itemListElement\":[{\"@type\":\"ListItem\",\"position\":1,\"name\":\"Inicio\",\"item\":\"https:\\\/\\\/quehacerpolitico.mx\\\/\"},{\"@type\":\"ListItem\",\"position\":2,\"name\":\"El Congreso de Veracruz decidir\u00e1 el pr\u00f3ximo jueves si el Fiscal Jorge Winckler va a juicio pol\u00edtico\"}]},{\"@type\":\"WebSite\",\"@id\":\"https:\\\/\\\/quehacerpolitico.mx\\\/#website\",\"url\":\"https:\\\/\\\/quehacerpolitico.mx\\\/\",\"name\":\"\",\"description\":\"\",\"potentialAction\":[{\"@type\":\"SearchAction\",\"target\":{\"@type\":\"EntryPoint\",\"urlTemplate\":\"https:\\\/\\\/quehacerpolitico.mx\\\/?s={search_term_string}\"},\"query-input\":{\"@type\":\"PropertyValueSpecification\",\"valueRequired\":true,\"valueName\":\"search_term_string\"}}],\"inLanguage\":\"es\"},{\"@type\":\"Person\",\"@id\":\"https:\\\/\\\/quehacerpolitico.mx\\\/#\\\/schema\\\/person\\\/496d8ad2d1d3f8036101dca7ee39e585\",\"name\":\"Redacci\u00f3n QP\",\"image\":{\"@type\":\"ImageObject\",\"inLanguage\":\"es\",\"@id\":\"https:\\\/\\\/secure.gravatar.com\\\/avatar\\\/c7164ed6fdec453195284ad24a5ae5b6e1eed2b848477fa2a4787ba9adf39a41?s=96&d=mm&r=g\",\"url\":\"https:\\\/\\\/secure.gravatar.com\\\/avatar\\\/c7164ed6fdec453195284ad24a5ae5b6e1eed2b848477fa2a4787ba9adf39a41?s=96&d=mm&r=g\",\"contentUrl\":\"https:\\\/\\\/secure.gravatar.com\\\/avatar\\\/c7164ed6fdec453195284ad24a5ae5b6e1eed2b848477fa2a4787ba9adf39a41?s=96&d=mm&r=g\",\"caption\":\"Redacci\u00f3n QP\"},\"url\":\"https:\\\/\\\/quehacerpolitico.mx\\\/?author=2\"}]}<\/script>\n<!-- \/ Yoast SEO plugin. -->","yoast_head_json":{"title":"El Congreso de Veracruz decidir\u00e1 el pr\u00f3ximo jueves si el Fiscal Jorge Winckler va a juicio pol\u00edtico -","robots":{"index":"index","follow":"follow","max-snippet":"max-snippet:-1","max-image-preview":"max-image-preview:large","max-video-preview":"max-video-preview:-1"},"canonical":"https:\/\/quehacerpolitico.mx\/?p=16253","og_locale":"es_MX","og_type":"article","og_title":"El Congreso de Veracruz decidir\u00e1 el pr\u00f3ximo jueves si el Fiscal Jorge Winckler va a juicio pol\u00edtico -","og_description":"El Congreso de Veracruz decidir\u00e1 el pr\u00f3ximo jueves si el Fiscal Jorge Winckler va a juicio pol\u00edtico Por Redacci\u00f3n QP","og_url":"https:\/\/quehacerpolitico.mx\/?p=16253","article_published_time":"2019-02-06T01:14:08+00:00","author":"Redacci\u00f3n QP","twitter_card":"summary_large_image","twitter_misc":{"Escrito por":"Redacci\u00f3n QP","Tiempo de lectura":"2 minutos"},"schema":{"@context":"https:\/\/schema.org","@graph":[{"@type":"Article","@id":"https:\/\/quehacerpolitico.mx\/?p=16253#article","isPartOf":{"@id":"https:\/\/quehacerpolitico.mx\/?p=16253"},"author":{"name":"Redacci\u00f3n QP","@id":"https:\/\/quehacerpolitico.mx\/#\/schema\/person\/496d8ad2d1d3f8036101dca7ee39e585"},"headline":"El Congreso de Veracruz decidir\u00e1 el pr\u00f3ximo jueves si el Fiscal Jorge Winckler va a juicio pol\u00edtico","datePublished":"2019-02-06T01:14:08+00:00","mainEntityOfPage":{"@id":"https:\/\/quehacerpolitico.mx\/?p=16253"},"wordCount":436,"commentCount":0,"image":{"@id":"https:\/\/quehacerpolitico.mx\/?p=16253#primaryimage"},"thumbnailUrl":"","articleSection":["Noticias"],"inLanguage":"es","potentialAction":[{"@type":"CommentAction","name":"Comment","target":["https:\/\/quehacerpolitico.mx\/?p=16253#respond"]}]},{"@type":"WebPage","@id":"https:\/\/quehacerpolitico.mx\/?p=16253","url":"https:\/\/quehacerpolitico.mx\/?p=16253","name":"El Congreso de Veracruz decidir\u00e1 el pr\u00f3ximo jueves si el Fiscal Jorge Winckler va a juicio pol\u00edtico -","isPartOf":{"@id":"https:\/\/quehacerpolitico.mx\/#website"},"primaryImageOfPage":{"@id":"https:\/\/quehacerpolitico.mx\/?p=16253#primaryimage"},"image":{"@id":"https:\/\/quehacerpolitico.mx\/?p=16253#primaryimage"},"thumbnailUrl":"","datePublished":"2019-02-06T01:14:08+00:00","author":{"@id":"https:\/\/quehacerpolitico.mx\/#\/schema\/person\/496d8ad2d1d3f8036101dca7ee39e585"},"breadcrumb":{"@id":"https:\/\/quehacerpolitico.mx\/?p=16253#breadcrumb"},"inLanguage":"es","potentialAction":[{"@type":"ReadAction","target":["https:\/\/quehacerpolitico.mx\/?p=16253"]}]},{"@type":"ImageObject","inLanguage":"es","@id":"https:\/\/quehacerpolitico.mx\/?p=16253#primaryimage","url":"","contentUrl":""},{"@type":"BreadcrumbList","@id":"https:\/\/quehacerpolitico.mx\/?p=16253#breadcrumb","itemListElement":[{"@type":"ListItem","position":1,"name":"Inicio","item":"https:\/\/quehacerpolitico.mx\/"},{"@type":"ListItem","position":2,"name":"El Congreso de Veracruz decidir\u00e1 el pr\u00f3ximo jueves si el Fiscal Jorge Winckler va a juicio pol\u00edtico"}]},{"@type":"WebSite","@id":"https:\/\/quehacerpolitico.mx\/#website","url":"https:\/\/quehacerpolitico.mx\/","name":"","description":"","potentialAction":[{"@type":"SearchAction","target":{"@type":"EntryPoint","urlTemplate":"https:\/\/quehacerpolitico.mx\/?s={search_term_string}"},"query-input":{"@type":"PropertyValueSpecification","valueRequired":true,"valueName":"search_term_string"}}],"inLanguage":"es"},{"@type":"Person","@id":"https:\/\/quehacerpolitico.mx\/#\/schema\/person\/496d8ad2d1d3f8036101dca7ee39e585","name":"Redacci\u00f3n QP","image":{"@type":"ImageObject","inLanguage":"es","@id":"https:\/\/secure.gravatar.com\/avatar\/c7164ed6fdec453195284ad24a5ae5b6e1eed2b848477fa2a4787ba9adf39a41?s=96&d=mm&r=g","url":"https:\/\/secure.gravatar.com\/avatar\/c7164ed6fdec453195284ad24a5ae5b6e1eed2b848477fa2a4787ba9adf39a41?s=96&d=mm&r=g","contentUrl":"https:\/\/secure.gravatar.com\/avatar\/c7164ed6fdec453195284ad24a5ae5b6e1eed2b848477fa2a4787ba9adf39a41?s=96&d=mm&r=g","caption":"Redacci\u00f3n QP"},"url":"https:\/\/quehacerpolitico.mx\/?author=2"}]}},"featured_image_urls":{"full":"","thumbnail":"","medium":"","medium_large":"","large":"","1536x1536":"","2048x2048":"","covernews-featured":"","covernews-medium":""},"author_info":{"display_name":"Redacci\u00f3n QP","author_link":"https:\/\/quehacerpolitico.mx\/?author=2"},"category_info":"<a href=\"https:\/\/quehacerpolitico.mx\/?cat=2\" rel=\"category\">Noticias<\/a>","tag_info":"Noticias","comment_count":"0","_links":{"self":[{"href":"https:\/\/quehacerpolitico.mx\/index.php?rest_route=\/wp\/v2\/posts\/16253","targetHints":{"allow":["GET"]}}],"collection":[{"href":"https:\/\/quehacerpolitico.mx\/index.php?rest_route=\/wp\/v2\/posts"}],"about":[{"href":"https:\/\/quehacerpolitico.mx\/index.php?rest_route=\/wp\/v2\/types\/post"}],"author":[{"embeddable":true,"href":"https:\/\/quehacerpolitico.mx\/index.php?rest_route=\/wp\/v2\/users\/2"}],"replies":[{"embeddable":true,"href":"https:\/\/quehacerpolitico.mx\/index.php?rest_route=%2Fwp%2Fv2%2Fcomments&post=16253"}],"version-history":[{"count":0,"href":"https:\/\/quehacerpolitico.mx\/index.php?rest_route=\/wp\/v2\/posts\/16253\/revisions"}],"wp:featuredmedia":[{"embeddable":true,"href":"https:\/\/quehacerpolitico.mx\/index.php?rest_route=\/"}],"wp:attachment":[{"href":"https:\/\/quehacerpolitico.mx\/index.php?rest_route=%2Fwp%2Fv2%2Fmedia&parent=16253"}],"wp:term":[{"taxonomy":"category","embeddable":true,"href":"https:\/\/quehacerpolitico.mx\/index.php?rest_route=%2Fwp%2Fv2%2Fcategories&post=16253"},{"taxonomy":"post_tag","embeddable":true,"href":"https:\/\/quehacerpolitico.mx\/index.php?rest_route=%2Fwp%2Fv2%2Ftags&post=16253"}],"curies":[{"name":"wp","href":"https:\/\/api.w.org\/{rel}","templated":true}]}}