{"id":16247,"date":"2019-02-06T01:02:04","date_gmt":"2019-02-06T01:02:04","guid":{"rendered":"http:\/\/quehacerpolitico.mx\/calderon-si-no-trabajo-con-empresas-extranjeras-de-que-viviria-un-presidente-honesto\/"},"modified":"2019-02-06T01:02:04","modified_gmt":"2019-02-06T01:02:04","slug":"calderon-si-no-trabajo-con-empresas-extranjeras-de-que-viviria-un-presidente-honesto","status":"publish","type":"post","link":"https:\/\/quehacerpolitico.mx\/?p=16247","title":{"rendered":"Calder\u00f3n: \u201cSi no trabajo con empresas extranjeras, \u00bfde qu\u00e9 vivir\u00eda un presidente honesto?\u201d"},"content":{"rendered":"<h1>Calder\u00f3n: \u201cSi no trabajo con empresas extranjeras, \u00bfde qu\u00e9 vivir\u00eda un presidente honesto?\u201d<\/h1>\n<p>Por Redacci\u00f3n QP<\/p>\n<p>El ex Presidente <strong>Felipe Calder\u00f3n<\/strong> defendi\u00f3 su trabajo como <strong>asesor<\/strong> de la empresa extranjera <strong>Avangrid<\/strong> y asegur\u00f3 que ha actuado \u201ccon rectitud no s\u00f3lo legal, sino \u00e9tica en \u00e9ste y en otros casos\u201d; adem\u00e1s de insistir en que <strong>colaborar<\/strong> con empresas extranjeras es la<strong> \u00fanica forma<\/strong> en la que puede vivir un <strong>\u201cPresidente honesto\u201d.<\/strong><\/p>\n<p>Adem\u00e1s, <strong>Calder\u00f3n Hinojosa<\/strong> agradeci\u00f3 al Presidente <strong>Andr\u00e9s Manuel L\u00f3pez Obrador<\/strong>las <strong>disculpas<\/strong> ofrecidas esta ma\u00f1ana, luego de que el mandatario lo acusara de <strong>\u201ccoyotaje y corrupci\u00f3n\u201d<\/strong> tras integrarse al consejo la empresa Avangrid, filial de Iberdrola, empresa que tiene importantes contratos con la Comisi\u00f3n Federal de Electricidad (CFE).<\/p>\n<blockquote>\n<p>\u201cAgradezco la disculpa del Presidente @lopezobrador_. Reitero que he actuado con rectitud no s\u00f3lo legal, sino \u00e9tica en \u00e9ste y en otros casos que tienen que ver con mi trabajo y mi previa responsabilidad. Refrendo mi disposici\u00f3n a dialogar sobre \u00e9ste y otros temas importantes\u201d, escribi\u00f3 el ex mandatario en su cuenta de Twitter.<\/p>\n<blockquote class=\"twitter-tweet\" data-width=\"550\" data-dnt=\"true\">\n<p lang=\"es\" dir=\"ltr\">Agradezco la disculpa del Presidente <a href=\"https:\/\/twitter.com\/lopezobrador_?ref_src=twsrc%5Etfw\">@lopezobrador_<\/a>. Reitero que he actuado con rectitud no s\u00f3lo legal, sino \u00e9tica en \u00e9ste y en otros casos que tienen que ver con mi trabajo y mi previa responsabilidad. Refrendo mi disposici\u00f3n a dialogar sobre \u00e9ste y otros temas importantes.<\/p>\n<p>&mdash; Felipe Calder\u00f3n \ud83c\uddf2\ud83c\uddfd (@FelipeCalderon) <a href=\"https:\/\/twitter.com\/FelipeCalderon\/status\/1092876947045208070?ref_src=twsrc%5Etfw\">February 5, 2019<\/a><\/p><\/blockquote>\n<p><script async src=\"https:\/\/platform.twitter.com\/widgets.js\" charset=\"utf-8\"><\/script><\/p>\n<p>Durante su conferencia matutina, el Presidente L\u00f3pez Obrador le puso nombre al reclamo que hizo ayer a los ex presidentes que al finalizar su mandato se unieron a los consejos de empresas que recibieron beneficios en sus Gobiernos. Mencion\u00f3, espec\u00edficamente, a Ernesto Zedillo Ponce de Le\u00f3n y a Felipe Calder\u00f3n Hinojosa.<\/p>\n<p>Aunque le ofreci\u00f3 disculpas adelantadas a Calder\u00f3n, reiter\u00f3 <strong>\u201cse les pas\u00f3 la mano, eso no se puede hacer\u201d<\/strong>. Dijo que <strong>\u201csi eso no es ilegal, es inmoral\u201d.<\/strong><\/p>\n<blockquote>\n<p>\u201c[Ernesto] Zedillo promueve la privatizaci\u00f3n de los ferrocarriles y se va a trabajar de asesor con una de las empresas que se privatizaron con la privatizaci\u00f3n de ferrocarriles\u201d, dijo el Jefe del Ejecutivo Federal, y agreg\u00f3 \u201cEn el caso de Felipe Calder\u00f3n, tienen relaciones con las empresas extranjeras, como una empresa que no voy a mencionar su nombre, termina su mandato y se va de consejero a esa empresa. \u00bfEst\u00e1 bien eso? Les pregunto a ustedes. No\u201d.<\/p>\n<p><img loading=\"lazy\" decoding=\"async\" class=\"wp-image-3532157 size-full\" src=\"https:\/\/www.sinembargo.mx\/wp-content\/uploads\/2019\/02\/amlo_minatitlan-4.jpg\" sizes=\"auto, (max-width: 700px) 100vw, 700px\" srcset=\"https:\/\/www.sinembargo.mx\/wp-content\/uploads\/2019\/02\/amlo_minatitlan-4.jpg 700w, https:\/\/www.sinembargo.mx\/wp-content\/uploads\/2019\/02\/amlo_minatitlan-4-300x199.jpg 300w\" alt=\"Durante su conferencia matutina, el Presidente L\u00f3pez Obrador le puso nombre al reclamo que hizo ayer a los ex presidentes que al finalizar su mandato se unieron a los consejos de empresas que recibieron beneficios en sus Gobiernos. Mencion\u00f3, espec\u00edficamente, a Ernesto Zedillo Ponce de Le\u00f3n y a Felipe Calder\u00f3n Hinojosa. Foto: \u00c1ngel Hern\u00e1ndez, Cuartoscuro \" width=\"700\" height=\"465\" \/><\/p>\n<p class=\"wp-caption-text\">Durante su conferencia matutina, el Presidente L\u00f3pez Obrador le puso nombre al reclamo que hizo ayer a los ex presidentes que al finalizar su mandato se unieron a los consejos de empresas que recibieron beneficios en sus Gobiernos. Mencion\u00f3, espec\u00edficamente, a Ernesto Zedillo Ponce de Le\u00f3n y a Felipe Calder\u00f3n Hinojosa. Foto: \u00c1ngel Hern\u00e1ndez, Cuartoscuro<\/p>\n<p>En respuesta, Calder\u00f3n Hinojosa asegur\u00f3 que el integrarse a laborar con empresas extranjeras es la \u00fanica manera en la que un \u201cPresidente honesto\u201d puede vivir.<\/p>\n<p>Luego de que la v\u00edspera, el Presidente Andr\u00e9s Manuel L\u00f3pez Obrador cuestion\u00f3 a un ex mandatario mexicano por integrarse a empresas extranjeras con las que tuvieron relaci\u00f3n, el ex mandatario Felipe Calder\u00f3n dijo este d\u00eda que no incurri\u00f3 en conflicto de inter\u00e9s, tr\u00e1fico de influencias o corrupci\u00f3n al salir de la Presidencia de la Rep\u00fablica e incorporarse al consejo de administraci\u00f3n de grandes corporativos que le venden energ\u00eda a la Comisi\u00f3n Federal de Electricidad (CFE).<\/p>\n<p>En julio de 2016, el ex Presidente se integr\u00f3 como miembro independiente del Consejo de Administraci\u00f3n de la estadounidense Avangrid, filial de Iberdrola. Es el \u00fanico ex Presidente con ese nexo.<\/p>\n<p>Iberdrola tiene en M\u00e9xico importantes inversiones con la CFE y trabaja en el desarrollo de energ\u00edas limpias. Avangrid surgi\u00f3 de la fusi\u00f3n entre Iberdrola EU y UIL Holdings Corporation en 2015, y se dedica a la generaci\u00f3n energ\u00eda y servicios p\u00fablicos con m\u00e1s de 30,000 millones de d\u00f3lares en activos y operaciones en 25 estados de la Uni\u00f3n Americana. La empresa se enfoca en proveer energ\u00eda limpia a Estados Unidos, orientada a la generaci\u00f3n de energ\u00eda renovable, tanto e\u00f3lica como solar, as\u00ed como su distribuci\u00f3n y modernizaci\u00f3n.<\/p>\n<\/blockquote>\n<\/blockquote>\n","protected":false},"excerpt":{"rendered":"<p>Calder\u00f3n: \u201cSi no trabajo con empresas extranjeras, \u00bfde qu\u00e9 vivir\u00eda un presidente honesto?\u201d<br \/>\nPor Redacci\u00f3n QP<\/p>\n","protected":false},"author":2,"featured_media":16246,"comment_status":"open","ping_status":"open","sticky":false,"template":"","format":"standard","meta":{"_monsterinsights_skip_tracking":false,"_monsterinsights_sitenote_active":false,"_monsterinsights_sitenote_note":"","_monsterinsights_sitenote_category":0,"footnotes":""},"categories":[2],"tags":[],"class_list":["post-16247","post","type-post","status-publish","format-standard","has-post-thumbnail","hentry","category-noticias"],"yoast_head":"<!-- This site is optimized with the Yoast SEO plugin v27.3 - https:\/\/yoast.com\/product\/yoast-seo-wordpress\/ -->\n<title>Calder\u00f3n: \u201cSi no trabajo con empresas extranjeras, \u00bfde qu\u00e9 vivir\u00eda un presidente honesto?\u201d -<\/title>\n<meta name=\"robots\" content=\"index, follow, max-snippet:-1, max-image-preview:large, max-video-preview:-1\" \/>\n<link rel=\"canonical\" href=\"https:\/\/quehacerpolitico.mx\/?p=16247\" \/>\n<meta property=\"og:locale\" content=\"es_MX\" \/>\n<meta property=\"og:type\" content=\"article\" \/>\n<meta property=\"og:title\" content=\"Calder\u00f3n: \u201cSi no trabajo con empresas extranjeras, \u00bfde qu\u00e9 vivir\u00eda un presidente honesto?\u201d -\" \/>\n<meta property=\"og:description\" content=\"Calder\u00f3n: \u201cSi no trabajo con empresas extranjeras, \u00bfde qu\u00e9 vivir\u00eda un presidente honesto?\u201d Por Redacci\u00f3n QP\" \/>\n<meta property=\"og:url\" content=\"https:\/\/quehacerpolitico.mx\/?p=16247\" \/>\n<meta property=\"article:published_time\" content=\"2019-02-06T01:02:04+00:00\" \/>\n<meta name=\"author\" content=\"Redacci\u00f3n QP\" \/>\n<meta name=\"twitter:card\" content=\"summary_large_image\" \/>\n<meta name=\"twitter:label1\" content=\"Escrito por\" \/>\n\t<meta name=\"twitter:data1\" content=\"Redacci\u00f3n QP\" \/>\n\t<meta name=\"twitter:label2\" content=\"Tiempo de lectura\" \/>\n\t<meta name=\"twitter:data2\" content=\"3 minutos\" \/>\n<script type=\"application\/ld+json\" class=\"yoast-schema-graph\">{\"@context\":\"https:\\\/\\\/schema.org\",\"@graph\":[{\"@type\":\"Article\",\"@id\":\"https:\\\/\\\/quehacerpolitico.mx\\\/?p=16247#article\",\"isPartOf\":{\"@id\":\"https:\\\/\\\/quehacerpolitico.mx\\\/?p=16247\"},\"author\":{\"name\":\"Redacci\u00f3n QP\",\"@id\":\"https:\\\/\\\/quehacerpolitico.mx\\\/#\\\/schema\\\/person\\\/496d8ad2d1d3f8036101dca7ee39e585\"},\"headline\":\"Calder\u00f3n: \u201cSi no trabajo con empresas extranjeras, \u00bfde qu\u00e9 vivir\u00eda un presidente honesto?\u201d\",\"datePublished\":\"2019-02-06T01:02:04+00:00\",\"mainEntityOfPage\":{\"@id\":\"https:\\\/\\\/quehacerpolitico.mx\\\/?p=16247\"},\"wordCount\":674,\"commentCount\":0,\"image\":{\"@id\":\"https:\\\/\\\/quehacerpolitico.mx\\\/?p=16247#primaryimage\"},\"thumbnailUrl\":\"\",\"articleSection\":[\"Noticias\"],\"inLanguage\":\"es\",\"potentialAction\":[{\"@type\":\"CommentAction\",\"name\":\"Comment\",\"target\":[\"https:\\\/\\\/quehacerpolitico.mx\\\/?p=16247#respond\"]}]},{\"@type\":\"WebPage\",\"@id\":\"https:\\\/\\\/quehacerpolitico.mx\\\/?p=16247\",\"url\":\"https:\\\/\\\/quehacerpolitico.mx\\\/?p=16247\",\"name\":\"Calder\u00f3n: \u201cSi no trabajo con empresas extranjeras, \u00bfde qu\u00e9 vivir\u00eda un presidente honesto?\u201d -\",\"isPartOf\":{\"@id\":\"https:\\\/\\\/quehacerpolitico.mx\\\/#website\"},\"primaryImageOfPage\":{\"@id\":\"https:\\\/\\\/quehacerpolitico.mx\\\/?p=16247#primaryimage\"},\"image\":{\"@id\":\"https:\\\/\\\/quehacerpolitico.mx\\\/?p=16247#primaryimage\"},\"thumbnailUrl\":\"\",\"datePublished\":\"2019-02-06T01:02:04+00:00\",\"author\":{\"@id\":\"https:\\\/\\\/quehacerpolitico.mx\\\/#\\\/schema\\\/person\\\/496d8ad2d1d3f8036101dca7ee39e585\"},\"breadcrumb\":{\"@id\":\"https:\\\/\\\/quehacerpolitico.mx\\\/?p=16247#breadcrumb\"},\"inLanguage\":\"es\",\"potentialAction\":[{\"@type\":\"ReadAction\",\"target\":[\"https:\\\/\\\/quehacerpolitico.mx\\\/?p=16247\"]}]},{\"@type\":\"ImageObject\",\"inLanguage\":\"es\",\"@id\":\"https:\\\/\\\/quehacerpolitico.mx\\\/?p=16247#primaryimage\",\"url\":\"\",\"contentUrl\":\"\"},{\"@type\":\"BreadcrumbList\",\"@id\":\"https:\\\/\\\/quehacerpolitico.mx\\\/?p=16247#breadcrumb\",\"itemListElement\":[{\"@type\":\"ListItem\",\"position\":1,\"name\":\"Inicio\",\"item\":\"https:\\\/\\\/quehacerpolitico.mx\\\/\"},{\"@type\":\"ListItem\",\"position\":2,\"name\":\"Calder\u00f3n: \u201cSi no trabajo con empresas extranjeras, \u00bfde qu\u00e9 vivir\u00eda un presidente honesto?\u201d\"}]},{\"@type\":\"WebSite\",\"@id\":\"https:\\\/\\\/quehacerpolitico.mx\\\/#website\",\"url\":\"https:\\\/\\\/quehacerpolitico.mx\\\/\",\"name\":\"\",\"description\":\"\",\"potentialAction\":[{\"@type\":\"SearchAction\",\"target\":{\"@type\":\"EntryPoint\",\"urlTemplate\":\"https:\\\/\\\/quehacerpolitico.mx\\\/?s={search_term_string}\"},\"query-input\":{\"@type\":\"PropertyValueSpecification\",\"valueRequired\":true,\"valueName\":\"search_term_string\"}}],\"inLanguage\":\"es\"},{\"@type\":\"Person\",\"@id\":\"https:\\\/\\\/quehacerpolitico.mx\\\/#\\\/schema\\\/person\\\/496d8ad2d1d3f8036101dca7ee39e585\",\"name\":\"Redacci\u00f3n QP\",\"image\":{\"@type\":\"ImageObject\",\"inLanguage\":\"es\",\"@id\":\"https:\\\/\\\/secure.gravatar.com\\\/avatar\\\/c7164ed6fdec453195284ad24a5ae5b6e1eed2b848477fa2a4787ba9adf39a41?s=96&d=mm&r=g\",\"url\":\"https:\\\/\\\/secure.gravatar.com\\\/avatar\\\/c7164ed6fdec453195284ad24a5ae5b6e1eed2b848477fa2a4787ba9adf39a41?s=96&d=mm&r=g\",\"contentUrl\":\"https:\\\/\\\/secure.gravatar.com\\\/avatar\\\/c7164ed6fdec453195284ad24a5ae5b6e1eed2b848477fa2a4787ba9adf39a41?s=96&d=mm&r=g\",\"caption\":\"Redacci\u00f3n QP\"},\"url\":\"https:\\\/\\\/quehacerpolitico.mx\\\/?author=2\"}]}<\/script>\n<!-- \/ Yoast SEO plugin. -->","yoast_head_json":{"title":"Calder\u00f3n: \u201cSi no trabajo con empresas extranjeras, \u00bfde qu\u00e9 vivir\u00eda un presidente honesto?\u201d -","robots":{"index":"index","follow":"follow","max-snippet":"max-snippet:-1","max-image-preview":"max-image-preview:large","max-video-preview":"max-video-preview:-1"},"canonical":"https:\/\/quehacerpolitico.mx\/?p=16247","og_locale":"es_MX","og_type":"article","og_title":"Calder\u00f3n: \u201cSi no trabajo con empresas extranjeras, \u00bfde qu\u00e9 vivir\u00eda un presidente honesto?\u201d -","og_description":"Calder\u00f3n: \u201cSi no trabajo con empresas extranjeras, \u00bfde qu\u00e9 vivir\u00eda un presidente honesto?\u201d Por Redacci\u00f3n QP","og_url":"https:\/\/quehacerpolitico.mx\/?p=16247","article_published_time":"2019-02-06T01:02:04+00:00","author":"Redacci\u00f3n QP","twitter_card":"summary_large_image","twitter_misc":{"Escrito por":"Redacci\u00f3n QP","Tiempo de lectura":"3 minutos"},"schema":{"@context":"https:\/\/schema.org","@graph":[{"@type":"Article","@id":"https:\/\/quehacerpolitico.mx\/?p=16247#article","isPartOf":{"@id":"https:\/\/quehacerpolitico.mx\/?p=16247"},"author":{"name":"Redacci\u00f3n QP","@id":"https:\/\/quehacerpolitico.mx\/#\/schema\/person\/496d8ad2d1d3f8036101dca7ee39e585"},"headline":"Calder\u00f3n: \u201cSi no trabajo con empresas extranjeras, \u00bfde qu\u00e9 vivir\u00eda un presidente honesto?\u201d","datePublished":"2019-02-06T01:02:04+00:00","mainEntityOfPage":{"@id":"https:\/\/quehacerpolitico.mx\/?p=16247"},"wordCount":674,"commentCount":0,"image":{"@id":"https:\/\/quehacerpolitico.mx\/?p=16247#primaryimage"},"thumbnailUrl":"","articleSection":["Noticias"],"inLanguage":"es","potentialAction":[{"@type":"CommentAction","name":"Comment","target":["https:\/\/quehacerpolitico.mx\/?p=16247#respond"]}]},{"@type":"WebPage","@id":"https:\/\/quehacerpolitico.mx\/?p=16247","url":"https:\/\/quehacerpolitico.mx\/?p=16247","name":"Calder\u00f3n: \u201cSi no trabajo con empresas extranjeras, \u00bfde qu\u00e9 vivir\u00eda un presidente honesto?\u201d -","isPartOf":{"@id":"https:\/\/quehacerpolitico.mx\/#website"},"primaryImageOfPage":{"@id":"https:\/\/quehacerpolitico.mx\/?p=16247#primaryimage"},"image":{"@id":"https:\/\/quehacerpolitico.mx\/?p=16247#primaryimage"},"thumbnailUrl":"","datePublished":"2019-02-06T01:02:04+00:00","author":{"@id":"https:\/\/quehacerpolitico.mx\/#\/schema\/person\/496d8ad2d1d3f8036101dca7ee39e585"},"breadcrumb":{"@id":"https:\/\/quehacerpolitico.mx\/?p=16247#breadcrumb"},"inLanguage":"es","potentialAction":[{"@type":"ReadAction","target":["https:\/\/quehacerpolitico.mx\/?p=16247"]}]},{"@type":"ImageObject","inLanguage":"es","@id":"https:\/\/quehacerpolitico.mx\/?p=16247#primaryimage","url":"","contentUrl":""},{"@type":"BreadcrumbList","@id":"https:\/\/quehacerpolitico.mx\/?p=16247#breadcrumb","itemListElement":[{"@type":"ListItem","position":1,"name":"Inicio","item":"https:\/\/quehacerpolitico.mx\/"},{"@type":"ListItem","position":2,"name":"Calder\u00f3n: \u201cSi no trabajo con empresas extranjeras, \u00bfde qu\u00e9 vivir\u00eda un presidente honesto?\u201d"}]},{"@type":"WebSite","@id":"https:\/\/quehacerpolitico.mx\/#website","url":"https:\/\/quehacerpolitico.mx\/","name":"","description":"","potentialAction":[{"@type":"SearchAction","target":{"@type":"EntryPoint","urlTemplate":"https:\/\/quehacerpolitico.mx\/?s={search_term_string}"},"query-input":{"@type":"PropertyValueSpecification","valueRequired":true,"valueName":"search_term_string"}}],"inLanguage":"es"},{"@type":"Person","@id":"https:\/\/quehacerpolitico.mx\/#\/schema\/person\/496d8ad2d1d3f8036101dca7ee39e585","name":"Redacci\u00f3n QP","image":{"@type":"ImageObject","inLanguage":"es","@id":"https:\/\/secure.gravatar.com\/avatar\/c7164ed6fdec453195284ad24a5ae5b6e1eed2b848477fa2a4787ba9adf39a41?s=96&d=mm&r=g","url":"https:\/\/secure.gravatar.com\/avatar\/c7164ed6fdec453195284ad24a5ae5b6e1eed2b848477fa2a4787ba9adf39a41?s=96&d=mm&r=g","contentUrl":"https:\/\/secure.gravatar.com\/avatar\/c7164ed6fdec453195284ad24a5ae5b6e1eed2b848477fa2a4787ba9adf39a41?s=96&d=mm&r=g","caption":"Redacci\u00f3n QP"},"url":"https:\/\/quehacerpolitico.mx\/?author=2"}]}},"featured_image_urls":{"full":"","thumbnail":"","medium":"","medium_large":"","large":"","1536x1536":"","2048x2048":"","covernews-featured":"","covernews-medium":""},"author_info":{"display_name":"Redacci\u00f3n QP","author_link":"https:\/\/quehacerpolitico.mx\/?author=2"},"category_info":"<a href=\"https:\/\/quehacerpolitico.mx\/?cat=2\" rel=\"category\">Noticias<\/a>","tag_info":"Noticias","comment_count":"0","_links":{"self":[{"href":"https:\/\/quehacerpolitico.mx\/index.php?rest_route=\/wp\/v2\/posts\/16247","targetHints":{"allow":["GET"]}}],"collection":[{"href":"https:\/\/quehacerpolitico.mx\/index.php?rest_route=\/wp\/v2\/posts"}],"about":[{"href":"https:\/\/quehacerpolitico.mx\/index.php?rest_route=\/wp\/v2\/types\/post"}],"author":[{"embeddable":true,"href":"https:\/\/quehacerpolitico.mx\/index.php?rest_route=\/wp\/v2\/users\/2"}],"replies":[{"embeddable":true,"href":"https:\/\/quehacerpolitico.mx\/index.php?rest_route=%2Fwp%2Fv2%2Fcomments&post=16247"}],"version-history":[{"count":0,"href":"https:\/\/quehacerpolitico.mx\/index.php?rest_route=\/wp\/v2\/posts\/16247\/revisions"}],"wp:featuredmedia":[{"embeddable":true,"href":"https:\/\/quehacerpolitico.mx\/index.php?rest_route=\/"}],"wp:attachment":[{"href":"https:\/\/quehacerpolitico.mx\/index.php?rest_route=%2Fwp%2Fv2%2Fmedia&parent=16247"}],"wp:term":[{"taxonomy":"category","embeddable":true,"href":"https:\/\/quehacerpolitico.mx\/index.php?rest_route=%2Fwp%2Fv2%2Fcategories&post=16247"},{"taxonomy":"post_tag","embeddable":true,"href":"https:\/\/quehacerpolitico.mx\/index.php?rest_route=%2Fwp%2Fv2%2Ftags&post=16247"}],"curies":[{"name":"wp","href":"https:\/\/api.w.org\/{rel}","templated":true}]}}