{"id":16110,"date":"2019-02-04T02:58:30","date_gmt":"2019-02-04T02:58:30","guid":{"rendered":"http:\/\/quehacerpolitico.mx\/huixquilucan-promueve-la-prevencion-de-conductas-antisociales\/"},"modified":"2019-02-04T02:58:30","modified_gmt":"2019-02-04T02:58:30","slug":"huixquilucan-promueve-la-prevencion-de-conductas-antisociales","status":"publish","type":"post","link":"https:\/\/quehacerpolitico.mx\/?p=16110","title":{"rendered":"HUIXQUILUCAN PROMUEVE LA PREVENCI\u00d3N DE CONDUCTAS ANTISOCIALES"},"content":{"rendered":"<h3 class=\"post-title entry-title\">HUIXQUILUCAN PROMUEVE LA PREVENCI\u00d3N DE CONDUCTAS ANTISOCIALES<\/h3>\n<p>Por Redacci\u00f3n QP<\/p>\n<p class=\"yiv8666794972MsoNormal\">Con el foro &#8220;Prevenci\u00f3n de Conductas Antisociales&#8221;, la Preceptor\u00eda Juvenil de Reintegraci\u00f3n Social de Huixquilucan, foment\u00f3 la reflexi\u00f3n de estudiantes de secundaria, ya que pudieron escuchar de viva voz experiencias de otros j\u00f3venes que atravesaron por situaciones dif\u00edciles.<\/p>\n<p class=\"yiv8666794972MsoNormal\">Al respecto, Mar\u00eda Jos\u00e9 Rueda Beirana, directora de Servicios a la Ciudadan\u00eda se\u00f1al\u00f3 que el camino de la juventud lleva un proceso de aprendizaje, en el cual cuentan con las diferentes instancias municipales como es la Defensor\u00eda de Derechos Humanos. &#8220;Cuando tengan alguna necesidad deben sentirse bienvenidos por las autoridades&#8221;, asegur\u00f3.<\/p>\n<p class=\"yiv8666794972MsoNormal\">Rueda Beirana record\u00f3 que el compartir experiencias de vida, permite reflexionar sobre las consecuencias que pueden tener las malas decisiones, por ello, dijo, es importante que el di\u00e1logo se d\u00e9 entre j\u00f3venes ya que les permite tener mayor conexi\u00f3n y aprendizaje.<\/p>\n<p class=\"yiv8666794972MsoNormal\">Previo a los testimonios de algunos j\u00f3venes, Rueda Beirana record\u00f3 que la adolescencia es una etapa maravillosa que debe vivirse con responsabilidad, para llegar a ser adultos con bases s\u00f3lidas y ese aprendizaje se puede adquirir con el ejemplo.<\/p>\n<p class=\"yiv8666794972MsoNormal\">Ante estudiantes de la secundaria n\u00famero 32 &#8220;General Santos Degollado&#8221;; de la presidenta de la Preceptor\u00eda Juvenil de Reintegraci\u00f3n Social de Huixquilucan, Karla Lili P\u00e9rez; del s\u00e9ptimo regidor Miguel \u00c1ngel Ram\u00edrez; as\u00ed como de Mario Benito Fierro, titular de la Defensor\u00eda Municipal de Derechos Humanos, Luis y Rafael compartieron sus experiencias de conductas antisociales y sus consecuencias.<\/p>\n<p class=\"yiv8666794972MsoNormal\">Derivado de ello, el defensor de Derechos Humanos en Huixquilucan, reconoci\u00f3 el valor de los j\u00f3venes ya que adem\u00e1s de compartir sus vivencias, iniciaron procesos para dejar atr\u00e1s conductas antisociales.<\/p>\n<p class=\"yiv8666794972MsoNormal\"><span id=\"yMail_cursorElementTracker_1549246847377\">Asegur\u00f3 que en el alcalde Enrique Vargas del Villar, tienen un amigo confiable, que en todo momento les tender\u00e1 la mano para apoyarlos en sus necesidades.<\/span><\/p>\n","protected":false},"excerpt":{"rendered":"<p>HUIXQUILUCAN PROMUEVE LA PREVENCI\u00d3N DE CONDUCTAS ANTISOCIALES<br \/>\nPor Redacci\u00f3n QP<\/p>\n","protected":false},"author":2,"featured_media":16109,"comment_status":"open","ping_status":"open","sticky":false,"template":"","format":"standard","meta":{"_monsterinsights_skip_tracking":false,"_monsterinsights_sitenote_active":false,"_monsterinsights_sitenote_note":"","_monsterinsights_sitenote_category":0,"footnotes":""},"categories":[2],"tags":[],"class_list":["post-16110","post","type-post","status-publish","format-standard","has-post-thumbnail","hentry","category-noticias"],"yoast_head":"<!-- This site is optimized with the Yoast SEO plugin v27.3 - https:\/\/yoast.com\/product\/yoast-seo-wordpress\/ -->\n<title>HUIXQUILUCAN PROMUEVE LA PREVENCI\u00d3N DE CONDUCTAS ANTISOCIALES -<\/title>\n<meta name=\"robots\" content=\"index, follow, max-snippet:-1, max-image-preview:large, max-video-preview:-1\" \/>\n<link rel=\"canonical\" href=\"https:\/\/quehacerpolitico.mx\/?p=16110\" \/>\n<meta property=\"og:locale\" content=\"es_MX\" \/>\n<meta property=\"og:type\" content=\"article\" \/>\n<meta property=\"og:title\" content=\"HUIXQUILUCAN PROMUEVE LA PREVENCI\u00d3N DE CONDUCTAS ANTISOCIALES -\" \/>\n<meta property=\"og:description\" content=\"HUIXQUILUCAN PROMUEVE LA PREVENCI\u00d3N DE CONDUCTAS ANTISOCIALES Por Redacci\u00f3n QP\" \/>\n<meta property=\"og:url\" content=\"https:\/\/quehacerpolitico.mx\/?p=16110\" \/>\n<meta property=\"article:published_time\" content=\"2019-02-04T02:58:30+00:00\" \/>\n<meta name=\"author\" content=\"Redacci\u00f3n QP\" \/>\n<meta name=\"twitter:card\" content=\"summary_large_image\" \/>\n<meta name=\"twitter:label1\" content=\"Escrito por\" \/>\n\t<meta name=\"twitter:data1\" content=\"Redacci\u00f3n QP\" \/>\n\t<meta name=\"twitter:label2\" content=\"Tiempo de lectura\" \/>\n\t<meta name=\"twitter:data2\" content=\"2 minutos\" \/>\n<script type=\"application\/ld+json\" class=\"yoast-schema-graph\">{\"@context\":\"https:\\\/\\\/schema.org\",\"@graph\":[{\"@type\":\"Article\",\"@id\":\"https:\\\/\\\/quehacerpolitico.mx\\\/?p=16110#article\",\"isPartOf\":{\"@id\":\"https:\\\/\\\/quehacerpolitico.mx\\\/?p=16110\"},\"author\":{\"name\":\"Redacci\u00f3n QP\",\"@id\":\"https:\\\/\\\/quehacerpolitico.mx\\\/#\\\/schema\\\/person\\\/496d8ad2d1d3f8036101dca7ee39e585\"},\"headline\":\"HUIXQUILUCAN PROMUEVE LA PREVENCI\u00d3N DE CONDUCTAS ANTISOCIALES\",\"datePublished\":\"2019-02-04T02:58:30+00:00\",\"mainEntityOfPage\":{\"@id\":\"https:\\\/\\\/quehacerpolitico.mx\\\/?p=16110\"},\"wordCount\":326,\"commentCount\":0,\"image\":{\"@id\":\"https:\\\/\\\/quehacerpolitico.mx\\\/?p=16110#primaryimage\"},\"thumbnailUrl\":\"\",\"articleSection\":[\"Noticias\"],\"inLanguage\":\"es\",\"potentialAction\":[{\"@type\":\"CommentAction\",\"name\":\"Comment\",\"target\":[\"https:\\\/\\\/quehacerpolitico.mx\\\/?p=16110#respond\"]}]},{\"@type\":\"WebPage\",\"@id\":\"https:\\\/\\\/quehacerpolitico.mx\\\/?p=16110\",\"url\":\"https:\\\/\\\/quehacerpolitico.mx\\\/?p=16110\",\"name\":\"HUIXQUILUCAN PROMUEVE LA PREVENCI\u00d3N DE CONDUCTAS ANTISOCIALES -\",\"isPartOf\":{\"@id\":\"https:\\\/\\\/quehacerpolitico.mx\\\/#website\"},\"primaryImageOfPage\":{\"@id\":\"https:\\\/\\\/quehacerpolitico.mx\\\/?p=16110#primaryimage\"},\"image\":{\"@id\":\"https:\\\/\\\/quehacerpolitico.mx\\\/?p=16110#primaryimage\"},\"thumbnailUrl\":\"\",\"datePublished\":\"2019-02-04T02:58:30+00:00\",\"author\":{\"@id\":\"https:\\\/\\\/quehacerpolitico.mx\\\/#\\\/schema\\\/person\\\/496d8ad2d1d3f8036101dca7ee39e585\"},\"breadcrumb\":{\"@id\":\"https:\\\/\\\/quehacerpolitico.mx\\\/?p=16110#breadcrumb\"},\"inLanguage\":\"es\",\"potentialAction\":[{\"@type\":\"ReadAction\",\"target\":[\"https:\\\/\\\/quehacerpolitico.mx\\\/?p=16110\"]}]},{\"@type\":\"ImageObject\",\"inLanguage\":\"es\",\"@id\":\"https:\\\/\\\/quehacerpolitico.mx\\\/?p=16110#primaryimage\",\"url\":\"\",\"contentUrl\":\"\"},{\"@type\":\"BreadcrumbList\",\"@id\":\"https:\\\/\\\/quehacerpolitico.mx\\\/?p=16110#breadcrumb\",\"itemListElement\":[{\"@type\":\"ListItem\",\"position\":1,\"name\":\"Inicio\",\"item\":\"https:\\\/\\\/quehacerpolitico.mx\\\/\"},{\"@type\":\"ListItem\",\"position\":2,\"name\":\"HUIXQUILUCAN PROMUEVE LA PREVENCI\u00d3N DE CONDUCTAS ANTISOCIALES\"}]},{\"@type\":\"WebSite\",\"@id\":\"https:\\\/\\\/quehacerpolitico.mx\\\/#website\",\"url\":\"https:\\\/\\\/quehacerpolitico.mx\\\/\",\"name\":\"\",\"description\":\"\",\"potentialAction\":[{\"@type\":\"SearchAction\",\"target\":{\"@type\":\"EntryPoint\",\"urlTemplate\":\"https:\\\/\\\/quehacerpolitico.mx\\\/?s={search_term_string}\"},\"query-input\":{\"@type\":\"PropertyValueSpecification\",\"valueRequired\":true,\"valueName\":\"search_term_string\"}}],\"inLanguage\":\"es\"},{\"@type\":\"Person\",\"@id\":\"https:\\\/\\\/quehacerpolitico.mx\\\/#\\\/schema\\\/person\\\/496d8ad2d1d3f8036101dca7ee39e585\",\"name\":\"Redacci\u00f3n QP\",\"image\":{\"@type\":\"ImageObject\",\"inLanguage\":\"es\",\"@id\":\"https:\\\/\\\/secure.gravatar.com\\\/avatar\\\/c7164ed6fdec453195284ad24a5ae5b6e1eed2b848477fa2a4787ba9adf39a41?s=96&d=mm&r=g\",\"url\":\"https:\\\/\\\/secure.gravatar.com\\\/avatar\\\/c7164ed6fdec453195284ad24a5ae5b6e1eed2b848477fa2a4787ba9adf39a41?s=96&d=mm&r=g\",\"contentUrl\":\"https:\\\/\\\/secure.gravatar.com\\\/avatar\\\/c7164ed6fdec453195284ad24a5ae5b6e1eed2b848477fa2a4787ba9adf39a41?s=96&d=mm&r=g\",\"caption\":\"Redacci\u00f3n QP\"},\"url\":\"https:\\\/\\\/quehacerpolitico.mx\\\/?author=2\"}]}<\/script>\n<!-- \/ Yoast SEO plugin. -->","yoast_head_json":{"title":"HUIXQUILUCAN PROMUEVE LA PREVENCI\u00d3N DE CONDUCTAS ANTISOCIALES -","robots":{"index":"index","follow":"follow","max-snippet":"max-snippet:-1","max-image-preview":"max-image-preview:large","max-video-preview":"max-video-preview:-1"},"canonical":"https:\/\/quehacerpolitico.mx\/?p=16110","og_locale":"es_MX","og_type":"article","og_title":"HUIXQUILUCAN PROMUEVE LA PREVENCI\u00d3N DE CONDUCTAS ANTISOCIALES -","og_description":"HUIXQUILUCAN PROMUEVE LA PREVENCI\u00d3N DE CONDUCTAS ANTISOCIALES Por Redacci\u00f3n QP","og_url":"https:\/\/quehacerpolitico.mx\/?p=16110","article_published_time":"2019-02-04T02:58:30+00:00","author":"Redacci\u00f3n QP","twitter_card":"summary_large_image","twitter_misc":{"Escrito por":"Redacci\u00f3n QP","Tiempo de lectura":"2 minutos"},"schema":{"@context":"https:\/\/schema.org","@graph":[{"@type":"Article","@id":"https:\/\/quehacerpolitico.mx\/?p=16110#article","isPartOf":{"@id":"https:\/\/quehacerpolitico.mx\/?p=16110"},"author":{"name":"Redacci\u00f3n QP","@id":"https:\/\/quehacerpolitico.mx\/#\/schema\/person\/496d8ad2d1d3f8036101dca7ee39e585"},"headline":"HUIXQUILUCAN PROMUEVE LA PREVENCI\u00d3N DE CONDUCTAS ANTISOCIALES","datePublished":"2019-02-04T02:58:30+00:00","mainEntityOfPage":{"@id":"https:\/\/quehacerpolitico.mx\/?p=16110"},"wordCount":326,"commentCount":0,"image":{"@id":"https:\/\/quehacerpolitico.mx\/?p=16110#primaryimage"},"thumbnailUrl":"","articleSection":["Noticias"],"inLanguage":"es","potentialAction":[{"@type":"CommentAction","name":"Comment","target":["https:\/\/quehacerpolitico.mx\/?p=16110#respond"]}]},{"@type":"WebPage","@id":"https:\/\/quehacerpolitico.mx\/?p=16110","url":"https:\/\/quehacerpolitico.mx\/?p=16110","name":"HUIXQUILUCAN PROMUEVE LA PREVENCI\u00d3N DE CONDUCTAS ANTISOCIALES -","isPartOf":{"@id":"https:\/\/quehacerpolitico.mx\/#website"},"primaryImageOfPage":{"@id":"https:\/\/quehacerpolitico.mx\/?p=16110#primaryimage"},"image":{"@id":"https:\/\/quehacerpolitico.mx\/?p=16110#primaryimage"},"thumbnailUrl":"","datePublished":"2019-02-04T02:58:30+00:00","author":{"@id":"https:\/\/quehacerpolitico.mx\/#\/schema\/person\/496d8ad2d1d3f8036101dca7ee39e585"},"breadcrumb":{"@id":"https:\/\/quehacerpolitico.mx\/?p=16110#breadcrumb"},"inLanguage":"es","potentialAction":[{"@type":"ReadAction","target":["https:\/\/quehacerpolitico.mx\/?p=16110"]}]},{"@type":"ImageObject","inLanguage":"es","@id":"https:\/\/quehacerpolitico.mx\/?p=16110#primaryimage","url":"","contentUrl":""},{"@type":"BreadcrumbList","@id":"https:\/\/quehacerpolitico.mx\/?p=16110#breadcrumb","itemListElement":[{"@type":"ListItem","position":1,"name":"Inicio","item":"https:\/\/quehacerpolitico.mx\/"},{"@type":"ListItem","position":2,"name":"HUIXQUILUCAN PROMUEVE LA PREVENCI\u00d3N DE CONDUCTAS ANTISOCIALES"}]},{"@type":"WebSite","@id":"https:\/\/quehacerpolitico.mx\/#website","url":"https:\/\/quehacerpolitico.mx\/","name":"","description":"","potentialAction":[{"@type":"SearchAction","target":{"@type":"EntryPoint","urlTemplate":"https:\/\/quehacerpolitico.mx\/?s={search_term_string}"},"query-input":{"@type":"PropertyValueSpecification","valueRequired":true,"valueName":"search_term_string"}}],"inLanguage":"es"},{"@type":"Person","@id":"https:\/\/quehacerpolitico.mx\/#\/schema\/person\/496d8ad2d1d3f8036101dca7ee39e585","name":"Redacci\u00f3n QP","image":{"@type":"ImageObject","inLanguage":"es","@id":"https:\/\/secure.gravatar.com\/avatar\/c7164ed6fdec453195284ad24a5ae5b6e1eed2b848477fa2a4787ba9adf39a41?s=96&d=mm&r=g","url":"https:\/\/secure.gravatar.com\/avatar\/c7164ed6fdec453195284ad24a5ae5b6e1eed2b848477fa2a4787ba9adf39a41?s=96&d=mm&r=g","contentUrl":"https:\/\/secure.gravatar.com\/avatar\/c7164ed6fdec453195284ad24a5ae5b6e1eed2b848477fa2a4787ba9adf39a41?s=96&d=mm&r=g","caption":"Redacci\u00f3n QP"},"url":"https:\/\/quehacerpolitico.mx\/?author=2"}]}},"featured_image_urls":{"full":"","thumbnail":"","medium":"","medium_large":"","large":"","1536x1536":"","2048x2048":"","covernews-featured":"","covernews-medium":""},"author_info":{"display_name":"Redacci\u00f3n QP","author_link":"https:\/\/quehacerpolitico.mx\/?author=2"},"category_info":"<a href=\"https:\/\/quehacerpolitico.mx\/?cat=2\" rel=\"category\">Noticias<\/a>","tag_info":"Noticias","comment_count":"0","_links":{"self":[{"href":"https:\/\/quehacerpolitico.mx\/index.php?rest_route=\/wp\/v2\/posts\/16110","targetHints":{"allow":["GET"]}}],"collection":[{"href":"https:\/\/quehacerpolitico.mx\/index.php?rest_route=\/wp\/v2\/posts"}],"about":[{"href":"https:\/\/quehacerpolitico.mx\/index.php?rest_route=\/wp\/v2\/types\/post"}],"author":[{"embeddable":true,"href":"https:\/\/quehacerpolitico.mx\/index.php?rest_route=\/wp\/v2\/users\/2"}],"replies":[{"embeddable":true,"href":"https:\/\/quehacerpolitico.mx\/index.php?rest_route=%2Fwp%2Fv2%2Fcomments&post=16110"}],"version-history":[{"count":0,"href":"https:\/\/quehacerpolitico.mx\/index.php?rest_route=\/wp\/v2\/posts\/16110\/revisions"}],"wp:featuredmedia":[{"embeddable":true,"href":"https:\/\/quehacerpolitico.mx\/index.php?rest_route=\/"}],"wp:attachment":[{"href":"https:\/\/quehacerpolitico.mx\/index.php?rest_route=%2Fwp%2Fv2%2Fmedia&parent=16110"}],"wp:term":[{"taxonomy":"category","embeddable":true,"href":"https:\/\/quehacerpolitico.mx\/index.php?rest_route=%2Fwp%2Fv2%2Fcategories&post=16110"},{"taxonomy":"post_tag","embeddable":true,"href":"https:\/\/quehacerpolitico.mx\/index.php?rest_route=%2Fwp%2Fv2%2Ftags&post=16110"}],"curies":[{"name":"wp","href":"https:\/\/api.w.org\/{rel}","templated":true}]}}