{"id":16104,"date":"2019-02-04T02:44:56","date_gmt":"2019-02-04T02:44:56","guid":{"rendered":"http:\/\/quehacerpolitico.mx\/acabar-con-la-corrupcion-porque-provoca-desigualdad-social-y-economica-amlo\/"},"modified":"2019-02-04T02:44:56","modified_gmt":"2019-02-04T02:44:56","slug":"acabar-con-la-corrupcion-porque-provoca-desigualdad-social-y-economica-amlo","status":"publish","type":"post","link":"https:\/\/quehacerpolitico.mx\/?p=16104","title":{"rendered":"Acabar con la corrupci\u00f3n porque provoca desigualdad social y econ\u00f3mica: AMLO"},"content":{"rendered":"<h1 class=\"amp-wp-title\">Acabar con la corrupci\u00f3n porque provoca desigualdad social y econ\u00f3mica: AMLO<\/h1>\n<p>Por Redacci\u00f3n QP<\/p>\n<p>Durante la presentaci\u00f3n de <strong>programa \u2018Sembrando Vida\u2019<\/strong> en <strong>C\u00f3rdoba, Veracruz<\/strong>, el presidente de M\u00e9xico,<strong> Andr\u00e9s Manuel L\u00f3pez Obrador (AMLO)<\/strong>, insisti\u00f3 en acabar con la <strong>corrupci\u00f3n<\/strong> porque provoca desigualdad social y econ\u00f3mica.<\/p>\n<blockquote>\n<p>\u201cEl problema no es falta de presupuesto. Hay presupuesto suficiente, el problema es que se lo robaban todo\u201d, asever\u00f3.<\/p>\n<\/blockquote>\n<p>El primer mandatario de la naci\u00f3n mencion\u00f3 que su gobierno detect\u00f3 a tiempo un fraude que se iba a llevar acabo, en el cual est\u00e1 inmiscuida la Empresa Modelo.\u00a0 En d\u00edas recientes, el presidente indic\u00f3 que dicho grupo no solicit\u00f3 la devoluci\u00f3n de impuestos y que ex accionistas emitieron la petici\u00f3n.<\/p>\n<p>En cuanto al <strong>robo de combustible<\/strong>, AMLO inform\u00f3 que, antes de su gesti\u00f3n, se robaban 800 pipas diarias, lo que significaba en dinero 65 mil millones de pesos al a\u00f1o, por ello, y desde que tom\u00f3 la presidencia, no quiso \u201cser c\u00f3mplice\u201d y no hacer nada.<\/p>\n<h3>Trabajando 16 horas diarias<\/h3>\n<p>Tambi\u00e9n comparti\u00f3 que diariamente tiene un informe de criminalidad e inseguridad para tomar decisiones. \u201cEstoy trabajando 16 horas diarias\u201d, dijo.<\/p>\n<p>En su discurso aprovech\u00f3 para invitar a los ciudadanos a dejar el robo de combustible, <strong>\u2018huachicol\u2019<\/strong>, e integrarse a los diferentes programas sociales que dar\u00e1n bienestar a las familias de los mexicanos.<\/p>\n<p>Como ya es su costumbre, AMLO explic\u00f3 en qu\u00e9 consisten los diferentes programas sociales para apoyar al campo, a los peque\u00f1os productores, a las personas con discapacidad, a los j\u00f3venes, entre otros.<\/p>\n<p>Los veracruzanos se concentraron en el<strong> Parque 21 de mayo<\/strong> para escuchar al primer mandatario de la naci\u00f3n.<\/p>\n<p>Finalmente, AMLO estuvo acompa\u00f1ado de <strong>Cuitl\u00e1huac Garc\u00eda<\/strong>, gobernador de Veracruz; de <strong>Mar\u00eda Luisa Albores, secretaria del Bienestar<\/strong>; y de la alcaldesa <strong>Leticia L\u00f3pez Landero<\/strong>, entre otras personalidades.<\/p>\n<blockquote class=\"twitter-tweet\" data-width=\"550\" data-dnt=\"true\">\n<p lang=\"es\" dir=\"ltr\">Programa Sembrando Vida desde C\u00f3rdoba, Veracruz. <a href=\"https:\/\/t.co\/ZFrlScSWbV\">https:\/\/t.co\/ZFrlScSWbV<\/a><\/p>\n<p>&mdash; Andr\u00e9s Manuel (@lopezobrador_) <a href=\"https:\/\/twitter.com\/lopezobrador_\/status\/1092107250221539330?ref_src=twsrc%5Etfw\">February 3, 2019<\/a><\/p><\/blockquote>\n<p><script async src=\"https:\/\/platform.twitter.com\/widgets.js\" charset=\"utf-8\"><\/script><\/p>\n","protected":false},"excerpt":{"rendered":"<p>Acabar con la corrupci\u00f3n porque provoca desigualdad social y econ\u00f3mica: AMLO<br \/>\nPor Redacci\u00f3n QP<\/p>\n","protected":false},"author":2,"featured_media":16103,"comment_status":"open","ping_status":"open","sticky":false,"template":"","format":"standard","meta":{"_monsterinsights_skip_tracking":false,"_monsterinsights_sitenote_active":false,"_monsterinsights_sitenote_note":"","_monsterinsights_sitenote_category":0,"footnotes":""},"categories":[2],"tags":[],"class_list":["post-16104","post","type-post","status-publish","format-standard","has-post-thumbnail","hentry","category-noticias"],"yoast_head":"<!-- This site is optimized with the Yoast SEO plugin v27.3 - https:\/\/yoast.com\/product\/yoast-seo-wordpress\/ -->\n<title>Acabar con la corrupci\u00f3n porque provoca desigualdad social y econ\u00f3mica: AMLO -<\/title>\n<meta name=\"robots\" content=\"index, follow, max-snippet:-1, max-image-preview:large, max-video-preview:-1\" \/>\n<link rel=\"canonical\" href=\"https:\/\/quehacerpolitico.mx\/?p=16104\" \/>\n<meta property=\"og:locale\" content=\"es_MX\" \/>\n<meta property=\"og:type\" content=\"article\" \/>\n<meta property=\"og:title\" content=\"Acabar con la corrupci\u00f3n porque provoca desigualdad social y econ\u00f3mica: AMLO -\" \/>\n<meta property=\"og:description\" content=\"Acabar con la corrupci\u00f3n porque provoca desigualdad social y econ\u00f3mica: AMLO Por Redacci\u00f3n QP\" \/>\n<meta property=\"og:url\" content=\"https:\/\/quehacerpolitico.mx\/?p=16104\" \/>\n<meta property=\"article:published_time\" content=\"2019-02-04T02:44:56+00:00\" \/>\n<meta name=\"author\" content=\"Redacci\u00f3n QP\" \/>\n<meta name=\"twitter:card\" content=\"summary_large_image\" \/>\n<meta name=\"twitter:label1\" content=\"Escrito por\" \/>\n\t<meta name=\"twitter:data1\" content=\"Redacci\u00f3n QP\" \/>\n\t<meta name=\"twitter:label2\" content=\"Tiempo de lectura\" \/>\n\t<meta name=\"twitter:data2\" content=\"2 minutos\" \/>\n<script type=\"application\/ld+json\" class=\"yoast-schema-graph\">{\"@context\":\"https:\\\/\\\/schema.org\",\"@graph\":[{\"@type\":\"Article\",\"@id\":\"https:\\\/\\\/quehacerpolitico.mx\\\/?p=16104#article\",\"isPartOf\":{\"@id\":\"https:\\\/\\\/quehacerpolitico.mx\\\/?p=16104\"},\"author\":{\"name\":\"Redacci\u00f3n QP\",\"@id\":\"https:\\\/\\\/quehacerpolitico.mx\\\/#\\\/schema\\\/person\\\/496d8ad2d1d3f8036101dca7ee39e585\"},\"headline\":\"Acabar con la corrupci\u00f3n porque provoca desigualdad social y econ\u00f3mica: AMLO\",\"datePublished\":\"2019-02-04T02:44:56+00:00\",\"mainEntityOfPage\":{\"@id\":\"https:\\\/\\\/quehacerpolitico.mx\\\/?p=16104\"},\"wordCount\":335,\"commentCount\":0,\"image\":{\"@id\":\"https:\\\/\\\/quehacerpolitico.mx\\\/?p=16104#primaryimage\"},\"thumbnailUrl\":\"\",\"articleSection\":[\"Noticias\"],\"inLanguage\":\"es\",\"potentialAction\":[{\"@type\":\"CommentAction\",\"name\":\"Comment\",\"target\":[\"https:\\\/\\\/quehacerpolitico.mx\\\/?p=16104#respond\"]}]},{\"@type\":\"WebPage\",\"@id\":\"https:\\\/\\\/quehacerpolitico.mx\\\/?p=16104\",\"url\":\"https:\\\/\\\/quehacerpolitico.mx\\\/?p=16104\",\"name\":\"Acabar con la corrupci\u00f3n porque provoca desigualdad social y econ\u00f3mica: AMLO -\",\"isPartOf\":{\"@id\":\"https:\\\/\\\/quehacerpolitico.mx\\\/#website\"},\"primaryImageOfPage\":{\"@id\":\"https:\\\/\\\/quehacerpolitico.mx\\\/?p=16104#primaryimage\"},\"image\":{\"@id\":\"https:\\\/\\\/quehacerpolitico.mx\\\/?p=16104#primaryimage\"},\"thumbnailUrl\":\"\",\"datePublished\":\"2019-02-04T02:44:56+00:00\",\"author\":{\"@id\":\"https:\\\/\\\/quehacerpolitico.mx\\\/#\\\/schema\\\/person\\\/496d8ad2d1d3f8036101dca7ee39e585\"},\"breadcrumb\":{\"@id\":\"https:\\\/\\\/quehacerpolitico.mx\\\/?p=16104#breadcrumb\"},\"inLanguage\":\"es\",\"potentialAction\":[{\"@type\":\"ReadAction\",\"target\":[\"https:\\\/\\\/quehacerpolitico.mx\\\/?p=16104\"]}]},{\"@type\":\"ImageObject\",\"inLanguage\":\"es\",\"@id\":\"https:\\\/\\\/quehacerpolitico.mx\\\/?p=16104#primaryimage\",\"url\":\"\",\"contentUrl\":\"\"},{\"@type\":\"BreadcrumbList\",\"@id\":\"https:\\\/\\\/quehacerpolitico.mx\\\/?p=16104#breadcrumb\",\"itemListElement\":[{\"@type\":\"ListItem\",\"position\":1,\"name\":\"Inicio\",\"item\":\"https:\\\/\\\/quehacerpolitico.mx\\\/\"},{\"@type\":\"ListItem\",\"position\":2,\"name\":\"Acabar con la corrupci\u00f3n porque provoca desigualdad social y econ\u00f3mica: AMLO\"}]},{\"@type\":\"WebSite\",\"@id\":\"https:\\\/\\\/quehacerpolitico.mx\\\/#website\",\"url\":\"https:\\\/\\\/quehacerpolitico.mx\\\/\",\"name\":\"\",\"description\":\"\",\"potentialAction\":[{\"@type\":\"SearchAction\",\"target\":{\"@type\":\"EntryPoint\",\"urlTemplate\":\"https:\\\/\\\/quehacerpolitico.mx\\\/?s={search_term_string}\"},\"query-input\":{\"@type\":\"PropertyValueSpecification\",\"valueRequired\":true,\"valueName\":\"search_term_string\"}}],\"inLanguage\":\"es\"},{\"@type\":\"Person\",\"@id\":\"https:\\\/\\\/quehacerpolitico.mx\\\/#\\\/schema\\\/person\\\/496d8ad2d1d3f8036101dca7ee39e585\",\"name\":\"Redacci\u00f3n QP\",\"image\":{\"@type\":\"ImageObject\",\"inLanguage\":\"es\",\"@id\":\"https:\\\/\\\/secure.gravatar.com\\\/avatar\\\/c7164ed6fdec453195284ad24a5ae5b6e1eed2b848477fa2a4787ba9adf39a41?s=96&d=mm&r=g\",\"url\":\"https:\\\/\\\/secure.gravatar.com\\\/avatar\\\/c7164ed6fdec453195284ad24a5ae5b6e1eed2b848477fa2a4787ba9adf39a41?s=96&d=mm&r=g\",\"contentUrl\":\"https:\\\/\\\/secure.gravatar.com\\\/avatar\\\/c7164ed6fdec453195284ad24a5ae5b6e1eed2b848477fa2a4787ba9adf39a41?s=96&d=mm&r=g\",\"caption\":\"Redacci\u00f3n QP\"},\"url\":\"https:\\\/\\\/quehacerpolitico.mx\\\/?author=2\"}]}<\/script>\n<!-- \/ Yoast SEO plugin. -->","yoast_head_json":{"title":"Acabar con la corrupci\u00f3n porque provoca desigualdad social y econ\u00f3mica: AMLO -","robots":{"index":"index","follow":"follow","max-snippet":"max-snippet:-1","max-image-preview":"max-image-preview:large","max-video-preview":"max-video-preview:-1"},"canonical":"https:\/\/quehacerpolitico.mx\/?p=16104","og_locale":"es_MX","og_type":"article","og_title":"Acabar con la corrupci\u00f3n porque provoca desigualdad social y econ\u00f3mica: AMLO -","og_description":"Acabar con la corrupci\u00f3n porque provoca desigualdad social y econ\u00f3mica: AMLO Por Redacci\u00f3n QP","og_url":"https:\/\/quehacerpolitico.mx\/?p=16104","article_published_time":"2019-02-04T02:44:56+00:00","author":"Redacci\u00f3n QP","twitter_card":"summary_large_image","twitter_misc":{"Escrito por":"Redacci\u00f3n QP","Tiempo de lectura":"2 minutos"},"schema":{"@context":"https:\/\/schema.org","@graph":[{"@type":"Article","@id":"https:\/\/quehacerpolitico.mx\/?p=16104#article","isPartOf":{"@id":"https:\/\/quehacerpolitico.mx\/?p=16104"},"author":{"name":"Redacci\u00f3n QP","@id":"https:\/\/quehacerpolitico.mx\/#\/schema\/person\/496d8ad2d1d3f8036101dca7ee39e585"},"headline":"Acabar con la corrupci\u00f3n porque provoca desigualdad social y econ\u00f3mica: AMLO","datePublished":"2019-02-04T02:44:56+00:00","mainEntityOfPage":{"@id":"https:\/\/quehacerpolitico.mx\/?p=16104"},"wordCount":335,"commentCount":0,"image":{"@id":"https:\/\/quehacerpolitico.mx\/?p=16104#primaryimage"},"thumbnailUrl":"","articleSection":["Noticias"],"inLanguage":"es","potentialAction":[{"@type":"CommentAction","name":"Comment","target":["https:\/\/quehacerpolitico.mx\/?p=16104#respond"]}]},{"@type":"WebPage","@id":"https:\/\/quehacerpolitico.mx\/?p=16104","url":"https:\/\/quehacerpolitico.mx\/?p=16104","name":"Acabar con la corrupci\u00f3n porque provoca desigualdad social y econ\u00f3mica: AMLO -","isPartOf":{"@id":"https:\/\/quehacerpolitico.mx\/#website"},"primaryImageOfPage":{"@id":"https:\/\/quehacerpolitico.mx\/?p=16104#primaryimage"},"image":{"@id":"https:\/\/quehacerpolitico.mx\/?p=16104#primaryimage"},"thumbnailUrl":"","datePublished":"2019-02-04T02:44:56+00:00","author":{"@id":"https:\/\/quehacerpolitico.mx\/#\/schema\/person\/496d8ad2d1d3f8036101dca7ee39e585"},"breadcrumb":{"@id":"https:\/\/quehacerpolitico.mx\/?p=16104#breadcrumb"},"inLanguage":"es","potentialAction":[{"@type":"ReadAction","target":["https:\/\/quehacerpolitico.mx\/?p=16104"]}]},{"@type":"ImageObject","inLanguage":"es","@id":"https:\/\/quehacerpolitico.mx\/?p=16104#primaryimage","url":"","contentUrl":""},{"@type":"BreadcrumbList","@id":"https:\/\/quehacerpolitico.mx\/?p=16104#breadcrumb","itemListElement":[{"@type":"ListItem","position":1,"name":"Inicio","item":"https:\/\/quehacerpolitico.mx\/"},{"@type":"ListItem","position":2,"name":"Acabar con la corrupci\u00f3n porque provoca desigualdad social y econ\u00f3mica: AMLO"}]},{"@type":"WebSite","@id":"https:\/\/quehacerpolitico.mx\/#website","url":"https:\/\/quehacerpolitico.mx\/","name":"","description":"","potentialAction":[{"@type":"SearchAction","target":{"@type":"EntryPoint","urlTemplate":"https:\/\/quehacerpolitico.mx\/?s={search_term_string}"},"query-input":{"@type":"PropertyValueSpecification","valueRequired":true,"valueName":"search_term_string"}}],"inLanguage":"es"},{"@type":"Person","@id":"https:\/\/quehacerpolitico.mx\/#\/schema\/person\/496d8ad2d1d3f8036101dca7ee39e585","name":"Redacci\u00f3n QP","image":{"@type":"ImageObject","inLanguage":"es","@id":"https:\/\/secure.gravatar.com\/avatar\/c7164ed6fdec453195284ad24a5ae5b6e1eed2b848477fa2a4787ba9adf39a41?s=96&d=mm&r=g","url":"https:\/\/secure.gravatar.com\/avatar\/c7164ed6fdec453195284ad24a5ae5b6e1eed2b848477fa2a4787ba9adf39a41?s=96&d=mm&r=g","contentUrl":"https:\/\/secure.gravatar.com\/avatar\/c7164ed6fdec453195284ad24a5ae5b6e1eed2b848477fa2a4787ba9adf39a41?s=96&d=mm&r=g","caption":"Redacci\u00f3n QP"},"url":"https:\/\/quehacerpolitico.mx\/?author=2"}]}},"featured_image_urls":{"full":"","thumbnail":"","medium":"","medium_large":"","large":"","1536x1536":"","2048x2048":"","covernews-featured":"","covernews-medium":""},"author_info":{"display_name":"Redacci\u00f3n QP","author_link":"https:\/\/quehacerpolitico.mx\/?author=2"},"category_info":"<a href=\"https:\/\/quehacerpolitico.mx\/?cat=2\" rel=\"category\">Noticias<\/a>","tag_info":"Noticias","comment_count":"0","_links":{"self":[{"href":"https:\/\/quehacerpolitico.mx\/index.php?rest_route=\/wp\/v2\/posts\/16104","targetHints":{"allow":["GET"]}}],"collection":[{"href":"https:\/\/quehacerpolitico.mx\/index.php?rest_route=\/wp\/v2\/posts"}],"about":[{"href":"https:\/\/quehacerpolitico.mx\/index.php?rest_route=\/wp\/v2\/types\/post"}],"author":[{"embeddable":true,"href":"https:\/\/quehacerpolitico.mx\/index.php?rest_route=\/wp\/v2\/users\/2"}],"replies":[{"embeddable":true,"href":"https:\/\/quehacerpolitico.mx\/index.php?rest_route=%2Fwp%2Fv2%2Fcomments&post=16104"}],"version-history":[{"count":0,"href":"https:\/\/quehacerpolitico.mx\/index.php?rest_route=\/wp\/v2\/posts\/16104\/revisions"}],"wp:featuredmedia":[{"embeddable":true,"href":"https:\/\/quehacerpolitico.mx\/index.php?rest_route=\/"}],"wp:attachment":[{"href":"https:\/\/quehacerpolitico.mx\/index.php?rest_route=%2Fwp%2Fv2%2Fmedia&parent=16104"}],"wp:term":[{"taxonomy":"category","embeddable":true,"href":"https:\/\/quehacerpolitico.mx\/index.php?rest_route=%2Fwp%2Fv2%2Fcategories&post=16104"},{"taxonomy":"post_tag","embeddable":true,"href":"https:\/\/quehacerpolitico.mx\/index.php?rest_route=%2Fwp%2Fv2%2Ftags&post=16104"}],"curies":[{"name":"wp","href":"https:\/\/api.w.org\/{rel}","templated":true}]}}