{"id":16095,"date":"2019-02-04T02:25:29","date_gmt":"2019-02-04T02:25:29","guid":{"rendered":"http:\/\/quehacerpolitico.mx\/secretaria-de-cultura-se-equivoca-y-confunde-fecha-de-la-batalla-de-puebla\/"},"modified":"2019-02-04T02:25:29","modified_gmt":"2019-02-04T02:25:29","slug":"secretaria-de-cultura-se-equivoca-y-confunde-fecha-de-la-batalla-de-puebla","status":"publish","type":"post","link":"https:\/\/quehacerpolitico.mx\/?p=16095","title":{"rendered":"Secretar\u00eda de Cultura se equivoca y confunde fecha de la Batalla de Puebla"},"content":{"rendered":"<h1 class=\"amp-wp-title\">Secretar\u00eda de Cultura se equivoca y confunde fecha de la Batalla de Puebla<\/h1>\n<p>Por Redacci\u00f3n QP<\/p>\n<p><span class=\"amp-wp-inline-f62a86b1328cd4134bec55ddf6de989a\">La <strong>Secretar\u00eda de Cultura<\/strong> (SC), se uni\u00f3 a los cambios en la historia que la <strong>Cuarta Transformaci\u00f3n<\/strong> del pa\u00eds est\u00e1 impulsando y es que el 1 de febrero enviaron un oficio en el que mencionaron que el d\u00eda de asueto de este 4 de febrero se deb\u00eda a la conmemoraci\u00f3n de la<strong> Batalla de Puebla<\/strong> y no por la promulgaci\u00f3n de la <strong>Constituci\u00f3n mexicana.<\/strong><\/span><\/p>\n<blockquote>\n<p><span class=\"amp-wp-inline-f62a86b1328cd4134bec55ddf6de989a\">\u201cEn virtud de la conmemoraci\u00f3n del d\u00eda 5 de febrero (batalla de Puebla) (sic), el pr\u00f3ximo lunes 4 del actual, se observar\u00e1 como d\u00eda de descanso obligatorio para los servidores p\u00fablicos de esta Secretar\u00eda\u201d.<\/span><\/p>\n<\/blockquote>\n<p><img decoding=\"async\" class=\"i-amphtml-fill-content i-amphtml-replaced-content\" src=\"https:\/\/elbigdata.mx\/wp-content\/uploads\/2019\/02\/secretaria_cultura_confunde_fecha_cambia_fecha_batalla_de_puebla_constituci%C3%B3n_politica_mexico_5_febrero_fotoReforma.jpg\" sizes=\"(min-width: 398px) 398px, 100vw\" srcset=\"https:\/\/elbigdata.mx\/wp-content\/uploads\/2019\/02\/secretaria_cultura_confunde_fecha_cambia_fecha_batalla_de_puebla_constituci%C3%B3n_politica_mexico_5_febrero_fotoReforma.jpg 630w, https:\/\/elbigdata.mx\/wp-content\/uploads\/2019\/02\/secretaria_cultura_confunde_fecha_cambia_fecha_batalla_de_puebla_constituci%C3%B3n_politica_mexico_5_febrero_fotoReforma-240x360.jpg 240w, https:\/\/elbigdata.mx\/wp-content\/uploads\/2019\/02\/secretaria_cultura_confunde_fecha_cambia_fecha_batalla_de_puebla_constituci%C3%B3n_politica_mexico_5_febrero_fotoReforma-512x768.jpg 512w\" alt=\"\" \/><\/p>\n<p><span class=\"amp-wp-inline-f62a86b1328cd4134bec55ddf6de989a\">El documento, que <strong>adelant\u00f3 tres meses<\/strong> la fecha oficial de dicha batalla (5 de mayo) lo envi\u00f3 la<strong>Direcci\u00f3n General de Administraci\u00f3n<\/strong> de la SC a las Direcciones de las \u00c1reas Administrativas y a todo el personal.<\/span><\/p>\n<p><span class=\"amp-wp-inline-f62a86b1328cd4134bec55ddf6de989a\">Adem\u00e1s, el oficio est\u00e1 <strong>firmado<\/strong> por el titular de la<strong>Unidad de Administraci\u00f3n y Finanzas<\/strong> de la Direcci\u00f3n General de Administraci\u00f3n de la dependencia.<\/span><\/p>\n<p><span class=\"amp-wp-inline-f62a86b1328cd4134bec55ddf6de989a\">A trav\u00e9s de su cuenta de <em>Twitter<\/em> la dependencia asegur\u00f3 que se trat\u00f3 de una <em><strong>fake news,<\/strong><\/em> pues el documento original \u201cfue <strong>alterado<\/strong> y difundido en redes como aut\u00e9ntico\u201d.<\/span><\/p>\n<p><img decoding=\"async\" class=\"i-amphtml-fill-content i-amphtml-replaced-content\" src=\"https:\/\/elbigdata.mx\/wp-content\/uploads\/2019\/02\/fake_nwes_noticia_falsa_distribucion_documento_cambia_fecha_batalla_puebla_constitucion_mexico_foto_RadioFormula.png\" sizes=\"(min-width: 499px) 499px, 100vw\" srcset=\"https:\/\/elbigdata.mx\/wp-content\/uploads\/2019\/02\/fake_nwes_noticia_falsa_distribucion_documento_cambia_fecha_batalla_puebla_constitucion_mexico_foto_RadioFormula.png 499w, https:\/\/elbigdata.mx\/wp-content\/uploads\/2019\/02\/fake_nwes_noticia_falsa_distribucion_documento_cambia_fecha_batalla_puebla_constitucion_mexico_foto_RadioFormula-215x360.png 215w, https:\/\/elbigdata.mx\/wp-content\/uploads\/2019\/02\/fake_nwes_noticia_falsa_distribucion_documento_cambia_fecha_batalla_puebla_constitucion_mexico_foto_RadioFormula-458x768.png 458w\" alt=\"\" \/><\/p>\n<h4><em><strong>Piden disculpas<\/strong><\/em><\/h4>\n<p><span class=\"amp-wp-inline-f62a86b1328cd4134bec55ddf6de989a\">Sin embargo, un trabajador sindicalizado <strong>confirm\u00f3<\/strong>la veracidad del oficio con la nueva fecha hist\u00f3rica para la Batalla de Puebla, por lo que la SC <\/span><span class=\"amp-wp-inline-f62a86b1328cd4134bec55ddf6de989a\">reconoci\u00f3 su <strong>error<\/strong> y ofreci\u00f3 una <strong>disculpa<\/strong> por lo sucedido.<\/span><\/p>\n<p><span class=\"amp-wp-inline-f62a86b1328cd4134bec55ddf6de989a\">Hist\u00f3ricamente, la Batalla de Puebla se celebra el <strong>5 de mayo.<\/strong> En 1862 el Ej\u00e9rcito mexicano, dirigido por el <strong>General Ignacio Zaragoza,<\/strong> derrot\u00f3 al Ej\u00e9rcito invasor franc\u00e9s.<\/span><\/p>\n<blockquote class=\"twitter-tweet\" data-width=\"550\" data-dnt=\"true\">\n<p lang=\"es\" dir=\"ltr\">Sobre el oficio equivocado <a href=\"https:\/\/t.co\/aCgsO7t8V2\">pic.twitter.com\/aCgsO7t8V2<\/a><\/p>\n<p>&mdash; Antonio Mart\u00ednez Vel\u00e1zquez \ud83c\udff3\ufe0f\u200d\ud83c\udf08 (@antoniomarvel) <a href=\"https:\/\/twitter.com\/antoniomarvel\/status\/1092095667953192961?ref_src=twsrc%5Etfw\">February 3, 2019<\/a><\/p><\/blockquote>\n<p><script async src=\"https:\/\/platform.twitter.com\/widgets.js\" charset=\"utf-8\"><\/script><\/p>\n","protected":false},"excerpt":{"rendered":"<p>Secretar\u00eda de Cultura se equivoca y confunde fecha de la Batalla de Puebla<br \/>\nPor Redacci\u00f3n QP<\/p>\n","protected":false},"author":2,"featured_media":16094,"comment_status":"open","ping_status":"open","sticky":false,"template":"","format":"standard","meta":{"_monsterinsights_skip_tracking":false,"_monsterinsights_sitenote_active":false,"_monsterinsights_sitenote_note":"","_monsterinsights_sitenote_category":0,"footnotes":""},"categories":[2],"tags":[],"class_list":["post-16095","post","type-post","status-publish","format-standard","has-post-thumbnail","hentry","category-noticias"],"yoast_head":"<!-- This site is optimized with the Yoast SEO plugin v27.3 - https:\/\/yoast.com\/product\/yoast-seo-wordpress\/ -->\n<title>Secretar\u00eda de Cultura se equivoca y confunde fecha de la Batalla de Puebla -<\/title>\n<meta name=\"robots\" content=\"index, follow, max-snippet:-1, max-image-preview:large, max-video-preview:-1\" \/>\n<link rel=\"canonical\" href=\"https:\/\/quehacerpolitico.mx\/?p=16095\" \/>\n<meta property=\"og:locale\" content=\"es_MX\" \/>\n<meta property=\"og:type\" content=\"article\" \/>\n<meta property=\"og:title\" content=\"Secretar\u00eda de Cultura se equivoca y confunde fecha de la Batalla de Puebla -\" \/>\n<meta property=\"og:description\" content=\"Secretar\u00eda de Cultura se equivoca y confunde fecha de la Batalla de Puebla Por Redacci\u00f3n QP\" \/>\n<meta property=\"og:url\" content=\"https:\/\/quehacerpolitico.mx\/?p=16095\" \/>\n<meta property=\"article:published_time\" content=\"2019-02-04T02:25:29+00:00\" \/>\n<meta name=\"author\" content=\"Redacci\u00f3n QP\" \/>\n<meta name=\"twitter:card\" content=\"summary_large_image\" \/>\n<meta name=\"twitter:label1\" content=\"Escrito por\" \/>\n\t<meta name=\"twitter:data1\" content=\"Redacci\u00f3n QP\" \/>\n\t<meta name=\"twitter:label2\" content=\"Tiempo de lectura\" \/>\n\t<meta name=\"twitter:data2\" content=\"1 minuto\" \/>\n<script type=\"application\/ld+json\" class=\"yoast-schema-graph\">{\"@context\":\"https:\\\/\\\/schema.org\",\"@graph\":[{\"@type\":\"Article\",\"@id\":\"https:\\\/\\\/quehacerpolitico.mx\\\/?p=16095#article\",\"isPartOf\":{\"@id\":\"https:\\\/\\\/quehacerpolitico.mx\\\/?p=16095\"},\"author\":{\"name\":\"Redacci\u00f3n QP\",\"@id\":\"https:\\\/\\\/quehacerpolitico.mx\\\/#\\\/schema\\\/person\\\/496d8ad2d1d3f8036101dca7ee39e585\"},\"headline\":\"Secretar\u00eda de Cultura se equivoca y confunde fecha de la Batalla de Puebla\",\"datePublished\":\"2019-02-04T02:25:29+00:00\",\"mainEntityOfPage\":{\"@id\":\"https:\\\/\\\/quehacerpolitico.mx\\\/?p=16095\"},\"wordCount\":308,\"commentCount\":0,\"image\":{\"@id\":\"https:\\\/\\\/quehacerpolitico.mx\\\/?p=16095#primaryimage\"},\"thumbnailUrl\":\"\",\"articleSection\":[\"Noticias\"],\"inLanguage\":\"es\",\"potentialAction\":[{\"@type\":\"CommentAction\",\"name\":\"Comment\",\"target\":[\"https:\\\/\\\/quehacerpolitico.mx\\\/?p=16095#respond\"]}]},{\"@type\":\"WebPage\",\"@id\":\"https:\\\/\\\/quehacerpolitico.mx\\\/?p=16095\",\"url\":\"https:\\\/\\\/quehacerpolitico.mx\\\/?p=16095\",\"name\":\"Secretar\u00eda de Cultura se equivoca y confunde fecha de la Batalla de Puebla -\",\"isPartOf\":{\"@id\":\"https:\\\/\\\/quehacerpolitico.mx\\\/#website\"},\"primaryImageOfPage\":{\"@id\":\"https:\\\/\\\/quehacerpolitico.mx\\\/?p=16095#primaryimage\"},\"image\":{\"@id\":\"https:\\\/\\\/quehacerpolitico.mx\\\/?p=16095#primaryimage\"},\"thumbnailUrl\":\"\",\"datePublished\":\"2019-02-04T02:25:29+00:00\",\"author\":{\"@id\":\"https:\\\/\\\/quehacerpolitico.mx\\\/#\\\/schema\\\/person\\\/496d8ad2d1d3f8036101dca7ee39e585\"},\"breadcrumb\":{\"@id\":\"https:\\\/\\\/quehacerpolitico.mx\\\/?p=16095#breadcrumb\"},\"inLanguage\":\"es\",\"potentialAction\":[{\"@type\":\"ReadAction\",\"target\":[\"https:\\\/\\\/quehacerpolitico.mx\\\/?p=16095\"]}]},{\"@type\":\"ImageObject\",\"inLanguage\":\"es\",\"@id\":\"https:\\\/\\\/quehacerpolitico.mx\\\/?p=16095#primaryimage\",\"url\":\"\",\"contentUrl\":\"\"},{\"@type\":\"BreadcrumbList\",\"@id\":\"https:\\\/\\\/quehacerpolitico.mx\\\/?p=16095#breadcrumb\",\"itemListElement\":[{\"@type\":\"ListItem\",\"position\":1,\"name\":\"Inicio\",\"item\":\"https:\\\/\\\/quehacerpolitico.mx\\\/\"},{\"@type\":\"ListItem\",\"position\":2,\"name\":\"Secretar\u00eda de Cultura se equivoca y confunde fecha de la Batalla de Puebla\"}]},{\"@type\":\"WebSite\",\"@id\":\"https:\\\/\\\/quehacerpolitico.mx\\\/#website\",\"url\":\"https:\\\/\\\/quehacerpolitico.mx\\\/\",\"name\":\"\",\"description\":\"\",\"potentialAction\":[{\"@type\":\"SearchAction\",\"target\":{\"@type\":\"EntryPoint\",\"urlTemplate\":\"https:\\\/\\\/quehacerpolitico.mx\\\/?s={search_term_string}\"},\"query-input\":{\"@type\":\"PropertyValueSpecification\",\"valueRequired\":true,\"valueName\":\"search_term_string\"}}],\"inLanguage\":\"es\"},{\"@type\":\"Person\",\"@id\":\"https:\\\/\\\/quehacerpolitico.mx\\\/#\\\/schema\\\/person\\\/496d8ad2d1d3f8036101dca7ee39e585\",\"name\":\"Redacci\u00f3n QP\",\"image\":{\"@type\":\"ImageObject\",\"inLanguage\":\"es\",\"@id\":\"https:\\\/\\\/secure.gravatar.com\\\/avatar\\\/c7164ed6fdec453195284ad24a5ae5b6e1eed2b848477fa2a4787ba9adf39a41?s=96&d=mm&r=g\",\"url\":\"https:\\\/\\\/secure.gravatar.com\\\/avatar\\\/c7164ed6fdec453195284ad24a5ae5b6e1eed2b848477fa2a4787ba9adf39a41?s=96&d=mm&r=g\",\"contentUrl\":\"https:\\\/\\\/secure.gravatar.com\\\/avatar\\\/c7164ed6fdec453195284ad24a5ae5b6e1eed2b848477fa2a4787ba9adf39a41?s=96&d=mm&r=g\",\"caption\":\"Redacci\u00f3n QP\"},\"url\":\"https:\\\/\\\/quehacerpolitico.mx\\\/?author=2\"}]}<\/script>\n<!-- \/ Yoast SEO plugin. -->","yoast_head_json":{"title":"Secretar\u00eda de Cultura se equivoca y confunde fecha de la Batalla de Puebla -","robots":{"index":"index","follow":"follow","max-snippet":"max-snippet:-1","max-image-preview":"max-image-preview:large","max-video-preview":"max-video-preview:-1"},"canonical":"https:\/\/quehacerpolitico.mx\/?p=16095","og_locale":"es_MX","og_type":"article","og_title":"Secretar\u00eda de Cultura se equivoca y confunde fecha de la Batalla de Puebla -","og_description":"Secretar\u00eda de Cultura se equivoca y confunde fecha de la Batalla de Puebla Por Redacci\u00f3n QP","og_url":"https:\/\/quehacerpolitico.mx\/?p=16095","article_published_time":"2019-02-04T02:25:29+00:00","author":"Redacci\u00f3n QP","twitter_card":"summary_large_image","twitter_misc":{"Escrito por":"Redacci\u00f3n QP","Tiempo de lectura":"1 minuto"},"schema":{"@context":"https:\/\/schema.org","@graph":[{"@type":"Article","@id":"https:\/\/quehacerpolitico.mx\/?p=16095#article","isPartOf":{"@id":"https:\/\/quehacerpolitico.mx\/?p=16095"},"author":{"name":"Redacci\u00f3n QP","@id":"https:\/\/quehacerpolitico.mx\/#\/schema\/person\/496d8ad2d1d3f8036101dca7ee39e585"},"headline":"Secretar\u00eda de Cultura se equivoca y confunde fecha de la Batalla de Puebla","datePublished":"2019-02-04T02:25:29+00:00","mainEntityOfPage":{"@id":"https:\/\/quehacerpolitico.mx\/?p=16095"},"wordCount":308,"commentCount":0,"image":{"@id":"https:\/\/quehacerpolitico.mx\/?p=16095#primaryimage"},"thumbnailUrl":"","articleSection":["Noticias"],"inLanguage":"es","potentialAction":[{"@type":"CommentAction","name":"Comment","target":["https:\/\/quehacerpolitico.mx\/?p=16095#respond"]}]},{"@type":"WebPage","@id":"https:\/\/quehacerpolitico.mx\/?p=16095","url":"https:\/\/quehacerpolitico.mx\/?p=16095","name":"Secretar\u00eda de Cultura se equivoca y confunde fecha de la Batalla de Puebla -","isPartOf":{"@id":"https:\/\/quehacerpolitico.mx\/#website"},"primaryImageOfPage":{"@id":"https:\/\/quehacerpolitico.mx\/?p=16095#primaryimage"},"image":{"@id":"https:\/\/quehacerpolitico.mx\/?p=16095#primaryimage"},"thumbnailUrl":"","datePublished":"2019-02-04T02:25:29+00:00","author":{"@id":"https:\/\/quehacerpolitico.mx\/#\/schema\/person\/496d8ad2d1d3f8036101dca7ee39e585"},"breadcrumb":{"@id":"https:\/\/quehacerpolitico.mx\/?p=16095#breadcrumb"},"inLanguage":"es","potentialAction":[{"@type":"ReadAction","target":["https:\/\/quehacerpolitico.mx\/?p=16095"]}]},{"@type":"ImageObject","inLanguage":"es","@id":"https:\/\/quehacerpolitico.mx\/?p=16095#primaryimage","url":"","contentUrl":""},{"@type":"BreadcrumbList","@id":"https:\/\/quehacerpolitico.mx\/?p=16095#breadcrumb","itemListElement":[{"@type":"ListItem","position":1,"name":"Inicio","item":"https:\/\/quehacerpolitico.mx\/"},{"@type":"ListItem","position":2,"name":"Secretar\u00eda de Cultura se equivoca y confunde fecha de la Batalla de Puebla"}]},{"@type":"WebSite","@id":"https:\/\/quehacerpolitico.mx\/#website","url":"https:\/\/quehacerpolitico.mx\/","name":"","description":"","potentialAction":[{"@type":"SearchAction","target":{"@type":"EntryPoint","urlTemplate":"https:\/\/quehacerpolitico.mx\/?s={search_term_string}"},"query-input":{"@type":"PropertyValueSpecification","valueRequired":true,"valueName":"search_term_string"}}],"inLanguage":"es"},{"@type":"Person","@id":"https:\/\/quehacerpolitico.mx\/#\/schema\/person\/496d8ad2d1d3f8036101dca7ee39e585","name":"Redacci\u00f3n QP","image":{"@type":"ImageObject","inLanguage":"es","@id":"https:\/\/secure.gravatar.com\/avatar\/c7164ed6fdec453195284ad24a5ae5b6e1eed2b848477fa2a4787ba9adf39a41?s=96&d=mm&r=g","url":"https:\/\/secure.gravatar.com\/avatar\/c7164ed6fdec453195284ad24a5ae5b6e1eed2b848477fa2a4787ba9adf39a41?s=96&d=mm&r=g","contentUrl":"https:\/\/secure.gravatar.com\/avatar\/c7164ed6fdec453195284ad24a5ae5b6e1eed2b848477fa2a4787ba9adf39a41?s=96&d=mm&r=g","caption":"Redacci\u00f3n QP"},"url":"https:\/\/quehacerpolitico.mx\/?author=2"}]}},"featured_image_urls":{"full":"","thumbnail":"","medium":"","medium_large":"","large":"","1536x1536":"","2048x2048":"","covernews-featured":"","covernews-medium":""},"author_info":{"display_name":"Redacci\u00f3n QP","author_link":"https:\/\/quehacerpolitico.mx\/?author=2"},"category_info":"<a href=\"https:\/\/quehacerpolitico.mx\/?cat=2\" rel=\"category\">Noticias<\/a>","tag_info":"Noticias","comment_count":"0","_links":{"self":[{"href":"https:\/\/quehacerpolitico.mx\/index.php?rest_route=\/wp\/v2\/posts\/16095","targetHints":{"allow":["GET"]}}],"collection":[{"href":"https:\/\/quehacerpolitico.mx\/index.php?rest_route=\/wp\/v2\/posts"}],"about":[{"href":"https:\/\/quehacerpolitico.mx\/index.php?rest_route=\/wp\/v2\/types\/post"}],"author":[{"embeddable":true,"href":"https:\/\/quehacerpolitico.mx\/index.php?rest_route=\/wp\/v2\/users\/2"}],"replies":[{"embeddable":true,"href":"https:\/\/quehacerpolitico.mx\/index.php?rest_route=%2Fwp%2Fv2%2Fcomments&post=16095"}],"version-history":[{"count":0,"href":"https:\/\/quehacerpolitico.mx\/index.php?rest_route=\/wp\/v2\/posts\/16095\/revisions"}],"wp:featuredmedia":[{"embeddable":true,"href":"https:\/\/quehacerpolitico.mx\/index.php?rest_route=\/"}],"wp:attachment":[{"href":"https:\/\/quehacerpolitico.mx\/index.php?rest_route=%2Fwp%2Fv2%2Fmedia&parent=16095"}],"wp:term":[{"taxonomy":"category","embeddable":true,"href":"https:\/\/quehacerpolitico.mx\/index.php?rest_route=%2Fwp%2Fv2%2Fcategories&post=16095"},{"taxonomy":"post_tag","embeddable":true,"href":"https:\/\/quehacerpolitico.mx\/index.php?rest_route=%2Fwp%2Fv2%2Ftags&post=16095"}],"curies":[{"name":"wp","href":"https:\/\/api.w.org\/{rel}","templated":true}]}}