{"id":15973,"date":"2019-02-02T14:14:56","date_gmt":"2019-02-02T14:14:56","guid":{"rendered":"http:\/\/quehacerpolitico.mx\/video-muestra-un-intento-de-secuestro-de-una-joven-en-calles-de-coyoacan-la-pgj-ya-investiga\/"},"modified":"2019-02-02T14:14:56","modified_gmt":"2019-02-02T14:14:56","slug":"video-muestra-un-intento-de-secuestro-de-una-joven-en-calles-de-coyoacan-la-pgj-ya-investiga","status":"publish","type":"post","link":"https:\/\/quehacerpolitico.mx\/?p=15973","title":{"rendered":"VIDEO muestra un intento de secuestro de una joven en calles de Coyoac\u00e1n; la PGJ ya investiga"},"content":{"rendered":"<h1>VIDEO muestra un intento de secuestro de una joven en calles de Coyoac\u00e1n; la PGJ ya investiga<\/h1>\n<p>Por Redacci\u00f3n QP<\/p>\n<p>Usuarios de redes sociales difundieron un <strong>video<\/strong> en el que se aprecia c\u00f3mo un hombre intenta someter y subir por la fuerza a una mujer a un autom\u00f3vil en la colonia Pedregal Santo Domingo, en la Alcald\u00eda de <strong>Coyoac\u00e1n<\/strong>, a unas calles del <strong>Metro Universidad.<\/strong><\/p>\n<p>En el video grabado, la noche del pasado <strong>31 de enero<\/strong> alrededor de las 21:30 horas, se observa c\u00f3mo una joven camina rumbo a su casa con su tel\u00e9fono celular en mano. En tanto, a mitad de la calle, una camioneta finge dar vuelta. Acto seguido, un sujeto que se encontraba parado sobre la banqueta se acerca a la muchacha e intenta sujetarla por la espalda.<\/p>\n<blockquote class=\"twitter-tweet\" data-width=\"550\" data-dnt=\"true\">\n<p lang=\"es\" dir=\"ltr\">Esto es en la colonia Pedregal de santo domingo a 5 cuadras del metro ciudad universitaria, actue <a href=\"https:\/\/t.co\/7rOFPFYSOD\">pic.twitter.com\/7rOFPFYSOD<\/a><\/p>\n<p>&mdash; #benji (@deasp11) <a href=\"https:\/\/twitter.com\/deasp11\/status\/1091420619726565377?ref_src=twsrc%5Etfw\">February 1, 2019<\/a><\/p><\/blockquote>\n<p><script async src=\"https:\/\/platform.twitter.com\/widgets.js\" charset=\"utf-8\"><\/script><\/p>\n<p>La joven, al ser atacada, comenz\u00f3 a forcejear con el agresor, se tir\u00f3 al suelo y comenz\u00f3 a gritar provocando que varios vecinos salieran de sus hogares para auxiliarla.<\/p>\n<p>Al ver a los vecinos, el agresor abord\u00f3 la camioneta y los sospechosos emprendieron la huida. En tanto, varios colonos persiguieron por varias cuadras el veh\u00edculo.<\/p>\n<p>Luego de la difusi\u00f3n del video, la Procuradur\u00eda General de Justicia de la Ciudad de M\u00e9xico inform\u00f3 que ya abri\u00f3 una carpeta de investigaci\u00f3n e inici\u00f3 con las diligencias correspondientes.<\/p>\n<p>Esta ma\u00f1ana, la Jefa de Gobierno de la Ciudad de M\u00e9xico, <strong>Claudia Sheinbaum Pardo<\/strong>, asegur\u00f3 que no se va a tolerar la violencia contra las mujeres en la Ciudad de M\u00e9xico y anunci\u00f3 que se reforz\u00f3 la seguridad en las inmediaciones e instalaciones del Sistema de Transporte Colectivo Metro (<strong>STCM<\/strong>) para atender los recientes reportes de intentos de secuestro de mujeres. Anunci\u00f3 cinco acciones para enfrentar el problema.<\/p>\n<blockquote>\n<p>\u201cTiene que haber cero tolerancia a la violencia de g\u00e9nero. [\u2026] No lo vamos a tolerar, no va a haber impunidad\u201d, dijo esta ma\u00f1ana en conferencia de prensa.<\/p>\n<\/blockquote>\n<p>La Jefa de Gobierno detall\u00f3 que no se tiene toda la informaci\u00f3n sobre las denuncias por los intentos de secuestros, pues dijo que algunas mujeres han querido denunciar pero como no se consuma un hecho real, el Ministerio P\u00fablico (MP) no se ha permitido levantar estas denuncias, adem\u00e1s no hay una orientaci\u00f3n de g\u00e9nero en la mayor\u00eda de los MP.<\/p>\n<p>En tanto, la Procuradora Ernestina Godoy, inform\u00f3 que suman cinco las carpetas de investigaci\u00f3n por intentos de secuestro dentro de las instalaciones del Metro y sus inmediaciones.<\/p>\n","protected":false},"excerpt":{"rendered":"<p>VIDEO muestra un intento de secuestro de una joven en calles de Coyoac\u00e1n; la PGJ ya investiga<br \/>\nPor Redacci\u00f3n QP<\/p>\n","protected":false},"author":2,"featured_media":15972,"comment_status":"open","ping_status":"open","sticky":false,"template":"","format":"standard","meta":{"_monsterinsights_skip_tracking":false,"_monsterinsights_sitenote_active":false,"_monsterinsights_sitenote_note":"","_monsterinsights_sitenote_category":0,"footnotes":""},"categories":[55],"tags":[],"class_list":["post-15973","post","type-post","status-publish","format-standard","has-post-thumbnail","hentry","category-cdmx"],"yoast_head":"<!-- This site is optimized with the Yoast SEO plugin v27.3 - https:\/\/yoast.com\/product\/yoast-seo-wordpress\/ -->\n<title>VIDEO muestra un intento de secuestro de una joven en calles de Coyoac\u00e1n; la PGJ ya investiga -<\/title>\n<meta name=\"robots\" content=\"index, follow, max-snippet:-1, max-image-preview:large, max-video-preview:-1\" \/>\n<link rel=\"canonical\" href=\"https:\/\/quehacerpolitico.mx\/?p=15973\" \/>\n<meta property=\"og:locale\" content=\"es_MX\" \/>\n<meta property=\"og:type\" content=\"article\" \/>\n<meta property=\"og:title\" content=\"VIDEO muestra un intento de secuestro de una joven en calles de Coyoac\u00e1n; la PGJ ya investiga -\" \/>\n<meta property=\"og:description\" content=\"VIDEO muestra un intento de secuestro de una joven en calles de Coyoac\u00e1n; la PGJ ya investiga Por Redacci\u00f3n QP\" \/>\n<meta property=\"og:url\" content=\"https:\/\/quehacerpolitico.mx\/?p=15973\" \/>\n<meta property=\"article:published_time\" content=\"2019-02-02T14:14:56+00:00\" \/>\n<meta name=\"author\" content=\"Redacci\u00f3n QP\" \/>\n<meta name=\"twitter:card\" content=\"summary_large_image\" \/>\n<meta name=\"twitter:label1\" content=\"Escrito por\" \/>\n\t<meta name=\"twitter:data1\" content=\"Redacci\u00f3n QP\" \/>\n\t<meta name=\"twitter:label2\" content=\"Tiempo de lectura\" \/>\n\t<meta name=\"twitter:data2\" content=\"2 minutos\" \/>\n<script type=\"application\/ld+json\" class=\"yoast-schema-graph\">{\"@context\":\"https:\\\/\\\/schema.org\",\"@graph\":[{\"@type\":\"Article\",\"@id\":\"https:\\\/\\\/quehacerpolitico.mx\\\/?p=15973#article\",\"isPartOf\":{\"@id\":\"https:\\\/\\\/quehacerpolitico.mx\\\/?p=15973\"},\"author\":{\"name\":\"Redacci\u00f3n QP\",\"@id\":\"https:\\\/\\\/quehacerpolitico.mx\\\/#\\\/schema\\\/person\\\/496d8ad2d1d3f8036101dca7ee39e585\"},\"headline\":\"VIDEO muestra un intento de secuestro de una joven en calles de Coyoac\u00e1n; la PGJ ya investiga\",\"datePublished\":\"2019-02-02T14:14:56+00:00\",\"mainEntityOfPage\":{\"@id\":\"https:\\\/\\\/quehacerpolitico.mx\\\/?p=15973\"},\"wordCount\":445,\"commentCount\":0,\"image\":{\"@id\":\"https:\\\/\\\/quehacerpolitico.mx\\\/?p=15973#primaryimage\"},\"thumbnailUrl\":\"\",\"articleSection\":[\"CDMX\"],\"inLanguage\":\"es\",\"potentialAction\":[{\"@type\":\"CommentAction\",\"name\":\"Comment\",\"target\":[\"https:\\\/\\\/quehacerpolitico.mx\\\/?p=15973#respond\"]}]},{\"@type\":\"WebPage\",\"@id\":\"https:\\\/\\\/quehacerpolitico.mx\\\/?p=15973\",\"url\":\"https:\\\/\\\/quehacerpolitico.mx\\\/?p=15973\",\"name\":\"VIDEO muestra un intento de secuestro de una joven en calles de Coyoac\u00e1n; la PGJ ya investiga -\",\"isPartOf\":{\"@id\":\"https:\\\/\\\/quehacerpolitico.mx\\\/#website\"},\"primaryImageOfPage\":{\"@id\":\"https:\\\/\\\/quehacerpolitico.mx\\\/?p=15973#primaryimage\"},\"image\":{\"@id\":\"https:\\\/\\\/quehacerpolitico.mx\\\/?p=15973#primaryimage\"},\"thumbnailUrl\":\"\",\"datePublished\":\"2019-02-02T14:14:56+00:00\",\"author\":{\"@id\":\"https:\\\/\\\/quehacerpolitico.mx\\\/#\\\/schema\\\/person\\\/496d8ad2d1d3f8036101dca7ee39e585\"},\"breadcrumb\":{\"@id\":\"https:\\\/\\\/quehacerpolitico.mx\\\/?p=15973#breadcrumb\"},\"inLanguage\":\"es\",\"potentialAction\":[{\"@type\":\"ReadAction\",\"target\":[\"https:\\\/\\\/quehacerpolitico.mx\\\/?p=15973\"]}]},{\"@type\":\"ImageObject\",\"inLanguage\":\"es\",\"@id\":\"https:\\\/\\\/quehacerpolitico.mx\\\/?p=15973#primaryimage\",\"url\":\"\",\"contentUrl\":\"\"},{\"@type\":\"BreadcrumbList\",\"@id\":\"https:\\\/\\\/quehacerpolitico.mx\\\/?p=15973#breadcrumb\",\"itemListElement\":[{\"@type\":\"ListItem\",\"position\":1,\"name\":\"Inicio\",\"item\":\"https:\\\/\\\/quehacerpolitico.mx\\\/\"},{\"@type\":\"ListItem\",\"position\":2,\"name\":\"VIDEO muestra un intento de secuestro de una joven en calles de Coyoac\u00e1n; la PGJ ya investiga\"}]},{\"@type\":\"WebSite\",\"@id\":\"https:\\\/\\\/quehacerpolitico.mx\\\/#website\",\"url\":\"https:\\\/\\\/quehacerpolitico.mx\\\/\",\"name\":\"\",\"description\":\"\",\"potentialAction\":[{\"@type\":\"SearchAction\",\"target\":{\"@type\":\"EntryPoint\",\"urlTemplate\":\"https:\\\/\\\/quehacerpolitico.mx\\\/?s={search_term_string}\"},\"query-input\":{\"@type\":\"PropertyValueSpecification\",\"valueRequired\":true,\"valueName\":\"search_term_string\"}}],\"inLanguage\":\"es\"},{\"@type\":\"Person\",\"@id\":\"https:\\\/\\\/quehacerpolitico.mx\\\/#\\\/schema\\\/person\\\/496d8ad2d1d3f8036101dca7ee39e585\",\"name\":\"Redacci\u00f3n QP\",\"image\":{\"@type\":\"ImageObject\",\"inLanguage\":\"es\",\"@id\":\"https:\\\/\\\/secure.gravatar.com\\\/avatar\\\/c7164ed6fdec453195284ad24a5ae5b6e1eed2b848477fa2a4787ba9adf39a41?s=96&d=mm&r=g\",\"url\":\"https:\\\/\\\/secure.gravatar.com\\\/avatar\\\/c7164ed6fdec453195284ad24a5ae5b6e1eed2b848477fa2a4787ba9adf39a41?s=96&d=mm&r=g\",\"contentUrl\":\"https:\\\/\\\/secure.gravatar.com\\\/avatar\\\/c7164ed6fdec453195284ad24a5ae5b6e1eed2b848477fa2a4787ba9adf39a41?s=96&d=mm&r=g\",\"caption\":\"Redacci\u00f3n QP\"},\"url\":\"https:\\\/\\\/quehacerpolitico.mx\\\/?author=2\"}]}<\/script>\n<!-- \/ Yoast SEO plugin. -->","yoast_head_json":{"title":"VIDEO muestra un intento de secuestro de una joven en calles de Coyoac\u00e1n; la PGJ ya investiga -","robots":{"index":"index","follow":"follow","max-snippet":"max-snippet:-1","max-image-preview":"max-image-preview:large","max-video-preview":"max-video-preview:-1"},"canonical":"https:\/\/quehacerpolitico.mx\/?p=15973","og_locale":"es_MX","og_type":"article","og_title":"VIDEO muestra un intento de secuestro de una joven en calles de Coyoac\u00e1n; la PGJ ya investiga -","og_description":"VIDEO muestra un intento de secuestro de una joven en calles de Coyoac\u00e1n; la PGJ ya investiga Por Redacci\u00f3n QP","og_url":"https:\/\/quehacerpolitico.mx\/?p=15973","article_published_time":"2019-02-02T14:14:56+00:00","author":"Redacci\u00f3n QP","twitter_card":"summary_large_image","twitter_misc":{"Escrito por":"Redacci\u00f3n QP","Tiempo de lectura":"2 minutos"},"schema":{"@context":"https:\/\/schema.org","@graph":[{"@type":"Article","@id":"https:\/\/quehacerpolitico.mx\/?p=15973#article","isPartOf":{"@id":"https:\/\/quehacerpolitico.mx\/?p=15973"},"author":{"name":"Redacci\u00f3n QP","@id":"https:\/\/quehacerpolitico.mx\/#\/schema\/person\/496d8ad2d1d3f8036101dca7ee39e585"},"headline":"VIDEO muestra un intento de secuestro de una joven en calles de Coyoac\u00e1n; la PGJ ya investiga","datePublished":"2019-02-02T14:14:56+00:00","mainEntityOfPage":{"@id":"https:\/\/quehacerpolitico.mx\/?p=15973"},"wordCount":445,"commentCount":0,"image":{"@id":"https:\/\/quehacerpolitico.mx\/?p=15973#primaryimage"},"thumbnailUrl":"","articleSection":["CDMX"],"inLanguage":"es","potentialAction":[{"@type":"CommentAction","name":"Comment","target":["https:\/\/quehacerpolitico.mx\/?p=15973#respond"]}]},{"@type":"WebPage","@id":"https:\/\/quehacerpolitico.mx\/?p=15973","url":"https:\/\/quehacerpolitico.mx\/?p=15973","name":"VIDEO muestra un intento de secuestro de una joven en calles de Coyoac\u00e1n; la PGJ ya investiga -","isPartOf":{"@id":"https:\/\/quehacerpolitico.mx\/#website"},"primaryImageOfPage":{"@id":"https:\/\/quehacerpolitico.mx\/?p=15973#primaryimage"},"image":{"@id":"https:\/\/quehacerpolitico.mx\/?p=15973#primaryimage"},"thumbnailUrl":"","datePublished":"2019-02-02T14:14:56+00:00","author":{"@id":"https:\/\/quehacerpolitico.mx\/#\/schema\/person\/496d8ad2d1d3f8036101dca7ee39e585"},"breadcrumb":{"@id":"https:\/\/quehacerpolitico.mx\/?p=15973#breadcrumb"},"inLanguage":"es","potentialAction":[{"@type":"ReadAction","target":["https:\/\/quehacerpolitico.mx\/?p=15973"]}]},{"@type":"ImageObject","inLanguage":"es","@id":"https:\/\/quehacerpolitico.mx\/?p=15973#primaryimage","url":"","contentUrl":""},{"@type":"BreadcrumbList","@id":"https:\/\/quehacerpolitico.mx\/?p=15973#breadcrumb","itemListElement":[{"@type":"ListItem","position":1,"name":"Inicio","item":"https:\/\/quehacerpolitico.mx\/"},{"@type":"ListItem","position":2,"name":"VIDEO muestra un intento de secuestro de una joven en calles de Coyoac\u00e1n; la PGJ ya investiga"}]},{"@type":"WebSite","@id":"https:\/\/quehacerpolitico.mx\/#website","url":"https:\/\/quehacerpolitico.mx\/","name":"","description":"","potentialAction":[{"@type":"SearchAction","target":{"@type":"EntryPoint","urlTemplate":"https:\/\/quehacerpolitico.mx\/?s={search_term_string}"},"query-input":{"@type":"PropertyValueSpecification","valueRequired":true,"valueName":"search_term_string"}}],"inLanguage":"es"},{"@type":"Person","@id":"https:\/\/quehacerpolitico.mx\/#\/schema\/person\/496d8ad2d1d3f8036101dca7ee39e585","name":"Redacci\u00f3n QP","image":{"@type":"ImageObject","inLanguage":"es","@id":"https:\/\/secure.gravatar.com\/avatar\/c7164ed6fdec453195284ad24a5ae5b6e1eed2b848477fa2a4787ba9adf39a41?s=96&d=mm&r=g","url":"https:\/\/secure.gravatar.com\/avatar\/c7164ed6fdec453195284ad24a5ae5b6e1eed2b848477fa2a4787ba9adf39a41?s=96&d=mm&r=g","contentUrl":"https:\/\/secure.gravatar.com\/avatar\/c7164ed6fdec453195284ad24a5ae5b6e1eed2b848477fa2a4787ba9adf39a41?s=96&d=mm&r=g","caption":"Redacci\u00f3n QP"},"url":"https:\/\/quehacerpolitico.mx\/?author=2"}]}},"featured_image_urls":{"full":"","thumbnail":"","medium":"","medium_large":"","large":"","1536x1536":"","2048x2048":"","covernews-featured":"","covernews-medium":""},"author_info":{"display_name":"Redacci\u00f3n QP","author_link":"https:\/\/quehacerpolitico.mx\/?author=2"},"category_info":"<a href=\"https:\/\/quehacerpolitico.mx\/?cat=55\" rel=\"category\">CDMX<\/a>","tag_info":"CDMX","comment_count":"0","_links":{"self":[{"href":"https:\/\/quehacerpolitico.mx\/index.php?rest_route=\/wp\/v2\/posts\/15973","targetHints":{"allow":["GET"]}}],"collection":[{"href":"https:\/\/quehacerpolitico.mx\/index.php?rest_route=\/wp\/v2\/posts"}],"about":[{"href":"https:\/\/quehacerpolitico.mx\/index.php?rest_route=\/wp\/v2\/types\/post"}],"author":[{"embeddable":true,"href":"https:\/\/quehacerpolitico.mx\/index.php?rest_route=\/wp\/v2\/users\/2"}],"replies":[{"embeddable":true,"href":"https:\/\/quehacerpolitico.mx\/index.php?rest_route=%2Fwp%2Fv2%2Fcomments&post=15973"}],"version-history":[{"count":0,"href":"https:\/\/quehacerpolitico.mx\/index.php?rest_route=\/wp\/v2\/posts\/15973\/revisions"}],"wp:featuredmedia":[{"embeddable":true,"href":"https:\/\/quehacerpolitico.mx\/index.php?rest_route=\/"}],"wp:attachment":[{"href":"https:\/\/quehacerpolitico.mx\/index.php?rest_route=%2Fwp%2Fv2%2Fmedia&parent=15973"}],"wp:term":[{"taxonomy":"category","embeddable":true,"href":"https:\/\/quehacerpolitico.mx\/index.php?rest_route=%2Fwp%2Fv2%2Fcategories&post=15973"},{"taxonomy":"post_tag","embeddable":true,"href":"https:\/\/quehacerpolitico.mx\/index.php?rest_route=%2Fwp%2Fv2%2Ftags&post=15973"}],"curies":[{"name":"wp","href":"https:\/\/api.w.org\/{rel}","templated":true}]}}