{"id":15742,"date":"2019-02-01T01:50:03","date_gmt":"2019-02-01T01:50:03","guid":{"rendered":"http:\/\/quehacerpolitico.mx\/cnte-libera-vias-ferreas-en-un-punto-de-michoacan-mantienen-planton\/"},"modified":"2019-02-01T01:50:03","modified_gmt":"2019-02-01T01:50:03","slug":"cnte-libera-vias-ferreas-en-un-punto-de-michoacan-mantienen-planton","status":"publish","type":"post","link":"https:\/\/quehacerpolitico.mx\/?p=15742","title":{"rendered":"CNTE libera v\u00edas f\u00e9rreas en un punto de Michoac\u00e1n; mantienen plant\u00f3n"},"content":{"rendered":"<h1 class=\"amp-wp-title\">CNTE libera v\u00edas f\u00e9rreas en un punto de Michoac\u00e1n; mantienen plant\u00f3n<\/h1>\n<p>Por Redacci\u00f3n QP<\/p>\n<p>Integrantes de la Coordinadora Nacional de Trabajadores de la Educaci\u00f3n (<strong>CNTE<\/strong>) comenzaron a liberar las v\u00edas f\u00e9rreas en el municipio de L\u00e1zaro C\u00e1rdenas; manten\u00edan el bloqueo desde hace 17 d\u00edas.<\/p>\n<p>El dirigente regional,<strong> Isidoro Casta\u00f1eda,<\/strong> afirm\u00f3 que se liberan las v\u00edas como un \u2018voto de confianza\u2019, pero que mantendr\u00e1n el bloqueo a un costado del lugar.<\/p>\n<blockquote>\n<p>\u201cSe determin\u00f3 hacer el distense para que las afectaciones ya no contin\u00faen y en todo caso darle la confianza la Gobierno federal. Nos informan que hoy se instala la mesa de manera tripartita\u201d, expres\u00f3 Casta\u00f1eda.<\/p>\n<\/blockquote>\n<p>Los maestros disidentes de la <strong>secci\u00f3n 18 de la CNTE<\/strong>comenzaron a liberar las v\u00edas de comunicaci\u00f3n, lo que caus\u00f3 diversas<br \/>afectaciones, principalmente econ\u00f3micas.<\/p>\n<p>Dicho bloqueo comenz\u00f3 por la falta de pago a los integrantes de la <strong>Coordinadora<\/strong> y como medida de presi\u00f3n a las autoridades federales.<\/p>\n<p>De acuerdo con medios locales, los bloqueos se mantienen en otros puntos como son: <strong>Maravat\u00edo, P\u00e1tzcuaro, Uruapan<\/strong> (en la zona de <strong>Caltzontzin<\/strong>), <strong>Nueva Italia<\/strong>, Yur\u00e9cuaro y<strong> La Piedad<\/strong>; lo anterior con corte a las 12:30 horas de este jueves.<\/p>\n<blockquote class=\"twitter-tweet\" data-width=\"550\" data-dnt=\"true\">\n<p lang=\"es\" dir=\"ltr\">La buena: Gobierno y maestros de la <a href=\"https:\/\/twitter.com\/hashtag\/CNTE?src=hash&amp;ref_src=twsrc%5Etfw\">#CNTE<\/a> acuerdan levantar el bloqueo en <a href=\"https:\/\/twitter.com\/hashtag\/Michoac%C3%A1n?src=hash&amp;ref_src=twsrc%5Etfw\">#Michoac\u00e1n<\/a>. <br \/>La mala: seguir\u00e1 el paro de labores.<a href=\"https:\/\/t.co\/raALEtU7km\">pic.twitter.com\/raALEtU7km<\/a><\/p>\n<p>&mdash; Ruido en la Red (@RuidoEnLaRed) <a href=\"https:\/\/twitter.com\/RuidoEnLaRed\/status\/1091003920690880512?ref_src=twsrc%5Etfw\">January 31, 2019<\/a><\/p><\/blockquote>\n<p><script async src=\"https:\/\/platform.twitter.com\/widgets.js\" charset=\"utf-8\"><\/script><\/p>\n<p><em>Con informaci\u00f3n de Milenio<\/em><\/p>\n","protected":false},"excerpt":{"rendered":"<p>CNTE libera v\u00edas f\u00e9rreas en un punto de Michoac\u00e1n; mantienen plant\u00f3n<br \/>\nPor Redacci\u00f3n QP<\/p>\n","protected":false},"author":2,"featured_media":15741,"comment_status":"open","ping_status":"open","sticky":false,"template":"","format":"standard","meta":{"_monsterinsights_skip_tracking":false,"_monsterinsights_sitenote_active":false,"_monsterinsights_sitenote_note":"","_monsterinsights_sitenote_category":0,"footnotes":""},"categories":[2],"tags":[],"class_list":["post-15742","post","type-post","status-publish","format-standard","has-post-thumbnail","hentry","category-noticias"],"yoast_head":"<!-- This site is optimized with the Yoast SEO plugin v27.3 - https:\/\/yoast.com\/product\/yoast-seo-wordpress\/ -->\n<title>CNTE libera v\u00edas f\u00e9rreas en un punto de Michoac\u00e1n; mantienen plant\u00f3n -<\/title>\n<meta name=\"robots\" content=\"index, follow, max-snippet:-1, max-image-preview:large, max-video-preview:-1\" \/>\n<link rel=\"canonical\" href=\"https:\/\/quehacerpolitico.mx\/?p=15742\" \/>\n<meta property=\"og:locale\" content=\"es_MX\" \/>\n<meta property=\"og:type\" content=\"article\" \/>\n<meta property=\"og:title\" content=\"CNTE libera v\u00edas f\u00e9rreas en un punto de Michoac\u00e1n; mantienen plant\u00f3n -\" \/>\n<meta property=\"og:description\" content=\"CNTE libera v\u00edas f\u00e9rreas en un punto de Michoac\u00e1n; mantienen plant\u00f3n Por Redacci\u00f3n QP\" \/>\n<meta property=\"og:url\" content=\"https:\/\/quehacerpolitico.mx\/?p=15742\" \/>\n<meta property=\"article:published_time\" content=\"2019-02-01T01:50:03+00:00\" \/>\n<meta name=\"author\" content=\"Redacci\u00f3n QP\" \/>\n<meta name=\"twitter:card\" content=\"summary_large_image\" \/>\n<meta name=\"twitter:label1\" content=\"Escrito por\" \/>\n\t<meta name=\"twitter:data1\" content=\"Redacci\u00f3n QP\" \/>\n\t<meta name=\"twitter:label2\" content=\"Tiempo de lectura\" \/>\n\t<meta name=\"twitter:data2\" content=\"1 minuto\" \/>\n<script type=\"application\/ld+json\" class=\"yoast-schema-graph\">{\"@context\":\"https:\\\/\\\/schema.org\",\"@graph\":[{\"@type\":\"Article\",\"@id\":\"https:\\\/\\\/quehacerpolitico.mx\\\/?p=15742#article\",\"isPartOf\":{\"@id\":\"https:\\\/\\\/quehacerpolitico.mx\\\/?p=15742\"},\"author\":{\"name\":\"Redacci\u00f3n QP\",\"@id\":\"https:\\\/\\\/quehacerpolitico.mx\\\/#\\\/schema\\\/person\\\/496d8ad2d1d3f8036101dca7ee39e585\"},\"headline\":\"CNTE libera v\u00edas f\u00e9rreas en un punto de Michoac\u00e1n; mantienen plant\u00f3n\",\"datePublished\":\"2019-02-01T01:50:03+00:00\",\"mainEntityOfPage\":{\"@id\":\"https:\\\/\\\/quehacerpolitico.mx\\\/?p=15742\"},\"wordCount\":237,\"commentCount\":0,\"image\":{\"@id\":\"https:\\\/\\\/quehacerpolitico.mx\\\/?p=15742#primaryimage\"},\"thumbnailUrl\":\"\",\"articleSection\":[\"Noticias\"],\"inLanguage\":\"es\",\"potentialAction\":[{\"@type\":\"CommentAction\",\"name\":\"Comment\",\"target\":[\"https:\\\/\\\/quehacerpolitico.mx\\\/?p=15742#respond\"]}]},{\"@type\":\"WebPage\",\"@id\":\"https:\\\/\\\/quehacerpolitico.mx\\\/?p=15742\",\"url\":\"https:\\\/\\\/quehacerpolitico.mx\\\/?p=15742\",\"name\":\"CNTE libera v\u00edas f\u00e9rreas en un punto de Michoac\u00e1n; mantienen plant\u00f3n -\",\"isPartOf\":{\"@id\":\"https:\\\/\\\/quehacerpolitico.mx\\\/#website\"},\"primaryImageOfPage\":{\"@id\":\"https:\\\/\\\/quehacerpolitico.mx\\\/?p=15742#primaryimage\"},\"image\":{\"@id\":\"https:\\\/\\\/quehacerpolitico.mx\\\/?p=15742#primaryimage\"},\"thumbnailUrl\":\"\",\"datePublished\":\"2019-02-01T01:50:03+00:00\",\"author\":{\"@id\":\"https:\\\/\\\/quehacerpolitico.mx\\\/#\\\/schema\\\/person\\\/496d8ad2d1d3f8036101dca7ee39e585\"},\"breadcrumb\":{\"@id\":\"https:\\\/\\\/quehacerpolitico.mx\\\/?p=15742#breadcrumb\"},\"inLanguage\":\"es\",\"potentialAction\":[{\"@type\":\"ReadAction\",\"target\":[\"https:\\\/\\\/quehacerpolitico.mx\\\/?p=15742\"]}]},{\"@type\":\"ImageObject\",\"inLanguage\":\"es\",\"@id\":\"https:\\\/\\\/quehacerpolitico.mx\\\/?p=15742#primaryimage\",\"url\":\"\",\"contentUrl\":\"\"},{\"@type\":\"BreadcrumbList\",\"@id\":\"https:\\\/\\\/quehacerpolitico.mx\\\/?p=15742#breadcrumb\",\"itemListElement\":[{\"@type\":\"ListItem\",\"position\":1,\"name\":\"Inicio\",\"item\":\"https:\\\/\\\/quehacerpolitico.mx\\\/\"},{\"@type\":\"ListItem\",\"position\":2,\"name\":\"CNTE libera v\u00edas f\u00e9rreas en un punto de Michoac\u00e1n; mantienen plant\u00f3n\"}]},{\"@type\":\"WebSite\",\"@id\":\"https:\\\/\\\/quehacerpolitico.mx\\\/#website\",\"url\":\"https:\\\/\\\/quehacerpolitico.mx\\\/\",\"name\":\"\",\"description\":\"\",\"potentialAction\":[{\"@type\":\"SearchAction\",\"target\":{\"@type\":\"EntryPoint\",\"urlTemplate\":\"https:\\\/\\\/quehacerpolitico.mx\\\/?s={search_term_string}\"},\"query-input\":{\"@type\":\"PropertyValueSpecification\",\"valueRequired\":true,\"valueName\":\"search_term_string\"}}],\"inLanguage\":\"es\"},{\"@type\":\"Person\",\"@id\":\"https:\\\/\\\/quehacerpolitico.mx\\\/#\\\/schema\\\/person\\\/496d8ad2d1d3f8036101dca7ee39e585\",\"name\":\"Redacci\u00f3n QP\",\"image\":{\"@type\":\"ImageObject\",\"inLanguage\":\"es\",\"@id\":\"https:\\\/\\\/secure.gravatar.com\\\/avatar\\\/c7164ed6fdec453195284ad24a5ae5b6e1eed2b848477fa2a4787ba9adf39a41?s=96&d=mm&r=g\",\"url\":\"https:\\\/\\\/secure.gravatar.com\\\/avatar\\\/c7164ed6fdec453195284ad24a5ae5b6e1eed2b848477fa2a4787ba9adf39a41?s=96&d=mm&r=g\",\"contentUrl\":\"https:\\\/\\\/secure.gravatar.com\\\/avatar\\\/c7164ed6fdec453195284ad24a5ae5b6e1eed2b848477fa2a4787ba9adf39a41?s=96&d=mm&r=g\",\"caption\":\"Redacci\u00f3n QP\"},\"url\":\"https:\\\/\\\/quehacerpolitico.mx\\\/?author=2\"}]}<\/script>\n<!-- \/ Yoast SEO plugin. -->","yoast_head_json":{"title":"CNTE libera v\u00edas f\u00e9rreas en un punto de Michoac\u00e1n; mantienen plant\u00f3n -","robots":{"index":"index","follow":"follow","max-snippet":"max-snippet:-1","max-image-preview":"max-image-preview:large","max-video-preview":"max-video-preview:-1"},"canonical":"https:\/\/quehacerpolitico.mx\/?p=15742","og_locale":"es_MX","og_type":"article","og_title":"CNTE libera v\u00edas f\u00e9rreas en un punto de Michoac\u00e1n; mantienen plant\u00f3n -","og_description":"CNTE libera v\u00edas f\u00e9rreas en un punto de Michoac\u00e1n; mantienen plant\u00f3n Por Redacci\u00f3n QP","og_url":"https:\/\/quehacerpolitico.mx\/?p=15742","article_published_time":"2019-02-01T01:50:03+00:00","author":"Redacci\u00f3n QP","twitter_card":"summary_large_image","twitter_misc":{"Escrito por":"Redacci\u00f3n QP","Tiempo de lectura":"1 minuto"},"schema":{"@context":"https:\/\/schema.org","@graph":[{"@type":"Article","@id":"https:\/\/quehacerpolitico.mx\/?p=15742#article","isPartOf":{"@id":"https:\/\/quehacerpolitico.mx\/?p=15742"},"author":{"name":"Redacci\u00f3n QP","@id":"https:\/\/quehacerpolitico.mx\/#\/schema\/person\/496d8ad2d1d3f8036101dca7ee39e585"},"headline":"CNTE libera v\u00edas f\u00e9rreas en un punto de Michoac\u00e1n; mantienen plant\u00f3n","datePublished":"2019-02-01T01:50:03+00:00","mainEntityOfPage":{"@id":"https:\/\/quehacerpolitico.mx\/?p=15742"},"wordCount":237,"commentCount":0,"image":{"@id":"https:\/\/quehacerpolitico.mx\/?p=15742#primaryimage"},"thumbnailUrl":"","articleSection":["Noticias"],"inLanguage":"es","potentialAction":[{"@type":"CommentAction","name":"Comment","target":["https:\/\/quehacerpolitico.mx\/?p=15742#respond"]}]},{"@type":"WebPage","@id":"https:\/\/quehacerpolitico.mx\/?p=15742","url":"https:\/\/quehacerpolitico.mx\/?p=15742","name":"CNTE libera v\u00edas f\u00e9rreas en un punto de Michoac\u00e1n; mantienen plant\u00f3n -","isPartOf":{"@id":"https:\/\/quehacerpolitico.mx\/#website"},"primaryImageOfPage":{"@id":"https:\/\/quehacerpolitico.mx\/?p=15742#primaryimage"},"image":{"@id":"https:\/\/quehacerpolitico.mx\/?p=15742#primaryimage"},"thumbnailUrl":"","datePublished":"2019-02-01T01:50:03+00:00","author":{"@id":"https:\/\/quehacerpolitico.mx\/#\/schema\/person\/496d8ad2d1d3f8036101dca7ee39e585"},"breadcrumb":{"@id":"https:\/\/quehacerpolitico.mx\/?p=15742#breadcrumb"},"inLanguage":"es","potentialAction":[{"@type":"ReadAction","target":["https:\/\/quehacerpolitico.mx\/?p=15742"]}]},{"@type":"ImageObject","inLanguage":"es","@id":"https:\/\/quehacerpolitico.mx\/?p=15742#primaryimage","url":"","contentUrl":""},{"@type":"BreadcrumbList","@id":"https:\/\/quehacerpolitico.mx\/?p=15742#breadcrumb","itemListElement":[{"@type":"ListItem","position":1,"name":"Inicio","item":"https:\/\/quehacerpolitico.mx\/"},{"@type":"ListItem","position":2,"name":"CNTE libera v\u00edas f\u00e9rreas en un punto de Michoac\u00e1n; mantienen plant\u00f3n"}]},{"@type":"WebSite","@id":"https:\/\/quehacerpolitico.mx\/#website","url":"https:\/\/quehacerpolitico.mx\/","name":"","description":"","potentialAction":[{"@type":"SearchAction","target":{"@type":"EntryPoint","urlTemplate":"https:\/\/quehacerpolitico.mx\/?s={search_term_string}"},"query-input":{"@type":"PropertyValueSpecification","valueRequired":true,"valueName":"search_term_string"}}],"inLanguage":"es"},{"@type":"Person","@id":"https:\/\/quehacerpolitico.mx\/#\/schema\/person\/496d8ad2d1d3f8036101dca7ee39e585","name":"Redacci\u00f3n QP","image":{"@type":"ImageObject","inLanguage":"es","@id":"https:\/\/secure.gravatar.com\/avatar\/c7164ed6fdec453195284ad24a5ae5b6e1eed2b848477fa2a4787ba9adf39a41?s=96&d=mm&r=g","url":"https:\/\/secure.gravatar.com\/avatar\/c7164ed6fdec453195284ad24a5ae5b6e1eed2b848477fa2a4787ba9adf39a41?s=96&d=mm&r=g","contentUrl":"https:\/\/secure.gravatar.com\/avatar\/c7164ed6fdec453195284ad24a5ae5b6e1eed2b848477fa2a4787ba9adf39a41?s=96&d=mm&r=g","caption":"Redacci\u00f3n QP"},"url":"https:\/\/quehacerpolitico.mx\/?author=2"}]}},"featured_image_urls":{"full":"","thumbnail":"","medium":"","medium_large":"","large":"","1536x1536":"","2048x2048":"","covernews-featured":"","covernews-medium":""},"author_info":{"display_name":"Redacci\u00f3n QP","author_link":"https:\/\/quehacerpolitico.mx\/?author=2"},"category_info":"<a href=\"https:\/\/quehacerpolitico.mx\/?cat=2\" rel=\"category\">Noticias<\/a>","tag_info":"Noticias","comment_count":"0","_links":{"self":[{"href":"https:\/\/quehacerpolitico.mx\/index.php?rest_route=\/wp\/v2\/posts\/15742","targetHints":{"allow":["GET"]}}],"collection":[{"href":"https:\/\/quehacerpolitico.mx\/index.php?rest_route=\/wp\/v2\/posts"}],"about":[{"href":"https:\/\/quehacerpolitico.mx\/index.php?rest_route=\/wp\/v2\/types\/post"}],"author":[{"embeddable":true,"href":"https:\/\/quehacerpolitico.mx\/index.php?rest_route=\/wp\/v2\/users\/2"}],"replies":[{"embeddable":true,"href":"https:\/\/quehacerpolitico.mx\/index.php?rest_route=%2Fwp%2Fv2%2Fcomments&post=15742"}],"version-history":[{"count":0,"href":"https:\/\/quehacerpolitico.mx\/index.php?rest_route=\/wp\/v2\/posts\/15742\/revisions"}],"wp:featuredmedia":[{"embeddable":true,"href":"https:\/\/quehacerpolitico.mx\/index.php?rest_route=\/"}],"wp:attachment":[{"href":"https:\/\/quehacerpolitico.mx\/index.php?rest_route=%2Fwp%2Fv2%2Fmedia&parent=15742"}],"wp:term":[{"taxonomy":"category","embeddable":true,"href":"https:\/\/quehacerpolitico.mx\/index.php?rest_route=%2Fwp%2Fv2%2Fcategories&post=15742"},{"taxonomy":"post_tag","embeddable":true,"href":"https:\/\/quehacerpolitico.mx\/index.php?rest_route=%2Fwp%2Fv2%2Ftags&post=15742"}],"curies":[{"name":"wp","href":"https:\/\/api.w.org\/{rel}","templated":true}]}}