{"id":15682,"date":"2019-01-31T15:57:10","date_gmt":"2019-01-31T15:57:10","guid":{"rendered":"http:\/\/quehacerpolitico.mx\/dan-mas-dinero-a-cnte-sigue-bloqueo-de-vias\/"},"modified":"2019-01-31T15:57:10","modified_gmt":"2019-01-31T15:57:10","slug":"dan-mas-dinero-a-cnte-sigue-bloqueo-de-vias","status":"publish","type":"post","link":"https:\/\/quehacerpolitico.mx\/?p=15682","title":{"rendered":"Dan m\u00e1s dinero a CNTE; sigue bloqueo de v\u00edas"},"content":{"rendered":"<h1 class=\"news-title\">Dan m\u00e1s dinero a CNTE; sigue bloqueo de v\u00edas<\/h1>\n<p>Por Redacci\u00f3n QP<\/p>\n<header class=\"news-header\">\n<div class=\"news-subtitle\">\n<p>Tras la liberaci\u00f3n de pagos por parte del Gobierno federal y de Michoac\u00e1n, la Coordinadora evaluaba anoche permitir el paso del tren<\/p>\n<\/div>\n<\/header>\n<div class=\"news-content\">\n<div class=\"news-body row\">\n<p>A pesar de los pagos a los maestros de la Coordinadora Nacional de Trabajadores de la Educaci\u00f3n (CNTE) que mantienen el bloqueo de v\u00edas de tren en Michoac\u00e1n, el tr\u00e1nsito para los ferrocarriles permanece estancado.<\/p>\n<div id=\"div-gpt-ad-1548262875188-0\" data-google-query-id=\"CPSlvt-wmOACFYepaQodZUcI9w\">\n<div id=\"google_ads_iframe_\/1001694\/INF_intext_1_0__container__\"><strong>El Gobierno de Michoac\u00e1n inform\u00f3 de la entrega de cheques al magisterio correspondientes a la segunda quincena de enero, as\u00ed como la Compensaci\u00f3n \u00danica Nacional 2019 para los docentes de Educaci\u00f3n B\u00e1sica de esa Entidad.<\/strong><\/div>\n<\/div>\n<p>Los recursos de ayer son adicionales a los 800 millones de pesos que el lunes el Presidente de M\u00e9xico, Andr\u00e9s Manuel L\u00f3pez Obrador, anunci\u00f3 que fueron liberados para los profesores.<\/p>\n<p>Mediante un comunicado, la administraci\u00f3n del gobernador Silvano Aureoles reiter\u00f3 el llamado a los maestros para que liberen las v\u00edas ferroviarias en distintos puntos de la Entidad, levanten el plant\u00f3n en Morelia y la toma de alcald\u00edas y oficinas, que cumplieron m\u00e1s de dos semanas.<\/p>\n<p>Hasta anoche, la Secci\u00f3n 18 de la CNTE evaluaba en una reuni\u00f3n a puerta cerrada en sus oficinas centrales de Morelia, si levantaban\u00a0el bloqueo a las v\u00edas del tren y cesan en sus movilizaciones en Michoac\u00e1n.<\/p>\n<p>Ese movimiento magisterial inici\u00f3 ayer la Asamblea Estatal Representativa conformada por la Coordinaci\u00f3n General y representaciones de las 22 regiones. <strong>Ayer tambi\u00e9n venci\u00f3 el plazo que fijaron las autoridades federales y estatales para que la CNTE libere las v\u00edas de comunicaci\u00f3n y suspenda su plan de acciones<\/strong>que, mediante bloqueos, generan p\u00e9rdidas diarias por mil millones de pesos, de acuerdo con la Confederaci\u00f3n de C\u00e1maras Industriales de M\u00e9xico (Concamin). De no cumplir los maestros, no habr\u00e1 acuerdos ni recursos para atender las demandas del magisterio.<\/p>\n<p><strong>Sobre el uso de la fuerza como opci\u00f3n para desalojar a los inconformes, el titular de la Secretar\u00eda de Seguridad y Protecci\u00f3n Ciudadana, Alfonso Durazo, dijo que no se aplicar\u00e1.<\/strong><\/p>\n<p>El Consejo Coordinador Empresarial (CCE) y la Concamin exigieron la intervenci\u00f3n inmediata de las autoridades federales y estatales de Michoac\u00e1n, para resolver los bloqueos.<\/p>\n<p>El presidente del CCE, Juan Pablo Casta\u00f1\u00f3n, consider\u00f3 que no es posible ser rehenes de la CNTE.<\/p>\n<\/div>\n<\/div>\n","protected":false},"excerpt":{"rendered":"<p>Dan m\u00e1s dinero a CNTE; sigue bloqueo de v\u00edas<br \/>\nPor Redacci\u00f3n QP<\/p>\n","protected":false},"author":2,"featured_media":15681,"comment_status":"open","ping_status":"open","sticky":false,"template":"","format":"standard","meta":{"_monsterinsights_skip_tracking":false,"_monsterinsights_sitenote_active":false,"_monsterinsights_sitenote_note":"","_monsterinsights_sitenote_category":0,"footnotes":""},"categories":[2],"tags":[],"class_list":["post-15682","post","type-post","status-publish","format-standard","has-post-thumbnail","hentry","category-noticias"],"yoast_head":"<!-- This site is optimized with the Yoast SEO plugin v27.3 - https:\/\/yoast.com\/product\/yoast-seo-wordpress\/ -->\n<title>Dan m\u00e1s dinero a CNTE; sigue bloqueo de v\u00edas -<\/title>\n<meta name=\"robots\" content=\"index, follow, max-snippet:-1, max-image-preview:large, max-video-preview:-1\" \/>\n<link rel=\"canonical\" href=\"https:\/\/quehacerpolitico.mx\/?p=15682\" \/>\n<meta property=\"og:locale\" content=\"es_MX\" \/>\n<meta property=\"og:type\" content=\"article\" \/>\n<meta property=\"og:title\" content=\"Dan m\u00e1s dinero a CNTE; sigue bloqueo de v\u00edas -\" \/>\n<meta property=\"og:description\" content=\"Dan m\u00e1s dinero a CNTE; sigue bloqueo de v\u00edas Por Redacci\u00f3n QP\" \/>\n<meta property=\"og:url\" content=\"https:\/\/quehacerpolitico.mx\/?p=15682\" \/>\n<meta property=\"article:published_time\" content=\"2019-01-31T15:57:10+00:00\" \/>\n<meta name=\"author\" content=\"Redacci\u00f3n QP\" \/>\n<meta name=\"twitter:card\" content=\"summary_large_image\" \/>\n<meta name=\"twitter:label1\" content=\"Escrito por\" \/>\n\t<meta name=\"twitter:data1\" content=\"Redacci\u00f3n QP\" \/>\n\t<meta name=\"twitter:label2\" content=\"Tiempo de lectura\" \/>\n\t<meta name=\"twitter:data2\" content=\"2 minutos\" \/>\n<script type=\"application\/ld+json\" class=\"yoast-schema-graph\">{\"@context\":\"https:\\\/\\\/schema.org\",\"@graph\":[{\"@type\":\"Article\",\"@id\":\"https:\\\/\\\/quehacerpolitico.mx\\\/?p=15682#article\",\"isPartOf\":{\"@id\":\"https:\\\/\\\/quehacerpolitico.mx\\\/?p=15682\"},\"author\":{\"name\":\"Redacci\u00f3n QP\",\"@id\":\"https:\\\/\\\/quehacerpolitico.mx\\\/#\\\/schema\\\/person\\\/496d8ad2d1d3f8036101dca7ee39e585\"},\"headline\":\"Dan m\u00e1s dinero a CNTE; sigue bloqueo de v\u00edas\",\"datePublished\":\"2019-01-31T15:57:10+00:00\",\"mainEntityOfPage\":{\"@id\":\"https:\\\/\\\/quehacerpolitico.mx\\\/?p=15682\"},\"wordCount\":417,\"commentCount\":0,\"image\":{\"@id\":\"https:\\\/\\\/quehacerpolitico.mx\\\/?p=15682#primaryimage\"},\"thumbnailUrl\":\"\",\"articleSection\":[\"Noticias\"],\"inLanguage\":\"es\",\"potentialAction\":[{\"@type\":\"CommentAction\",\"name\":\"Comment\",\"target\":[\"https:\\\/\\\/quehacerpolitico.mx\\\/?p=15682#respond\"]}]},{\"@type\":\"WebPage\",\"@id\":\"https:\\\/\\\/quehacerpolitico.mx\\\/?p=15682\",\"url\":\"https:\\\/\\\/quehacerpolitico.mx\\\/?p=15682\",\"name\":\"Dan m\u00e1s dinero a CNTE; sigue bloqueo de v\u00edas -\",\"isPartOf\":{\"@id\":\"https:\\\/\\\/quehacerpolitico.mx\\\/#website\"},\"primaryImageOfPage\":{\"@id\":\"https:\\\/\\\/quehacerpolitico.mx\\\/?p=15682#primaryimage\"},\"image\":{\"@id\":\"https:\\\/\\\/quehacerpolitico.mx\\\/?p=15682#primaryimage\"},\"thumbnailUrl\":\"\",\"datePublished\":\"2019-01-31T15:57:10+00:00\",\"author\":{\"@id\":\"https:\\\/\\\/quehacerpolitico.mx\\\/#\\\/schema\\\/person\\\/496d8ad2d1d3f8036101dca7ee39e585\"},\"breadcrumb\":{\"@id\":\"https:\\\/\\\/quehacerpolitico.mx\\\/?p=15682#breadcrumb\"},\"inLanguage\":\"es\",\"potentialAction\":[{\"@type\":\"ReadAction\",\"target\":[\"https:\\\/\\\/quehacerpolitico.mx\\\/?p=15682\"]}]},{\"@type\":\"ImageObject\",\"inLanguage\":\"es\",\"@id\":\"https:\\\/\\\/quehacerpolitico.mx\\\/?p=15682#primaryimage\",\"url\":\"\",\"contentUrl\":\"\"},{\"@type\":\"BreadcrumbList\",\"@id\":\"https:\\\/\\\/quehacerpolitico.mx\\\/?p=15682#breadcrumb\",\"itemListElement\":[{\"@type\":\"ListItem\",\"position\":1,\"name\":\"Inicio\",\"item\":\"https:\\\/\\\/quehacerpolitico.mx\\\/\"},{\"@type\":\"ListItem\",\"position\":2,\"name\":\"Dan m\u00e1s dinero a CNTE; sigue bloqueo de v\u00edas\"}]},{\"@type\":\"WebSite\",\"@id\":\"https:\\\/\\\/quehacerpolitico.mx\\\/#website\",\"url\":\"https:\\\/\\\/quehacerpolitico.mx\\\/\",\"name\":\"\",\"description\":\"\",\"potentialAction\":[{\"@type\":\"SearchAction\",\"target\":{\"@type\":\"EntryPoint\",\"urlTemplate\":\"https:\\\/\\\/quehacerpolitico.mx\\\/?s={search_term_string}\"},\"query-input\":{\"@type\":\"PropertyValueSpecification\",\"valueRequired\":true,\"valueName\":\"search_term_string\"}}],\"inLanguage\":\"es\"},{\"@type\":\"Person\",\"@id\":\"https:\\\/\\\/quehacerpolitico.mx\\\/#\\\/schema\\\/person\\\/496d8ad2d1d3f8036101dca7ee39e585\",\"name\":\"Redacci\u00f3n QP\",\"image\":{\"@type\":\"ImageObject\",\"inLanguage\":\"es\",\"@id\":\"https:\\\/\\\/secure.gravatar.com\\\/avatar\\\/c7164ed6fdec453195284ad24a5ae5b6e1eed2b848477fa2a4787ba9adf39a41?s=96&d=mm&r=g\",\"url\":\"https:\\\/\\\/secure.gravatar.com\\\/avatar\\\/c7164ed6fdec453195284ad24a5ae5b6e1eed2b848477fa2a4787ba9adf39a41?s=96&d=mm&r=g\",\"contentUrl\":\"https:\\\/\\\/secure.gravatar.com\\\/avatar\\\/c7164ed6fdec453195284ad24a5ae5b6e1eed2b848477fa2a4787ba9adf39a41?s=96&d=mm&r=g\",\"caption\":\"Redacci\u00f3n QP\"},\"url\":\"https:\\\/\\\/quehacerpolitico.mx\\\/?author=2\"}]}<\/script>\n<!-- \/ Yoast SEO plugin. -->","yoast_head_json":{"title":"Dan m\u00e1s dinero a CNTE; sigue bloqueo de v\u00edas -","robots":{"index":"index","follow":"follow","max-snippet":"max-snippet:-1","max-image-preview":"max-image-preview:large","max-video-preview":"max-video-preview:-1"},"canonical":"https:\/\/quehacerpolitico.mx\/?p=15682","og_locale":"es_MX","og_type":"article","og_title":"Dan m\u00e1s dinero a CNTE; sigue bloqueo de v\u00edas -","og_description":"Dan m\u00e1s dinero a CNTE; sigue bloqueo de v\u00edas Por Redacci\u00f3n QP","og_url":"https:\/\/quehacerpolitico.mx\/?p=15682","article_published_time":"2019-01-31T15:57:10+00:00","author":"Redacci\u00f3n QP","twitter_card":"summary_large_image","twitter_misc":{"Escrito por":"Redacci\u00f3n QP","Tiempo de lectura":"2 minutos"},"schema":{"@context":"https:\/\/schema.org","@graph":[{"@type":"Article","@id":"https:\/\/quehacerpolitico.mx\/?p=15682#article","isPartOf":{"@id":"https:\/\/quehacerpolitico.mx\/?p=15682"},"author":{"name":"Redacci\u00f3n QP","@id":"https:\/\/quehacerpolitico.mx\/#\/schema\/person\/496d8ad2d1d3f8036101dca7ee39e585"},"headline":"Dan m\u00e1s dinero a CNTE; sigue bloqueo de v\u00edas","datePublished":"2019-01-31T15:57:10+00:00","mainEntityOfPage":{"@id":"https:\/\/quehacerpolitico.mx\/?p=15682"},"wordCount":417,"commentCount":0,"image":{"@id":"https:\/\/quehacerpolitico.mx\/?p=15682#primaryimage"},"thumbnailUrl":"","articleSection":["Noticias"],"inLanguage":"es","potentialAction":[{"@type":"CommentAction","name":"Comment","target":["https:\/\/quehacerpolitico.mx\/?p=15682#respond"]}]},{"@type":"WebPage","@id":"https:\/\/quehacerpolitico.mx\/?p=15682","url":"https:\/\/quehacerpolitico.mx\/?p=15682","name":"Dan m\u00e1s dinero a CNTE; sigue bloqueo de v\u00edas -","isPartOf":{"@id":"https:\/\/quehacerpolitico.mx\/#website"},"primaryImageOfPage":{"@id":"https:\/\/quehacerpolitico.mx\/?p=15682#primaryimage"},"image":{"@id":"https:\/\/quehacerpolitico.mx\/?p=15682#primaryimage"},"thumbnailUrl":"","datePublished":"2019-01-31T15:57:10+00:00","author":{"@id":"https:\/\/quehacerpolitico.mx\/#\/schema\/person\/496d8ad2d1d3f8036101dca7ee39e585"},"breadcrumb":{"@id":"https:\/\/quehacerpolitico.mx\/?p=15682#breadcrumb"},"inLanguage":"es","potentialAction":[{"@type":"ReadAction","target":["https:\/\/quehacerpolitico.mx\/?p=15682"]}]},{"@type":"ImageObject","inLanguage":"es","@id":"https:\/\/quehacerpolitico.mx\/?p=15682#primaryimage","url":"","contentUrl":""},{"@type":"BreadcrumbList","@id":"https:\/\/quehacerpolitico.mx\/?p=15682#breadcrumb","itemListElement":[{"@type":"ListItem","position":1,"name":"Inicio","item":"https:\/\/quehacerpolitico.mx\/"},{"@type":"ListItem","position":2,"name":"Dan m\u00e1s dinero a CNTE; sigue bloqueo de v\u00edas"}]},{"@type":"WebSite","@id":"https:\/\/quehacerpolitico.mx\/#website","url":"https:\/\/quehacerpolitico.mx\/","name":"","description":"","potentialAction":[{"@type":"SearchAction","target":{"@type":"EntryPoint","urlTemplate":"https:\/\/quehacerpolitico.mx\/?s={search_term_string}"},"query-input":{"@type":"PropertyValueSpecification","valueRequired":true,"valueName":"search_term_string"}}],"inLanguage":"es"},{"@type":"Person","@id":"https:\/\/quehacerpolitico.mx\/#\/schema\/person\/496d8ad2d1d3f8036101dca7ee39e585","name":"Redacci\u00f3n QP","image":{"@type":"ImageObject","inLanguage":"es","@id":"https:\/\/secure.gravatar.com\/avatar\/c7164ed6fdec453195284ad24a5ae5b6e1eed2b848477fa2a4787ba9adf39a41?s=96&d=mm&r=g","url":"https:\/\/secure.gravatar.com\/avatar\/c7164ed6fdec453195284ad24a5ae5b6e1eed2b848477fa2a4787ba9adf39a41?s=96&d=mm&r=g","contentUrl":"https:\/\/secure.gravatar.com\/avatar\/c7164ed6fdec453195284ad24a5ae5b6e1eed2b848477fa2a4787ba9adf39a41?s=96&d=mm&r=g","caption":"Redacci\u00f3n QP"},"url":"https:\/\/quehacerpolitico.mx\/?author=2"}]}},"featured_image_urls":{"full":"","thumbnail":"","medium":"","medium_large":"","large":"","1536x1536":"","2048x2048":"","covernews-featured":"","covernews-medium":""},"author_info":{"display_name":"Redacci\u00f3n QP","author_link":"https:\/\/quehacerpolitico.mx\/?author=2"},"category_info":"<a href=\"https:\/\/quehacerpolitico.mx\/?cat=2\" rel=\"category\">Noticias<\/a>","tag_info":"Noticias","comment_count":"0","_links":{"self":[{"href":"https:\/\/quehacerpolitico.mx\/index.php?rest_route=\/wp\/v2\/posts\/15682","targetHints":{"allow":["GET"]}}],"collection":[{"href":"https:\/\/quehacerpolitico.mx\/index.php?rest_route=\/wp\/v2\/posts"}],"about":[{"href":"https:\/\/quehacerpolitico.mx\/index.php?rest_route=\/wp\/v2\/types\/post"}],"author":[{"embeddable":true,"href":"https:\/\/quehacerpolitico.mx\/index.php?rest_route=\/wp\/v2\/users\/2"}],"replies":[{"embeddable":true,"href":"https:\/\/quehacerpolitico.mx\/index.php?rest_route=%2Fwp%2Fv2%2Fcomments&post=15682"}],"version-history":[{"count":0,"href":"https:\/\/quehacerpolitico.mx\/index.php?rest_route=\/wp\/v2\/posts\/15682\/revisions"}],"wp:featuredmedia":[{"embeddable":true,"href":"https:\/\/quehacerpolitico.mx\/index.php?rest_route=\/"}],"wp:attachment":[{"href":"https:\/\/quehacerpolitico.mx\/index.php?rest_route=%2Fwp%2Fv2%2Fmedia&parent=15682"}],"wp:term":[{"taxonomy":"category","embeddable":true,"href":"https:\/\/quehacerpolitico.mx\/index.php?rest_route=%2Fwp%2Fv2%2Fcategories&post=15682"},{"taxonomy":"post_tag","embeddable":true,"href":"https:\/\/quehacerpolitico.mx\/index.php?rest_route=%2Fwp%2Fv2%2Ftags&post=15682"}],"curies":[{"name":"wp","href":"https:\/\/api.w.org\/{rel}","templated":true}]}}