{"id":15642,"date":"2019-01-31T04:10:15","date_gmt":"2019-01-31T04:10:15","guid":{"rendered":"http:\/\/quehacerpolitico.mx\/roberto-n-confiesa-que-violo-y-mato-a-giselle-de-11-anos-el-mismo-dia-en-que-la-secuestro\/"},"modified":"2019-01-31T04:10:15","modified_gmt":"2019-01-31T04:10:15","slug":"roberto-n-confiesa-que-violo-y-mato-a-giselle-de-11-anos-el-mismo-dia-en-que-la-secuestro","status":"publish","type":"post","link":"https:\/\/quehacerpolitico.mx\/?p=15642","title":{"rendered":"Roberto \u201cN\u201d confiesa que viol\u00f3 y mat\u00f3 a Giselle, de 11 a\u00f1os, el mismo d\u00eda en que la secuestr\u00f3"},"content":{"rendered":"<h1>Roberto \u201cN\u201d confiesa que viol\u00f3 y mat\u00f3 a Giselle, de 11 a\u00f1os, el mismo d\u00eda en que la secuestr\u00f3<\/h1>\n<p>Por Redacci\u00f3n QP<\/p>\n<p>Durante la primera audiencia de imputaci\u00f3n, <strong>Roberto \u201cN\u201d<\/strong>, el <strong>presunto feminicida de Giselle,<\/strong> la ni\u00f1a secuestrada en Chimalhuac\u00e1n, Estado de M\u00e9xico, el pasado 19 de enero, y hallada muerta d\u00edas despu\u00e9s, confes\u00f3 el crimen, y dio detalles que indican que<strong> abus\u00f3 y asesin\u00f3<\/strong> a la <strong>menor el mismo d\u00eda de su desaparici\u00f3n.<\/strong><\/p>\n<p>Cabe recordar que Roberto, de 51 a\u00f1os, es el due\u00f1o del ciber caf\u00e9 al que acudi\u00f3 Giselle el d\u00eda que se le vio con vida por \u00faltima vez.<\/p>\n<blockquote>\n<p>En el juzgado de Nezahualc\u00f3yotl, frente a los padres de la v\u00edctima, Roberto dijo que la peque\u00f1a lleg\u00f3 al local ubicado en cerrada avenida central 650, en la comunidad de San Lorenzo. Este sitio se encuentra a 650 metros de la casa de Giselle.<\/p>\n<p>El sujeto dijo que invit\u00f3 a la ni\u00f1a a pasar a su casa, conectada con el ciber caf\u00e9, en donde le invit\u00f3 un refresco.<\/p>\n<p>En ese lugar, Roberto habr\u00eda sometido a Giselle, y la llev\u00f3 a su rec\u00e1mara para violarla.<\/p>\n<blockquote>\n<p>De acuerdo con la versi\u00f3n del sospechoso, difundida por <em>Milenio Televisi\u00f3n<\/em>, una vez cometido el abuso sexual, Roberto golpe\u00f3 a Giselle en el est\u00f3mago, y le tap\u00f3 la boca con la mano derecha hasta asfixiarla.<\/p>\n<p>El cad\u00e1ver de la menor qued\u00f3 tendido sobre la cama.<\/p>\n<p>Los primeros detalles indican que hacia las 17:00 horas, los pap\u00e1s de Giselle se presentaron en el ciber caf\u00e9 para preguntar por la menor, y que Roberto dijo que no la hab\u00eda visto.<\/p>\n<blockquote>\n<p>Tras hablar con los pap\u00e1s de Giselle, Roberto habr\u00eda subido el cad\u00e1ver de la menor a la cajuela de su coche, y se traslad\u00f3 a Ixtapaluca para tirar el cuerpo en un paraje con poca luz.<\/p>\n<\/blockquote>\n<p>A metros del cad\u00e1ver de Giselle, Roberto dijo haber tirado pruebas como un cond\u00f3n, almohadas, una colchoneta, y papel higi\u00e9nico; esperaba que estos no fueron localizadas.<\/p>\n<blockquote>\n<p>El cuerpo de Giselle fue encontrado el pasado jueves 24 de enero, y entregado a su familia el domingo 27.<\/p>\n<\/blockquote>\n<p>Giselle fue sepultada en un cementerio de Ixtapaluca este lunes 28.<\/p>\n<p>Con Informaci\u00f3n de Econom\u00edaHoy\u00a0<\/p>\n<\/blockquote>\n<\/blockquote>\n","protected":false},"excerpt":{"rendered":"<p>Roberto \u201cN\u201d confiesa que viol\u00f3 y mat\u00f3 a Giselle, de 11 a\u00f1os, el mismo d\u00eda en que la secuestr\u00f3<br \/>\nPor Redacci\u00f3n QP<\/p>\n","protected":false},"author":2,"featured_media":15641,"comment_status":"open","ping_status":"open","sticky":false,"template":"","format":"standard","meta":{"_monsterinsights_skip_tracking":false,"_monsterinsights_sitenote_active":false,"_monsterinsights_sitenote_note":"","_monsterinsights_sitenote_category":0,"footnotes":""},"categories":[2],"tags":[],"class_list":["post-15642","post","type-post","status-publish","format-standard","has-post-thumbnail","hentry","category-noticias"],"yoast_head":"<!-- This site is optimized with the Yoast SEO plugin v27.3 - https:\/\/yoast.com\/product\/yoast-seo-wordpress\/ -->\n<title>Roberto \u201cN\u201d confiesa que viol\u00f3 y mat\u00f3 a Giselle, de 11 a\u00f1os, el mismo d\u00eda en que la secuestr\u00f3 -<\/title>\n<meta name=\"robots\" content=\"index, follow, max-snippet:-1, max-image-preview:large, max-video-preview:-1\" \/>\n<link rel=\"canonical\" href=\"https:\/\/quehacerpolitico.mx\/?p=15642\" \/>\n<meta property=\"og:locale\" content=\"es_MX\" \/>\n<meta property=\"og:type\" content=\"article\" \/>\n<meta property=\"og:title\" content=\"Roberto \u201cN\u201d confiesa que viol\u00f3 y mat\u00f3 a Giselle, de 11 a\u00f1os, el mismo d\u00eda en que la secuestr\u00f3 -\" \/>\n<meta property=\"og:description\" content=\"Roberto \u201cN\u201d confiesa que viol\u00f3 y mat\u00f3 a Giselle, de 11 a\u00f1os, el mismo d\u00eda en que la secuestr\u00f3 Por Redacci\u00f3n QP\" \/>\n<meta property=\"og:url\" content=\"https:\/\/quehacerpolitico.mx\/?p=15642\" \/>\n<meta property=\"article:published_time\" content=\"2019-01-31T04:10:15+00:00\" \/>\n<meta name=\"author\" content=\"Redacci\u00f3n QP\" \/>\n<meta name=\"twitter:card\" content=\"summary_large_image\" \/>\n<meta name=\"twitter:label1\" content=\"Escrito por\" \/>\n\t<meta name=\"twitter:data1\" content=\"Redacci\u00f3n QP\" \/>\n\t<meta name=\"twitter:label2\" content=\"Tiempo de lectura\" \/>\n\t<meta name=\"twitter:data2\" content=\"2 minutos\" \/>\n<script type=\"application\/ld+json\" class=\"yoast-schema-graph\">{\"@context\":\"https:\\\/\\\/schema.org\",\"@graph\":[{\"@type\":\"Article\",\"@id\":\"https:\\\/\\\/quehacerpolitico.mx\\\/?p=15642#article\",\"isPartOf\":{\"@id\":\"https:\\\/\\\/quehacerpolitico.mx\\\/?p=15642\"},\"author\":{\"name\":\"Redacci\u00f3n QP\",\"@id\":\"https:\\\/\\\/quehacerpolitico.mx\\\/#\\\/schema\\\/person\\\/496d8ad2d1d3f8036101dca7ee39e585\"},\"headline\":\"Roberto \u201cN\u201d confiesa que viol\u00f3 y mat\u00f3 a Giselle, de 11 a\u00f1os, el mismo d\u00eda en que la secuestr\u00f3\",\"datePublished\":\"2019-01-31T04:10:15+00:00\",\"mainEntityOfPage\":{\"@id\":\"https:\\\/\\\/quehacerpolitico.mx\\\/?p=15642\"},\"wordCount\":406,\"commentCount\":0,\"image\":{\"@id\":\"https:\\\/\\\/quehacerpolitico.mx\\\/?p=15642#primaryimage\"},\"thumbnailUrl\":\"\",\"articleSection\":[\"Noticias\"],\"inLanguage\":\"es\",\"potentialAction\":[{\"@type\":\"CommentAction\",\"name\":\"Comment\",\"target\":[\"https:\\\/\\\/quehacerpolitico.mx\\\/?p=15642#respond\"]}]},{\"@type\":\"WebPage\",\"@id\":\"https:\\\/\\\/quehacerpolitico.mx\\\/?p=15642\",\"url\":\"https:\\\/\\\/quehacerpolitico.mx\\\/?p=15642\",\"name\":\"Roberto \u201cN\u201d confiesa que viol\u00f3 y mat\u00f3 a Giselle, de 11 a\u00f1os, el mismo d\u00eda en que la secuestr\u00f3 -\",\"isPartOf\":{\"@id\":\"https:\\\/\\\/quehacerpolitico.mx\\\/#website\"},\"primaryImageOfPage\":{\"@id\":\"https:\\\/\\\/quehacerpolitico.mx\\\/?p=15642#primaryimage\"},\"image\":{\"@id\":\"https:\\\/\\\/quehacerpolitico.mx\\\/?p=15642#primaryimage\"},\"thumbnailUrl\":\"\",\"datePublished\":\"2019-01-31T04:10:15+00:00\",\"author\":{\"@id\":\"https:\\\/\\\/quehacerpolitico.mx\\\/#\\\/schema\\\/person\\\/496d8ad2d1d3f8036101dca7ee39e585\"},\"breadcrumb\":{\"@id\":\"https:\\\/\\\/quehacerpolitico.mx\\\/?p=15642#breadcrumb\"},\"inLanguage\":\"es\",\"potentialAction\":[{\"@type\":\"ReadAction\",\"target\":[\"https:\\\/\\\/quehacerpolitico.mx\\\/?p=15642\"]}]},{\"@type\":\"ImageObject\",\"inLanguage\":\"es\",\"@id\":\"https:\\\/\\\/quehacerpolitico.mx\\\/?p=15642#primaryimage\",\"url\":\"\",\"contentUrl\":\"\"},{\"@type\":\"BreadcrumbList\",\"@id\":\"https:\\\/\\\/quehacerpolitico.mx\\\/?p=15642#breadcrumb\",\"itemListElement\":[{\"@type\":\"ListItem\",\"position\":1,\"name\":\"Inicio\",\"item\":\"https:\\\/\\\/quehacerpolitico.mx\\\/\"},{\"@type\":\"ListItem\",\"position\":2,\"name\":\"Roberto \u201cN\u201d confiesa que viol\u00f3 y mat\u00f3 a Giselle, de 11 a\u00f1os, el mismo d\u00eda en que la secuestr\u00f3\"}]},{\"@type\":\"WebSite\",\"@id\":\"https:\\\/\\\/quehacerpolitico.mx\\\/#website\",\"url\":\"https:\\\/\\\/quehacerpolitico.mx\\\/\",\"name\":\"\",\"description\":\"\",\"potentialAction\":[{\"@type\":\"SearchAction\",\"target\":{\"@type\":\"EntryPoint\",\"urlTemplate\":\"https:\\\/\\\/quehacerpolitico.mx\\\/?s={search_term_string}\"},\"query-input\":{\"@type\":\"PropertyValueSpecification\",\"valueRequired\":true,\"valueName\":\"search_term_string\"}}],\"inLanguage\":\"es\"},{\"@type\":\"Person\",\"@id\":\"https:\\\/\\\/quehacerpolitico.mx\\\/#\\\/schema\\\/person\\\/496d8ad2d1d3f8036101dca7ee39e585\",\"name\":\"Redacci\u00f3n QP\",\"image\":{\"@type\":\"ImageObject\",\"inLanguage\":\"es\",\"@id\":\"https:\\\/\\\/secure.gravatar.com\\\/avatar\\\/c7164ed6fdec453195284ad24a5ae5b6e1eed2b848477fa2a4787ba9adf39a41?s=96&d=mm&r=g\",\"url\":\"https:\\\/\\\/secure.gravatar.com\\\/avatar\\\/c7164ed6fdec453195284ad24a5ae5b6e1eed2b848477fa2a4787ba9adf39a41?s=96&d=mm&r=g\",\"contentUrl\":\"https:\\\/\\\/secure.gravatar.com\\\/avatar\\\/c7164ed6fdec453195284ad24a5ae5b6e1eed2b848477fa2a4787ba9adf39a41?s=96&d=mm&r=g\",\"caption\":\"Redacci\u00f3n QP\"},\"url\":\"https:\\\/\\\/quehacerpolitico.mx\\\/?author=2\"}]}<\/script>\n<!-- \/ Yoast SEO plugin. -->","yoast_head_json":{"title":"Roberto \u201cN\u201d confiesa que viol\u00f3 y mat\u00f3 a Giselle, de 11 a\u00f1os, el mismo d\u00eda en que la secuestr\u00f3 -","robots":{"index":"index","follow":"follow","max-snippet":"max-snippet:-1","max-image-preview":"max-image-preview:large","max-video-preview":"max-video-preview:-1"},"canonical":"https:\/\/quehacerpolitico.mx\/?p=15642","og_locale":"es_MX","og_type":"article","og_title":"Roberto \u201cN\u201d confiesa que viol\u00f3 y mat\u00f3 a Giselle, de 11 a\u00f1os, el mismo d\u00eda en que la secuestr\u00f3 -","og_description":"Roberto \u201cN\u201d confiesa que viol\u00f3 y mat\u00f3 a Giselle, de 11 a\u00f1os, el mismo d\u00eda en que la secuestr\u00f3 Por Redacci\u00f3n QP","og_url":"https:\/\/quehacerpolitico.mx\/?p=15642","article_published_time":"2019-01-31T04:10:15+00:00","author":"Redacci\u00f3n QP","twitter_card":"summary_large_image","twitter_misc":{"Escrito por":"Redacci\u00f3n QP","Tiempo de lectura":"2 minutos"},"schema":{"@context":"https:\/\/schema.org","@graph":[{"@type":"Article","@id":"https:\/\/quehacerpolitico.mx\/?p=15642#article","isPartOf":{"@id":"https:\/\/quehacerpolitico.mx\/?p=15642"},"author":{"name":"Redacci\u00f3n QP","@id":"https:\/\/quehacerpolitico.mx\/#\/schema\/person\/496d8ad2d1d3f8036101dca7ee39e585"},"headline":"Roberto \u201cN\u201d confiesa que viol\u00f3 y mat\u00f3 a Giselle, de 11 a\u00f1os, el mismo d\u00eda en que la secuestr\u00f3","datePublished":"2019-01-31T04:10:15+00:00","mainEntityOfPage":{"@id":"https:\/\/quehacerpolitico.mx\/?p=15642"},"wordCount":406,"commentCount":0,"image":{"@id":"https:\/\/quehacerpolitico.mx\/?p=15642#primaryimage"},"thumbnailUrl":"","articleSection":["Noticias"],"inLanguage":"es","potentialAction":[{"@type":"CommentAction","name":"Comment","target":["https:\/\/quehacerpolitico.mx\/?p=15642#respond"]}]},{"@type":"WebPage","@id":"https:\/\/quehacerpolitico.mx\/?p=15642","url":"https:\/\/quehacerpolitico.mx\/?p=15642","name":"Roberto \u201cN\u201d confiesa que viol\u00f3 y mat\u00f3 a Giselle, de 11 a\u00f1os, el mismo d\u00eda en que la secuestr\u00f3 -","isPartOf":{"@id":"https:\/\/quehacerpolitico.mx\/#website"},"primaryImageOfPage":{"@id":"https:\/\/quehacerpolitico.mx\/?p=15642#primaryimage"},"image":{"@id":"https:\/\/quehacerpolitico.mx\/?p=15642#primaryimage"},"thumbnailUrl":"","datePublished":"2019-01-31T04:10:15+00:00","author":{"@id":"https:\/\/quehacerpolitico.mx\/#\/schema\/person\/496d8ad2d1d3f8036101dca7ee39e585"},"breadcrumb":{"@id":"https:\/\/quehacerpolitico.mx\/?p=15642#breadcrumb"},"inLanguage":"es","potentialAction":[{"@type":"ReadAction","target":["https:\/\/quehacerpolitico.mx\/?p=15642"]}]},{"@type":"ImageObject","inLanguage":"es","@id":"https:\/\/quehacerpolitico.mx\/?p=15642#primaryimage","url":"","contentUrl":""},{"@type":"BreadcrumbList","@id":"https:\/\/quehacerpolitico.mx\/?p=15642#breadcrumb","itemListElement":[{"@type":"ListItem","position":1,"name":"Inicio","item":"https:\/\/quehacerpolitico.mx\/"},{"@type":"ListItem","position":2,"name":"Roberto \u201cN\u201d confiesa que viol\u00f3 y mat\u00f3 a Giselle, de 11 a\u00f1os, el mismo d\u00eda en que la secuestr\u00f3"}]},{"@type":"WebSite","@id":"https:\/\/quehacerpolitico.mx\/#website","url":"https:\/\/quehacerpolitico.mx\/","name":"","description":"","potentialAction":[{"@type":"SearchAction","target":{"@type":"EntryPoint","urlTemplate":"https:\/\/quehacerpolitico.mx\/?s={search_term_string}"},"query-input":{"@type":"PropertyValueSpecification","valueRequired":true,"valueName":"search_term_string"}}],"inLanguage":"es"},{"@type":"Person","@id":"https:\/\/quehacerpolitico.mx\/#\/schema\/person\/496d8ad2d1d3f8036101dca7ee39e585","name":"Redacci\u00f3n QP","image":{"@type":"ImageObject","inLanguage":"es","@id":"https:\/\/secure.gravatar.com\/avatar\/c7164ed6fdec453195284ad24a5ae5b6e1eed2b848477fa2a4787ba9adf39a41?s=96&d=mm&r=g","url":"https:\/\/secure.gravatar.com\/avatar\/c7164ed6fdec453195284ad24a5ae5b6e1eed2b848477fa2a4787ba9adf39a41?s=96&d=mm&r=g","contentUrl":"https:\/\/secure.gravatar.com\/avatar\/c7164ed6fdec453195284ad24a5ae5b6e1eed2b848477fa2a4787ba9adf39a41?s=96&d=mm&r=g","caption":"Redacci\u00f3n QP"},"url":"https:\/\/quehacerpolitico.mx\/?author=2"}]}},"featured_image_urls":{"full":"","thumbnail":"","medium":"","medium_large":"","large":"","1536x1536":"","2048x2048":"","covernews-featured":"","covernews-medium":""},"author_info":{"display_name":"Redacci\u00f3n QP","author_link":"https:\/\/quehacerpolitico.mx\/?author=2"},"category_info":"<a href=\"https:\/\/quehacerpolitico.mx\/?cat=2\" rel=\"category\">Noticias<\/a>","tag_info":"Noticias","comment_count":"0","_links":{"self":[{"href":"https:\/\/quehacerpolitico.mx\/index.php?rest_route=\/wp\/v2\/posts\/15642","targetHints":{"allow":["GET"]}}],"collection":[{"href":"https:\/\/quehacerpolitico.mx\/index.php?rest_route=\/wp\/v2\/posts"}],"about":[{"href":"https:\/\/quehacerpolitico.mx\/index.php?rest_route=\/wp\/v2\/types\/post"}],"author":[{"embeddable":true,"href":"https:\/\/quehacerpolitico.mx\/index.php?rest_route=\/wp\/v2\/users\/2"}],"replies":[{"embeddable":true,"href":"https:\/\/quehacerpolitico.mx\/index.php?rest_route=%2Fwp%2Fv2%2Fcomments&post=15642"}],"version-history":[{"count":0,"href":"https:\/\/quehacerpolitico.mx\/index.php?rest_route=\/wp\/v2\/posts\/15642\/revisions"}],"wp:featuredmedia":[{"embeddable":true,"href":"https:\/\/quehacerpolitico.mx\/index.php?rest_route=\/"}],"wp:attachment":[{"href":"https:\/\/quehacerpolitico.mx\/index.php?rest_route=%2Fwp%2Fv2%2Fmedia&parent=15642"}],"wp:term":[{"taxonomy":"category","embeddable":true,"href":"https:\/\/quehacerpolitico.mx\/index.php?rest_route=%2Fwp%2Fv2%2Fcategories&post=15642"},{"taxonomy":"post_tag","embeddable":true,"href":"https:\/\/quehacerpolitico.mx\/index.php?rest_route=%2Fwp%2Fv2%2Ftags&post=15642"}],"curies":[{"name":"wp","href":"https:\/\/api.w.org\/{rel}","templated":true}]}}