{"id":15640,"date":"2019-01-31T04:04:40","date_gmt":"2019-01-31T04:04:40","guid":{"rendered":"http:\/\/quehacerpolitico.mx\/nadie-quiere-ser-candidato-por-el-pan-para-competir-por-puebla-ni-los-que-parecian-naturales\/"},"modified":"2019-01-31T04:04:40","modified_gmt":"2019-01-31T04:04:40","slug":"nadie-quiere-ser-candidato-por-el-pan-para-competir-por-puebla-ni-los-que-parecian-naturales","status":"publish","type":"post","link":"https:\/\/quehacerpolitico.mx\/?p=15640","title":{"rendered":"Nadie quiere ser candidato por el PAN para competir por Puebla. Ni los que parec\u00edan \u201cnaturales\u201d"},"content":{"rendered":"<h1>Nadie quiere ser candidato por el PAN para competir por Puebla. Ni los que parec\u00edan \u201cnaturales\u201d<\/h1>\n<p>Por Redacci\u00f3n QP<\/p>\n<p>A unas horas de que arranque <strong>el proceso electoral<\/strong> en Puebla para elegir al Gobernador que tomar\u00e1 el lugar de <strong>Martha Erika Alonso<\/strong>, el PAN es el \u00fanico \u2014de los partidos importantes\u2014 que no tiene<strong> ni siquiera aspirantes<\/strong> que p\u00fablicamente hayan levantado la mano <strong>contender en el proceso<\/strong>. En tanto, el PRI y Morena tienen al menos tres ciudadanos que ya levantaron la mano para pelear por Casa Puebla.<\/p>\n<blockquote>\n<p>Este fin de semana, el <strong>Instituto Electoral del Estado (IEE)<\/strong> publicar\u00e1 la convocatoria para la<strong> elecci\u00f3n extraordinaria<\/strong> y dar\u00e1 inicio formalmente a los comicios en Puebla, que se espera que se lleven a cabo el <strong>pr\u00f3ximo dos de junio<\/strong>.<\/p>\n<p>A pesar de que la l\u00edder nacional de Morena, Yeidckol Polevnsky, ha declarado que ser\u00e1 Luis Miguel Barbosa quien de nuevo compita por la gubernatura de Puebla, los senadores Alejandro Armenta y Nancy de la Sierra ya levantaron la mano para contender por Morena, la primera fuerza pol\u00edtica del estado.<\/p>\n<p>En el caso del PRI, Enrique Doger ha dicho que est\u00e1 interesado en participar otra vez en la elecci\u00f3n, pero tambi\u00e9n lo han hecho Javier L\u00f3pez Zavala y Lorenzo Rivera. Adem\u00e1s, ha trascendido que Blanca Alcal\u00e1 tambi\u00e9n est\u00e1 interesada.<\/p>\n<p>Acci\u00f3n Nacional es el \u00fanico partido en el que nadie ha salido a levantar la mano para encabezar la candidatura al Gobierno de Puebla. El ex alcalde de Puebla Luis Banck se descart\u00f3 para competir, pero nadie m\u00e1s ha dado una postura p\u00fablica al respecto, ni siquiera Eduardo Rivera, quien parec\u00eda el candidato natural.<\/p>\n<blockquote>\n<p>Tampoco lo han hecho los partidos que desde 2010 han sido sus aliados electorales y que, al parecer han decidido romper la coalici\u00f3n: PRD, Movimiento Ciudadano, Nueva Alianza y Compromiso por Puebla.<\/p>\n<\/blockquote>\n<p>Los l\u00edderes del PRD y Movimiento Ciudadano, Carlos Mart\u00ednez y Fernando Morales, solo han dicho que podr\u00edan hacer alianza si se lanza un candidato ciudadano.<\/p>\n<p><strong>EL PAN Y SU MESA POL\u00cdTICA\u00a0<\/strong><\/p>\n<p>Tras la muerte de Martha Erika Alonso y Rafael Moreno Valle, el PAN instaur\u00f3 una Mesa Pol\u00edtica con la dirigencia nacional para elegir cu\u00e1l ser\u00e1 el m\u00e9todo de selecci\u00f3n del candidato.<\/p>\n<p>Fuentes al interior del partido se\u00f1alan que el que hasta el momento ha sido el m\u00e1s viable es el de la encuesta, pues al menos garantizar\u00edan que quien fuera postulado tuviera los mejores n\u00fameros para contender en una elecci\u00f3n que parece ya ganada por Morena.<\/p>\n<p>Otros militantes piden que se haga una consulta a la base, pero este m\u00e9todo tambi\u00e9n ha quedado descartado puesto que no hay tiempo para realizarla. As\u00ed que solo queda la encuesta o la designaci\u00f3n directa de candidato.<\/p>\n<p>El caso es que ya se han llevado dos reuniones y ni siquiera el m\u00e9todo de selecci\u00f3n se ha podido definir.<\/p>\n<p><strong>MORENA ENFRENTA RUPTURA\u00a0<\/strong><\/p>\n<p>A pesar de que la l\u00edder nacional de Morena, Yeidckol Polevnsky declar\u00f3 que ser\u00e1 Luis miguel Barbosa quien otra vez encabece la candidatura al gobierno de Morena, los senadores Alejandro Armenta y Nancy de la Sierra ya levantaron la mano para competir.<\/p>\n<blockquote>\n<p>El pasado 25 de enero, Alejandro Armenta compr\u00f3 un espacio en Televisa Puebla para destaparse como aspirante el gobierno de Puebla, pero antes ya hab\u00eda empezado recorridos al interior del estado, con miras en convertirse en el candidato.<\/p>\n<\/blockquote>\n<p>Por su parte, Nancy de la Sierra ha iniciado su \u201cAsamblea Informativa\u201d, una campa\u00f1a a la gubernatura disfrazada de informe de labores, en la que exige que Morena lleve a cabo un proceso interno para elegir al candidato al gobierno.<\/p>\n<p>De la Sierra ha declarado que si bien Barbosa es el candidato natural, Morena debe llevar a cabo una encuesta para asegurarse de que es el mejor posicionado.<\/p>\n<p>Hasta ahora no ha habido una postura oficial de Barbosa, sobre esta ruptura, solo este d\u00eda en redes comenz\u00f3 a mover con bots en redes sociales el #BarbosaVa, con el lema de que \u201cquien ya compiti\u00f3 y gan\u00f3 se merece ser de nuevo el candidato\u201d.<\/p>\n<p>Con Informaci\u00f3n de Peri\u00f3dico Central<\/p>\n<\/blockquote>\n","protected":false},"excerpt":{"rendered":"<p>Nadie quiere ser candidato por el PAN para competir por Puebla. Ni los que parec\u00edan \u201cnaturales\u201d<br \/>\nPor Redacci\u00f3n QP<\/p>\n","protected":false},"author":2,"featured_media":15639,"comment_status":"open","ping_status":"open","sticky":false,"template":"","format":"standard","meta":{"_monsterinsights_skip_tracking":false,"_monsterinsights_sitenote_active":false,"_monsterinsights_sitenote_note":"","_monsterinsights_sitenote_category":0,"footnotes":""},"categories":[2],"tags":[],"class_list":["post-15640","post","type-post","status-publish","format-standard","has-post-thumbnail","hentry","category-noticias"],"yoast_head":"<!-- This site is optimized with the Yoast SEO plugin v27.3 - https:\/\/yoast.com\/product\/yoast-seo-wordpress\/ -->\n<title>Nadie quiere ser candidato por el PAN para competir por Puebla. Ni los que parec\u00edan \u201cnaturales\u201d -<\/title>\n<meta name=\"robots\" content=\"index, follow, max-snippet:-1, max-image-preview:large, max-video-preview:-1\" \/>\n<link rel=\"canonical\" href=\"https:\/\/quehacerpolitico.mx\/?p=15640\" \/>\n<meta property=\"og:locale\" content=\"es_MX\" \/>\n<meta property=\"og:type\" content=\"article\" \/>\n<meta property=\"og:title\" content=\"Nadie quiere ser candidato por el PAN para competir por Puebla. Ni los que parec\u00edan \u201cnaturales\u201d -\" \/>\n<meta property=\"og:description\" content=\"Nadie quiere ser candidato por el PAN para competir por Puebla. Ni los que parec\u00edan \u201cnaturales\u201d Por Redacci\u00f3n QP\" \/>\n<meta property=\"og:url\" content=\"https:\/\/quehacerpolitico.mx\/?p=15640\" \/>\n<meta property=\"article:published_time\" content=\"2019-01-31T04:04:40+00:00\" \/>\n<meta name=\"author\" content=\"Redacci\u00f3n QP\" \/>\n<meta name=\"twitter:card\" content=\"summary_large_image\" \/>\n<meta name=\"twitter:label1\" content=\"Escrito por\" \/>\n\t<meta name=\"twitter:data1\" content=\"Redacci\u00f3n QP\" \/>\n\t<meta name=\"twitter:label2\" content=\"Tiempo de lectura\" \/>\n\t<meta name=\"twitter:data2\" content=\"4 minutos\" \/>\n<script type=\"application\/ld+json\" class=\"yoast-schema-graph\">{\"@context\":\"https:\\\/\\\/schema.org\",\"@graph\":[{\"@type\":\"Article\",\"@id\":\"https:\\\/\\\/quehacerpolitico.mx\\\/?p=15640#article\",\"isPartOf\":{\"@id\":\"https:\\\/\\\/quehacerpolitico.mx\\\/?p=15640\"},\"author\":{\"name\":\"Redacci\u00f3n QP\",\"@id\":\"https:\\\/\\\/quehacerpolitico.mx\\\/#\\\/schema\\\/person\\\/496d8ad2d1d3f8036101dca7ee39e585\"},\"headline\":\"Nadie quiere ser candidato por el PAN para competir por Puebla. Ni los que parec\u00edan \u201cnaturales\u201d\",\"datePublished\":\"2019-01-31T04:04:40+00:00\",\"mainEntityOfPage\":{\"@id\":\"https:\\\/\\\/quehacerpolitico.mx\\\/?p=15640\"},\"wordCount\":724,\"commentCount\":0,\"image\":{\"@id\":\"https:\\\/\\\/quehacerpolitico.mx\\\/?p=15640#primaryimage\"},\"thumbnailUrl\":\"\",\"articleSection\":[\"Noticias\"],\"inLanguage\":\"es\",\"potentialAction\":[{\"@type\":\"CommentAction\",\"name\":\"Comment\",\"target\":[\"https:\\\/\\\/quehacerpolitico.mx\\\/?p=15640#respond\"]}]},{\"@type\":\"WebPage\",\"@id\":\"https:\\\/\\\/quehacerpolitico.mx\\\/?p=15640\",\"url\":\"https:\\\/\\\/quehacerpolitico.mx\\\/?p=15640\",\"name\":\"Nadie quiere ser candidato por el PAN para competir por Puebla. Ni los que parec\u00edan \u201cnaturales\u201d -\",\"isPartOf\":{\"@id\":\"https:\\\/\\\/quehacerpolitico.mx\\\/#website\"},\"primaryImageOfPage\":{\"@id\":\"https:\\\/\\\/quehacerpolitico.mx\\\/?p=15640#primaryimage\"},\"image\":{\"@id\":\"https:\\\/\\\/quehacerpolitico.mx\\\/?p=15640#primaryimage\"},\"thumbnailUrl\":\"\",\"datePublished\":\"2019-01-31T04:04:40+00:00\",\"author\":{\"@id\":\"https:\\\/\\\/quehacerpolitico.mx\\\/#\\\/schema\\\/person\\\/496d8ad2d1d3f8036101dca7ee39e585\"},\"breadcrumb\":{\"@id\":\"https:\\\/\\\/quehacerpolitico.mx\\\/?p=15640#breadcrumb\"},\"inLanguage\":\"es\",\"potentialAction\":[{\"@type\":\"ReadAction\",\"target\":[\"https:\\\/\\\/quehacerpolitico.mx\\\/?p=15640\"]}]},{\"@type\":\"ImageObject\",\"inLanguage\":\"es\",\"@id\":\"https:\\\/\\\/quehacerpolitico.mx\\\/?p=15640#primaryimage\",\"url\":\"\",\"contentUrl\":\"\"},{\"@type\":\"BreadcrumbList\",\"@id\":\"https:\\\/\\\/quehacerpolitico.mx\\\/?p=15640#breadcrumb\",\"itemListElement\":[{\"@type\":\"ListItem\",\"position\":1,\"name\":\"Inicio\",\"item\":\"https:\\\/\\\/quehacerpolitico.mx\\\/\"},{\"@type\":\"ListItem\",\"position\":2,\"name\":\"Nadie quiere ser candidato por el PAN para competir por Puebla. Ni los que parec\u00edan \u201cnaturales\u201d\"}]},{\"@type\":\"WebSite\",\"@id\":\"https:\\\/\\\/quehacerpolitico.mx\\\/#website\",\"url\":\"https:\\\/\\\/quehacerpolitico.mx\\\/\",\"name\":\"\",\"description\":\"\",\"potentialAction\":[{\"@type\":\"SearchAction\",\"target\":{\"@type\":\"EntryPoint\",\"urlTemplate\":\"https:\\\/\\\/quehacerpolitico.mx\\\/?s={search_term_string}\"},\"query-input\":{\"@type\":\"PropertyValueSpecification\",\"valueRequired\":true,\"valueName\":\"search_term_string\"}}],\"inLanguage\":\"es\"},{\"@type\":\"Person\",\"@id\":\"https:\\\/\\\/quehacerpolitico.mx\\\/#\\\/schema\\\/person\\\/496d8ad2d1d3f8036101dca7ee39e585\",\"name\":\"Redacci\u00f3n QP\",\"image\":{\"@type\":\"ImageObject\",\"inLanguage\":\"es\",\"@id\":\"https:\\\/\\\/secure.gravatar.com\\\/avatar\\\/c7164ed6fdec453195284ad24a5ae5b6e1eed2b848477fa2a4787ba9adf39a41?s=96&d=mm&r=g\",\"url\":\"https:\\\/\\\/secure.gravatar.com\\\/avatar\\\/c7164ed6fdec453195284ad24a5ae5b6e1eed2b848477fa2a4787ba9adf39a41?s=96&d=mm&r=g\",\"contentUrl\":\"https:\\\/\\\/secure.gravatar.com\\\/avatar\\\/c7164ed6fdec453195284ad24a5ae5b6e1eed2b848477fa2a4787ba9adf39a41?s=96&d=mm&r=g\",\"caption\":\"Redacci\u00f3n QP\"},\"url\":\"https:\\\/\\\/quehacerpolitico.mx\\\/?author=2\"}]}<\/script>\n<!-- \/ Yoast SEO plugin. -->","yoast_head_json":{"title":"Nadie quiere ser candidato por el PAN para competir por Puebla. Ni los que parec\u00edan \u201cnaturales\u201d -","robots":{"index":"index","follow":"follow","max-snippet":"max-snippet:-1","max-image-preview":"max-image-preview:large","max-video-preview":"max-video-preview:-1"},"canonical":"https:\/\/quehacerpolitico.mx\/?p=15640","og_locale":"es_MX","og_type":"article","og_title":"Nadie quiere ser candidato por el PAN para competir por Puebla. Ni los que parec\u00edan \u201cnaturales\u201d -","og_description":"Nadie quiere ser candidato por el PAN para competir por Puebla. Ni los que parec\u00edan \u201cnaturales\u201d Por Redacci\u00f3n QP","og_url":"https:\/\/quehacerpolitico.mx\/?p=15640","article_published_time":"2019-01-31T04:04:40+00:00","author":"Redacci\u00f3n QP","twitter_card":"summary_large_image","twitter_misc":{"Escrito por":"Redacci\u00f3n QP","Tiempo de lectura":"4 minutos"},"schema":{"@context":"https:\/\/schema.org","@graph":[{"@type":"Article","@id":"https:\/\/quehacerpolitico.mx\/?p=15640#article","isPartOf":{"@id":"https:\/\/quehacerpolitico.mx\/?p=15640"},"author":{"name":"Redacci\u00f3n QP","@id":"https:\/\/quehacerpolitico.mx\/#\/schema\/person\/496d8ad2d1d3f8036101dca7ee39e585"},"headline":"Nadie quiere ser candidato por el PAN para competir por Puebla. Ni los que parec\u00edan \u201cnaturales\u201d","datePublished":"2019-01-31T04:04:40+00:00","mainEntityOfPage":{"@id":"https:\/\/quehacerpolitico.mx\/?p=15640"},"wordCount":724,"commentCount":0,"image":{"@id":"https:\/\/quehacerpolitico.mx\/?p=15640#primaryimage"},"thumbnailUrl":"","articleSection":["Noticias"],"inLanguage":"es","potentialAction":[{"@type":"CommentAction","name":"Comment","target":["https:\/\/quehacerpolitico.mx\/?p=15640#respond"]}]},{"@type":"WebPage","@id":"https:\/\/quehacerpolitico.mx\/?p=15640","url":"https:\/\/quehacerpolitico.mx\/?p=15640","name":"Nadie quiere ser candidato por el PAN para competir por Puebla. Ni los que parec\u00edan \u201cnaturales\u201d -","isPartOf":{"@id":"https:\/\/quehacerpolitico.mx\/#website"},"primaryImageOfPage":{"@id":"https:\/\/quehacerpolitico.mx\/?p=15640#primaryimage"},"image":{"@id":"https:\/\/quehacerpolitico.mx\/?p=15640#primaryimage"},"thumbnailUrl":"","datePublished":"2019-01-31T04:04:40+00:00","author":{"@id":"https:\/\/quehacerpolitico.mx\/#\/schema\/person\/496d8ad2d1d3f8036101dca7ee39e585"},"breadcrumb":{"@id":"https:\/\/quehacerpolitico.mx\/?p=15640#breadcrumb"},"inLanguage":"es","potentialAction":[{"@type":"ReadAction","target":["https:\/\/quehacerpolitico.mx\/?p=15640"]}]},{"@type":"ImageObject","inLanguage":"es","@id":"https:\/\/quehacerpolitico.mx\/?p=15640#primaryimage","url":"","contentUrl":""},{"@type":"BreadcrumbList","@id":"https:\/\/quehacerpolitico.mx\/?p=15640#breadcrumb","itemListElement":[{"@type":"ListItem","position":1,"name":"Inicio","item":"https:\/\/quehacerpolitico.mx\/"},{"@type":"ListItem","position":2,"name":"Nadie quiere ser candidato por el PAN para competir por Puebla. Ni los que parec\u00edan \u201cnaturales\u201d"}]},{"@type":"WebSite","@id":"https:\/\/quehacerpolitico.mx\/#website","url":"https:\/\/quehacerpolitico.mx\/","name":"","description":"","potentialAction":[{"@type":"SearchAction","target":{"@type":"EntryPoint","urlTemplate":"https:\/\/quehacerpolitico.mx\/?s={search_term_string}"},"query-input":{"@type":"PropertyValueSpecification","valueRequired":true,"valueName":"search_term_string"}}],"inLanguage":"es"},{"@type":"Person","@id":"https:\/\/quehacerpolitico.mx\/#\/schema\/person\/496d8ad2d1d3f8036101dca7ee39e585","name":"Redacci\u00f3n QP","image":{"@type":"ImageObject","inLanguage":"es","@id":"https:\/\/secure.gravatar.com\/avatar\/c7164ed6fdec453195284ad24a5ae5b6e1eed2b848477fa2a4787ba9adf39a41?s=96&d=mm&r=g","url":"https:\/\/secure.gravatar.com\/avatar\/c7164ed6fdec453195284ad24a5ae5b6e1eed2b848477fa2a4787ba9adf39a41?s=96&d=mm&r=g","contentUrl":"https:\/\/secure.gravatar.com\/avatar\/c7164ed6fdec453195284ad24a5ae5b6e1eed2b848477fa2a4787ba9adf39a41?s=96&d=mm&r=g","caption":"Redacci\u00f3n QP"},"url":"https:\/\/quehacerpolitico.mx\/?author=2"}]}},"featured_image_urls":{"full":"","thumbnail":"","medium":"","medium_large":"","large":"","1536x1536":"","2048x2048":"","covernews-featured":"","covernews-medium":""},"author_info":{"display_name":"Redacci\u00f3n QP","author_link":"https:\/\/quehacerpolitico.mx\/?author=2"},"category_info":"<a href=\"https:\/\/quehacerpolitico.mx\/?cat=2\" rel=\"category\">Noticias<\/a>","tag_info":"Noticias","comment_count":"0","_links":{"self":[{"href":"https:\/\/quehacerpolitico.mx\/index.php?rest_route=\/wp\/v2\/posts\/15640","targetHints":{"allow":["GET"]}}],"collection":[{"href":"https:\/\/quehacerpolitico.mx\/index.php?rest_route=\/wp\/v2\/posts"}],"about":[{"href":"https:\/\/quehacerpolitico.mx\/index.php?rest_route=\/wp\/v2\/types\/post"}],"author":[{"embeddable":true,"href":"https:\/\/quehacerpolitico.mx\/index.php?rest_route=\/wp\/v2\/users\/2"}],"replies":[{"embeddable":true,"href":"https:\/\/quehacerpolitico.mx\/index.php?rest_route=%2Fwp%2Fv2%2Fcomments&post=15640"}],"version-history":[{"count":0,"href":"https:\/\/quehacerpolitico.mx\/index.php?rest_route=\/wp\/v2\/posts\/15640\/revisions"}],"wp:featuredmedia":[{"embeddable":true,"href":"https:\/\/quehacerpolitico.mx\/index.php?rest_route=\/"}],"wp:attachment":[{"href":"https:\/\/quehacerpolitico.mx\/index.php?rest_route=%2Fwp%2Fv2%2Fmedia&parent=15640"}],"wp:term":[{"taxonomy":"category","embeddable":true,"href":"https:\/\/quehacerpolitico.mx\/index.php?rest_route=%2Fwp%2Fv2%2Fcategories&post=15640"},{"taxonomy":"post_tag","embeddable":true,"href":"https:\/\/quehacerpolitico.mx\/index.php?rest_route=%2Fwp%2Fv2%2Ftags&post=15640"}],"curies":[{"name":"wp","href":"https:\/\/api.w.org\/{rel}","templated":true}]}}