{"id":15638,"date":"2019-01-31T03:57:55","date_gmt":"2019-01-31T03:57:55","guid":{"rendered":"http:\/\/quehacerpolitico.mx\/pedro-sanchez-regala-a-lopez-obrador-el-acta-de-nacimiento-de-su-abuelo-jose-obrador-revuelta\/"},"modified":"2019-01-31T03:57:55","modified_gmt":"2019-01-31T03:57:55","slug":"pedro-sanchez-regala-a-lopez-obrador-el-acta-de-nacimiento-de-su-abuelo-jose-obrador-revuelta","status":"publish","type":"post","link":"https:\/\/quehacerpolitico.mx\/?p=15638","title":{"rendered":"Pedro S\u00e1nchez regala a L\u00f3pez Obrador el acta de nacimiento de su abuelo Jos\u00e9 Obrador Revuelta"},"content":{"rendered":"<h1>Pedro S\u00e1nchez regala a L\u00f3pez Obrador el acta de nacimiento de su abuelo Jos\u00e9 Obrador Revuelta<\/h1>\n<p>Por Redacci\u00f3n QP<\/p>\n<p><strong>Pedro S\u00e1nchez<\/strong>, Presidente del Gobierno de Espa\u00f1a, entreg\u00f3 a<strong>Andr\u00e9s Manuel L\u00f3pez Obrador<\/strong> el acta de nacimiento de\u00a0Jos\u00e9 Obrador Revuelta, <strong>su abuelo<\/strong>.<\/p>\n<p>\u201cDar el <strong>acta de nacimiento<\/strong> de su abuelo es reivindicar los lazos, <strong>las ra\u00edces que al final tiene el pueblo mexicano y espa\u00f1ol<\/strong>\u201c, se\u00f1al\u00f3 desde el Colegio de San Ildefonso.<\/p>\n<p>En septiembre del 2017, un siglo despu\u00e9s de que Jos\u00e9 arribara a M\u00e9xico, L\u00f3pez Obrador viaj\u00f3 a Cantabria, donde fue recibido por Miguel \u00c1ngel Revilla Roiz, presidente de la tierra de la que parti\u00f3 su abuelo. Menos de un a\u00f1o m\u00e1s tarde, Andr\u00e9s Manuel derrot\u00f3 a Ricardo Anaya Cort\u00e9s y a Jos\u00e9 Antonio Meade Kuribre\u00f1a en la elecciones presidenciales.<\/p>\n<p>Pedro S\u00e1nchez expres\u00f3 este mi\u00e9rcoles el respaldo de su gobierno a M\u00e9xico para impulsar el desarrollo de la regi\u00f3n de Centroam\u00e9rica, al reunirse con el mandatario mexicano, Andr\u00e9s Manuel L\u00f3pez Obrador.<\/p>\n<blockquote>\n<p>\u201cAplaudo el Plan de Desarrollo Integral para Centroam\u00e9rica que est\u00e1 impulsando el Gobierno de L\u00f3pez Obrador. Es algo que compartimos cuando estamos hablando de migraci\u00f3n\u201d, dijo S\u00e1nchez en una conferencia de prensa conjunta con L\u00f3pez Obrador.<\/p>\n<\/blockquote>\n<p>Desde que L\u00f3pez Obrador asumi\u00f3 la Presidencia el 1 de diciembre, M\u00e9xico impulsa un plan de desarrollo integral para la regi\u00f3n de Centroam\u00e9rica en el que participan El Salvador, Guatemala y Honduras, y al que ahora se suma Espa\u00f1a con el apoyo expresado por S\u00e1nchez.<\/p>\n<p>Los elementos del plan mexicano \u201ccoinciden\u201d con los que han orientado la pol\u00edtica de cooperaci\u00f3n espa\u00f1ola los \u00faltimos 30 a\u00f1os en la regi\u00f3n, se\u00f1alaron S\u00e1nchez y L\u00f3pez Obrador en una declaraci\u00f3n conjunta sobre este plan para Centroam\u00e9rica.<\/p>\n<blockquote>\n<p>M\u00e9xico y Espa\u00f1a expresaron asimismo su coincidencia en la necesidad de que el fen\u00f3meno migratorio se aborde en el marco de la Agenda 2030 y el Pacto Mundial para una Migraci\u00f3n Segura, Ordenada y Regular adoptado en diciembre pasado por Naciones Unidas en Marrakesh, Marruecos.<\/p>\n<p>S\u00e1nchez y L\u00f3pez Obrador subrayaron la importancia de combatir las causas de la migraci\u00f3n forzosa a trav\u00e9s de iniciativas orientadas a promover el desarrollo y combatir la desigualdad, y reafirmaron la necesidad de reforzar el enfoque de g\u00e9nero en el plan.<\/p>\n<p>Los mandatarios recibieron de manera positiva las iniciativas y proyectos que se puedan emprender a trav\u00e9s del Plan de Desarrollo Integral para Centroam\u00e9rica.<\/p>\n<p>En este sentido, la Agencia Espa\u00f1ola de Cooperaci\u00f3n Internacional para el Desarrollo (AECID) pondr\u00e1 a disposici\u00f3n de los pa\u00edses y de la Comisi\u00f3n Econ\u00f3mica para Am\u00e9rica Latina y el Caribe (Cepal) de Naciones Unidas la experiencia derivada de las iniciativas realizadas por Espa\u00f1a en la regi\u00f3n a fin de contribuir al desarrollo del plan.<\/p>\n<p>Espa\u00f1a \u201ccontribuir\u00e1\u201d en la definici\u00f3n de los programas y proyectos que configurar\u00e1n el plan, con especial \u00e9nfasis en aquellos con enfoque y car\u00e1cter regional, y en el dise\u00f1o de iniciativas de cooperaci\u00f3n triangular.<\/p>\n<p>Los pa\u00edses se\u00f1alaron que coinciden en la importancia de continuar con el fortalecimiento del Sistema de Integraci\u00f3n Centroamericana como un espacio para abordar los retos a los que esta regi\u00f3n se enfrenta.<\/p>\n<p><em>Con informaci\u00f3n de EFE.\u00a0<\/em><\/p>\n<\/blockquote>\n","protected":false},"excerpt":{"rendered":"<p>Pedro S\u00e1nchez regala a L\u00f3pez Obrador el acta de nacimiento de su abuelo Jos\u00e9 Obrador Revuelta<br \/>\nPor Redacci\u00f3n QP<\/p>\n","protected":false},"author":2,"featured_media":15637,"comment_status":"open","ping_status":"open","sticky":false,"template":"","format":"standard","meta":{"_monsterinsights_skip_tracking":false,"_monsterinsights_sitenote_active":false,"_monsterinsights_sitenote_note":"","_monsterinsights_sitenote_category":0,"footnotes":""},"categories":[2],"tags":[],"class_list":["post-15638","post","type-post","status-publish","format-standard","has-post-thumbnail","hentry","category-noticias"],"yoast_head":"<!-- This site is optimized with the Yoast SEO plugin v27.3 - https:\/\/yoast.com\/product\/yoast-seo-wordpress\/ -->\n<title>Pedro S\u00e1nchez regala a L\u00f3pez Obrador el acta de nacimiento de su abuelo Jos\u00e9 Obrador Revuelta -<\/title>\n<meta name=\"robots\" content=\"index, follow, max-snippet:-1, max-image-preview:large, max-video-preview:-1\" \/>\n<link rel=\"canonical\" href=\"https:\/\/quehacerpolitico.mx\/?p=15638\" \/>\n<meta property=\"og:locale\" content=\"es_MX\" \/>\n<meta property=\"og:type\" content=\"article\" \/>\n<meta property=\"og:title\" content=\"Pedro S\u00e1nchez regala a L\u00f3pez Obrador el acta de nacimiento de su abuelo Jos\u00e9 Obrador Revuelta -\" \/>\n<meta property=\"og:description\" content=\"Pedro S\u00e1nchez regala a L\u00f3pez Obrador el acta de nacimiento de su abuelo Jos\u00e9 Obrador Revuelta Por Redacci\u00f3n QP\" \/>\n<meta property=\"og:url\" content=\"https:\/\/quehacerpolitico.mx\/?p=15638\" \/>\n<meta property=\"article:published_time\" content=\"2019-01-31T03:57:55+00:00\" \/>\n<meta name=\"author\" content=\"Redacci\u00f3n QP\" \/>\n<meta name=\"twitter:card\" content=\"summary_large_image\" \/>\n<meta name=\"twitter:label1\" content=\"Escrito por\" \/>\n\t<meta name=\"twitter:data1\" content=\"Redacci\u00f3n QP\" \/>\n\t<meta name=\"twitter:label2\" content=\"Tiempo de lectura\" \/>\n\t<meta name=\"twitter:data2\" content=\"3 minutos\" \/>\n<script type=\"application\/ld+json\" class=\"yoast-schema-graph\">{\"@context\":\"https:\\\/\\\/schema.org\",\"@graph\":[{\"@type\":\"Article\",\"@id\":\"https:\\\/\\\/quehacerpolitico.mx\\\/?p=15638#article\",\"isPartOf\":{\"@id\":\"https:\\\/\\\/quehacerpolitico.mx\\\/?p=15638\"},\"author\":{\"name\":\"Redacci\u00f3n QP\",\"@id\":\"https:\\\/\\\/quehacerpolitico.mx\\\/#\\\/schema\\\/person\\\/496d8ad2d1d3f8036101dca7ee39e585\"},\"headline\":\"Pedro S\u00e1nchez regala a L\u00f3pez Obrador el acta de nacimiento de su abuelo Jos\u00e9 Obrador Revuelta\",\"datePublished\":\"2019-01-31T03:57:55+00:00\",\"mainEntityOfPage\":{\"@id\":\"https:\\\/\\\/quehacerpolitico.mx\\\/?p=15638\"},\"wordCount\":602,\"commentCount\":0,\"image\":{\"@id\":\"https:\\\/\\\/quehacerpolitico.mx\\\/?p=15638#primaryimage\"},\"thumbnailUrl\":\"\",\"articleSection\":[\"Noticias\"],\"inLanguage\":\"es\",\"potentialAction\":[{\"@type\":\"CommentAction\",\"name\":\"Comment\",\"target\":[\"https:\\\/\\\/quehacerpolitico.mx\\\/?p=15638#respond\"]}]},{\"@type\":\"WebPage\",\"@id\":\"https:\\\/\\\/quehacerpolitico.mx\\\/?p=15638\",\"url\":\"https:\\\/\\\/quehacerpolitico.mx\\\/?p=15638\",\"name\":\"Pedro S\u00e1nchez regala a L\u00f3pez Obrador el acta de nacimiento de su abuelo Jos\u00e9 Obrador Revuelta -\",\"isPartOf\":{\"@id\":\"https:\\\/\\\/quehacerpolitico.mx\\\/#website\"},\"primaryImageOfPage\":{\"@id\":\"https:\\\/\\\/quehacerpolitico.mx\\\/?p=15638#primaryimage\"},\"image\":{\"@id\":\"https:\\\/\\\/quehacerpolitico.mx\\\/?p=15638#primaryimage\"},\"thumbnailUrl\":\"\",\"datePublished\":\"2019-01-31T03:57:55+00:00\",\"author\":{\"@id\":\"https:\\\/\\\/quehacerpolitico.mx\\\/#\\\/schema\\\/person\\\/496d8ad2d1d3f8036101dca7ee39e585\"},\"breadcrumb\":{\"@id\":\"https:\\\/\\\/quehacerpolitico.mx\\\/?p=15638#breadcrumb\"},\"inLanguage\":\"es\",\"potentialAction\":[{\"@type\":\"ReadAction\",\"target\":[\"https:\\\/\\\/quehacerpolitico.mx\\\/?p=15638\"]}]},{\"@type\":\"ImageObject\",\"inLanguage\":\"es\",\"@id\":\"https:\\\/\\\/quehacerpolitico.mx\\\/?p=15638#primaryimage\",\"url\":\"\",\"contentUrl\":\"\"},{\"@type\":\"BreadcrumbList\",\"@id\":\"https:\\\/\\\/quehacerpolitico.mx\\\/?p=15638#breadcrumb\",\"itemListElement\":[{\"@type\":\"ListItem\",\"position\":1,\"name\":\"Inicio\",\"item\":\"https:\\\/\\\/quehacerpolitico.mx\\\/\"},{\"@type\":\"ListItem\",\"position\":2,\"name\":\"Pedro S\u00e1nchez regala a L\u00f3pez Obrador el acta de nacimiento de su abuelo Jos\u00e9 Obrador Revuelta\"}]},{\"@type\":\"WebSite\",\"@id\":\"https:\\\/\\\/quehacerpolitico.mx\\\/#website\",\"url\":\"https:\\\/\\\/quehacerpolitico.mx\\\/\",\"name\":\"\",\"description\":\"\",\"potentialAction\":[{\"@type\":\"SearchAction\",\"target\":{\"@type\":\"EntryPoint\",\"urlTemplate\":\"https:\\\/\\\/quehacerpolitico.mx\\\/?s={search_term_string}\"},\"query-input\":{\"@type\":\"PropertyValueSpecification\",\"valueRequired\":true,\"valueName\":\"search_term_string\"}}],\"inLanguage\":\"es\"},{\"@type\":\"Person\",\"@id\":\"https:\\\/\\\/quehacerpolitico.mx\\\/#\\\/schema\\\/person\\\/496d8ad2d1d3f8036101dca7ee39e585\",\"name\":\"Redacci\u00f3n QP\",\"image\":{\"@type\":\"ImageObject\",\"inLanguage\":\"es\",\"@id\":\"https:\\\/\\\/secure.gravatar.com\\\/avatar\\\/c7164ed6fdec453195284ad24a5ae5b6e1eed2b848477fa2a4787ba9adf39a41?s=96&d=mm&r=g\",\"url\":\"https:\\\/\\\/secure.gravatar.com\\\/avatar\\\/c7164ed6fdec453195284ad24a5ae5b6e1eed2b848477fa2a4787ba9adf39a41?s=96&d=mm&r=g\",\"contentUrl\":\"https:\\\/\\\/secure.gravatar.com\\\/avatar\\\/c7164ed6fdec453195284ad24a5ae5b6e1eed2b848477fa2a4787ba9adf39a41?s=96&d=mm&r=g\",\"caption\":\"Redacci\u00f3n QP\"},\"url\":\"https:\\\/\\\/quehacerpolitico.mx\\\/?author=2\"}]}<\/script>\n<!-- \/ Yoast SEO plugin. -->","yoast_head_json":{"title":"Pedro S\u00e1nchez regala a L\u00f3pez Obrador el acta de nacimiento de su abuelo Jos\u00e9 Obrador Revuelta -","robots":{"index":"index","follow":"follow","max-snippet":"max-snippet:-1","max-image-preview":"max-image-preview:large","max-video-preview":"max-video-preview:-1"},"canonical":"https:\/\/quehacerpolitico.mx\/?p=15638","og_locale":"es_MX","og_type":"article","og_title":"Pedro S\u00e1nchez regala a L\u00f3pez Obrador el acta de nacimiento de su abuelo Jos\u00e9 Obrador Revuelta -","og_description":"Pedro S\u00e1nchez regala a L\u00f3pez Obrador el acta de nacimiento de su abuelo Jos\u00e9 Obrador Revuelta Por Redacci\u00f3n QP","og_url":"https:\/\/quehacerpolitico.mx\/?p=15638","article_published_time":"2019-01-31T03:57:55+00:00","author":"Redacci\u00f3n QP","twitter_card":"summary_large_image","twitter_misc":{"Escrito por":"Redacci\u00f3n QP","Tiempo de lectura":"3 minutos"},"schema":{"@context":"https:\/\/schema.org","@graph":[{"@type":"Article","@id":"https:\/\/quehacerpolitico.mx\/?p=15638#article","isPartOf":{"@id":"https:\/\/quehacerpolitico.mx\/?p=15638"},"author":{"name":"Redacci\u00f3n QP","@id":"https:\/\/quehacerpolitico.mx\/#\/schema\/person\/496d8ad2d1d3f8036101dca7ee39e585"},"headline":"Pedro S\u00e1nchez regala a L\u00f3pez Obrador el acta de nacimiento de su abuelo Jos\u00e9 Obrador Revuelta","datePublished":"2019-01-31T03:57:55+00:00","mainEntityOfPage":{"@id":"https:\/\/quehacerpolitico.mx\/?p=15638"},"wordCount":602,"commentCount":0,"image":{"@id":"https:\/\/quehacerpolitico.mx\/?p=15638#primaryimage"},"thumbnailUrl":"","articleSection":["Noticias"],"inLanguage":"es","potentialAction":[{"@type":"CommentAction","name":"Comment","target":["https:\/\/quehacerpolitico.mx\/?p=15638#respond"]}]},{"@type":"WebPage","@id":"https:\/\/quehacerpolitico.mx\/?p=15638","url":"https:\/\/quehacerpolitico.mx\/?p=15638","name":"Pedro S\u00e1nchez regala a L\u00f3pez Obrador el acta de nacimiento de su abuelo Jos\u00e9 Obrador Revuelta -","isPartOf":{"@id":"https:\/\/quehacerpolitico.mx\/#website"},"primaryImageOfPage":{"@id":"https:\/\/quehacerpolitico.mx\/?p=15638#primaryimage"},"image":{"@id":"https:\/\/quehacerpolitico.mx\/?p=15638#primaryimage"},"thumbnailUrl":"","datePublished":"2019-01-31T03:57:55+00:00","author":{"@id":"https:\/\/quehacerpolitico.mx\/#\/schema\/person\/496d8ad2d1d3f8036101dca7ee39e585"},"breadcrumb":{"@id":"https:\/\/quehacerpolitico.mx\/?p=15638#breadcrumb"},"inLanguage":"es","potentialAction":[{"@type":"ReadAction","target":["https:\/\/quehacerpolitico.mx\/?p=15638"]}]},{"@type":"ImageObject","inLanguage":"es","@id":"https:\/\/quehacerpolitico.mx\/?p=15638#primaryimage","url":"","contentUrl":""},{"@type":"BreadcrumbList","@id":"https:\/\/quehacerpolitico.mx\/?p=15638#breadcrumb","itemListElement":[{"@type":"ListItem","position":1,"name":"Inicio","item":"https:\/\/quehacerpolitico.mx\/"},{"@type":"ListItem","position":2,"name":"Pedro S\u00e1nchez regala a L\u00f3pez Obrador el acta de nacimiento de su abuelo Jos\u00e9 Obrador Revuelta"}]},{"@type":"WebSite","@id":"https:\/\/quehacerpolitico.mx\/#website","url":"https:\/\/quehacerpolitico.mx\/","name":"","description":"","potentialAction":[{"@type":"SearchAction","target":{"@type":"EntryPoint","urlTemplate":"https:\/\/quehacerpolitico.mx\/?s={search_term_string}"},"query-input":{"@type":"PropertyValueSpecification","valueRequired":true,"valueName":"search_term_string"}}],"inLanguage":"es"},{"@type":"Person","@id":"https:\/\/quehacerpolitico.mx\/#\/schema\/person\/496d8ad2d1d3f8036101dca7ee39e585","name":"Redacci\u00f3n QP","image":{"@type":"ImageObject","inLanguage":"es","@id":"https:\/\/secure.gravatar.com\/avatar\/c7164ed6fdec453195284ad24a5ae5b6e1eed2b848477fa2a4787ba9adf39a41?s=96&d=mm&r=g","url":"https:\/\/secure.gravatar.com\/avatar\/c7164ed6fdec453195284ad24a5ae5b6e1eed2b848477fa2a4787ba9adf39a41?s=96&d=mm&r=g","contentUrl":"https:\/\/secure.gravatar.com\/avatar\/c7164ed6fdec453195284ad24a5ae5b6e1eed2b848477fa2a4787ba9adf39a41?s=96&d=mm&r=g","caption":"Redacci\u00f3n QP"},"url":"https:\/\/quehacerpolitico.mx\/?author=2"}]}},"featured_image_urls":{"full":"","thumbnail":"","medium":"","medium_large":"","large":"","1536x1536":"","2048x2048":"","covernews-featured":"","covernews-medium":""},"author_info":{"display_name":"Redacci\u00f3n QP","author_link":"https:\/\/quehacerpolitico.mx\/?author=2"},"category_info":"<a href=\"https:\/\/quehacerpolitico.mx\/?cat=2\" rel=\"category\">Noticias<\/a>","tag_info":"Noticias","comment_count":"0","_links":{"self":[{"href":"https:\/\/quehacerpolitico.mx\/index.php?rest_route=\/wp\/v2\/posts\/15638","targetHints":{"allow":["GET"]}}],"collection":[{"href":"https:\/\/quehacerpolitico.mx\/index.php?rest_route=\/wp\/v2\/posts"}],"about":[{"href":"https:\/\/quehacerpolitico.mx\/index.php?rest_route=\/wp\/v2\/types\/post"}],"author":[{"embeddable":true,"href":"https:\/\/quehacerpolitico.mx\/index.php?rest_route=\/wp\/v2\/users\/2"}],"replies":[{"embeddable":true,"href":"https:\/\/quehacerpolitico.mx\/index.php?rest_route=%2Fwp%2Fv2%2Fcomments&post=15638"}],"version-history":[{"count":0,"href":"https:\/\/quehacerpolitico.mx\/index.php?rest_route=\/wp\/v2\/posts\/15638\/revisions"}],"wp:featuredmedia":[{"embeddable":true,"href":"https:\/\/quehacerpolitico.mx\/index.php?rest_route=\/"}],"wp:attachment":[{"href":"https:\/\/quehacerpolitico.mx\/index.php?rest_route=%2Fwp%2Fv2%2Fmedia&parent=15638"}],"wp:term":[{"taxonomy":"category","embeddable":true,"href":"https:\/\/quehacerpolitico.mx\/index.php?rest_route=%2Fwp%2Fv2%2Fcategories&post=15638"},{"taxonomy":"post_tag","embeddable":true,"href":"https:\/\/quehacerpolitico.mx\/index.php?rest_route=%2Fwp%2Fv2%2Ftags&post=15638"}],"curies":[{"name":"wp","href":"https:\/\/api.w.org\/{rel}","templated":true}]}}