{"id":15636,"date":"2019-01-31T03:52:37","date_gmt":"2019-01-31T03:52:37","guid":{"rendered":"http:\/\/quehacerpolitico.mx\/desconocidos-matan-a-juan-cardenas-ex-candidato-a-la-alcaldia-de-valle-de-santiago-guanajuato\/"},"modified":"2019-01-31T03:52:37","modified_gmt":"2019-01-31T03:52:37","slug":"desconocidos-matan-a-juan-cardenas-ex-candidato-a-la-alcaldia-de-valle-de-santiago-guanajuato","status":"publish","type":"post","link":"https:\/\/quehacerpolitico.mx\/?p=15636","title":{"rendered":"Desconocidos matan a Juan C\u00e1rdenas, ex candidato a la Alcald\u00eda de Valle de Santiago, Guanajuato"},"content":{"rendered":"<h1>Desconocidos matan a Juan C\u00e1rdenas, ex candidato a la Alcald\u00eda de\u00a0Valle de Santiago, Guanajuato<\/h1>\n<p>Por Redacci\u00f3n QP<\/p>\n<p>En un ataque directo, asesinaron a<strong> Juan C\u00e1rdenas<\/strong>, ex candidato a la Alcald\u00eda por el PRI en <strong>Valle de Santiago, Guanajuato<\/strong>; los hechos ocurrieron en <strong>plena zona centro<\/strong>, entre las calles 5 de Mayo y Albino Garc\u00eda.<\/p>\n<p>De acuerdo a las primeras versiones, <strong>hombres armados<\/strong> atacaron a C\u00e1rdenas, quien acaba de <strong>subir a su camioneta<\/strong> y se hac\u00eda acompa\u00f1ar por otra persona.<\/p>\n<blockquote>\n<p>El ex candidato qued\u00f3 en el interior de su camioneta Lincoln de color negro, a unos metros del hotel San Lu, propiedad del hoy fallecido. Trascendi\u00f3 que recibi\u00f3 al menos 10 detonaciones de arma de fuego.\u00a0Hasta el momento se desconoce el m\u00f3vil del ataque.<\/p>\n<p>Al lugar arribaron polic\u00edas municipales a resguardar el \u00e1rea y m\u00e1s tarde el cuerpo fue trasladado al Servicio M\u00e9dico Forense para practicarle la autopsia de ley.<\/p>\n<p>Juan C\u00e1rdenas Orozco, empresario y militante priista, en las elecciones pasadas fue candidato a la Alcald\u00eda por el tricolor para encabezar el municipio de Valle de Santiago.<\/p>\n<blockquote>\n<p>Cabe se\u00f1alar que a inicios de marzo de 2015, el empresario fue detenido por polic\u00edas ministeriales acusado de cohecho, para que su chofer librara el arresto por una falta administrativa. Solo fue detenido por unas horas luego qued\u00f3 en libertad.<\/p>\n<\/blockquote>\n<p>Ese d\u00eda, sus seguidores realizaron una manifestaci\u00f3n en el jard\u00edn y en las instalaciones de la polic\u00eda para que lo liberaran.<\/p>\n<p>En ese momento, su socio, el empresario Salvador Le\u00f3n, aseguraba que la detenci\u00f3n de C\u00e1rdenas fue por cuestiones pol\u00edticas, ya que realiz\u00f3 varios se\u00f1alamientos en redes sociales sobre Manuel Granados, en ese entonces virtual candidato del PAN y quien luego lleg\u00f3 a la presidencia municipal.<\/p>\n<p>Con Informaci\u00f3n de Zona Franca<\/p>\n<\/blockquote>\n","protected":false},"excerpt":{"rendered":"<p>Desconocidos matan a Juan C\u00e1rdenas, ex candidato a la Alcald\u00eda de Valle de Santiago, Guanajuato<br \/>\nPor Redacci\u00f3n QP<\/p>\n","protected":false},"author":2,"featured_media":15635,"comment_status":"open","ping_status":"open","sticky":false,"template":"","format":"standard","meta":{"_monsterinsights_skip_tracking":false,"_monsterinsights_sitenote_active":false,"_monsterinsights_sitenote_note":"","_monsterinsights_sitenote_category":0,"footnotes":""},"categories":[2],"tags":[],"class_list":["post-15636","post","type-post","status-publish","format-standard","has-post-thumbnail","hentry","category-noticias"],"yoast_head":"<!-- This site is optimized with the Yoast SEO plugin v27.3 - https:\/\/yoast.com\/product\/yoast-seo-wordpress\/ -->\n<title>Desconocidos matan a Juan C\u00e1rdenas, ex candidato a la Alcald\u00eda de Valle de Santiago, Guanajuato -<\/title>\n<meta name=\"robots\" content=\"index, follow, max-snippet:-1, max-image-preview:large, max-video-preview:-1\" \/>\n<link rel=\"canonical\" href=\"https:\/\/quehacerpolitico.mx\/?p=15636\" \/>\n<meta property=\"og:locale\" content=\"es_MX\" \/>\n<meta property=\"og:type\" content=\"article\" \/>\n<meta property=\"og:title\" content=\"Desconocidos matan a Juan C\u00e1rdenas, ex candidato a la Alcald\u00eda de Valle de Santiago, Guanajuato -\" \/>\n<meta property=\"og:description\" content=\"Desconocidos matan a Juan C\u00e1rdenas, ex candidato a la Alcald\u00eda de Valle de Santiago, Guanajuato Por Redacci\u00f3n QP\" \/>\n<meta property=\"og:url\" content=\"https:\/\/quehacerpolitico.mx\/?p=15636\" \/>\n<meta property=\"article:published_time\" content=\"2019-01-31T03:52:37+00:00\" \/>\n<meta name=\"author\" content=\"Redacci\u00f3n QP\" \/>\n<meta name=\"twitter:card\" content=\"summary_large_image\" \/>\n<meta name=\"twitter:label1\" content=\"Escrito por\" \/>\n\t<meta name=\"twitter:data1\" content=\"Redacci\u00f3n QP\" \/>\n\t<meta name=\"twitter:label2\" content=\"Tiempo de lectura\" \/>\n\t<meta name=\"twitter:data2\" content=\"2 minutos\" \/>\n<script type=\"application\/ld+json\" class=\"yoast-schema-graph\">{\"@context\":\"https:\\\/\\\/schema.org\",\"@graph\":[{\"@type\":\"Article\",\"@id\":\"https:\\\/\\\/quehacerpolitico.mx\\\/?p=15636#article\",\"isPartOf\":{\"@id\":\"https:\\\/\\\/quehacerpolitico.mx\\\/?p=15636\"},\"author\":{\"name\":\"Redacci\u00f3n QP\",\"@id\":\"https:\\\/\\\/quehacerpolitico.mx\\\/#\\\/schema\\\/person\\\/496d8ad2d1d3f8036101dca7ee39e585\"},\"headline\":\"Desconocidos matan a Juan C\u00e1rdenas, ex candidato a la Alcald\u00eda de Valle de Santiago, Guanajuato\",\"datePublished\":\"2019-01-31T03:52:37+00:00\",\"mainEntityOfPage\":{\"@id\":\"https:\\\/\\\/quehacerpolitico.mx\\\/?p=15636\"},\"wordCount\":330,\"commentCount\":0,\"image\":{\"@id\":\"https:\\\/\\\/quehacerpolitico.mx\\\/?p=15636#primaryimage\"},\"thumbnailUrl\":\"\",\"articleSection\":[\"Noticias\"],\"inLanguage\":\"es\",\"potentialAction\":[{\"@type\":\"CommentAction\",\"name\":\"Comment\",\"target\":[\"https:\\\/\\\/quehacerpolitico.mx\\\/?p=15636#respond\"]}]},{\"@type\":\"WebPage\",\"@id\":\"https:\\\/\\\/quehacerpolitico.mx\\\/?p=15636\",\"url\":\"https:\\\/\\\/quehacerpolitico.mx\\\/?p=15636\",\"name\":\"Desconocidos matan a Juan C\u00e1rdenas, ex candidato a la Alcald\u00eda de Valle de Santiago, Guanajuato -\",\"isPartOf\":{\"@id\":\"https:\\\/\\\/quehacerpolitico.mx\\\/#website\"},\"primaryImageOfPage\":{\"@id\":\"https:\\\/\\\/quehacerpolitico.mx\\\/?p=15636#primaryimage\"},\"image\":{\"@id\":\"https:\\\/\\\/quehacerpolitico.mx\\\/?p=15636#primaryimage\"},\"thumbnailUrl\":\"\",\"datePublished\":\"2019-01-31T03:52:37+00:00\",\"author\":{\"@id\":\"https:\\\/\\\/quehacerpolitico.mx\\\/#\\\/schema\\\/person\\\/496d8ad2d1d3f8036101dca7ee39e585\"},\"breadcrumb\":{\"@id\":\"https:\\\/\\\/quehacerpolitico.mx\\\/?p=15636#breadcrumb\"},\"inLanguage\":\"es\",\"potentialAction\":[{\"@type\":\"ReadAction\",\"target\":[\"https:\\\/\\\/quehacerpolitico.mx\\\/?p=15636\"]}]},{\"@type\":\"ImageObject\",\"inLanguage\":\"es\",\"@id\":\"https:\\\/\\\/quehacerpolitico.mx\\\/?p=15636#primaryimage\",\"url\":\"\",\"contentUrl\":\"\"},{\"@type\":\"BreadcrumbList\",\"@id\":\"https:\\\/\\\/quehacerpolitico.mx\\\/?p=15636#breadcrumb\",\"itemListElement\":[{\"@type\":\"ListItem\",\"position\":1,\"name\":\"Inicio\",\"item\":\"https:\\\/\\\/quehacerpolitico.mx\\\/\"},{\"@type\":\"ListItem\",\"position\":2,\"name\":\"Desconocidos matan a Juan C\u00e1rdenas, ex candidato a la Alcald\u00eda de Valle de Santiago, Guanajuato\"}]},{\"@type\":\"WebSite\",\"@id\":\"https:\\\/\\\/quehacerpolitico.mx\\\/#website\",\"url\":\"https:\\\/\\\/quehacerpolitico.mx\\\/\",\"name\":\"\",\"description\":\"\",\"potentialAction\":[{\"@type\":\"SearchAction\",\"target\":{\"@type\":\"EntryPoint\",\"urlTemplate\":\"https:\\\/\\\/quehacerpolitico.mx\\\/?s={search_term_string}\"},\"query-input\":{\"@type\":\"PropertyValueSpecification\",\"valueRequired\":true,\"valueName\":\"search_term_string\"}}],\"inLanguage\":\"es\"},{\"@type\":\"Person\",\"@id\":\"https:\\\/\\\/quehacerpolitico.mx\\\/#\\\/schema\\\/person\\\/496d8ad2d1d3f8036101dca7ee39e585\",\"name\":\"Redacci\u00f3n QP\",\"image\":{\"@type\":\"ImageObject\",\"inLanguage\":\"es\",\"@id\":\"https:\\\/\\\/secure.gravatar.com\\\/avatar\\\/c7164ed6fdec453195284ad24a5ae5b6e1eed2b848477fa2a4787ba9adf39a41?s=96&d=mm&r=g\",\"url\":\"https:\\\/\\\/secure.gravatar.com\\\/avatar\\\/c7164ed6fdec453195284ad24a5ae5b6e1eed2b848477fa2a4787ba9adf39a41?s=96&d=mm&r=g\",\"contentUrl\":\"https:\\\/\\\/secure.gravatar.com\\\/avatar\\\/c7164ed6fdec453195284ad24a5ae5b6e1eed2b848477fa2a4787ba9adf39a41?s=96&d=mm&r=g\",\"caption\":\"Redacci\u00f3n QP\"},\"url\":\"https:\\\/\\\/quehacerpolitico.mx\\\/?author=2\"}]}<\/script>\n<!-- \/ Yoast SEO plugin. -->","yoast_head_json":{"title":"Desconocidos matan a Juan C\u00e1rdenas, ex candidato a la Alcald\u00eda de Valle de Santiago, Guanajuato -","robots":{"index":"index","follow":"follow","max-snippet":"max-snippet:-1","max-image-preview":"max-image-preview:large","max-video-preview":"max-video-preview:-1"},"canonical":"https:\/\/quehacerpolitico.mx\/?p=15636","og_locale":"es_MX","og_type":"article","og_title":"Desconocidos matan a Juan C\u00e1rdenas, ex candidato a la Alcald\u00eda de Valle de Santiago, Guanajuato -","og_description":"Desconocidos matan a Juan C\u00e1rdenas, ex candidato a la Alcald\u00eda de Valle de Santiago, Guanajuato Por Redacci\u00f3n QP","og_url":"https:\/\/quehacerpolitico.mx\/?p=15636","article_published_time":"2019-01-31T03:52:37+00:00","author":"Redacci\u00f3n QP","twitter_card":"summary_large_image","twitter_misc":{"Escrito por":"Redacci\u00f3n QP","Tiempo de lectura":"2 minutos"},"schema":{"@context":"https:\/\/schema.org","@graph":[{"@type":"Article","@id":"https:\/\/quehacerpolitico.mx\/?p=15636#article","isPartOf":{"@id":"https:\/\/quehacerpolitico.mx\/?p=15636"},"author":{"name":"Redacci\u00f3n QP","@id":"https:\/\/quehacerpolitico.mx\/#\/schema\/person\/496d8ad2d1d3f8036101dca7ee39e585"},"headline":"Desconocidos matan a Juan C\u00e1rdenas, ex candidato a la Alcald\u00eda de Valle de Santiago, Guanajuato","datePublished":"2019-01-31T03:52:37+00:00","mainEntityOfPage":{"@id":"https:\/\/quehacerpolitico.mx\/?p=15636"},"wordCount":330,"commentCount":0,"image":{"@id":"https:\/\/quehacerpolitico.mx\/?p=15636#primaryimage"},"thumbnailUrl":"","articleSection":["Noticias"],"inLanguage":"es","potentialAction":[{"@type":"CommentAction","name":"Comment","target":["https:\/\/quehacerpolitico.mx\/?p=15636#respond"]}]},{"@type":"WebPage","@id":"https:\/\/quehacerpolitico.mx\/?p=15636","url":"https:\/\/quehacerpolitico.mx\/?p=15636","name":"Desconocidos matan a Juan C\u00e1rdenas, ex candidato a la Alcald\u00eda de Valle de Santiago, Guanajuato -","isPartOf":{"@id":"https:\/\/quehacerpolitico.mx\/#website"},"primaryImageOfPage":{"@id":"https:\/\/quehacerpolitico.mx\/?p=15636#primaryimage"},"image":{"@id":"https:\/\/quehacerpolitico.mx\/?p=15636#primaryimage"},"thumbnailUrl":"","datePublished":"2019-01-31T03:52:37+00:00","author":{"@id":"https:\/\/quehacerpolitico.mx\/#\/schema\/person\/496d8ad2d1d3f8036101dca7ee39e585"},"breadcrumb":{"@id":"https:\/\/quehacerpolitico.mx\/?p=15636#breadcrumb"},"inLanguage":"es","potentialAction":[{"@type":"ReadAction","target":["https:\/\/quehacerpolitico.mx\/?p=15636"]}]},{"@type":"ImageObject","inLanguage":"es","@id":"https:\/\/quehacerpolitico.mx\/?p=15636#primaryimage","url":"","contentUrl":""},{"@type":"BreadcrumbList","@id":"https:\/\/quehacerpolitico.mx\/?p=15636#breadcrumb","itemListElement":[{"@type":"ListItem","position":1,"name":"Inicio","item":"https:\/\/quehacerpolitico.mx\/"},{"@type":"ListItem","position":2,"name":"Desconocidos matan a Juan C\u00e1rdenas, ex candidato a la Alcald\u00eda de Valle de Santiago, Guanajuato"}]},{"@type":"WebSite","@id":"https:\/\/quehacerpolitico.mx\/#website","url":"https:\/\/quehacerpolitico.mx\/","name":"","description":"","potentialAction":[{"@type":"SearchAction","target":{"@type":"EntryPoint","urlTemplate":"https:\/\/quehacerpolitico.mx\/?s={search_term_string}"},"query-input":{"@type":"PropertyValueSpecification","valueRequired":true,"valueName":"search_term_string"}}],"inLanguage":"es"},{"@type":"Person","@id":"https:\/\/quehacerpolitico.mx\/#\/schema\/person\/496d8ad2d1d3f8036101dca7ee39e585","name":"Redacci\u00f3n QP","image":{"@type":"ImageObject","inLanguage":"es","@id":"https:\/\/secure.gravatar.com\/avatar\/c7164ed6fdec453195284ad24a5ae5b6e1eed2b848477fa2a4787ba9adf39a41?s=96&d=mm&r=g","url":"https:\/\/secure.gravatar.com\/avatar\/c7164ed6fdec453195284ad24a5ae5b6e1eed2b848477fa2a4787ba9adf39a41?s=96&d=mm&r=g","contentUrl":"https:\/\/secure.gravatar.com\/avatar\/c7164ed6fdec453195284ad24a5ae5b6e1eed2b848477fa2a4787ba9adf39a41?s=96&d=mm&r=g","caption":"Redacci\u00f3n QP"},"url":"https:\/\/quehacerpolitico.mx\/?author=2"}]}},"featured_image_urls":{"full":"","thumbnail":"","medium":"","medium_large":"","large":"","1536x1536":"","2048x2048":"","covernews-featured":"","covernews-medium":""},"author_info":{"display_name":"Redacci\u00f3n QP","author_link":"https:\/\/quehacerpolitico.mx\/?author=2"},"category_info":"<a href=\"https:\/\/quehacerpolitico.mx\/?cat=2\" rel=\"category\">Noticias<\/a>","tag_info":"Noticias","comment_count":"0","_links":{"self":[{"href":"https:\/\/quehacerpolitico.mx\/index.php?rest_route=\/wp\/v2\/posts\/15636","targetHints":{"allow":["GET"]}}],"collection":[{"href":"https:\/\/quehacerpolitico.mx\/index.php?rest_route=\/wp\/v2\/posts"}],"about":[{"href":"https:\/\/quehacerpolitico.mx\/index.php?rest_route=\/wp\/v2\/types\/post"}],"author":[{"embeddable":true,"href":"https:\/\/quehacerpolitico.mx\/index.php?rest_route=\/wp\/v2\/users\/2"}],"replies":[{"embeddable":true,"href":"https:\/\/quehacerpolitico.mx\/index.php?rest_route=%2Fwp%2Fv2%2Fcomments&post=15636"}],"version-history":[{"count":0,"href":"https:\/\/quehacerpolitico.mx\/index.php?rest_route=\/wp\/v2\/posts\/15636\/revisions"}],"wp:featuredmedia":[{"embeddable":true,"href":"https:\/\/quehacerpolitico.mx\/index.php?rest_route=\/"}],"wp:attachment":[{"href":"https:\/\/quehacerpolitico.mx\/index.php?rest_route=%2Fwp%2Fv2%2Fmedia&parent=15636"}],"wp:term":[{"taxonomy":"category","embeddable":true,"href":"https:\/\/quehacerpolitico.mx\/index.php?rest_route=%2Fwp%2Fv2%2Fcategories&post=15636"},{"taxonomy":"post_tag","embeddable":true,"href":"https:\/\/quehacerpolitico.mx\/index.php?rest_route=%2Fwp%2Fv2%2Ftags&post=15636"}],"curies":[{"name":"wp","href":"https:\/\/api.w.org\/{rel}","templated":true}]}}