{"id":15634,"date":"2019-01-31T03:47:19","date_gmt":"2019-01-31T03:47:19","guid":{"rendered":"http:\/\/quehacerpolitico.mx\/video-muevanse-es-en-vivo-mijo-dicen-despues-insultan-y-asaltan-a-pasajeros-en-la-mexico-texcoco\/"},"modified":"2019-01-31T03:47:19","modified_gmt":"2019-01-31T03:47:19","slug":"video-muevanse-es-en-vivo-mijo-dicen-despues-insultan-y-asaltan-a-pasajeros-en-la-mexico-texcoco","status":"publish","type":"post","link":"https:\/\/quehacerpolitico.mx\/?p=15634","title":{"rendered":"VIDEO: \u201cMu\u00e9vanse. Es en vivo, mijo\u201d, dicen. Despu\u00e9s insultan y asaltan a pasajeros en la M\u00e9xico-Texcoco"},"content":{"rendered":"<h1>VIDEO: \u201cMu\u00e9vanse. Es en vivo, mijo\u201d, dicen. Despu\u00e9s insultan y asaltan a pasajeros en la M\u00e9xico-Texcoco<\/h1>\n<p>Por Redacci\u00f3n QP<\/p>\n<p>https:\/\/www.facebook.com\/DespiertaEcatepec\/videos\/421576458616065\/<\/p>\n<p>Dos sujetos y una mujer armados <strong>asaltaron<\/strong> con lujo de <strong>violencia<\/strong> a <strong>pasajeros<\/strong> de una unidad de <strong>transporte p\u00fablico<\/strong> que circulaba por la carretera <strong>M\u00e9xico-Texcoco<\/strong>.<\/p>\n<p>Un <strong>video<\/strong> revel\u00f3 el momento del <strong>asalto<\/strong>, que de acuerdo con la grabaci\u00f3n ocurri\u00f3 el pasado 25 de enero minutos despu\u00e9s de las seis de la ma\u00f1ana, en el tramo conocido como Piedras Negras.<\/p>\n<p>En el material se aprecia el momento en el que los <strong>delincuentes<\/strong> despojan de sus pertenencias a los ocupantes de la unidad, que de acuerdo con versiones citadas por <em>Reforma<\/em>, se dirig\u00eda rumbo a la estaci\u00f3n del metro La Paz.<\/p>\n<blockquote>\n<p>La grabaci\u00f3n muestra el momento en el que uno de los delincuentes apunta un arma a la cabeza de un pasajero para posteriormente revisar entre su ropa en busca de objetos de valor, mientras la mujer que acompa\u00f1aba a los delincuentes revisaba las pertenencias de cada uno de los pasajeros.<\/p>\n<\/blockquote>\n<p>Hasta el momento las autoridades no han emitido informaci\u00f3n alguna respecto a este crimen.<\/p>\n<section class=\"post-content\">\n<blockquote>\n<p>De acuerdo con la \u00faltima Encuesta Nacional de Seguridad P\u00fablica Urbana (ENSU), realizada por el INEGI, siete de cada 10 usuarios consideran al transporte p\u00fablico como el segundo lugar en el que se sienten m\u00e1s inseguros.<\/p>\n<\/blockquote>\n<p>El robo en transporte p\u00fablico colectivo a nivel nacional aument\u00f3 el 35 por ciento. Durante el 2015 se registraron 11 mil 420 carpetas de investigaci\u00f3n abiertas por este delito, en 2016 hubo una alza m\u00ednima a 11 mil 644 y para 2017 se registraron hasta 15 mil 466, mientras que durante el primer semestre del 2018 van 6 mil 336 casos de robo, de acuerdo con cifras del Secretariado Ejecutivo del Sistema Nacional de Seguridad P\u00fablica (SESNSP). Aunque podr\u00edan ser m\u00e1s ante la cifra negra que existe en la mayor\u00eda de los delitos que se cometen en el pa\u00eds.<\/p>\n<\/section>\n","protected":false},"excerpt":{"rendered":"<p>VIDEO: \u201cMu\u00e9vanse. Es en vivo, mijo\u201d, dicen. Despu\u00e9s insultan y asaltan a pasajeros en la M\u00e9xico-Texcoco<br \/>\nPor Redacci\u00f3n QP<\/p>\n","protected":false},"author":2,"featured_media":15633,"comment_status":"open","ping_status":"open","sticky":false,"template":"","format":"standard","meta":{"_monsterinsights_skip_tracking":false,"_monsterinsights_sitenote_active":false,"_monsterinsights_sitenote_note":"","_monsterinsights_sitenote_category":0,"footnotes":""},"categories":[2],"tags":[],"class_list":["post-15634","post","type-post","status-publish","format-standard","has-post-thumbnail","hentry","category-noticias"],"yoast_head":"<!-- This site is optimized with the Yoast SEO plugin v27.3 - https:\/\/yoast.com\/product\/yoast-seo-wordpress\/ -->\n<title>VIDEO: \u201cMu\u00e9vanse. Es en vivo, mijo\u201d, dicen. Despu\u00e9s insultan y asaltan a pasajeros en la M\u00e9xico-Texcoco -<\/title>\n<meta name=\"robots\" content=\"index, follow, max-snippet:-1, max-image-preview:large, max-video-preview:-1\" \/>\n<link rel=\"canonical\" href=\"https:\/\/quehacerpolitico.mx\/?p=15634\" \/>\n<meta property=\"og:locale\" content=\"es_MX\" \/>\n<meta property=\"og:type\" content=\"article\" \/>\n<meta property=\"og:title\" content=\"VIDEO: \u201cMu\u00e9vanse. Es en vivo, mijo\u201d, dicen. Despu\u00e9s insultan y asaltan a pasajeros en la M\u00e9xico-Texcoco -\" \/>\n<meta property=\"og:description\" content=\"VIDEO: \u201cMu\u00e9vanse. Es en vivo, mijo\u201d, dicen. Despu\u00e9s insultan y asaltan a pasajeros en la M\u00e9xico-Texcoco Por Redacci\u00f3n QP\" \/>\n<meta property=\"og:url\" content=\"https:\/\/quehacerpolitico.mx\/?p=15634\" \/>\n<meta property=\"article:published_time\" content=\"2019-01-31T03:47:19+00:00\" \/>\n<meta name=\"author\" content=\"Redacci\u00f3n QP\" \/>\n<meta name=\"twitter:card\" content=\"summary_large_image\" \/>\n<meta name=\"twitter:label1\" content=\"Escrito por\" \/>\n\t<meta name=\"twitter:data1\" content=\"Redacci\u00f3n QP\" \/>\n\t<meta name=\"twitter:label2\" content=\"Tiempo de lectura\" \/>\n\t<meta name=\"twitter:data2\" content=\"2 minutos\" \/>\n<script type=\"application\/ld+json\" class=\"yoast-schema-graph\">{\"@context\":\"https:\\\/\\\/schema.org\",\"@graph\":[{\"@type\":\"Article\",\"@id\":\"https:\\\/\\\/quehacerpolitico.mx\\\/?p=15634#article\",\"isPartOf\":{\"@id\":\"https:\\\/\\\/quehacerpolitico.mx\\\/?p=15634\"},\"author\":{\"name\":\"Redacci\u00f3n QP\",\"@id\":\"https:\\\/\\\/quehacerpolitico.mx\\\/#\\\/schema\\\/person\\\/496d8ad2d1d3f8036101dca7ee39e585\"},\"headline\":\"VIDEO: \u201cMu\u00e9vanse. Es en vivo, mijo\u201d, dicen. Despu\u00e9s insultan y asaltan a pasajeros en la M\u00e9xico-Texcoco\",\"datePublished\":\"2019-01-31T03:47:19+00:00\",\"mainEntityOfPage\":{\"@id\":\"https:\\\/\\\/quehacerpolitico.mx\\\/?p=15634\"},\"wordCount\":352,\"commentCount\":0,\"image\":{\"@id\":\"https:\\\/\\\/quehacerpolitico.mx\\\/?p=15634#primaryimage\"},\"thumbnailUrl\":\"\",\"articleSection\":[\"Noticias\"],\"inLanguage\":\"es\",\"potentialAction\":[{\"@type\":\"CommentAction\",\"name\":\"Comment\",\"target\":[\"https:\\\/\\\/quehacerpolitico.mx\\\/?p=15634#respond\"]}]},{\"@type\":\"WebPage\",\"@id\":\"https:\\\/\\\/quehacerpolitico.mx\\\/?p=15634\",\"url\":\"https:\\\/\\\/quehacerpolitico.mx\\\/?p=15634\",\"name\":\"VIDEO: \u201cMu\u00e9vanse. Es en vivo, mijo\u201d, dicen. Despu\u00e9s insultan y asaltan a pasajeros en la M\u00e9xico-Texcoco -\",\"isPartOf\":{\"@id\":\"https:\\\/\\\/quehacerpolitico.mx\\\/#website\"},\"primaryImageOfPage\":{\"@id\":\"https:\\\/\\\/quehacerpolitico.mx\\\/?p=15634#primaryimage\"},\"image\":{\"@id\":\"https:\\\/\\\/quehacerpolitico.mx\\\/?p=15634#primaryimage\"},\"thumbnailUrl\":\"\",\"datePublished\":\"2019-01-31T03:47:19+00:00\",\"author\":{\"@id\":\"https:\\\/\\\/quehacerpolitico.mx\\\/#\\\/schema\\\/person\\\/496d8ad2d1d3f8036101dca7ee39e585\"},\"breadcrumb\":{\"@id\":\"https:\\\/\\\/quehacerpolitico.mx\\\/?p=15634#breadcrumb\"},\"inLanguage\":\"es\",\"potentialAction\":[{\"@type\":\"ReadAction\",\"target\":[\"https:\\\/\\\/quehacerpolitico.mx\\\/?p=15634\"]}]},{\"@type\":\"ImageObject\",\"inLanguage\":\"es\",\"@id\":\"https:\\\/\\\/quehacerpolitico.mx\\\/?p=15634#primaryimage\",\"url\":\"\",\"contentUrl\":\"\"},{\"@type\":\"BreadcrumbList\",\"@id\":\"https:\\\/\\\/quehacerpolitico.mx\\\/?p=15634#breadcrumb\",\"itemListElement\":[{\"@type\":\"ListItem\",\"position\":1,\"name\":\"Inicio\",\"item\":\"https:\\\/\\\/quehacerpolitico.mx\\\/\"},{\"@type\":\"ListItem\",\"position\":2,\"name\":\"VIDEO: \u201cMu\u00e9vanse. Es en vivo, mijo\u201d, dicen. Despu\u00e9s insultan y asaltan a pasajeros en la M\u00e9xico-Texcoco\"}]},{\"@type\":\"WebSite\",\"@id\":\"https:\\\/\\\/quehacerpolitico.mx\\\/#website\",\"url\":\"https:\\\/\\\/quehacerpolitico.mx\\\/\",\"name\":\"\",\"description\":\"\",\"potentialAction\":[{\"@type\":\"SearchAction\",\"target\":{\"@type\":\"EntryPoint\",\"urlTemplate\":\"https:\\\/\\\/quehacerpolitico.mx\\\/?s={search_term_string}\"},\"query-input\":{\"@type\":\"PropertyValueSpecification\",\"valueRequired\":true,\"valueName\":\"search_term_string\"}}],\"inLanguage\":\"es\"},{\"@type\":\"Person\",\"@id\":\"https:\\\/\\\/quehacerpolitico.mx\\\/#\\\/schema\\\/person\\\/496d8ad2d1d3f8036101dca7ee39e585\",\"name\":\"Redacci\u00f3n QP\",\"image\":{\"@type\":\"ImageObject\",\"inLanguage\":\"es\",\"@id\":\"https:\\\/\\\/secure.gravatar.com\\\/avatar\\\/c7164ed6fdec453195284ad24a5ae5b6e1eed2b848477fa2a4787ba9adf39a41?s=96&d=mm&r=g\",\"url\":\"https:\\\/\\\/secure.gravatar.com\\\/avatar\\\/c7164ed6fdec453195284ad24a5ae5b6e1eed2b848477fa2a4787ba9adf39a41?s=96&d=mm&r=g\",\"contentUrl\":\"https:\\\/\\\/secure.gravatar.com\\\/avatar\\\/c7164ed6fdec453195284ad24a5ae5b6e1eed2b848477fa2a4787ba9adf39a41?s=96&d=mm&r=g\",\"caption\":\"Redacci\u00f3n QP\"},\"url\":\"https:\\\/\\\/quehacerpolitico.mx\\\/?author=2\"}]}<\/script>\n<!-- \/ Yoast SEO plugin. -->","yoast_head_json":{"title":"VIDEO: \u201cMu\u00e9vanse. Es en vivo, mijo\u201d, dicen. Despu\u00e9s insultan y asaltan a pasajeros en la M\u00e9xico-Texcoco -","robots":{"index":"index","follow":"follow","max-snippet":"max-snippet:-1","max-image-preview":"max-image-preview:large","max-video-preview":"max-video-preview:-1"},"canonical":"https:\/\/quehacerpolitico.mx\/?p=15634","og_locale":"es_MX","og_type":"article","og_title":"VIDEO: \u201cMu\u00e9vanse. Es en vivo, mijo\u201d, dicen. Despu\u00e9s insultan y asaltan a pasajeros en la M\u00e9xico-Texcoco -","og_description":"VIDEO: \u201cMu\u00e9vanse. Es en vivo, mijo\u201d, dicen. Despu\u00e9s insultan y asaltan a pasajeros en la M\u00e9xico-Texcoco Por Redacci\u00f3n QP","og_url":"https:\/\/quehacerpolitico.mx\/?p=15634","article_published_time":"2019-01-31T03:47:19+00:00","author":"Redacci\u00f3n QP","twitter_card":"summary_large_image","twitter_misc":{"Escrito por":"Redacci\u00f3n QP","Tiempo de lectura":"2 minutos"},"schema":{"@context":"https:\/\/schema.org","@graph":[{"@type":"Article","@id":"https:\/\/quehacerpolitico.mx\/?p=15634#article","isPartOf":{"@id":"https:\/\/quehacerpolitico.mx\/?p=15634"},"author":{"name":"Redacci\u00f3n QP","@id":"https:\/\/quehacerpolitico.mx\/#\/schema\/person\/496d8ad2d1d3f8036101dca7ee39e585"},"headline":"VIDEO: \u201cMu\u00e9vanse. Es en vivo, mijo\u201d, dicen. Despu\u00e9s insultan y asaltan a pasajeros en la M\u00e9xico-Texcoco","datePublished":"2019-01-31T03:47:19+00:00","mainEntityOfPage":{"@id":"https:\/\/quehacerpolitico.mx\/?p=15634"},"wordCount":352,"commentCount":0,"image":{"@id":"https:\/\/quehacerpolitico.mx\/?p=15634#primaryimage"},"thumbnailUrl":"","articleSection":["Noticias"],"inLanguage":"es","potentialAction":[{"@type":"CommentAction","name":"Comment","target":["https:\/\/quehacerpolitico.mx\/?p=15634#respond"]}]},{"@type":"WebPage","@id":"https:\/\/quehacerpolitico.mx\/?p=15634","url":"https:\/\/quehacerpolitico.mx\/?p=15634","name":"VIDEO: \u201cMu\u00e9vanse. Es en vivo, mijo\u201d, dicen. Despu\u00e9s insultan y asaltan a pasajeros en la M\u00e9xico-Texcoco -","isPartOf":{"@id":"https:\/\/quehacerpolitico.mx\/#website"},"primaryImageOfPage":{"@id":"https:\/\/quehacerpolitico.mx\/?p=15634#primaryimage"},"image":{"@id":"https:\/\/quehacerpolitico.mx\/?p=15634#primaryimage"},"thumbnailUrl":"","datePublished":"2019-01-31T03:47:19+00:00","author":{"@id":"https:\/\/quehacerpolitico.mx\/#\/schema\/person\/496d8ad2d1d3f8036101dca7ee39e585"},"breadcrumb":{"@id":"https:\/\/quehacerpolitico.mx\/?p=15634#breadcrumb"},"inLanguage":"es","potentialAction":[{"@type":"ReadAction","target":["https:\/\/quehacerpolitico.mx\/?p=15634"]}]},{"@type":"ImageObject","inLanguage":"es","@id":"https:\/\/quehacerpolitico.mx\/?p=15634#primaryimage","url":"","contentUrl":""},{"@type":"BreadcrumbList","@id":"https:\/\/quehacerpolitico.mx\/?p=15634#breadcrumb","itemListElement":[{"@type":"ListItem","position":1,"name":"Inicio","item":"https:\/\/quehacerpolitico.mx\/"},{"@type":"ListItem","position":2,"name":"VIDEO: \u201cMu\u00e9vanse. Es en vivo, mijo\u201d, dicen. Despu\u00e9s insultan y asaltan a pasajeros en la M\u00e9xico-Texcoco"}]},{"@type":"WebSite","@id":"https:\/\/quehacerpolitico.mx\/#website","url":"https:\/\/quehacerpolitico.mx\/","name":"","description":"","potentialAction":[{"@type":"SearchAction","target":{"@type":"EntryPoint","urlTemplate":"https:\/\/quehacerpolitico.mx\/?s={search_term_string}"},"query-input":{"@type":"PropertyValueSpecification","valueRequired":true,"valueName":"search_term_string"}}],"inLanguage":"es"},{"@type":"Person","@id":"https:\/\/quehacerpolitico.mx\/#\/schema\/person\/496d8ad2d1d3f8036101dca7ee39e585","name":"Redacci\u00f3n QP","image":{"@type":"ImageObject","inLanguage":"es","@id":"https:\/\/secure.gravatar.com\/avatar\/c7164ed6fdec453195284ad24a5ae5b6e1eed2b848477fa2a4787ba9adf39a41?s=96&d=mm&r=g","url":"https:\/\/secure.gravatar.com\/avatar\/c7164ed6fdec453195284ad24a5ae5b6e1eed2b848477fa2a4787ba9adf39a41?s=96&d=mm&r=g","contentUrl":"https:\/\/secure.gravatar.com\/avatar\/c7164ed6fdec453195284ad24a5ae5b6e1eed2b848477fa2a4787ba9adf39a41?s=96&d=mm&r=g","caption":"Redacci\u00f3n QP"},"url":"https:\/\/quehacerpolitico.mx\/?author=2"}]}},"featured_image_urls":{"full":"","thumbnail":"","medium":"","medium_large":"","large":"","1536x1536":"","2048x2048":"","covernews-featured":"","covernews-medium":""},"author_info":{"display_name":"Redacci\u00f3n QP","author_link":"https:\/\/quehacerpolitico.mx\/?author=2"},"category_info":"<a href=\"https:\/\/quehacerpolitico.mx\/?cat=2\" rel=\"category\">Noticias<\/a>","tag_info":"Noticias","comment_count":"0","_links":{"self":[{"href":"https:\/\/quehacerpolitico.mx\/index.php?rest_route=\/wp\/v2\/posts\/15634","targetHints":{"allow":["GET"]}}],"collection":[{"href":"https:\/\/quehacerpolitico.mx\/index.php?rest_route=\/wp\/v2\/posts"}],"about":[{"href":"https:\/\/quehacerpolitico.mx\/index.php?rest_route=\/wp\/v2\/types\/post"}],"author":[{"embeddable":true,"href":"https:\/\/quehacerpolitico.mx\/index.php?rest_route=\/wp\/v2\/users\/2"}],"replies":[{"embeddable":true,"href":"https:\/\/quehacerpolitico.mx\/index.php?rest_route=%2Fwp%2Fv2%2Fcomments&post=15634"}],"version-history":[{"count":0,"href":"https:\/\/quehacerpolitico.mx\/index.php?rest_route=\/wp\/v2\/posts\/15634\/revisions"}],"wp:featuredmedia":[{"embeddable":true,"href":"https:\/\/quehacerpolitico.mx\/index.php?rest_route=\/"}],"wp:attachment":[{"href":"https:\/\/quehacerpolitico.mx\/index.php?rest_route=%2Fwp%2Fv2%2Fmedia&parent=15634"}],"wp:term":[{"taxonomy":"category","embeddable":true,"href":"https:\/\/quehacerpolitico.mx\/index.php?rest_route=%2Fwp%2Fv2%2Fcategories&post=15634"},{"taxonomy":"post_tag","embeddable":true,"href":"https:\/\/quehacerpolitico.mx\/index.php?rest_route=%2Fwp%2Fv2%2Ftags&post=15634"}],"curies":[{"name":"wp","href":"https:\/\/api.w.org\/{rel}","templated":true}]}}