{"id":15632,"date":"2019-01-31T03:40:18","date_gmt":"2019-01-31T03:40:18","guid":{"rendered":"http:\/\/quehacerpolitico.mx\/ministros-se-oponen-a-levantar-suspension-y-ley-federal-de-remuneraciones-se-mantiene-congelada\/"},"modified":"2019-01-31T03:40:18","modified_gmt":"2019-01-31T03:40:18","slug":"ministros-se-oponen-a-levantar-suspension-y-ley-federal-de-remuneraciones-se-mantiene-congelada","status":"publish","type":"post","link":"https:\/\/quehacerpolitico.mx\/?p=15632","title":{"rendered":"Ministros se oponen a levantar suspensi\u00f3n y Ley Federal de Remuneraciones se mantiene congelada"},"content":{"rendered":"<h1>Ministros se oponen a levantar suspensi\u00f3n y Ley Federal de Remuneraciones se mantiene congelada<\/h1>\n<p>Por Redacci\u00f3n QP<\/p>\n<p>La <strong>Suprema Corte de Justicia de la Naci\u00f3n (SCJN)<\/strong> mantendr\u00e1 congelada la <strong>Ley Federal de Remuneraciones de Servidores P\u00fablicos<\/strong>.<\/p>\n<blockquote>\n<p>\u201cPor mayor\u00eda de votos, la<strong> Segunda Sala de la Suprema Corte de Justicia de la Naci\u00f3n (SCJN)<\/strong> desech\u00f3 el proyecto presentado por el <strong>Ministro Javier Laynez Potisek<\/strong>, que propon\u00eda revocar la suspensi\u00f3n concedida en contra de la <strong>Ley Federal de Remuneraciones<\/strong> de los Servidores P\u00fablicos\u201d, inform\u00f3.<\/p>\n<\/blockquote>\n<p>\u201cPor lo anterior, el recurso correspondiente tendr\u00e1 que ser turnado a un Ministro de la mayor\u00eda, quien deber\u00e1 presentar a consideraci\u00f3n de la Sala una propuesta diferente. Hasta entonces, la suspensi\u00f3n solicitada en la acci\u00f3n de inconstitucionalidad 108\/2018 presentada por una minor\u00eda de senadores del PRI, PAN, PRD, MC y un senador independiente, permanece vigente\u201d, detall\u00f3.<\/p>\n<p><img loading=\"lazy\" decoding=\"async\" class=\"alignnone wp-image-3529521 size-full\" src=\"https:\/\/www.sinembargo.mx\/wp-content\/uploads\/2019\/01\/dymjyagv4aas9nt.jpg\" sizes=\"auto, (max-width: 700px) 100vw, 700px\" srcset=\"https:\/\/www.sinembargo.mx\/wp-content\/uploads\/2019\/01\/dymjyagv4aas9nt.jpg 700w, https:\/\/www.sinembargo.mx\/wp-content\/uploads\/2019\/01\/dymjyagv4aas9nt-232x300.jpg 232w\" alt=\"\" width=\"700\" height=\"906\" \/><\/p>\n<blockquote>\n<p>El 7 de diciembre, el\u00a0<strong>Ministro Alberto P\u00e9rez Day\u00e1n<\/strong>\u00a0admiti\u00f3 la acci\u00f3n de inconstitucionalidad contra la\u00a0<strong>Ley Federal de Remuneraciones<\/strong>\u00a0y prohibi\u00f3 que se utilice para fijar los\u00a0<strong>salarios<\/strong>\u00a0de los\u00a0<strong>funcionarios<\/strong>\u00a0que tendr\u00e1n en 2019.<\/p>\n<p>La acci\u00f3n de inconstitucionalidad fue impulsada por senadores del Partido de la Revoluci\u00f3n Democr\u00e1tica (PRD), del Revolucionario Institucional (PRI), Acci\u00f3n Nacional (PAN) y Movimiento Ciudadano (MC) contra la reducci\u00f3n de salarios de los funcionarios.<\/p>\n<p>El Ministro Alberto P\u00e9rez concedi\u00f3 la suspensi\u00f3n, la cual, sin embargo, no impide expresamente la reducci\u00f3n de los salarios, pero obliga a que los sueldos se fijen con base en reglas previstas en la Constituci\u00f3n, seg\u00fan los art\u00edculos 75, 94 y 127.<\/p>\n<p>Lo ofreci\u00f3 muchas veces, tanto en campa\u00f1as como cuando fue investido con la banda presidencial. <strong>Andr\u00e9s Manuel L\u00f3pez Obrador<\/strong>deseaba que ning\u00fan empleado p\u00fablico ganara m\u00e1s que \u00e9l, como parte de su <strong>plan de austeridad<\/strong>. Pero en 2019, la realidad es otra: m\u00e1s de 4 mil 200 funcionarios tienen ingresos superiores al del Presidente de M\u00e9xico, de acuerdo con una revisi\u00f3n de los Anal\u00edticos de Plazas y Remuneraciones del <strong>Presupuesto de Egresos de la Federaci\u00f3n<\/strong> (PEF), aprobado por la C\u00e1mara de Diputados para 2019.<\/p>\n<\/blockquote>\n","protected":false},"excerpt":{"rendered":"<p>Ministros se oponen a levantar suspensi\u00f3n y Ley Federal de Remuneraciones se mantiene congelada<br \/>\nPor Redacci\u00f3n QP<\/p>\n","protected":false},"author":2,"featured_media":15631,"comment_status":"open","ping_status":"open","sticky":false,"template":"","format":"standard","meta":{"_monsterinsights_skip_tracking":false,"_monsterinsights_sitenote_active":false,"_monsterinsights_sitenote_note":"","_monsterinsights_sitenote_category":0,"footnotes":""},"categories":[2],"tags":[],"class_list":["post-15632","post","type-post","status-publish","format-standard","has-post-thumbnail","hentry","category-noticias"],"yoast_head":"<!-- This site is optimized with the Yoast SEO plugin v27.3 - https:\/\/yoast.com\/product\/yoast-seo-wordpress\/ -->\n<title>Ministros se oponen a levantar suspensi\u00f3n y Ley Federal de Remuneraciones se mantiene congelada -<\/title>\n<meta name=\"robots\" content=\"index, follow, max-snippet:-1, max-image-preview:large, max-video-preview:-1\" \/>\n<link rel=\"canonical\" href=\"https:\/\/quehacerpolitico.mx\/?p=15632\" \/>\n<meta property=\"og:locale\" content=\"es_MX\" \/>\n<meta property=\"og:type\" content=\"article\" \/>\n<meta property=\"og:title\" content=\"Ministros se oponen a levantar suspensi\u00f3n y Ley Federal de Remuneraciones se mantiene congelada -\" \/>\n<meta property=\"og:description\" content=\"Ministros se oponen a levantar suspensi\u00f3n y Ley Federal de Remuneraciones se mantiene congelada Por Redacci\u00f3n QP\" \/>\n<meta property=\"og:url\" content=\"https:\/\/quehacerpolitico.mx\/?p=15632\" \/>\n<meta property=\"article:published_time\" content=\"2019-01-31T03:40:18+00:00\" \/>\n<meta name=\"author\" content=\"Redacci\u00f3n QP\" \/>\n<meta name=\"twitter:card\" content=\"summary_large_image\" \/>\n<meta name=\"twitter:label1\" content=\"Escrito por\" \/>\n\t<meta name=\"twitter:data1\" content=\"Redacci\u00f3n QP\" \/>\n\t<meta name=\"twitter:label2\" content=\"Tiempo de lectura\" \/>\n\t<meta name=\"twitter:data2\" content=\"2 minutos\" \/>\n<script type=\"application\/ld+json\" class=\"yoast-schema-graph\">{\"@context\":\"https:\\\/\\\/schema.org\",\"@graph\":[{\"@type\":\"Article\",\"@id\":\"https:\\\/\\\/quehacerpolitico.mx\\\/?p=15632#article\",\"isPartOf\":{\"@id\":\"https:\\\/\\\/quehacerpolitico.mx\\\/?p=15632\"},\"author\":{\"name\":\"Redacci\u00f3n QP\",\"@id\":\"https:\\\/\\\/quehacerpolitico.mx\\\/#\\\/schema\\\/person\\\/496d8ad2d1d3f8036101dca7ee39e585\"},\"headline\":\"Ministros se oponen a levantar suspensi\u00f3n y Ley Federal de Remuneraciones se mantiene congelada\",\"datePublished\":\"2019-01-31T03:40:18+00:00\",\"mainEntityOfPage\":{\"@id\":\"https:\\\/\\\/quehacerpolitico.mx\\\/?p=15632\"},\"wordCount\":379,\"commentCount\":0,\"image\":{\"@id\":\"https:\\\/\\\/quehacerpolitico.mx\\\/?p=15632#primaryimage\"},\"thumbnailUrl\":\"\",\"articleSection\":[\"Noticias\"],\"inLanguage\":\"es\",\"potentialAction\":[{\"@type\":\"CommentAction\",\"name\":\"Comment\",\"target\":[\"https:\\\/\\\/quehacerpolitico.mx\\\/?p=15632#respond\"]}]},{\"@type\":\"WebPage\",\"@id\":\"https:\\\/\\\/quehacerpolitico.mx\\\/?p=15632\",\"url\":\"https:\\\/\\\/quehacerpolitico.mx\\\/?p=15632\",\"name\":\"Ministros se oponen a levantar suspensi\u00f3n y Ley Federal de Remuneraciones se mantiene congelada -\",\"isPartOf\":{\"@id\":\"https:\\\/\\\/quehacerpolitico.mx\\\/#website\"},\"primaryImageOfPage\":{\"@id\":\"https:\\\/\\\/quehacerpolitico.mx\\\/?p=15632#primaryimage\"},\"image\":{\"@id\":\"https:\\\/\\\/quehacerpolitico.mx\\\/?p=15632#primaryimage\"},\"thumbnailUrl\":\"\",\"datePublished\":\"2019-01-31T03:40:18+00:00\",\"author\":{\"@id\":\"https:\\\/\\\/quehacerpolitico.mx\\\/#\\\/schema\\\/person\\\/496d8ad2d1d3f8036101dca7ee39e585\"},\"breadcrumb\":{\"@id\":\"https:\\\/\\\/quehacerpolitico.mx\\\/?p=15632#breadcrumb\"},\"inLanguage\":\"es\",\"potentialAction\":[{\"@type\":\"ReadAction\",\"target\":[\"https:\\\/\\\/quehacerpolitico.mx\\\/?p=15632\"]}]},{\"@type\":\"ImageObject\",\"inLanguage\":\"es\",\"@id\":\"https:\\\/\\\/quehacerpolitico.mx\\\/?p=15632#primaryimage\",\"url\":\"\",\"contentUrl\":\"\"},{\"@type\":\"BreadcrumbList\",\"@id\":\"https:\\\/\\\/quehacerpolitico.mx\\\/?p=15632#breadcrumb\",\"itemListElement\":[{\"@type\":\"ListItem\",\"position\":1,\"name\":\"Inicio\",\"item\":\"https:\\\/\\\/quehacerpolitico.mx\\\/\"},{\"@type\":\"ListItem\",\"position\":2,\"name\":\"Ministros se oponen a levantar suspensi\u00f3n y Ley Federal de Remuneraciones se mantiene congelada\"}]},{\"@type\":\"WebSite\",\"@id\":\"https:\\\/\\\/quehacerpolitico.mx\\\/#website\",\"url\":\"https:\\\/\\\/quehacerpolitico.mx\\\/\",\"name\":\"\",\"description\":\"\",\"potentialAction\":[{\"@type\":\"SearchAction\",\"target\":{\"@type\":\"EntryPoint\",\"urlTemplate\":\"https:\\\/\\\/quehacerpolitico.mx\\\/?s={search_term_string}\"},\"query-input\":{\"@type\":\"PropertyValueSpecification\",\"valueRequired\":true,\"valueName\":\"search_term_string\"}}],\"inLanguage\":\"es\"},{\"@type\":\"Person\",\"@id\":\"https:\\\/\\\/quehacerpolitico.mx\\\/#\\\/schema\\\/person\\\/496d8ad2d1d3f8036101dca7ee39e585\",\"name\":\"Redacci\u00f3n QP\",\"image\":{\"@type\":\"ImageObject\",\"inLanguage\":\"es\",\"@id\":\"https:\\\/\\\/secure.gravatar.com\\\/avatar\\\/c7164ed6fdec453195284ad24a5ae5b6e1eed2b848477fa2a4787ba9adf39a41?s=96&d=mm&r=g\",\"url\":\"https:\\\/\\\/secure.gravatar.com\\\/avatar\\\/c7164ed6fdec453195284ad24a5ae5b6e1eed2b848477fa2a4787ba9adf39a41?s=96&d=mm&r=g\",\"contentUrl\":\"https:\\\/\\\/secure.gravatar.com\\\/avatar\\\/c7164ed6fdec453195284ad24a5ae5b6e1eed2b848477fa2a4787ba9adf39a41?s=96&d=mm&r=g\",\"caption\":\"Redacci\u00f3n QP\"},\"url\":\"https:\\\/\\\/quehacerpolitico.mx\\\/?author=2\"}]}<\/script>\n<!-- \/ Yoast SEO plugin. -->","yoast_head_json":{"title":"Ministros se oponen a levantar suspensi\u00f3n y Ley Federal de Remuneraciones se mantiene congelada -","robots":{"index":"index","follow":"follow","max-snippet":"max-snippet:-1","max-image-preview":"max-image-preview:large","max-video-preview":"max-video-preview:-1"},"canonical":"https:\/\/quehacerpolitico.mx\/?p=15632","og_locale":"es_MX","og_type":"article","og_title":"Ministros se oponen a levantar suspensi\u00f3n y Ley Federal de Remuneraciones se mantiene congelada -","og_description":"Ministros se oponen a levantar suspensi\u00f3n y Ley Federal de Remuneraciones se mantiene congelada Por Redacci\u00f3n QP","og_url":"https:\/\/quehacerpolitico.mx\/?p=15632","article_published_time":"2019-01-31T03:40:18+00:00","author":"Redacci\u00f3n QP","twitter_card":"summary_large_image","twitter_misc":{"Escrito por":"Redacci\u00f3n QP","Tiempo de lectura":"2 minutos"},"schema":{"@context":"https:\/\/schema.org","@graph":[{"@type":"Article","@id":"https:\/\/quehacerpolitico.mx\/?p=15632#article","isPartOf":{"@id":"https:\/\/quehacerpolitico.mx\/?p=15632"},"author":{"name":"Redacci\u00f3n QP","@id":"https:\/\/quehacerpolitico.mx\/#\/schema\/person\/496d8ad2d1d3f8036101dca7ee39e585"},"headline":"Ministros se oponen a levantar suspensi\u00f3n y Ley Federal de Remuneraciones se mantiene congelada","datePublished":"2019-01-31T03:40:18+00:00","mainEntityOfPage":{"@id":"https:\/\/quehacerpolitico.mx\/?p=15632"},"wordCount":379,"commentCount":0,"image":{"@id":"https:\/\/quehacerpolitico.mx\/?p=15632#primaryimage"},"thumbnailUrl":"","articleSection":["Noticias"],"inLanguage":"es","potentialAction":[{"@type":"CommentAction","name":"Comment","target":["https:\/\/quehacerpolitico.mx\/?p=15632#respond"]}]},{"@type":"WebPage","@id":"https:\/\/quehacerpolitico.mx\/?p=15632","url":"https:\/\/quehacerpolitico.mx\/?p=15632","name":"Ministros se oponen a levantar suspensi\u00f3n y Ley Federal de Remuneraciones se mantiene congelada -","isPartOf":{"@id":"https:\/\/quehacerpolitico.mx\/#website"},"primaryImageOfPage":{"@id":"https:\/\/quehacerpolitico.mx\/?p=15632#primaryimage"},"image":{"@id":"https:\/\/quehacerpolitico.mx\/?p=15632#primaryimage"},"thumbnailUrl":"","datePublished":"2019-01-31T03:40:18+00:00","author":{"@id":"https:\/\/quehacerpolitico.mx\/#\/schema\/person\/496d8ad2d1d3f8036101dca7ee39e585"},"breadcrumb":{"@id":"https:\/\/quehacerpolitico.mx\/?p=15632#breadcrumb"},"inLanguage":"es","potentialAction":[{"@type":"ReadAction","target":["https:\/\/quehacerpolitico.mx\/?p=15632"]}]},{"@type":"ImageObject","inLanguage":"es","@id":"https:\/\/quehacerpolitico.mx\/?p=15632#primaryimage","url":"","contentUrl":""},{"@type":"BreadcrumbList","@id":"https:\/\/quehacerpolitico.mx\/?p=15632#breadcrumb","itemListElement":[{"@type":"ListItem","position":1,"name":"Inicio","item":"https:\/\/quehacerpolitico.mx\/"},{"@type":"ListItem","position":2,"name":"Ministros se oponen a levantar suspensi\u00f3n y Ley Federal de Remuneraciones se mantiene congelada"}]},{"@type":"WebSite","@id":"https:\/\/quehacerpolitico.mx\/#website","url":"https:\/\/quehacerpolitico.mx\/","name":"","description":"","potentialAction":[{"@type":"SearchAction","target":{"@type":"EntryPoint","urlTemplate":"https:\/\/quehacerpolitico.mx\/?s={search_term_string}"},"query-input":{"@type":"PropertyValueSpecification","valueRequired":true,"valueName":"search_term_string"}}],"inLanguage":"es"},{"@type":"Person","@id":"https:\/\/quehacerpolitico.mx\/#\/schema\/person\/496d8ad2d1d3f8036101dca7ee39e585","name":"Redacci\u00f3n QP","image":{"@type":"ImageObject","inLanguage":"es","@id":"https:\/\/secure.gravatar.com\/avatar\/c7164ed6fdec453195284ad24a5ae5b6e1eed2b848477fa2a4787ba9adf39a41?s=96&d=mm&r=g","url":"https:\/\/secure.gravatar.com\/avatar\/c7164ed6fdec453195284ad24a5ae5b6e1eed2b848477fa2a4787ba9adf39a41?s=96&d=mm&r=g","contentUrl":"https:\/\/secure.gravatar.com\/avatar\/c7164ed6fdec453195284ad24a5ae5b6e1eed2b848477fa2a4787ba9adf39a41?s=96&d=mm&r=g","caption":"Redacci\u00f3n QP"},"url":"https:\/\/quehacerpolitico.mx\/?author=2"}]}},"featured_image_urls":{"full":"","thumbnail":"","medium":"","medium_large":"","large":"","1536x1536":"","2048x2048":"","covernews-featured":"","covernews-medium":""},"author_info":{"display_name":"Redacci\u00f3n QP","author_link":"https:\/\/quehacerpolitico.mx\/?author=2"},"category_info":"<a href=\"https:\/\/quehacerpolitico.mx\/?cat=2\" rel=\"category\">Noticias<\/a>","tag_info":"Noticias","comment_count":"0","_links":{"self":[{"href":"https:\/\/quehacerpolitico.mx\/index.php?rest_route=\/wp\/v2\/posts\/15632","targetHints":{"allow":["GET"]}}],"collection":[{"href":"https:\/\/quehacerpolitico.mx\/index.php?rest_route=\/wp\/v2\/posts"}],"about":[{"href":"https:\/\/quehacerpolitico.mx\/index.php?rest_route=\/wp\/v2\/types\/post"}],"author":[{"embeddable":true,"href":"https:\/\/quehacerpolitico.mx\/index.php?rest_route=\/wp\/v2\/users\/2"}],"replies":[{"embeddable":true,"href":"https:\/\/quehacerpolitico.mx\/index.php?rest_route=%2Fwp%2Fv2%2Fcomments&post=15632"}],"version-history":[{"count":0,"href":"https:\/\/quehacerpolitico.mx\/index.php?rest_route=\/wp\/v2\/posts\/15632\/revisions"}],"wp:featuredmedia":[{"embeddable":true,"href":"https:\/\/quehacerpolitico.mx\/index.php?rest_route=\/"}],"wp:attachment":[{"href":"https:\/\/quehacerpolitico.mx\/index.php?rest_route=%2Fwp%2Fv2%2Fmedia&parent=15632"}],"wp:term":[{"taxonomy":"category","embeddable":true,"href":"https:\/\/quehacerpolitico.mx\/index.php?rest_route=%2Fwp%2Fv2%2Fcategories&post=15632"},{"taxonomy":"post_tag","embeddable":true,"href":"https:\/\/quehacerpolitico.mx\/index.php?rest_route=%2Fwp%2Fv2%2Ftags&post=15632"}],"curies":[{"name":"wp","href":"https:\/\/api.w.org\/{rel}","templated":true}]}}