{"id":15630,"date":"2019-01-31T03:32:23","date_gmt":"2019-01-31T03:32:23","guid":{"rendered":"http:\/\/quehacerpolitico.mx\/emma-coronel-dice-que-admira-a-el-chapo-como-ser-humano-no-es-como-lo-pintan-asegura\/"},"modified":"2019-01-31T03:32:23","modified_gmt":"2019-01-31T03:32:23","slug":"emma-coronel-dice-que-admira-a-el-chapo-como-ser-humano-no-es-como-lo-pintan-asegura","status":"publish","type":"post","link":"https:\/\/quehacerpolitico.mx\/?p=15630","title":{"rendered":"Emma Coronel dice que admira a \u201cEl Chapo\u201d como ser humano; no es como lo pintan, asegura"},"content":{"rendered":"<h1>Emma Coronel dice que admira a \u201cEl Chapo\u201d como ser humano; no es como lo pintan, asegura<\/h1>\n<p>Por Redacci\u00f3n QP<\/p>\n<p><strong>Emma Coronel<\/strong>, la esposa de Joaqu\u00edn \u201cEl Chapo\u201d Guzm\u00e1n, el ex l\u00edder del <strong>c\u00e1rtel de Sinaloa<\/strong> que est\u00e1 siendo juzgado en Nueva York por narcotr\u00e1fico, afirm\u00f3 en una entrevista publicada este mi\u00e9rcoles por<em> The New York Times<\/em> que<strong> lo admira como ser humano<\/strong> y no reconoce el retrato que se ha hecho de \u00e9l en los tribunales.<\/p>\n<blockquote>\n<p>\u201cNo conozco<strong> a mi marido<\/strong> como la persona que est\u00e1n intentando mostrar\u201d, declar\u00f3 Coronel,<strong> de 29 a\u00f1os<\/strong>, que comparte dos hijas peque\u00f1as con el<strong> capo mexicano<\/strong>. \u201cM\u00e1s bien lo admiro como el ser humano que conoc\u00ed, y con el que me cas\u00e9\u201d, a\u00f1adi\u00f3.<\/p>\n<\/blockquote>\n<p>La mujer, nacida en California y con la que Guzm\u00e1n se cas\u00f3 en 2007 en cuanto ella cumpli\u00f3 la mayor\u00eda de edad, revel\u00f3 al diario que el juicio contra su marido ha sido \u201cdemasiado\u201d, ya que odia \u201cel drama\u201d.<\/p>\n<p>\u201cEsta situaci\u00f3n que estamos atravesando ahora mismo es dif\u00edcil y pesada (\u2026). Sin embargo, tengo fe y estoy convencida de que Dios nos pone solo los obst\u00e1culos que podemos superar, y conf\u00edo en que as\u00ed ser\u00e1\u201d, explic\u00f3.<\/p>\n<p>\u201cEl Chapo\u201d, de 61 a\u00f1os, fue extraditado a Estados Unidos en enero de 2017 y durante las \u00faltimas semanas ha estado siendo juzgado en un tribunal federal de Nueva York al que han acudido 56 testigos, entre ellos ex socios del presunto capo, agentes antidroga o expertos.<\/p>\n<p>Uno de los socios, el narcotraficante D\u00e1maso L\u00f3pez, incrimin\u00f3 a Coronel en la fuga del \u201cChapo\u201d de la prisi\u00f3n de Altiplano (M\u00e9xico) en 2015 y dijo que \u00e9sta le llev\u00f3 las instrucciones y que su hermano tambi\u00e9n colabor\u00f3 en la huida.<\/p>\n<blockquote>\n<p>La mujer declin\u00f3 comentar ese tema, a ra\u00edz del cual el diario apunta que no se puede obligar a parejas casadas a testificar uno en contra del otro, pero las revelaciones invitan a preguntarse c\u00f3mo la esposa del narcotraficante no ha sido acusada de ning\u00fan delito.<\/p>\n<\/blockquote>\n<p>No hizo m\u00e1s referencias al proceso que atraviesa su marido y que ya se encuentra en la fase de argumentaciones finales por parte de Fiscal\u00eda y defensa antes de que delibere el jurado, pero reconoci\u00f3 que la vida familiar del matrimonio \u201cha cambiado\u201d.<\/p>\n<p>Las hijas gemelas de 7 a\u00f1os que comparten est\u00e1n escolarizadas en M\u00e9xico y estos d\u00edas se comunica con ellas mediante mensajes de texto, pero mientras las ha criado teniendo al padre en prisi\u00f3n, Coronel no se ha sentido \u201cuna madre soltera\u201d.<\/p>\n<p>\u201cM\u00e1s bien, (me considero) una madre que en este momento no tiene el apoyo de su marido, pero conf\u00eda en que la familia estar\u00e1 bien\u201d, explic\u00f3 la mujer, para quien \u201cEl Chapo\u201d es un progenitor presente y atento que adora a sus hijas.<\/p>\n<blockquote>\n<p>\u201cHe tenido que estar separada de mis hijas para acompa\u00f1arlo, ahora que soy la \u00fanica persona de su familia que puede estar aqu\u00ed en Nueva York con \u00e9l\u201d, dijo sobre sus \u00faltimas semanas en la urbe, en la que ha llevado una rutina tranquila.<\/p>\n<\/blockquote>\n<p>Coronel, que asegura tuvo una \u201cinfancia sencilla en una familia cari\u00f1osa y unida\u201d, explic\u00f3 respecto a su relaci\u00f3n personal que conoci\u00f3 al \u201cChapo\u201d de adolescente y surgi\u00f3 una \u201cbonita amistad\u201d que se convirti\u00f3 en noviazgo, pese a sus 32 a\u00f1os de diferencia.<\/p>\n<p>\u201cY cuando cumpl\u00ed 18 a\u00f1os, nos casamos en una ceremonia muy simple con familiares y solo amigos cercanos\u201d, a\u00f1adi\u00f3.<\/p>\n<p>Con Informaci\u00f3n de EFE<\/p>\n","protected":false},"excerpt":{"rendered":"<p>Emma Coronel dice que admira a \u201cEl Chapo\u201d como ser humano; no es como lo pintan, asegura<br \/>\nPor Redacci\u00f3n QP<\/p>\n","protected":false},"author":2,"featured_media":15629,"comment_status":"open","ping_status":"open","sticky":false,"template":"","format":"standard","meta":{"_monsterinsights_skip_tracking":false,"_monsterinsights_sitenote_active":false,"_monsterinsights_sitenote_note":"","_monsterinsights_sitenote_category":0,"footnotes":""},"categories":[2],"tags":[],"class_list":["post-15630","post","type-post","status-publish","format-standard","has-post-thumbnail","hentry","category-noticias"],"yoast_head":"<!-- This site is optimized with the Yoast SEO plugin v27.3 - https:\/\/yoast.com\/product\/yoast-seo-wordpress\/ -->\n<title>Emma Coronel dice que admira a \u201cEl Chapo\u201d como ser humano; no es como lo pintan, asegura -<\/title>\n<meta name=\"robots\" content=\"index, follow, max-snippet:-1, max-image-preview:large, max-video-preview:-1\" \/>\n<link rel=\"canonical\" href=\"https:\/\/quehacerpolitico.mx\/?p=15630\" \/>\n<meta property=\"og:locale\" content=\"es_MX\" \/>\n<meta property=\"og:type\" content=\"article\" \/>\n<meta property=\"og:title\" content=\"Emma Coronel dice que admira a \u201cEl Chapo\u201d como ser humano; no es como lo pintan, asegura -\" \/>\n<meta property=\"og:description\" content=\"Emma Coronel dice que admira a \u201cEl Chapo\u201d como ser humano; no es como lo pintan, asegura Por Redacci\u00f3n QP\" \/>\n<meta property=\"og:url\" content=\"https:\/\/quehacerpolitico.mx\/?p=15630\" \/>\n<meta property=\"article:published_time\" content=\"2019-01-31T03:32:23+00:00\" \/>\n<meta name=\"author\" content=\"Redacci\u00f3n QP\" \/>\n<meta name=\"twitter:card\" content=\"summary_large_image\" \/>\n<meta name=\"twitter:label1\" content=\"Escrito por\" \/>\n\t<meta name=\"twitter:data1\" content=\"Redacci\u00f3n QP\" \/>\n\t<meta name=\"twitter:label2\" content=\"Tiempo de lectura\" \/>\n\t<meta name=\"twitter:data2\" content=\"3 minutos\" \/>\n<script type=\"application\/ld+json\" class=\"yoast-schema-graph\">{\"@context\":\"https:\\\/\\\/schema.org\",\"@graph\":[{\"@type\":\"Article\",\"@id\":\"https:\\\/\\\/quehacerpolitico.mx\\\/?p=15630#article\",\"isPartOf\":{\"@id\":\"https:\\\/\\\/quehacerpolitico.mx\\\/?p=15630\"},\"author\":{\"name\":\"Redacci\u00f3n QP\",\"@id\":\"https:\\\/\\\/quehacerpolitico.mx\\\/#\\\/schema\\\/person\\\/496d8ad2d1d3f8036101dca7ee39e585\"},\"headline\":\"Emma Coronel dice que admira a \u201cEl Chapo\u201d como ser humano; no es como lo pintan, asegura\",\"datePublished\":\"2019-01-31T03:32:23+00:00\",\"mainEntityOfPage\":{\"@id\":\"https:\\\/\\\/quehacerpolitico.mx\\\/?p=15630\"},\"wordCount\":616,\"commentCount\":0,\"image\":{\"@id\":\"https:\\\/\\\/quehacerpolitico.mx\\\/?p=15630#primaryimage\"},\"thumbnailUrl\":\"\",\"articleSection\":[\"Noticias\"],\"inLanguage\":\"es\",\"potentialAction\":[{\"@type\":\"CommentAction\",\"name\":\"Comment\",\"target\":[\"https:\\\/\\\/quehacerpolitico.mx\\\/?p=15630#respond\"]}]},{\"@type\":\"WebPage\",\"@id\":\"https:\\\/\\\/quehacerpolitico.mx\\\/?p=15630\",\"url\":\"https:\\\/\\\/quehacerpolitico.mx\\\/?p=15630\",\"name\":\"Emma Coronel dice que admira a \u201cEl Chapo\u201d como ser humano; no es como lo pintan, asegura -\",\"isPartOf\":{\"@id\":\"https:\\\/\\\/quehacerpolitico.mx\\\/#website\"},\"primaryImageOfPage\":{\"@id\":\"https:\\\/\\\/quehacerpolitico.mx\\\/?p=15630#primaryimage\"},\"image\":{\"@id\":\"https:\\\/\\\/quehacerpolitico.mx\\\/?p=15630#primaryimage\"},\"thumbnailUrl\":\"\",\"datePublished\":\"2019-01-31T03:32:23+00:00\",\"author\":{\"@id\":\"https:\\\/\\\/quehacerpolitico.mx\\\/#\\\/schema\\\/person\\\/496d8ad2d1d3f8036101dca7ee39e585\"},\"breadcrumb\":{\"@id\":\"https:\\\/\\\/quehacerpolitico.mx\\\/?p=15630#breadcrumb\"},\"inLanguage\":\"es\",\"potentialAction\":[{\"@type\":\"ReadAction\",\"target\":[\"https:\\\/\\\/quehacerpolitico.mx\\\/?p=15630\"]}]},{\"@type\":\"ImageObject\",\"inLanguage\":\"es\",\"@id\":\"https:\\\/\\\/quehacerpolitico.mx\\\/?p=15630#primaryimage\",\"url\":\"\",\"contentUrl\":\"\"},{\"@type\":\"BreadcrumbList\",\"@id\":\"https:\\\/\\\/quehacerpolitico.mx\\\/?p=15630#breadcrumb\",\"itemListElement\":[{\"@type\":\"ListItem\",\"position\":1,\"name\":\"Inicio\",\"item\":\"https:\\\/\\\/quehacerpolitico.mx\\\/\"},{\"@type\":\"ListItem\",\"position\":2,\"name\":\"Emma Coronel dice que admira a \u201cEl Chapo\u201d como ser humano; no es como lo pintan, asegura\"}]},{\"@type\":\"WebSite\",\"@id\":\"https:\\\/\\\/quehacerpolitico.mx\\\/#website\",\"url\":\"https:\\\/\\\/quehacerpolitico.mx\\\/\",\"name\":\"\",\"description\":\"\",\"potentialAction\":[{\"@type\":\"SearchAction\",\"target\":{\"@type\":\"EntryPoint\",\"urlTemplate\":\"https:\\\/\\\/quehacerpolitico.mx\\\/?s={search_term_string}\"},\"query-input\":{\"@type\":\"PropertyValueSpecification\",\"valueRequired\":true,\"valueName\":\"search_term_string\"}}],\"inLanguage\":\"es\"},{\"@type\":\"Person\",\"@id\":\"https:\\\/\\\/quehacerpolitico.mx\\\/#\\\/schema\\\/person\\\/496d8ad2d1d3f8036101dca7ee39e585\",\"name\":\"Redacci\u00f3n QP\",\"image\":{\"@type\":\"ImageObject\",\"inLanguage\":\"es\",\"@id\":\"https:\\\/\\\/secure.gravatar.com\\\/avatar\\\/c7164ed6fdec453195284ad24a5ae5b6e1eed2b848477fa2a4787ba9adf39a41?s=96&d=mm&r=g\",\"url\":\"https:\\\/\\\/secure.gravatar.com\\\/avatar\\\/c7164ed6fdec453195284ad24a5ae5b6e1eed2b848477fa2a4787ba9adf39a41?s=96&d=mm&r=g\",\"contentUrl\":\"https:\\\/\\\/secure.gravatar.com\\\/avatar\\\/c7164ed6fdec453195284ad24a5ae5b6e1eed2b848477fa2a4787ba9adf39a41?s=96&d=mm&r=g\",\"caption\":\"Redacci\u00f3n QP\"},\"url\":\"https:\\\/\\\/quehacerpolitico.mx\\\/?author=2\"}]}<\/script>\n<!-- \/ Yoast SEO plugin. -->","yoast_head_json":{"title":"Emma Coronel dice que admira a \u201cEl Chapo\u201d como ser humano; no es como lo pintan, asegura -","robots":{"index":"index","follow":"follow","max-snippet":"max-snippet:-1","max-image-preview":"max-image-preview:large","max-video-preview":"max-video-preview:-1"},"canonical":"https:\/\/quehacerpolitico.mx\/?p=15630","og_locale":"es_MX","og_type":"article","og_title":"Emma Coronel dice que admira a \u201cEl Chapo\u201d como ser humano; no es como lo pintan, asegura -","og_description":"Emma Coronel dice que admira a \u201cEl Chapo\u201d como ser humano; no es como lo pintan, asegura Por Redacci\u00f3n QP","og_url":"https:\/\/quehacerpolitico.mx\/?p=15630","article_published_time":"2019-01-31T03:32:23+00:00","author":"Redacci\u00f3n QP","twitter_card":"summary_large_image","twitter_misc":{"Escrito por":"Redacci\u00f3n QP","Tiempo de lectura":"3 minutos"},"schema":{"@context":"https:\/\/schema.org","@graph":[{"@type":"Article","@id":"https:\/\/quehacerpolitico.mx\/?p=15630#article","isPartOf":{"@id":"https:\/\/quehacerpolitico.mx\/?p=15630"},"author":{"name":"Redacci\u00f3n QP","@id":"https:\/\/quehacerpolitico.mx\/#\/schema\/person\/496d8ad2d1d3f8036101dca7ee39e585"},"headline":"Emma Coronel dice que admira a \u201cEl Chapo\u201d como ser humano; no es como lo pintan, asegura","datePublished":"2019-01-31T03:32:23+00:00","mainEntityOfPage":{"@id":"https:\/\/quehacerpolitico.mx\/?p=15630"},"wordCount":616,"commentCount":0,"image":{"@id":"https:\/\/quehacerpolitico.mx\/?p=15630#primaryimage"},"thumbnailUrl":"","articleSection":["Noticias"],"inLanguage":"es","potentialAction":[{"@type":"CommentAction","name":"Comment","target":["https:\/\/quehacerpolitico.mx\/?p=15630#respond"]}]},{"@type":"WebPage","@id":"https:\/\/quehacerpolitico.mx\/?p=15630","url":"https:\/\/quehacerpolitico.mx\/?p=15630","name":"Emma Coronel dice que admira a \u201cEl Chapo\u201d como ser humano; no es como lo pintan, asegura -","isPartOf":{"@id":"https:\/\/quehacerpolitico.mx\/#website"},"primaryImageOfPage":{"@id":"https:\/\/quehacerpolitico.mx\/?p=15630#primaryimage"},"image":{"@id":"https:\/\/quehacerpolitico.mx\/?p=15630#primaryimage"},"thumbnailUrl":"","datePublished":"2019-01-31T03:32:23+00:00","author":{"@id":"https:\/\/quehacerpolitico.mx\/#\/schema\/person\/496d8ad2d1d3f8036101dca7ee39e585"},"breadcrumb":{"@id":"https:\/\/quehacerpolitico.mx\/?p=15630#breadcrumb"},"inLanguage":"es","potentialAction":[{"@type":"ReadAction","target":["https:\/\/quehacerpolitico.mx\/?p=15630"]}]},{"@type":"ImageObject","inLanguage":"es","@id":"https:\/\/quehacerpolitico.mx\/?p=15630#primaryimage","url":"","contentUrl":""},{"@type":"BreadcrumbList","@id":"https:\/\/quehacerpolitico.mx\/?p=15630#breadcrumb","itemListElement":[{"@type":"ListItem","position":1,"name":"Inicio","item":"https:\/\/quehacerpolitico.mx\/"},{"@type":"ListItem","position":2,"name":"Emma Coronel dice que admira a \u201cEl Chapo\u201d como ser humano; no es como lo pintan, asegura"}]},{"@type":"WebSite","@id":"https:\/\/quehacerpolitico.mx\/#website","url":"https:\/\/quehacerpolitico.mx\/","name":"","description":"","potentialAction":[{"@type":"SearchAction","target":{"@type":"EntryPoint","urlTemplate":"https:\/\/quehacerpolitico.mx\/?s={search_term_string}"},"query-input":{"@type":"PropertyValueSpecification","valueRequired":true,"valueName":"search_term_string"}}],"inLanguage":"es"},{"@type":"Person","@id":"https:\/\/quehacerpolitico.mx\/#\/schema\/person\/496d8ad2d1d3f8036101dca7ee39e585","name":"Redacci\u00f3n QP","image":{"@type":"ImageObject","inLanguage":"es","@id":"https:\/\/secure.gravatar.com\/avatar\/c7164ed6fdec453195284ad24a5ae5b6e1eed2b848477fa2a4787ba9adf39a41?s=96&d=mm&r=g","url":"https:\/\/secure.gravatar.com\/avatar\/c7164ed6fdec453195284ad24a5ae5b6e1eed2b848477fa2a4787ba9adf39a41?s=96&d=mm&r=g","contentUrl":"https:\/\/secure.gravatar.com\/avatar\/c7164ed6fdec453195284ad24a5ae5b6e1eed2b848477fa2a4787ba9adf39a41?s=96&d=mm&r=g","caption":"Redacci\u00f3n QP"},"url":"https:\/\/quehacerpolitico.mx\/?author=2"}]}},"featured_image_urls":{"full":"","thumbnail":"","medium":"","medium_large":"","large":"","1536x1536":"","2048x2048":"","covernews-featured":"","covernews-medium":""},"author_info":{"display_name":"Redacci\u00f3n QP","author_link":"https:\/\/quehacerpolitico.mx\/?author=2"},"category_info":"<a href=\"https:\/\/quehacerpolitico.mx\/?cat=2\" rel=\"category\">Noticias<\/a>","tag_info":"Noticias","comment_count":"0","_links":{"self":[{"href":"https:\/\/quehacerpolitico.mx\/index.php?rest_route=\/wp\/v2\/posts\/15630","targetHints":{"allow":["GET"]}}],"collection":[{"href":"https:\/\/quehacerpolitico.mx\/index.php?rest_route=\/wp\/v2\/posts"}],"about":[{"href":"https:\/\/quehacerpolitico.mx\/index.php?rest_route=\/wp\/v2\/types\/post"}],"author":[{"embeddable":true,"href":"https:\/\/quehacerpolitico.mx\/index.php?rest_route=\/wp\/v2\/users\/2"}],"replies":[{"embeddable":true,"href":"https:\/\/quehacerpolitico.mx\/index.php?rest_route=%2Fwp%2Fv2%2Fcomments&post=15630"}],"version-history":[{"count":0,"href":"https:\/\/quehacerpolitico.mx\/index.php?rest_route=\/wp\/v2\/posts\/15630\/revisions"}],"wp:featuredmedia":[{"embeddable":true,"href":"https:\/\/quehacerpolitico.mx\/index.php?rest_route=\/"}],"wp:attachment":[{"href":"https:\/\/quehacerpolitico.mx\/index.php?rest_route=%2Fwp%2Fv2%2Fmedia&parent=15630"}],"wp:term":[{"taxonomy":"category","embeddable":true,"href":"https:\/\/quehacerpolitico.mx\/index.php?rest_route=%2Fwp%2Fv2%2Fcategories&post=15630"},{"taxonomy":"post_tag","embeddable":true,"href":"https:\/\/quehacerpolitico.mx\/index.php?rest_route=%2Fwp%2Fv2%2Ftags&post=15630"}],"curies":[{"name":"wp","href":"https:\/\/api.w.org\/{rel}","templated":true}]}}