{"id":15626,"date":"2019-01-31T03:14:32","date_gmt":"2019-01-31T03:14:32","guid":{"rendered":"http:\/\/quehacerpolitico.mx\/moodys-dice-que-esperara-a-ver-el-plan-de-amlo-con-pemex-este-semestre-antes-de-decidir-nota\/"},"modified":"2019-01-31T03:14:32","modified_gmt":"2019-01-31T03:14:32","slug":"moodys-dice-que-esperara-a-ver-el-plan-de-amlo-con-pemex-este-semestre-antes-de-decidir-nota","status":"publish","type":"post","link":"https:\/\/quehacerpolitico.mx\/?p=15626","title":{"rendered":"Moody\u2019s dice que esperar\u00e1 a ver el plan de AMLO con Pemex este semestre, antes de decidir nota"},"content":{"rendered":"<h1>Moody\u2019s dice que esperar\u00e1 a ver el plan de AMLO con Pemex este semestre, antes de decidir nota<\/h1>\n<p>Por Redacci\u00f3n QP<\/p>\n<p>La <strong>calificadora\u00a0Moody\u2019s<\/strong>se\u00f1al\u00f3 que se dar\u00e1 el beneficio de la duda a <strong>Gobierno de M\u00e9xico<\/strong>, encabezado por Andr\u00e9s Manuel L\u00f3pez Obrador, sobre las acciones que lleva a cabo en <strong>Petr\u00f3leos Mexicanos (Pemex)<\/strong>, por lo cual no realizar\u00e1 cambios\u00a0a la calificaci\u00f3n <strong>crediticia de la petrolera<\/strong>, al menos no durante el primer semestre del 2019.<\/p>\n<blockquote>\n<p><strong>Nymia Almeida<\/strong>,\u00a0vicepresidenta Senior de<strong>Moody\u2019s Investor Service<\/strong>, indic\u00f3 que durante el periodo la petrolera mexicana <strong>tendr\u00e1 que demostrar su rentabilidad<\/strong>,\u00a0\u201cque invertir\u00e1n el doble en exploraci\u00f3n y producci\u00f3n, <strong>entre otras acciones<\/strong>, para fomentar mejores resultados\u201d, inform\u00f3 la agencia <em>Notimex.<\/em><\/p>\n<\/blockquote>\n<p>\u201cQueremos darle el beneficio porque este Gobierno viene con un mandato muy fuerte en reducci\u00f3n de gastos, en costos, y eso es justo lo que necesita la empresa. Si no le ha alcanzado el dinero para invertir, para estabilizar la producci\u00f3n, es porque ha gastado m\u00e1s de lo que deber\u00eda en proyectos que en otras partes del mundo cuestan m\u00e1s barato\u201d, dijo\u00a0Almeida, despu\u00e9s de actuar en la\u00a0Expo &amp; Congress Energy M\u00e9xico 2019, indic\u00f3 la agencia mexicana de noticias.<\/p>\n<p class=\"p1\">Por su parte, Cr\u00e9dit Suisse indic\u00f3 que las agencias rebajar\u00e1n sus calificaciones, \u201cposiblemente m\u00e1s de una vez, durante los seis a\u00f1os de administraci\u00f3n del Presidente Andr\u00e9s Manuel L\u00f3pez Obrador\u201d, inform\u00f3 <em>Bloomberg.<\/em><\/p>\n<p>\u201cLa pregunta no es si las agencias calificadoras degradar\u00e1n a M\u00e9xico, sino cu\u00e1ntas veces lo har\u00e1n en los pr\u00f3ximos seis a\u00f1os\u201d, dijo Alonso Cervera, director gerente de investigaci\u00f3n de mercados emergentes para Cr\u00e9dit Suisse, seg\u00fan el medio especializado.<\/p>\n<p>\u201cPodr\u00edamos hacer una loter\u00eda y ver qui\u00e9n gana\u201d, agreg\u00f3.<\/p>\n<p>Ayer, la\u00a0calificadora Fitch\u00a0emiti\u00f3 una\u00a0baja\u00a0en las\u00a0calificaciones\u00a0predeterminadas de emisoras en moneda local y extranjera a largo plazo de\u00a0Petr\u00f3leos Mexicanos (Pemex)\u00a0de BBB+ a BBB-, la cual es la nota m\u00e1s baja posible dentro del grado de inversi\u00f3n.<\/p>\n<p>Tambi\u00e9n baj\u00f3 la calificaci\u00f3n de largo plazo de la empresa productiva del Estado Petroleos Mexixcanos (Pemex) de a \u201cAA (mex)\u201d de \u201cAAA (mex)\u201d.<\/p>\n<p class=\"p1\">Arturo Herrera, Subsecretario de Hacienda y Cr\u00e9dito Publico, dijo que la baja de la calificaci\u00f3n se esperaba, pero es preocupante.<\/p>\n<p>Fitch destac\u00f3 que la baja en las calificaciones de Pemex refleja el deterioro continuo del perfil crediticio individual de la petrolera mexicana, como resultado de una generaci\u00f3n negativa junto con una subinversi\u00f3n en exploraci\u00f3n y producci\u00f3n.<\/p>\n<p>El Presidente Andr\u00e9s Manuel L\u00f3pez Obrador calific\u00f3 esta ma\u00f1ana de \u201chip\u00f3crita\u201d a la calificadora Fitch por bajar la calificaci\u00f3n de Petr\u00f3leos Mexicanos (Pemex), y de c\u00f3mplices por no haber alertado del saqueo a la paraestatal.<\/p>\n<p>Cuestion\u00f3 a las calificadoras en general, porque no advirtieron en el pasado el saqueo de la petrolera, avalaron una reforma que no sirvi\u00f3, y \u201cguardaron silencio\u201d, dijo, cuando la producci\u00f3n ca\u00eda. \u201cGuardaron un silencio c\u00f3mplice y ahora que estamos recuperando a Pemex salen con sus recomendaciones o tratando de calificar el desempe\u00f1o de Pemex. Los inversionistas con \u00e9tica saben muy bien que Pemex es una empresa s\u00f3lida porque es manejada con honestidad\u201d.<\/p>\n<p><em>Con informaci\u00f3n de Econom\u00edaHOY.\u00a0<\/em><\/p>\n","protected":false},"excerpt":{"rendered":"<p>Moody\u2019s dice que esperar\u00e1 a ver el plan de AMLO con Pemex este semestre, antes de decidir nota<br \/>\nPor Redacci\u00f3n QP<\/p>\n","protected":false},"author":2,"featured_media":15625,"comment_status":"open","ping_status":"open","sticky":false,"template":"","format":"standard","meta":{"_monsterinsights_skip_tracking":false,"_monsterinsights_sitenote_active":false,"_monsterinsights_sitenote_note":"","_monsterinsights_sitenote_category":0,"footnotes":""},"categories":[56],"tags":[],"class_list":["post-15626","post","type-post","status-publish","format-standard","has-post-thumbnail","hentry","category-economia"],"yoast_head":"<!-- This site is optimized with the Yoast SEO plugin v27.3 - https:\/\/yoast.com\/product\/yoast-seo-wordpress\/ -->\n<title>Moody\u2019s dice que esperar\u00e1 a ver el plan de AMLO con Pemex este semestre, antes de decidir nota -<\/title>\n<meta name=\"robots\" content=\"index, follow, max-snippet:-1, max-image-preview:large, max-video-preview:-1\" \/>\n<link rel=\"canonical\" href=\"https:\/\/quehacerpolitico.mx\/?p=15626\" \/>\n<meta property=\"og:locale\" content=\"es_MX\" \/>\n<meta property=\"og:type\" content=\"article\" \/>\n<meta property=\"og:title\" content=\"Moody\u2019s dice que esperar\u00e1 a ver el plan de AMLO con Pemex este semestre, antes de decidir nota -\" \/>\n<meta property=\"og:description\" content=\"Moody\u2019s dice que esperar\u00e1 a ver el plan de AMLO con Pemex este semestre, antes de decidir nota Por Redacci\u00f3n QP\" \/>\n<meta property=\"og:url\" content=\"https:\/\/quehacerpolitico.mx\/?p=15626\" \/>\n<meta property=\"article:published_time\" content=\"2019-01-31T03:14:32+00:00\" \/>\n<meta name=\"author\" content=\"Redacci\u00f3n QP\" \/>\n<meta name=\"twitter:card\" content=\"summary_large_image\" \/>\n<meta name=\"twitter:label1\" content=\"Escrito por\" \/>\n\t<meta name=\"twitter:data1\" content=\"Redacci\u00f3n QP\" \/>\n\t<meta name=\"twitter:label2\" content=\"Tiempo de lectura\" \/>\n\t<meta name=\"twitter:data2\" content=\"3 minutos\" \/>\n<script type=\"application\/ld+json\" class=\"yoast-schema-graph\">{\"@context\":\"https:\\\/\\\/schema.org\",\"@graph\":[{\"@type\":\"Article\",\"@id\":\"https:\\\/\\\/quehacerpolitico.mx\\\/?p=15626#article\",\"isPartOf\":{\"@id\":\"https:\\\/\\\/quehacerpolitico.mx\\\/?p=15626\"},\"author\":{\"name\":\"Redacci\u00f3n QP\",\"@id\":\"https:\\\/\\\/quehacerpolitico.mx\\\/#\\\/schema\\\/person\\\/496d8ad2d1d3f8036101dca7ee39e585\"},\"headline\":\"Moody\u2019s dice que esperar\u00e1 a ver el plan de AMLO con Pemex este semestre, antes de decidir nota\",\"datePublished\":\"2019-01-31T03:14:32+00:00\",\"mainEntityOfPage\":{\"@id\":\"https:\\\/\\\/quehacerpolitico.mx\\\/?p=15626\"},\"wordCount\":585,\"commentCount\":0,\"image\":{\"@id\":\"https:\\\/\\\/quehacerpolitico.mx\\\/?p=15626#primaryimage\"},\"thumbnailUrl\":\"\",\"articleSection\":[\"Econom\u00eda\"],\"inLanguage\":\"es\",\"potentialAction\":[{\"@type\":\"CommentAction\",\"name\":\"Comment\",\"target\":[\"https:\\\/\\\/quehacerpolitico.mx\\\/?p=15626#respond\"]}]},{\"@type\":\"WebPage\",\"@id\":\"https:\\\/\\\/quehacerpolitico.mx\\\/?p=15626\",\"url\":\"https:\\\/\\\/quehacerpolitico.mx\\\/?p=15626\",\"name\":\"Moody\u2019s dice que esperar\u00e1 a ver el plan de AMLO con Pemex este semestre, antes de decidir nota -\",\"isPartOf\":{\"@id\":\"https:\\\/\\\/quehacerpolitico.mx\\\/#website\"},\"primaryImageOfPage\":{\"@id\":\"https:\\\/\\\/quehacerpolitico.mx\\\/?p=15626#primaryimage\"},\"image\":{\"@id\":\"https:\\\/\\\/quehacerpolitico.mx\\\/?p=15626#primaryimage\"},\"thumbnailUrl\":\"\",\"datePublished\":\"2019-01-31T03:14:32+00:00\",\"author\":{\"@id\":\"https:\\\/\\\/quehacerpolitico.mx\\\/#\\\/schema\\\/person\\\/496d8ad2d1d3f8036101dca7ee39e585\"},\"breadcrumb\":{\"@id\":\"https:\\\/\\\/quehacerpolitico.mx\\\/?p=15626#breadcrumb\"},\"inLanguage\":\"es\",\"potentialAction\":[{\"@type\":\"ReadAction\",\"target\":[\"https:\\\/\\\/quehacerpolitico.mx\\\/?p=15626\"]}]},{\"@type\":\"ImageObject\",\"inLanguage\":\"es\",\"@id\":\"https:\\\/\\\/quehacerpolitico.mx\\\/?p=15626#primaryimage\",\"url\":\"\",\"contentUrl\":\"\"},{\"@type\":\"BreadcrumbList\",\"@id\":\"https:\\\/\\\/quehacerpolitico.mx\\\/?p=15626#breadcrumb\",\"itemListElement\":[{\"@type\":\"ListItem\",\"position\":1,\"name\":\"Inicio\",\"item\":\"https:\\\/\\\/quehacerpolitico.mx\\\/\"},{\"@type\":\"ListItem\",\"position\":2,\"name\":\"Moody\u2019s dice que esperar\u00e1 a ver el plan de AMLO con Pemex este semestre, antes de decidir nota\"}]},{\"@type\":\"WebSite\",\"@id\":\"https:\\\/\\\/quehacerpolitico.mx\\\/#website\",\"url\":\"https:\\\/\\\/quehacerpolitico.mx\\\/\",\"name\":\"\",\"description\":\"\",\"potentialAction\":[{\"@type\":\"SearchAction\",\"target\":{\"@type\":\"EntryPoint\",\"urlTemplate\":\"https:\\\/\\\/quehacerpolitico.mx\\\/?s={search_term_string}\"},\"query-input\":{\"@type\":\"PropertyValueSpecification\",\"valueRequired\":true,\"valueName\":\"search_term_string\"}}],\"inLanguage\":\"es\"},{\"@type\":\"Person\",\"@id\":\"https:\\\/\\\/quehacerpolitico.mx\\\/#\\\/schema\\\/person\\\/496d8ad2d1d3f8036101dca7ee39e585\",\"name\":\"Redacci\u00f3n QP\",\"image\":{\"@type\":\"ImageObject\",\"inLanguage\":\"es\",\"@id\":\"https:\\\/\\\/secure.gravatar.com\\\/avatar\\\/c7164ed6fdec453195284ad24a5ae5b6e1eed2b848477fa2a4787ba9adf39a41?s=96&d=mm&r=g\",\"url\":\"https:\\\/\\\/secure.gravatar.com\\\/avatar\\\/c7164ed6fdec453195284ad24a5ae5b6e1eed2b848477fa2a4787ba9adf39a41?s=96&d=mm&r=g\",\"contentUrl\":\"https:\\\/\\\/secure.gravatar.com\\\/avatar\\\/c7164ed6fdec453195284ad24a5ae5b6e1eed2b848477fa2a4787ba9adf39a41?s=96&d=mm&r=g\",\"caption\":\"Redacci\u00f3n QP\"},\"url\":\"https:\\\/\\\/quehacerpolitico.mx\\\/?author=2\"}]}<\/script>\n<!-- \/ Yoast SEO plugin. -->","yoast_head_json":{"title":"Moody\u2019s dice que esperar\u00e1 a ver el plan de AMLO con Pemex este semestre, antes de decidir nota -","robots":{"index":"index","follow":"follow","max-snippet":"max-snippet:-1","max-image-preview":"max-image-preview:large","max-video-preview":"max-video-preview:-1"},"canonical":"https:\/\/quehacerpolitico.mx\/?p=15626","og_locale":"es_MX","og_type":"article","og_title":"Moody\u2019s dice que esperar\u00e1 a ver el plan de AMLO con Pemex este semestre, antes de decidir nota -","og_description":"Moody\u2019s dice que esperar\u00e1 a ver el plan de AMLO con Pemex este semestre, antes de decidir nota Por Redacci\u00f3n QP","og_url":"https:\/\/quehacerpolitico.mx\/?p=15626","article_published_time":"2019-01-31T03:14:32+00:00","author":"Redacci\u00f3n QP","twitter_card":"summary_large_image","twitter_misc":{"Escrito por":"Redacci\u00f3n QP","Tiempo de lectura":"3 minutos"},"schema":{"@context":"https:\/\/schema.org","@graph":[{"@type":"Article","@id":"https:\/\/quehacerpolitico.mx\/?p=15626#article","isPartOf":{"@id":"https:\/\/quehacerpolitico.mx\/?p=15626"},"author":{"name":"Redacci\u00f3n QP","@id":"https:\/\/quehacerpolitico.mx\/#\/schema\/person\/496d8ad2d1d3f8036101dca7ee39e585"},"headline":"Moody\u2019s dice que esperar\u00e1 a ver el plan de AMLO con Pemex este semestre, antes de decidir nota","datePublished":"2019-01-31T03:14:32+00:00","mainEntityOfPage":{"@id":"https:\/\/quehacerpolitico.mx\/?p=15626"},"wordCount":585,"commentCount":0,"image":{"@id":"https:\/\/quehacerpolitico.mx\/?p=15626#primaryimage"},"thumbnailUrl":"","articleSection":["Econom\u00eda"],"inLanguage":"es","potentialAction":[{"@type":"CommentAction","name":"Comment","target":["https:\/\/quehacerpolitico.mx\/?p=15626#respond"]}]},{"@type":"WebPage","@id":"https:\/\/quehacerpolitico.mx\/?p=15626","url":"https:\/\/quehacerpolitico.mx\/?p=15626","name":"Moody\u2019s dice que esperar\u00e1 a ver el plan de AMLO con Pemex este semestre, antes de decidir nota -","isPartOf":{"@id":"https:\/\/quehacerpolitico.mx\/#website"},"primaryImageOfPage":{"@id":"https:\/\/quehacerpolitico.mx\/?p=15626#primaryimage"},"image":{"@id":"https:\/\/quehacerpolitico.mx\/?p=15626#primaryimage"},"thumbnailUrl":"","datePublished":"2019-01-31T03:14:32+00:00","author":{"@id":"https:\/\/quehacerpolitico.mx\/#\/schema\/person\/496d8ad2d1d3f8036101dca7ee39e585"},"breadcrumb":{"@id":"https:\/\/quehacerpolitico.mx\/?p=15626#breadcrumb"},"inLanguage":"es","potentialAction":[{"@type":"ReadAction","target":["https:\/\/quehacerpolitico.mx\/?p=15626"]}]},{"@type":"ImageObject","inLanguage":"es","@id":"https:\/\/quehacerpolitico.mx\/?p=15626#primaryimage","url":"","contentUrl":""},{"@type":"BreadcrumbList","@id":"https:\/\/quehacerpolitico.mx\/?p=15626#breadcrumb","itemListElement":[{"@type":"ListItem","position":1,"name":"Inicio","item":"https:\/\/quehacerpolitico.mx\/"},{"@type":"ListItem","position":2,"name":"Moody\u2019s dice que esperar\u00e1 a ver el plan de AMLO con Pemex este semestre, antes de decidir nota"}]},{"@type":"WebSite","@id":"https:\/\/quehacerpolitico.mx\/#website","url":"https:\/\/quehacerpolitico.mx\/","name":"","description":"","potentialAction":[{"@type":"SearchAction","target":{"@type":"EntryPoint","urlTemplate":"https:\/\/quehacerpolitico.mx\/?s={search_term_string}"},"query-input":{"@type":"PropertyValueSpecification","valueRequired":true,"valueName":"search_term_string"}}],"inLanguage":"es"},{"@type":"Person","@id":"https:\/\/quehacerpolitico.mx\/#\/schema\/person\/496d8ad2d1d3f8036101dca7ee39e585","name":"Redacci\u00f3n QP","image":{"@type":"ImageObject","inLanguage":"es","@id":"https:\/\/secure.gravatar.com\/avatar\/c7164ed6fdec453195284ad24a5ae5b6e1eed2b848477fa2a4787ba9adf39a41?s=96&d=mm&r=g","url":"https:\/\/secure.gravatar.com\/avatar\/c7164ed6fdec453195284ad24a5ae5b6e1eed2b848477fa2a4787ba9adf39a41?s=96&d=mm&r=g","contentUrl":"https:\/\/secure.gravatar.com\/avatar\/c7164ed6fdec453195284ad24a5ae5b6e1eed2b848477fa2a4787ba9adf39a41?s=96&d=mm&r=g","caption":"Redacci\u00f3n QP"},"url":"https:\/\/quehacerpolitico.mx\/?author=2"}]}},"featured_image_urls":{"full":"","thumbnail":"","medium":"","medium_large":"","large":"","1536x1536":"","2048x2048":"","covernews-featured":"","covernews-medium":""},"author_info":{"display_name":"Redacci\u00f3n QP","author_link":"https:\/\/quehacerpolitico.mx\/?author=2"},"category_info":"<a href=\"https:\/\/quehacerpolitico.mx\/?cat=56\" rel=\"category\">Econom\u00eda<\/a>","tag_info":"Econom\u00eda","comment_count":"0","_links":{"self":[{"href":"https:\/\/quehacerpolitico.mx\/index.php?rest_route=\/wp\/v2\/posts\/15626","targetHints":{"allow":["GET"]}}],"collection":[{"href":"https:\/\/quehacerpolitico.mx\/index.php?rest_route=\/wp\/v2\/posts"}],"about":[{"href":"https:\/\/quehacerpolitico.mx\/index.php?rest_route=\/wp\/v2\/types\/post"}],"author":[{"embeddable":true,"href":"https:\/\/quehacerpolitico.mx\/index.php?rest_route=\/wp\/v2\/users\/2"}],"replies":[{"embeddable":true,"href":"https:\/\/quehacerpolitico.mx\/index.php?rest_route=%2Fwp%2Fv2%2Fcomments&post=15626"}],"version-history":[{"count":0,"href":"https:\/\/quehacerpolitico.mx\/index.php?rest_route=\/wp\/v2\/posts\/15626\/revisions"}],"wp:featuredmedia":[{"embeddable":true,"href":"https:\/\/quehacerpolitico.mx\/index.php?rest_route=\/"}],"wp:attachment":[{"href":"https:\/\/quehacerpolitico.mx\/index.php?rest_route=%2Fwp%2Fv2%2Fmedia&parent=15626"}],"wp:term":[{"taxonomy":"category","embeddable":true,"href":"https:\/\/quehacerpolitico.mx\/index.php?rest_route=%2Fwp%2Fv2%2Fcategories&post=15626"},{"taxonomy":"post_tag","embeddable":true,"href":"https:\/\/quehacerpolitico.mx\/index.php?rest_route=%2Fwp%2Fv2%2Ftags&post=15626"}],"curies":[{"name":"wp","href":"https:\/\/api.w.org\/{rel}","templated":true}]}}