{"id":15624,"date":"2019-01-31T00:52:52","date_gmt":"2019-01-31T00:52:52","guid":{"rendered":"http:\/\/quehacerpolitico.mx\/alcaldias-nancy-herrera-guerrero-concejales-aprueban-plan-de-gobierno-2018-2021-de-la-alcaldia-cuauhtemoc\/"},"modified":"2019-01-31T00:52:52","modified_gmt":"2019-01-31T00:52:52","slug":"alcaldias-nancy-herrera-guerrero-concejales-aprueban-plan-de-gobierno-2018-2021-de-la-alcaldia-cuauhtemoc","status":"publish","type":"post","link":"https:\/\/quehacerpolitico.mx\/?p=15624","title":{"rendered":"Alcald\u00edas\/\/\/Nancy Herrera Guerrero\/\/\/Concejales aprueban \u201cPlan de Gobierno 2018-2021 de la alcald\u00eda Cuauht\u00e9moc\u201d"},"content":{"rendered":"<p><span class=\"s2\"><span class=\"bumpedFont15\">Concejales<\/span><\/span> <span class=\"s2\"><span class=\"bumpedFont15\">aprueban<\/span><\/span> <span class=\"s2\"><span class=\"bumpedFont15\">\u201cPlan de Gobierno 2018-2021<\/span><\/span><span class=\"s2\"><span class=\"bumpedFont15\"> de la alcald\u00eda Cuauht\u00e9moc\u201d<\/span><\/span><\/p>\n<p>Por Nancy Herrera Guerrero<\/p>\n<div class=\"s8\"><span class=\"s6\">\u2022 <\/span><span class=\"s7\"><span class=\"bumpedFont15\">El proyecto se centra en seis ejes espec\u00edficos con objetivos generales y particulares <\/span><\/span><\/div>\n<div class=\"s8\"><span class=\"s6\">\u2022 <\/span><span class=\"s7\"><span class=\"bumpedFont15\">Se har\u00e1 evaluaci\u00f3n y verificaci\u00f3n constante del avance y cumplimiento del proyecto<\/span><\/span><\/div>\n<div class=\"s8\"><span class=\"s6\">\u2022 <\/span><span class=\"s7\"><span class=\"bumpedFont15\">Se abrir\u00e1 una convocatoria para llevar a cabo \u201cla silla ciudadana\u201d<\/span><\/span><\/div>\n<p class=\"s4\"><span class=\"s7\"><span class=\"bumpedFont15\">Esta tarde l<\/span><\/span><span class=\"s7\"><span class=\"bumpedFont15\">os integrantes del Concejo de la Alcald\u00eda Cuauh<\/span><\/span><span class=\"s7\"><span class=\"bumpedFont15\">t\u00e9moc llevaron a cabo la Tercera<\/span><\/span><span class=\"s7\"><span class=\"bumpedFont15\"> Sesi\u00f3n Ordinaria, la cual estuvo presidida por el alcalde N\u00e9stor N\u00fa\u00f1ez L\u00f3pez y acompa\u00f1ada <\/span><\/span><span class=\"s7\"><span class=\"bumpedFont15\">por<\/span><\/span><\/p>\n<p class=\"s4\"><span class=\"s7\"><span class=\"bumpedFont15\">Los principales temas que se discutieron y <\/span><\/span><span class=\"s7\"><span class=\"bumpedFont15\">se sometieron a votaci\u00f3n fueron, el <\/span><\/span><span class=\"s7\"><span class=\"bumpedFont15\">\u201cPlan de Gobierno 2018-2021 de la alcald\u00eda Cuauht\u00e9moc<\/span><\/span><span class=\"s7\"><span class=\"bumpedFont15\">\u201d, y las propuestas de calendarizaci\u00f3n de instalaci\u00f3n de la<\/span><\/span><span class=\"s7\"><span class=\"bumpedFont15\">s <\/span><\/span><span class=\"s7\"><span class=\"bumpedFont15\">Comisiones Ordinarias, as\u00ed como los lineamien<\/span><\/span><span class=\"s7\"><span class=\"bumpedFont15\">tos b\u00e1sicos para su desarrollo, los cuales quedaron aprobados por unanimidad del Concejo. <\/span><\/span><\/p>\n<p class=\"s4\"><span class=\"s7\"><span class=\"bumpedFont15\">Por su parte el alcalde de Cuauht\u00e9moc dio lectura a la presentaci\u00f3n del Plan, en el cual destac\u00f3 que para la elaboraci\u00f3n de dicho pr<\/span><\/span><span class=\"s7\"><span class=\"bumpedFont15\">oyecto se tomaron en cuenta <\/span><\/span><span class=\"s7\"><span class=\"bumpedFont15\">las <\/span><\/span><span class=\"s7\"><span class=\"bumpedFont15\">plataformas digitales, \u00a0las opiniones de los vecinos en cada una de las audiencias p\u00fablicas y aportaciones <\/span><\/span><span class=\"s7\"><span class=\"bumpedFont15\">e ideas <\/span><\/span><span class=\"s7\"><span class=\"bumpedFont15\">de cada uno de los concejales, as\u00ed como las propuestas de campa\u00f1a, con el prop\u00f3sito de integrar un trabajo que d\u00e9 soluciones pr\u00e1cticas y viables a problemas cotidianos.<\/span><\/span><\/p>\n<p class=\"s4\"><span class=\"s7\"><span class=\"bumpedFont15\">\u201cEste instrumento de soluci\u00f3n est\u00e1 integrado por seis ejes que se articulan de manera estrat\u00e9gica, donde enfocaremos nuestros esfuerzos para satisfacer las necesidades de la poblaci\u00f3n de Cuauht\u00e9moc, atendiendo las \u00e1reas de urgencia, los mayores retos y las necesidades apremiantes, buscando en todo momento garantizar el acceso <\/span><\/span><span class=\"s7\"><span class=\"bumpedFont15\">de todos los habitantes a un mejor nivel de <\/span><\/span><span class=\"s7\"><span class=\"bumpedFont15\">bienestar<\/span><\/span><span class=\"s7\"><span class=\"bumpedFont15\">\u201d, expres\u00f3 N\u00fa\u00f1ez L\u00f3pez.<\/span><\/span><\/p>\n<p class=\"s4\"><span class=\"s7\"><span class=\"bumpedFont15\">Los ejes en los que se encuentra enfocado en Plan de Gobierno son, alcald\u00eda segura, alcald\u00eda humana, alcald\u00eda sustentable, alcald\u00eda social y alcald\u00eda productiva, alcald\u00eda abierta innovadora y transparente, con los que se busca garantizar la <\/span><\/span><span class=\"s7\"><span class=\"bumpedFont15\">transversalidad<\/span><\/span><span class=\"s7\"><span class=\"bumpedFont15\"> y funcionalidad necesarias para lograr resultados con prospectiva durante la gesti\u00f3n. <\/span><\/span><\/p>\n<p class=\"s4\"><span class=\"s7\"><span class=\"bumpedFont15\">Asimismo, <\/span><\/span><span class=\"s7\"><span class=\"bumpedFont15\">explic\u00f3 que cada uno de los ejes tiene objetivos generales, que dan el car\u00e1cter transversal al proyecto, espec\u00edficos, que corresponden a las metas <\/span><\/span><span class=\"s7\"><span class=\"bumpedFont15\">concretas que buscan impactar en la vida de cada uno de los habitantes de la demarcaci\u00f3n y por \u00faltimo, intervenciones, las principales acciones de gobierno como lo es la seguridad y protecci\u00f3n civil, programas sociales, sustentabilidad, entre otros temas. <\/span><\/span><\/p>\n<p class=\"s4\"><span class=\"s7\"><span class=\"bumpedFont15\">N\u00e9stor N\u00fa\u00f1ez coment\u00f3 que durante su gesti\u00f3n se evaluar\u00e1 y verificar\u00e1 el cumplimiento de cada una de las actividades del Plan de Gobierno, as\u00ed como de los funcionarios de la alcald\u00eda. <\/span><\/span><\/p>\n<p class=\"s4\"><span class=\"s7\"><span class=\"bumpedFont15\">Durante la sesi\u00f3n se acord\u00f3 que para el cumplimiento de la Ley Org\u00e1nica de Alcald\u00edas, se <\/span><\/span><span class=\"s7\"><span class=\"bumpedFont15\">abrir\u00e1 una convocatoria para que se lleve a cabo \u201cla silla ciudadana\u201d, la cual s<\/span><\/span><span class=\"s7\"><span class=\"bumpedFont15\">er\u00e1 ocupada por las o los ciudadanos que as\u00ed lo soliciten<\/span><\/span><span class=\"s7\"><span class=\"bumpedFont15\"> o <\/span><\/span><span class=\"s7\"><span class=\"bumpedFont15\">cuando en las sesiones se traten temas espec\u00edficos de su inter\u00e9s, a fin de que aporten elementos que enriquezcan el debate<\/span><\/span><span class=\"s7\"><span class=\"bumpedFont15\"> y que dar\u00e1 inicio en la pr\u00f3xima sesi\u00f3n.<\/span><\/span><\/p>\n<p><iframe loading=\"lazy\" title=\"Concejo\" width=\"640\" height=\"360\" src=\"https:\/\/www.youtube.com\/embed\/7Ju0fbrqnAU?feature=oembed\" frameborder=\"0\" allow=\"accelerometer; autoplay; clipboard-write; encrypted-media; gyroscope; picture-in-picture; web-share\" referrerpolicy=\"strict-origin-when-cross-origin\" allowfullscreen><\/iframe><\/p>\n","protected":false},"excerpt":{"rendered":"<p>Concejales aprueban \u201cPlan de Gobierno 2018-2021 de la alcald\u00eda Cuauht\u00e9moc\u201d<br \/>\nPor Nancy Herrera Guerrero<\/p>\n","protected":false},"author":2,"featured_media":15623,"comment_status":"open","ping_status":"open","sticky":false,"template":"","format":"standard","meta":{"_monsterinsights_skip_tracking":false,"_monsterinsights_sitenote_active":false,"_monsterinsights_sitenote_note":"","_monsterinsights_sitenote_category":0,"footnotes":""},"categories":[55],"tags":[],"class_list":["post-15624","post","type-post","status-publish","format-standard","has-post-thumbnail","hentry","category-cdmx"],"yoast_head":"<!-- This site is optimized with the Yoast SEO plugin v27.3 - https:\/\/yoast.com\/product\/yoast-seo-wordpress\/ -->\n<title>Alcald\u00edas\/\/\/Nancy Herrera Guerrero\/\/\/Concejales aprueban \u201cPlan de Gobierno 2018-2021 de la alcald\u00eda Cuauht\u00e9moc\u201d -<\/title>\n<meta name=\"robots\" content=\"index, follow, max-snippet:-1, max-image-preview:large, max-video-preview:-1\" \/>\n<link rel=\"canonical\" href=\"https:\/\/quehacerpolitico.mx\/?p=15624\" \/>\n<meta property=\"og:locale\" content=\"es_MX\" \/>\n<meta property=\"og:type\" content=\"article\" \/>\n<meta property=\"og:title\" content=\"Alcald\u00edas\/\/\/Nancy Herrera Guerrero\/\/\/Concejales aprueban \u201cPlan de Gobierno 2018-2021 de la alcald\u00eda Cuauht\u00e9moc\u201d -\" \/>\n<meta property=\"og:description\" content=\"Concejales aprueban \u201cPlan de Gobierno 2018-2021 de la alcald\u00eda Cuauht\u00e9moc\u201d Por Nancy Herrera Guerrero\" \/>\n<meta property=\"og:url\" content=\"https:\/\/quehacerpolitico.mx\/?p=15624\" \/>\n<meta property=\"article:published_time\" content=\"2019-01-31T00:52:52+00:00\" \/>\n<meta name=\"author\" content=\"Redacci\u00f3n QP\" \/>\n<meta name=\"twitter:card\" content=\"summary_large_image\" \/>\n<meta name=\"twitter:label1\" content=\"Escrito por\" \/>\n\t<meta name=\"twitter:data1\" content=\"Redacci\u00f3n QP\" \/>\n\t<meta name=\"twitter:label2\" content=\"Tiempo de lectura\" \/>\n\t<meta name=\"twitter:data2\" content=\"3 minutos\" \/>\n<script type=\"application\/ld+json\" class=\"yoast-schema-graph\">{\"@context\":\"https:\\\/\\\/schema.org\",\"@graph\":[{\"@type\":\"Article\",\"@id\":\"https:\\\/\\\/quehacerpolitico.mx\\\/?p=15624#article\",\"isPartOf\":{\"@id\":\"https:\\\/\\\/quehacerpolitico.mx\\\/?p=15624\"},\"author\":{\"name\":\"Redacci\u00f3n QP\",\"@id\":\"https:\\\/\\\/quehacerpolitico.mx\\\/#\\\/schema\\\/person\\\/496d8ad2d1d3f8036101dca7ee39e585\"},\"headline\":\"Alcald\u00edas\\\/\\\/\\\/Nancy Herrera Guerrero\\\/\\\/\\\/Concejales aprueban \u201cPlan de Gobierno 2018-2021 de la alcald\u00eda Cuauht\u00e9moc\u201d\",\"datePublished\":\"2019-01-31T00:52:52+00:00\",\"mainEntityOfPage\":{\"@id\":\"https:\\\/\\\/quehacerpolitico.mx\\\/?p=15624\"},\"wordCount\":558,\"commentCount\":0,\"image\":{\"@id\":\"https:\\\/\\\/quehacerpolitico.mx\\\/?p=15624#primaryimage\"},\"thumbnailUrl\":\"\",\"articleSection\":[\"CDMX\"],\"inLanguage\":\"es\",\"potentialAction\":[{\"@type\":\"CommentAction\",\"name\":\"Comment\",\"target\":[\"https:\\\/\\\/quehacerpolitico.mx\\\/?p=15624#respond\"]}]},{\"@type\":\"WebPage\",\"@id\":\"https:\\\/\\\/quehacerpolitico.mx\\\/?p=15624\",\"url\":\"https:\\\/\\\/quehacerpolitico.mx\\\/?p=15624\",\"name\":\"Alcald\u00edas\\\/\\\/\\\/Nancy Herrera Guerrero\\\/\\\/\\\/Concejales aprueban \u201cPlan de Gobierno 2018-2021 de la alcald\u00eda Cuauht\u00e9moc\u201d -\",\"isPartOf\":{\"@id\":\"https:\\\/\\\/quehacerpolitico.mx\\\/#website\"},\"primaryImageOfPage\":{\"@id\":\"https:\\\/\\\/quehacerpolitico.mx\\\/?p=15624#primaryimage\"},\"image\":{\"@id\":\"https:\\\/\\\/quehacerpolitico.mx\\\/?p=15624#primaryimage\"},\"thumbnailUrl\":\"\",\"datePublished\":\"2019-01-31T00:52:52+00:00\",\"author\":{\"@id\":\"https:\\\/\\\/quehacerpolitico.mx\\\/#\\\/schema\\\/person\\\/496d8ad2d1d3f8036101dca7ee39e585\"},\"breadcrumb\":{\"@id\":\"https:\\\/\\\/quehacerpolitico.mx\\\/?p=15624#breadcrumb\"},\"inLanguage\":\"es\",\"potentialAction\":[{\"@type\":\"ReadAction\",\"target\":[\"https:\\\/\\\/quehacerpolitico.mx\\\/?p=15624\"]}]},{\"@type\":\"ImageObject\",\"inLanguage\":\"es\",\"@id\":\"https:\\\/\\\/quehacerpolitico.mx\\\/?p=15624#primaryimage\",\"url\":\"\",\"contentUrl\":\"\"},{\"@type\":\"BreadcrumbList\",\"@id\":\"https:\\\/\\\/quehacerpolitico.mx\\\/?p=15624#breadcrumb\",\"itemListElement\":[{\"@type\":\"ListItem\",\"position\":1,\"name\":\"Inicio\",\"item\":\"https:\\\/\\\/quehacerpolitico.mx\\\/\"},{\"@type\":\"ListItem\",\"position\":2,\"name\":\"Alcald\u00edas\\\/\\\/\\\/Nancy Herrera Guerrero\\\/\\\/\\\/Concejales aprueban \u201cPlan de Gobierno 2018-2021 de la alcald\u00eda Cuauht\u00e9moc\u201d\"}]},{\"@type\":\"WebSite\",\"@id\":\"https:\\\/\\\/quehacerpolitico.mx\\\/#website\",\"url\":\"https:\\\/\\\/quehacerpolitico.mx\\\/\",\"name\":\"\",\"description\":\"\",\"potentialAction\":[{\"@type\":\"SearchAction\",\"target\":{\"@type\":\"EntryPoint\",\"urlTemplate\":\"https:\\\/\\\/quehacerpolitico.mx\\\/?s={search_term_string}\"},\"query-input\":{\"@type\":\"PropertyValueSpecification\",\"valueRequired\":true,\"valueName\":\"search_term_string\"}}],\"inLanguage\":\"es\"},{\"@type\":\"Person\",\"@id\":\"https:\\\/\\\/quehacerpolitico.mx\\\/#\\\/schema\\\/person\\\/496d8ad2d1d3f8036101dca7ee39e585\",\"name\":\"Redacci\u00f3n QP\",\"image\":{\"@type\":\"ImageObject\",\"inLanguage\":\"es\",\"@id\":\"https:\\\/\\\/secure.gravatar.com\\\/avatar\\\/c7164ed6fdec453195284ad24a5ae5b6e1eed2b848477fa2a4787ba9adf39a41?s=96&d=mm&r=g\",\"url\":\"https:\\\/\\\/secure.gravatar.com\\\/avatar\\\/c7164ed6fdec453195284ad24a5ae5b6e1eed2b848477fa2a4787ba9adf39a41?s=96&d=mm&r=g\",\"contentUrl\":\"https:\\\/\\\/secure.gravatar.com\\\/avatar\\\/c7164ed6fdec453195284ad24a5ae5b6e1eed2b848477fa2a4787ba9adf39a41?s=96&d=mm&r=g\",\"caption\":\"Redacci\u00f3n QP\"},\"url\":\"https:\\\/\\\/quehacerpolitico.mx\\\/?author=2\"}]}<\/script>\n<!-- \/ Yoast SEO plugin. -->","yoast_head_json":{"title":"Alcald\u00edas\/\/\/Nancy Herrera Guerrero\/\/\/Concejales aprueban \u201cPlan de Gobierno 2018-2021 de la alcald\u00eda Cuauht\u00e9moc\u201d -","robots":{"index":"index","follow":"follow","max-snippet":"max-snippet:-1","max-image-preview":"max-image-preview:large","max-video-preview":"max-video-preview:-1"},"canonical":"https:\/\/quehacerpolitico.mx\/?p=15624","og_locale":"es_MX","og_type":"article","og_title":"Alcald\u00edas\/\/\/Nancy Herrera Guerrero\/\/\/Concejales aprueban \u201cPlan de Gobierno 2018-2021 de la alcald\u00eda Cuauht\u00e9moc\u201d -","og_description":"Concejales aprueban \u201cPlan de Gobierno 2018-2021 de la alcald\u00eda Cuauht\u00e9moc\u201d Por Nancy Herrera Guerrero","og_url":"https:\/\/quehacerpolitico.mx\/?p=15624","article_published_time":"2019-01-31T00:52:52+00:00","author":"Redacci\u00f3n QP","twitter_card":"summary_large_image","twitter_misc":{"Escrito por":"Redacci\u00f3n QP","Tiempo de lectura":"3 minutos"},"schema":{"@context":"https:\/\/schema.org","@graph":[{"@type":"Article","@id":"https:\/\/quehacerpolitico.mx\/?p=15624#article","isPartOf":{"@id":"https:\/\/quehacerpolitico.mx\/?p=15624"},"author":{"name":"Redacci\u00f3n QP","@id":"https:\/\/quehacerpolitico.mx\/#\/schema\/person\/496d8ad2d1d3f8036101dca7ee39e585"},"headline":"Alcald\u00edas\/\/\/Nancy Herrera Guerrero\/\/\/Concejales aprueban \u201cPlan de Gobierno 2018-2021 de la alcald\u00eda Cuauht\u00e9moc\u201d","datePublished":"2019-01-31T00:52:52+00:00","mainEntityOfPage":{"@id":"https:\/\/quehacerpolitico.mx\/?p=15624"},"wordCount":558,"commentCount":0,"image":{"@id":"https:\/\/quehacerpolitico.mx\/?p=15624#primaryimage"},"thumbnailUrl":"","articleSection":["CDMX"],"inLanguage":"es","potentialAction":[{"@type":"CommentAction","name":"Comment","target":["https:\/\/quehacerpolitico.mx\/?p=15624#respond"]}]},{"@type":"WebPage","@id":"https:\/\/quehacerpolitico.mx\/?p=15624","url":"https:\/\/quehacerpolitico.mx\/?p=15624","name":"Alcald\u00edas\/\/\/Nancy Herrera Guerrero\/\/\/Concejales aprueban \u201cPlan de Gobierno 2018-2021 de la alcald\u00eda Cuauht\u00e9moc\u201d -","isPartOf":{"@id":"https:\/\/quehacerpolitico.mx\/#website"},"primaryImageOfPage":{"@id":"https:\/\/quehacerpolitico.mx\/?p=15624#primaryimage"},"image":{"@id":"https:\/\/quehacerpolitico.mx\/?p=15624#primaryimage"},"thumbnailUrl":"","datePublished":"2019-01-31T00:52:52+00:00","author":{"@id":"https:\/\/quehacerpolitico.mx\/#\/schema\/person\/496d8ad2d1d3f8036101dca7ee39e585"},"breadcrumb":{"@id":"https:\/\/quehacerpolitico.mx\/?p=15624#breadcrumb"},"inLanguage":"es","potentialAction":[{"@type":"ReadAction","target":["https:\/\/quehacerpolitico.mx\/?p=15624"]}]},{"@type":"ImageObject","inLanguage":"es","@id":"https:\/\/quehacerpolitico.mx\/?p=15624#primaryimage","url":"","contentUrl":""},{"@type":"BreadcrumbList","@id":"https:\/\/quehacerpolitico.mx\/?p=15624#breadcrumb","itemListElement":[{"@type":"ListItem","position":1,"name":"Inicio","item":"https:\/\/quehacerpolitico.mx\/"},{"@type":"ListItem","position":2,"name":"Alcald\u00edas\/\/\/Nancy Herrera Guerrero\/\/\/Concejales aprueban \u201cPlan de Gobierno 2018-2021 de la alcald\u00eda Cuauht\u00e9moc\u201d"}]},{"@type":"WebSite","@id":"https:\/\/quehacerpolitico.mx\/#website","url":"https:\/\/quehacerpolitico.mx\/","name":"","description":"","potentialAction":[{"@type":"SearchAction","target":{"@type":"EntryPoint","urlTemplate":"https:\/\/quehacerpolitico.mx\/?s={search_term_string}"},"query-input":{"@type":"PropertyValueSpecification","valueRequired":true,"valueName":"search_term_string"}}],"inLanguage":"es"},{"@type":"Person","@id":"https:\/\/quehacerpolitico.mx\/#\/schema\/person\/496d8ad2d1d3f8036101dca7ee39e585","name":"Redacci\u00f3n QP","image":{"@type":"ImageObject","inLanguage":"es","@id":"https:\/\/secure.gravatar.com\/avatar\/c7164ed6fdec453195284ad24a5ae5b6e1eed2b848477fa2a4787ba9adf39a41?s=96&d=mm&r=g","url":"https:\/\/secure.gravatar.com\/avatar\/c7164ed6fdec453195284ad24a5ae5b6e1eed2b848477fa2a4787ba9adf39a41?s=96&d=mm&r=g","contentUrl":"https:\/\/secure.gravatar.com\/avatar\/c7164ed6fdec453195284ad24a5ae5b6e1eed2b848477fa2a4787ba9adf39a41?s=96&d=mm&r=g","caption":"Redacci\u00f3n QP"},"url":"https:\/\/quehacerpolitico.mx\/?author=2"}]}},"featured_image_urls":{"full":"","thumbnail":"","medium":"","medium_large":"","large":"","1536x1536":"","2048x2048":"","covernews-featured":"","covernews-medium":""},"author_info":{"display_name":"Redacci\u00f3n QP","author_link":"https:\/\/quehacerpolitico.mx\/?author=2"},"category_info":"<a href=\"https:\/\/quehacerpolitico.mx\/?cat=55\" rel=\"category\">CDMX<\/a>","tag_info":"CDMX","comment_count":"0","_links":{"self":[{"href":"https:\/\/quehacerpolitico.mx\/index.php?rest_route=\/wp\/v2\/posts\/15624","targetHints":{"allow":["GET"]}}],"collection":[{"href":"https:\/\/quehacerpolitico.mx\/index.php?rest_route=\/wp\/v2\/posts"}],"about":[{"href":"https:\/\/quehacerpolitico.mx\/index.php?rest_route=\/wp\/v2\/types\/post"}],"author":[{"embeddable":true,"href":"https:\/\/quehacerpolitico.mx\/index.php?rest_route=\/wp\/v2\/users\/2"}],"replies":[{"embeddable":true,"href":"https:\/\/quehacerpolitico.mx\/index.php?rest_route=%2Fwp%2Fv2%2Fcomments&post=15624"}],"version-history":[{"count":0,"href":"https:\/\/quehacerpolitico.mx\/index.php?rest_route=\/wp\/v2\/posts\/15624\/revisions"}],"wp:featuredmedia":[{"embeddable":true,"href":"https:\/\/quehacerpolitico.mx\/index.php?rest_route=\/"}],"wp:attachment":[{"href":"https:\/\/quehacerpolitico.mx\/index.php?rest_route=%2Fwp%2Fv2%2Fmedia&parent=15624"}],"wp:term":[{"taxonomy":"category","embeddable":true,"href":"https:\/\/quehacerpolitico.mx\/index.php?rest_route=%2Fwp%2Fv2%2Fcategories&post=15624"},{"taxonomy":"post_tag","embeddable":true,"href":"https:\/\/quehacerpolitico.mx\/index.php?rest_route=%2Fwp%2Fv2%2Ftags&post=15624"}],"curies":[{"name":"wp","href":"https:\/\/api.w.org\/{rel}","templated":true}]}}