{"id":15619,"date":"2019-01-30T23:36:33","date_gmt":"2019-01-30T23:36:33","guid":{"rendered":"http:\/\/quehacerpolitico.mx\/amlo-pide-apoyo-al-presidente-de-espana-para-evitar-que-empresas-ibericas-ejerzan-la-corrupcion\/"},"modified":"2019-01-30T23:36:33","modified_gmt":"2019-01-30T23:36:33","slug":"amlo-pide-apoyo-al-presidente-de-espana-para-evitar-que-empresas-ibericas-ejerzan-la-corrupcion","status":"publish","type":"post","link":"https:\/\/quehacerpolitico.mx\/?p=15619","title":{"rendered":"AMLO pide apoyo al Presidente de Espa\u00f1a para evitar que empresas ib\u00e9ricas ejerzan la corrupci\u00f3n"},"content":{"rendered":"<h1>AMLO pide apoyo al Presidente de Espa\u00f1a para evitar que empresas ib\u00e9ricas ejerzan la corrupci\u00f3n<\/h1>\n<p>Por Redacci\u00f3n QP<\/p>\n<p>El <strong>Presidente Andr\u00e9s Manuel L\u00f3pez Obrador<\/strong> dijo esta tarde, en una conferencia conjunta con el Presidente de Espa\u00f1a <strong>Pedro S\u00e1nchez<\/strong>, que M\u00e9xico impulsar\u00e1 una<strong> pol\u00edtica de Estado de Bienestar<\/strong> como Espa\u00f1a lo ha hecho. Por su parte, <strong>S\u00e1nchez<\/strong>\u00a0destac\u00f3 que sea el primer Mandatario que se re\u00fane con L\u00f3pez Obrador es \u201cuna <strong>declaraci\u00f3n de intenciones<\/strong>, de relanzar la cooperaci\u00f3n\u201d.<\/p>\n<blockquote>\n<p>\u201cAmigas y amigos nos da mucho gusto recibir al Presidente del Gobierno de Espa\u00f1a, Pedro S\u00e1nchez. Iniciamos pl\u00e1ticas entre los equipos de los dos gobiernos. Todo esto en el marco de la relaci\u00f3n de amistad que une a nuestros pueblos y que como lo manifest\u00e9 al Presidente ahora hay condiciones inmejorables para que la relaci\u00f3n de amistad en nuestros pueblos se exprese de la misma manera en la relaci\u00f3n de amistad, cooperaci\u00f3n, apoyo entre nuestros gobiernos\u201d, dijo esta tarde L\u00f3pez Obrador.<\/p>\n<\/blockquote>\n<p>Destac\u00f3 que el Presidente espa\u00f1ol \u201ces un hombre con vocaci\u00f3n democr\u00e1tica, con dimensi\u00f3n social, pertenece a un movimiento progresista, muy cercano, parecido a lo que nosotros representamos en M\u00e9xico\u201d.<\/p>\n<p>L\u00f3pez Obrador dijo que hay comprensi\u00f3n y respeto por parte de las dos naciones a la pol\u00edtica que cada administraci\u00f3n sigue al respecto de Venezuela, y dijo que tanto Espa\u00f1a como M\u00e9xico tienen coincidencia en hacer un llamado al di\u00e1logo para evitar la violencia, adem\u00e1s, se\u00f1al\u00f3 que estar\u00eda dispuesto a participar en una mediaci\u00f3n, en caso de que las partes involucradas lo soliciten, para solucionar el conflicto.<\/p>\n<p>A las preguntas sobre el conflicto en Venezuela, el Presidente del Gobierno espa\u00f1ol se\u00f1al\u00f3 que Espa\u00f1a seguir\u00e1 su pol\u00edtica exterior obedeciendo a su tradici\u00f3n y tomando en cuenta su tradici\u00f3n iberoamericana.<\/p>\n<p>Precis\u00f3 que el Gobierno de Espa\u00f1a busca salvaguardar una posici\u00f3n com\u00fan con la Uni\u00f3n Europea para que en Venezuela se pueda celebrar un proceso de di\u00e1logo con garant\u00edas suficientes para dar salida a la crisis.<\/p>\n<p>El Presidente de M\u00e9xico pidi\u00f3 adem\u00e1s a su hom\u00f3logo espa\u00f1ol que las empresas ib\u00e9ricas, y extranjeras en general, \u201ctengan un comportamieto \u00e9tico\u201d y que no act\u00faen en actos de corrupci\u00f3n y de soborno.<\/p>\n<blockquote>\n<p>\u201cEs una pr\u00e1ctica y una pol\u00edtica tambi\u00e9n del Gobierno de Espa\u00f1a, el que se act\u00fae con honestidad, el que se tengan un aut\u00e9ntico Estado de derecho, respeto a las leyes y no se permita la corrupci\u00f3n\u201d.<\/p>\n<\/blockquote>\n<p>En eso, a\u00f1adi\u00f3, hay ahora un buen entendimiento con el Gobierno de Espa\u00f1a. De modo, dijo L\u00f3pez Obrador, que no veo obst\u00e1culo para permitir las relaciones econ\u00f3micas entre M\u00e9xico y Espa\u00f1a.<\/p>\n<div id=\"attachment_3529428\" class=\"wp-caption alignnone\"><img loading=\"lazy\" decoding=\"async\" class=\"size-full wp-image-3529428\" src=\"https:\/\/www.sinembargo.mx\/wp-content\/uploads\/2019\/01\/amlo-sanchez-palacio.jpg\" sizes=\"auto, (max-width: 700px) 100vw, 700px\" srcset=\"https:\/\/www.sinembargo.mx\/wp-content\/uploads\/2019\/01\/amlo-sanchez-palacio.jpg 700w, https:\/\/www.sinembargo.mx\/wp-content\/uploads\/2019\/01\/amlo-sanchez-palacio-300x200.jpg 300w\" alt=\"\" width=\"700\" height=\"466\" \/><\/p>\n<p class=\"wp-caption-text\">El Presidente sostiene una reuni\u00f3n con su hom\u00f3logo en Palacio Nacional. Foto: Gobierno de la Rep\u00fablica<\/p>\n<\/div>\n<p>El Jefe del Ejecutivo Federal habl\u00f3 de que en M\u00e9xico se est\u00e1 iniciando la cuarta transformaci\u00f3n y que el prop\u00f3sito de ella \u201ces erradicar, acabar, con el principal problema de M\u00e9xico, lo que origin\u00f3 al crisis de M\u00e9xico, acabar con la corrupci\u00f3n en nuestro pa\u00eds\u201d.<\/p>\n<blockquote>\n<p>\u201cPensamos que si logramos limpiar de corrupci\u00f3n al pa\u00eds, se va a lograr el renacimiento de M\u00e9xico, en eso estriba en muy pocas palabra nuestra estrategia\u201d, dijo.<\/p>\n<\/blockquote>\n<p>Se\u00f1al\u00f3 que el complemento de su estrategia es que todo lo que se ahorre en el combate a la corrupci\u00f3n, \u201cque va a ser mucho\u201d, se va a destinar al bienestar del pueblo y a mejorar las condiciones de vida y trabajo del pa\u00eds.<\/p>\n<blockquote>\n<p>\u201cEn esto vamos a aplicar lo que distingui\u00f3 a Espa\u00f1a durante mucho tiempo, lo que signific\u00f3 un gran avance en la democracia en Espa\u00f1a, el estado de Bienestar. No s\u00f3lo fue importante en Espa\u00f1a sino en toda Europa\u201d, destac\u00f3.<\/p>\n<p>\u201cNo puedo opinar sobre las pol\u00edticas de cada pa\u00eds pero creo que las crisis de los pueblos y los problemas que han habido en Europa se han agravado porque se ha buscado socavar, desmantelar este estado de bienestar. Hay quienes de manera muy ligera, superficial, consideran esa pol\u00edtica anacr\u00f3nica, cuando ha sido el sost\u00e9n, la base para el desarrollo de los pueblos\u201d, indic\u00f3.<\/p>\n<\/blockquote>\n<div id=\"attachment_3529382\" class=\"wp-caption alignnone\"><img loading=\"lazy\" decoding=\"async\" class=\"size-full wp-image-3529382\" src=\"https:\/\/www.sinembargo.mx\/wp-content\/uploads\/2019\/01\/amlo-y-espancc83a.jpg\" sizes=\"auto, (max-width: 700px) 100vw, 700px\" srcset=\"https:\/\/www.sinembargo.mx\/wp-content\/uploads\/2019\/01\/amlo-y-espancc83a.jpg 700w, https:\/\/www.sinembargo.mx\/wp-content\/uploads\/2019\/01\/amlo-y-espancc83a-300x222.jpg 300w\" alt=\"\" width=\"700\" height=\"519\" \/><\/p>\n<p class=\"wp-caption-text\">A diferencia de otras recepciones, la comida para el Presidente espa\u00f1ol no ser\u00e1 en Palacio Nacional, se llevar\u00e1 a cabo en San Ildefonso. Foto: Gobierno de la Rep\u00fablica<\/p>\n<\/div>\n<p>El Presidente mexicano dijo que el pa\u00eds a partir de sus caracter\u00edsticas propias, va a fortalecer una estrategia de estado de bienestar.<\/p>\n<blockquote>\n<p>\u201cQueremos que el mexicano tenga seguridad desde que nace hasta que muere [\u2026] desde la cuna hasta la tumba\u201d, asegur\u00f3.<\/p>\n<\/blockquote>\n<p>Y habl\u00f3 de los programas sociales que su Gobierno impulsa: la pensi\u00f3n a los adultos mayores; las pensiones a personas con discapacidades; el derecho a la educaci\u00f3n.<\/p>\n<blockquote>\n<p>\u201cNos da mucho gusto que nos visite un Presidente de Espa\u00f1a cuyo movimiento impuls\u00f3 estas pol\u00edticas de bienestar. Entre otras cosas, eso nos identifica\u201d, dijo.<\/p>\n<\/blockquote>\n<p>El Presidente espa\u00f1ol, Pedro S\u00e1nchez, agradeci\u00f3 la acogida del Gobierno mexicano. Tambi\u00e9n se comprometi\u00f3 a luchar para que se cierre el acuerdo entre M\u00e9xico y la Uni\u00f3n Europea.<\/p>\n<blockquote>\n<p>\u201cAgradecerle el honor que dispensa al Gobierno de Espa\u00f1a que seamos el primer Gobierno extranjero que haya recibido el Gobierno de L\u00f3pez Obrador\u201d, dijo.<\/p>\n<\/blockquote>\n<p>Consider\u00f3 que no se trata de una coincidencia, sino de una \u201cuna declaraci\u00f3n de intenciones, de relanzar la cooperaci\u00f3n\u201d.<\/p>\n<blockquote>\n<p>\u201cEspa\u00f1a luchar\u00e1 para que acuerdo global entre la Uni\u00f3n Europa y M\u00e9xico salga cuanto antes\u201d, dijo.<\/p>\n<\/blockquote>\n<p>Se\u00f1al\u00f3 que en M\u00e9xico hay m\u00e1s de 6 mil empresas que tienen bases de operaciones en M\u00e9xico. Dijo que M\u00e9xico y Espa\u00f1a comparte muchos objetivos, como la lucha contra la desigualdad.<\/p>\n<p><strong>EL ENCUENTRO<\/strong><\/p>\n<p>El Presidente Andr\u00e9s Manuel L\u00f3pez Obrador recibi\u00f3 a su hom\u00f3logo,\u00a0Pedro S\u00e1nchez, en Palacio Nacional\u00a0 este mi\u00e9rcoles.<\/p>\n<p>El Presidente del Gobierno de Espa\u00f1a es el primer mandatario recibido oficialmente por L\u00f3pez Obrador desde que asumi\u00f3 la presidencia el pasado primero de diciembre.<\/p>\n<p>Se tiene previsto que despu\u00e9s de la reuni\u00f3n que los mandatarios sostienen en Palacio Nacional ofrezcan una conferencia de prensa. Posteriormente el Gobierno de M\u00e9xico dar\u00e1 una comida en el museo de San Ildefonso en honor del mandatario espa\u00f1ol.<\/p>\n<p>Por M\u00e9xico, en la reuni\u00f3n participan el Secretario de Relaciones Exteriores, Marcelo Ebrard Casaubon; la Secretaria de Gobernaci\u00f3n, Olga S\u00e1nchez Cordero; y el Secretario de Hacienda, Carlos Urz\u00faa Mac\u00edas.<\/p>\n<p>Por Espa\u00f1a, asisten el Embajador de Espa\u00f1a en M\u00e9xico, Juan L\u00f3pez-D\u00f3riga P\u00e9rez; Juan Pablo de Laiglesia, Secretario de Estado de Cooperaci\u00f3n Internacional y para Iberoam\u00e9rica y el Caribe del Gobierno espa\u00f1ol; y\u00a0Jos\u00e9 Manuel Albares, Secretario General de Asuntos Internacionales, Uni\u00f3n Europea, G20 y Seguridad Global.<\/p>\n<p>https:\/\/www.facebook.com\/lopezobrador.org.mx\/videos\/625207511243642\/<\/p>\n","protected":false},"excerpt":{"rendered":"<p>AMLO pide apoyo al Presidente de Espa\u00f1a para evitar que empresas ib\u00e9ricas ejerzan la corrupci\u00f3n<br \/>\nPor Redacci\u00f3n QP<\/p>\n","protected":false},"author":2,"featured_media":15618,"comment_status":"open","ping_status":"open","sticky":false,"template":"","format":"standard","meta":{"_monsterinsights_skip_tracking":false,"_monsterinsights_sitenote_active":false,"_monsterinsights_sitenote_note":"","_monsterinsights_sitenote_category":0,"footnotes":""},"categories":[2],"tags":[],"class_list":["post-15619","post","type-post","status-publish","format-standard","has-post-thumbnail","hentry","category-noticias"],"yoast_head":"<!-- This site is optimized with the Yoast SEO plugin v27.3 - https:\/\/yoast.com\/product\/yoast-seo-wordpress\/ -->\n<title>AMLO pide apoyo al Presidente de Espa\u00f1a para evitar que empresas ib\u00e9ricas ejerzan la corrupci\u00f3n -<\/title>\n<meta name=\"robots\" content=\"index, follow, max-snippet:-1, max-image-preview:large, max-video-preview:-1\" \/>\n<link rel=\"canonical\" href=\"https:\/\/quehacerpolitico.mx\/?p=15619\" \/>\n<meta property=\"og:locale\" content=\"es_MX\" \/>\n<meta property=\"og:type\" content=\"article\" \/>\n<meta property=\"og:title\" content=\"AMLO pide apoyo al Presidente de Espa\u00f1a para evitar que empresas ib\u00e9ricas ejerzan la corrupci\u00f3n -\" \/>\n<meta property=\"og:description\" content=\"AMLO pide apoyo al Presidente de Espa\u00f1a para evitar que empresas ib\u00e9ricas ejerzan la corrupci\u00f3n Por Redacci\u00f3n QP\" \/>\n<meta property=\"og:url\" content=\"https:\/\/quehacerpolitico.mx\/?p=15619\" \/>\n<meta property=\"article:published_time\" content=\"2019-01-30T23:36:33+00:00\" \/>\n<meta name=\"author\" content=\"Redacci\u00f3n QP\" \/>\n<meta name=\"twitter:card\" content=\"summary_large_image\" \/>\n<meta name=\"twitter:label1\" content=\"Escrito por\" \/>\n\t<meta name=\"twitter:data1\" content=\"Redacci\u00f3n QP\" \/>\n\t<meta name=\"twitter:label2\" content=\"Tiempo de lectura\" \/>\n\t<meta name=\"twitter:data2\" content=\"6 minutos\" \/>\n<script type=\"application\/ld+json\" class=\"yoast-schema-graph\">{\"@context\":\"https:\\\/\\\/schema.org\",\"@graph\":[{\"@type\":\"Article\",\"@id\":\"https:\\\/\\\/quehacerpolitico.mx\\\/?p=15619#article\",\"isPartOf\":{\"@id\":\"https:\\\/\\\/quehacerpolitico.mx\\\/?p=15619\"},\"author\":{\"name\":\"Redacci\u00f3n QP\",\"@id\":\"https:\\\/\\\/quehacerpolitico.mx\\\/#\\\/schema\\\/person\\\/496d8ad2d1d3f8036101dca7ee39e585\"},\"headline\":\"AMLO pide apoyo al Presidente de Espa\u00f1a para evitar que empresas ib\u00e9ricas ejerzan la corrupci\u00f3n\",\"datePublished\":\"2019-01-30T23:36:33+00:00\",\"mainEntityOfPage\":{\"@id\":\"https:\\\/\\\/quehacerpolitico.mx\\\/?p=15619\"},\"wordCount\":1227,\"commentCount\":0,\"image\":{\"@id\":\"https:\\\/\\\/quehacerpolitico.mx\\\/?p=15619#primaryimage\"},\"thumbnailUrl\":\"\",\"articleSection\":[\"Noticias\"],\"inLanguage\":\"es\",\"potentialAction\":[{\"@type\":\"CommentAction\",\"name\":\"Comment\",\"target\":[\"https:\\\/\\\/quehacerpolitico.mx\\\/?p=15619#respond\"]}]},{\"@type\":\"WebPage\",\"@id\":\"https:\\\/\\\/quehacerpolitico.mx\\\/?p=15619\",\"url\":\"https:\\\/\\\/quehacerpolitico.mx\\\/?p=15619\",\"name\":\"AMLO pide apoyo al Presidente de Espa\u00f1a para evitar que empresas ib\u00e9ricas ejerzan la corrupci\u00f3n -\",\"isPartOf\":{\"@id\":\"https:\\\/\\\/quehacerpolitico.mx\\\/#website\"},\"primaryImageOfPage\":{\"@id\":\"https:\\\/\\\/quehacerpolitico.mx\\\/?p=15619#primaryimage\"},\"image\":{\"@id\":\"https:\\\/\\\/quehacerpolitico.mx\\\/?p=15619#primaryimage\"},\"thumbnailUrl\":\"\",\"datePublished\":\"2019-01-30T23:36:33+00:00\",\"author\":{\"@id\":\"https:\\\/\\\/quehacerpolitico.mx\\\/#\\\/schema\\\/person\\\/496d8ad2d1d3f8036101dca7ee39e585\"},\"breadcrumb\":{\"@id\":\"https:\\\/\\\/quehacerpolitico.mx\\\/?p=15619#breadcrumb\"},\"inLanguage\":\"es\",\"potentialAction\":[{\"@type\":\"ReadAction\",\"target\":[\"https:\\\/\\\/quehacerpolitico.mx\\\/?p=15619\"]}]},{\"@type\":\"ImageObject\",\"inLanguage\":\"es\",\"@id\":\"https:\\\/\\\/quehacerpolitico.mx\\\/?p=15619#primaryimage\",\"url\":\"\",\"contentUrl\":\"\"},{\"@type\":\"BreadcrumbList\",\"@id\":\"https:\\\/\\\/quehacerpolitico.mx\\\/?p=15619#breadcrumb\",\"itemListElement\":[{\"@type\":\"ListItem\",\"position\":1,\"name\":\"Inicio\",\"item\":\"https:\\\/\\\/quehacerpolitico.mx\\\/\"},{\"@type\":\"ListItem\",\"position\":2,\"name\":\"AMLO pide apoyo al Presidente de Espa\u00f1a para evitar que empresas ib\u00e9ricas ejerzan la corrupci\u00f3n\"}]},{\"@type\":\"WebSite\",\"@id\":\"https:\\\/\\\/quehacerpolitico.mx\\\/#website\",\"url\":\"https:\\\/\\\/quehacerpolitico.mx\\\/\",\"name\":\"\",\"description\":\"\",\"potentialAction\":[{\"@type\":\"SearchAction\",\"target\":{\"@type\":\"EntryPoint\",\"urlTemplate\":\"https:\\\/\\\/quehacerpolitico.mx\\\/?s={search_term_string}\"},\"query-input\":{\"@type\":\"PropertyValueSpecification\",\"valueRequired\":true,\"valueName\":\"search_term_string\"}}],\"inLanguage\":\"es\"},{\"@type\":\"Person\",\"@id\":\"https:\\\/\\\/quehacerpolitico.mx\\\/#\\\/schema\\\/person\\\/496d8ad2d1d3f8036101dca7ee39e585\",\"name\":\"Redacci\u00f3n QP\",\"image\":{\"@type\":\"ImageObject\",\"inLanguage\":\"es\",\"@id\":\"https:\\\/\\\/secure.gravatar.com\\\/avatar\\\/c7164ed6fdec453195284ad24a5ae5b6e1eed2b848477fa2a4787ba9adf39a41?s=96&d=mm&r=g\",\"url\":\"https:\\\/\\\/secure.gravatar.com\\\/avatar\\\/c7164ed6fdec453195284ad24a5ae5b6e1eed2b848477fa2a4787ba9adf39a41?s=96&d=mm&r=g\",\"contentUrl\":\"https:\\\/\\\/secure.gravatar.com\\\/avatar\\\/c7164ed6fdec453195284ad24a5ae5b6e1eed2b848477fa2a4787ba9adf39a41?s=96&d=mm&r=g\",\"caption\":\"Redacci\u00f3n QP\"},\"url\":\"https:\\\/\\\/quehacerpolitico.mx\\\/?author=2\"}]}<\/script>\n<!-- \/ Yoast SEO plugin. -->","yoast_head_json":{"title":"AMLO pide apoyo al Presidente de Espa\u00f1a para evitar que empresas ib\u00e9ricas ejerzan la corrupci\u00f3n -","robots":{"index":"index","follow":"follow","max-snippet":"max-snippet:-1","max-image-preview":"max-image-preview:large","max-video-preview":"max-video-preview:-1"},"canonical":"https:\/\/quehacerpolitico.mx\/?p=15619","og_locale":"es_MX","og_type":"article","og_title":"AMLO pide apoyo al Presidente de Espa\u00f1a para evitar que empresas ib\u00e9ricas ejerzan la corrupci\u00f3n -","og_description":"AMLO pide apoyo al Presidente de Espa\u00f1a para evitar que empresas ib\u00e9ricas ejerzan la corrupci\u00f3n Por Redacci\u00f3n QP","og_url":"https:\/\/quehacerpolitico.mx\/?p=15619","article_published_time":"2019-01-30T23:36:33+00:00","author":"Redacci\u00f3n QP","twitter_card":"summary_large_image","twitter_misc":{"Escrito por":"Redacci\u00f3n QP","Tiempo de lectura":"6 minutos"},"schema":{"@context":"https:\/\/schema.org","@graph":[{"@type":"Article","@id":"https:\/\/quehacerpolitico.mx\/?p=15619#article","isPartOf":{"@id":"https:\/\/quehacerpolitico.mx\/?p=15619"},"author":{"name":"Redacci\u00f3n QP","@id":"https:\/\/quehacerpolitico.mx\/#\/schema\/person\/496d8ad2d1d3f8036101dca7ee39e585"},"headline":"AMLO pide apoyo al Presidente de Espa\u00f1a para evitar que empresas ib\u00e9ricas ejerzan la corrupci\u00f3n","datePublished":"2019-01-30T23:36:33+00:00","mainEntityOfPage":{"@id":"https:\/\/quehacerpolitico.mx\/?p=15619"},"wordCount":1227,"commentCount":0,"image":{"@id":"https:\/\/quehacerpolitico.mx\/?p=15619#primaryimage"},"thumbnailUrl":"","articleSection":["Noticias"],"inLanguage":"es","potentialAction":[{"@type":"CommentAction","name":"Comment","target":["https:\/\/quehacerpolitico.mx\/?p=15619#respond"]}]},{"@type":"WebPage","@id":"https:\/\/quehacerpolitico.mx\/?p=15619","url":"https:\/\/quehacerpolitico.mx\/?p=15619","name":"AMLO pide apoyo al Presidente de Espa\u00f1a para evitar que empresas ib\u00e9ricas ejerzan la corrupci\u00f3n -","isPartOf":{"@id":"https:\/\/quehacerpolitico.mx\/#website"},"primaryImageOfPage":{"@id":"https:\/\/quehacerpolitico.mx\/?p=15619#primaryimage"},"image":{"@id":"https:\/\/quehacerpolitico.mx\/?p=15619#primaryimage"},"thumbnailUrl":"","datePublished":"2019-01-30T23:36:33+00:00","author":{"@id":"https:\/\/quehacerpolitico.mx\/#\/schema\/person\/496d8ad2d1d3f8036101dca7ee39e585"},"breadcrumb":{"@id":"https:\/\/quehacerpolitico.mx\/?p=15619#breadcrumb"},"inLanguage":"es","potentialAction":[{"@type":"ReadAction","target":["https:\/\/quehacerpolitico.mx\/?p=15619"]}]},{"@type":"ImageObject","inLanguage":"es","@id":"https:\/\/quehacerpolitico.mx\/?p=15619#primaryimage","url":"","contentUrl":""},{"@type":"BreadcrumbList","@id":"https:\/\/quehacerpolitico.mx\/?p=15619#breadcrumb","itemListElement":[{"@type":"ListItem","position":1,"name":"Inicio","item":"https:\/\/quehacerpolitico.mx\/"},{"@type":"ListItem","position":2,"name":"AMLO pide apoyo al Presidente de Espa\u00f1a para evitar que empresas ib\u00e9ricas ejerzan la corrupci\u00f3n"}]},{"@type":"WebSite","@id":"https:\/\/quehacerpolitico.mx\/#website","url":"https:\/\/quehacerpolitico.mx\/","name":"","description":"","potentialAction":[{"@type":"SearchAction","target":{"@type":"EntryPoint","urlTemplate":"https:\/\/quehacerpolitico.mx\/?s={search_term_string}"},"query-input":{"@type":"PropertyValueSpecification","valueRequired":true,"valueName":"search_term_string"}}],"inLanguage":"es"},{"@type":"Person","@id":"https:\/\/quehacerpolitico.mx\/#\/schema\/person\/496d8ad2d1d3f8036101dca7ee39e585","name":"Redacci\u00f3n QP","image":{"@type":"ImageObject","inLanguage":"es","@id":"https:\/\/secure.gravatar.com\/avatar\/c7164ed6fdec453195284ad24a5ae5b6e1eed2b848477fa2a4787ba9adf39a41?s=96&d=mm&r=g","url":"https:\/\/secure.gravatar.com\/avatar\/c7164ed6fdec453195284ad24a5ae5b6e1eed2b848477fa2a4787ba9adf39a41?s=96&d=mm&r=g","contentUrl":"https:\/\/secure.gravatar.com\/avatar\/c7164ed6fdec453195284ad24a5ae5b6e1eed2b848477fa2a4787ba9adf39a41?s=96&d=mm&r=g","caption":"Redacci\u00f3n QP"},"url":"https:\/\/quehacerpolitico.mx\/?author=2"}]}},"featured_image_urls":{"full":"","thumbnail":"","medium":"","medium_large":"","large":"","1536x1536":"","2048x2048":"","covernews-featured":"","covernews-medium":""},"author_info":{"display_name":"Redacci\u00f3n QP","author_link":"https:\/\/quehacerpolitico.mx\/?author=2"},"category_info":"<a href=\"https:\/\/quehacerpolitico.mx\/?cat=2\" rel=\"category\">Noticias<\/a>","tag_info":"Noticias","comment_count":"0","_links":{"self":[{"href":"https:\/\/quehacerpolitico.mx\/index.php?rest_route=\/wp\/v2\/posts\/15619","targetHints":{"allow":["GET"]}}],"collection":[{"href":"https:\/\/quehacerpolitico.mx\/index.php?rest_route=\/wp\/v2\/posts"}],"about":[{"href":"https:\/\/quehacerpolitico.mx\/index.php?rest_route=\/wp\/v2\/types\/post"}],"author":[{"embeddable":true,"href":"https:\/\/quehacerpolitico.mx\/index.php?rest_route=\/wp\/v2\/users\/2"}],"replies":[{"embeddable":true,"href":"https:\/\/quehacerpolitico.mx\/index.php?rest_route=%2Fwp%2Fv2%2Fcomments&post=15619"}],"version-history":[{"count":0,"href":"https:\/\/quehacerpolitico.mx\/index.php?rest_route=\/wp\/v2\/posts\/15619\/revisions"}],"wp:featuredmedia":[{"embeddable":true,"href":"https:\/\/quehacerpolitico.mx\/index.php?rest_route=\/"}],"wp:attachment":[{"href":"https:\/\/quehacerpolitico.mx\/index.php?rest_route=%2Fwp%2Fv2%2Fmedia&parent=15619"}],"wp:term":[{"taxonomy":"category","embeddable":true,"href":"https:\/\/quehacerpolitico.mx\/index.php?rest_route=%2Fwp%2Fv2%2Fcategories&post=15619"},{"taxonomy":"post_tag","embeddable":true,"href":"https:\/\/quehacerpolitico.mx\/index.php?rest_route=%2Fwp%2Fv2%2Ftags&post=15619"}],"curies":[{"name":"wp","href":"https:\/\/api.w.org\/{rel}","templated":true}]}}