{"id":15615,"date":"2019-01-30T17:12:10","date_gmt":"2019-01-30T17:12:10","guid":{"rendered":"http:\/\/quehacerpolitico.mx\/amlo-truena-contra-fitch-y-las-calificadoras-donde-estaban-cuando-el-saqueo-de-pemex-dice\/"},"modified":"2019-01-30T17:12:10","modified_gmt":"2019-01-30T17:12:10","slug":"amlo-truena-contra-fitch-y-las-calificadoras-donde-estaban-cuando-el-saqueo-de-pemex-dice","status":"publish","type":"post","link":"https:\/\/quehacerpolitico.mx\/?p=15615","title":{"rendered":"AMLO truena contra Fitch y las calificadoras: \u00bfd\u00f3nde estaban cuando el saqueo de Pemex?, dice"},"content":{"rendered":"<h1>AMLO truena contra Fitch y las calificadoras: \u00bfd\u00f3nde estaban cuando el saqueo de Pemex?, dice<\/h1>\n<p>Por Redacci\u00f3n QP<\/p>\n<p>El Presidente Andr\u00e9s Manuel L\u00f3pez Obrador calific\u00f3 esta ma\u00f1ana de <strong>\u201chip\u00f3crita\u201d<\/strong> a la calificadora Fitch por bajar la <strong>calificaci\u00f3n de Petr\u00f3leos Mexicanos<\/strong> (Pemex), y de c\u00f3mplices por no haber alertado del saqueo a la paraestatal.<\/p>\n<p>Cuestion\u00f3 a las calificadoras en general, porque no advirtieron en el pasado el saqueo de la petrolera, avalaron una reforma que no sirvi\u00f3, y \u201cguardaron silencio\u201d, dijo, cuando la producci\u00f3n ca\u00eda. \u201cGuardaron un silencio c\u00f3mplice y ahora que estamos recuperando a Pemex salen con sus recomendaciones o tratando de calificar el desempe\u00f1o de Pemex. Los inversionistas con \u00e9tica saben muy bien que Pemex es una empresa s\u00f3lida porque es manejada con honestidad\u201d.<\/p>\n<p>Ayer Fitch Ratings emiti\u00f3 una baja en las calificaciones predeterminadas de emisoras en moneda local y extranjera a largo plazo Pemex de BBB+ a BBB-, la cual es la nota m\u00e1s baja posible dentro del grado de inversi\u00f3n.<\/p>\n<blockquote>\n<p>\u201cEs muy hip\u00f3crita lo que hacen estos organismos que permitieron el saqueo, que avalaron la llamada Reforma Energ\u00e9tica, que sab\u00edan que no lleg\u00f3 la inversi\u00f3n extranjera y que no se increment\u00f3 la inversi\u00f3n en Pemex, y que eso fue lo que produjo la ca\u00edda en la producci\u00f3n, y nunca dijeron nada, guardaron un silencio c\u00f3mplice\u201d, dijo esta ma\u00f1ana.<\/p>\n<\/blockquote>\n<p>L\u00f3pez Obrador critic\u00f3 que \u201cahora que estamos recuperando Pemex salen con sus recomendaciones, o tratando de calificar sobre el desempe\u00f1o de Pemex\u201d. Dijo que los \u201cinversionistas con \u00e9tica saben muy bien que Pemex es una empresa s\u00f3lida porque ya est\u00e1 manejada con honestidad\u201d.<\/p>\n<p>\u201cYo creo que Pemex est\u00e1 mejor que en los \u00faltimos 30 a\u00f1os porque el principal problema de Pemex era la corrupci\u00f3n y ya se est\u00e1 limpiando Pemex de corrupci\u00f3n. Pemex fue una empresa saqueada durante el periodo neoliberal. De las empresas m\u00e1s saqueadas del mundo, de las empresas con m\u00e1s corrupci\u00f3n del mundo. Y se esmeraron en destruir a Pemex. Pero por fortuna, como una bendici\u00f3n, el pueblo de M\u00e9xico decidi\u00f3 un cambio para sacar al pa\u00eds de la crisis, para acabar con la corrupci\u00f3n, y para rescatar a Pemex\u201d, dijo.<\/p>\n<p>\u201cPor eso Pemex tiene mucha fortaleza. No es alcanz\u00f3 a estos ambiciosos para terminar de destruir a Pemex. S\u00f3lo pudieron entregar el 20 por ciento del potencial de Pemex, del potencial que significa la riqueza petrolera de la Naci\u00f3n. Como cuando entra una banda de malhechores a un banco y suena una alarma. Eso fue la elecci\u00f3n del 1 de julio del a\u00f1o pasado. No alcanzan a llevarse todo. Lo que dejaron fue suficiente como para sacar adelante a Pemex y al pa\u00eds\u201d, agreg\u00f3.<\/p>\n<p>Tambi\u00e9n cuestion\u00f3 si esa calificadora tom\u00f3 en cuenta que se est\u00e1 ahorrando dinero por el combato al huachicol, que ayer dijo toc\u00f3 un nuevo m\u00ednimo de 6 mil barriles robados; o si tom\u00f3 en cuenta esa calificadora que por la intervenci\u00f3n de su Gobierno nos pudimos ahorrar el dinero que se ten\u00eda que devolver a una empresa por el IVA.<\/p>\n<blockquote>\n<p>\u201cTratan de desprestigiarnos cuando ahora M\u00e9xico tiene mucha fortaleza por su autoridad moral, en el pa\u00eds, al interior del pa\u00eds la gente se siente orgullosa de que se est\u00e1 enfrentado el problema de la corrupci\u00f3n y en el mundo somos un ejemplo\u201d, a\u00f1adi\u00f3.<\/p>\n<\/blockquote>\n<p>Dijo que s\u00ed le importa la calificaci\u00f3n, pero \u201cque no son jueces que sean infalibles los t\u00e9cnicos de las calificadoras y tenemos el derechos a disentir\u201d.<\/p>\n<p>Lopez Obrador tambi\u00e9n previ\u00f3 que este a\u00f1o M\u00e9xico crecer\u00e1 al doble, y dijo que ser\u00e1 un crecimiento del 4 por ciento. \u201cEn promedio vamos a creer al doble, es lo que pasa, y se los adelant\u00f3, que se tiene que tomar en consideraci\u00f3n, sab\u00edan que los considerandos de la Ley para permitir la entrega de contratos\u201d.<\/p>\n<p>AMLO tambi\u00e9n cuestion\u00f3 si los t\u00e9cnicos de Fitch tomaron en cuenta para las proyecciones de Pemex anteriores la promesa de que para estas fechas se iba a estar produciendo 3 millones de barriles.<\/p>\n<blockquote>\n<p>\u201c\u00bfCreyeron eso o fueron c\u00f3mplices del enga\u00f1o? Resulta que se est\u00e1n extrayendo un mill\u00f3n 720 mil barriles y hay una tendencia a la baja. \u00bfQu\u00e9 estamos haciendo, invirtiendo como nunca, y fortaleciendo a Pemex?\u201d, dijo. \u201cA Pemex se le quitaban todos sus recursos, ahora se les est\u00e1 reponiendo del presupuesto para que puedan invertir y a parte de lo que le pagaban a Hacienda, ya no lo van a pagar\u201d.<\/p>\n<\/blockquote>\n<p>Anunci\u00f3 que ya se est\u00e1n firmando contratos de perforaci\u00f3n de pozos, y que se va a invertir m\u00e1s y perforar tres veces m\u00e1s que el a\u00f1o pasado, se pasar\u00e1 de 50 pozos a 150. Dijo que este a\u00f1o Pemex tendr\u00e1 alrededor del 25 por ciento m\u00e1s de presupuesto, en comparaci\u00f3n con el a\u00f1o pasado, que provendr\u00e1n de recursos fiscales.<\/p>\n<p>\u201cTambi\u00e9n aprob\u00e9 un planteamiento de Hacienda para reducirle la carga fiscal a Pemex. Le estamos quitando la principal carga a Pemex, la que le va a dar m\u00e1s dinero, vamos a acabar con la corrupci\u00f3n en Pemex. Eso le va a significar potenciarse\u201d. Dijo que la corrupci\u00f3n se debe atender porque \u201ces much\u00edsimo dinero el que se va por el ca\u00f1o de la corrupci\u00f3n, m\u00e1s de lo que imaginamos\u201d. Se\u00f1al\u00f3 que va a invitar a las calificadores a que se re\u00fanan para informales sobre la corrupci\u00f3n en Pemex.<\/p>\n","protected":false},"excerpt":{"rendered":"<p>AMLO truena contra Fitch y las calificadoras: \u00bfd\u00f3nde estaban cuando el saqueo de Pemex?, dice<br \/>\nPor Redacci\u00f3n QP<\/p>\n","protected":false},"author":2,"featured_media":15614,"comment_status":"open","ping_status":"open","sticky":false,"template":"","format":"standard","meta":{"_monsterinsights_skip_tracking":false,"_monsterinsights_sitenote_active":false,"_monsterinsights_sitenote_note":"","_monsterinsights_sitenote_category":0,"footnotes":""},"categories":[2],"tags":[],"class_list":["post-15615","post","type-post","status-publish","format-standard","has-post-thumbnail","hentry","category-noticias"],"yoast_head":"<!-- This site is optimized with the Yoast SEO plugin v27.3 - https:\/\/yoast.com\/product\/yoast-seo-wordpress\/ -->\n<title>AMLO truena contra Fitch y las calificadoras: \u00bfd\u00f3nde estaban cuando el saqueo de Pemex?, dice -<\/title>\n<meta name=\"robots\" content=\"index, follow, max-snippet:-1, max-image-preview:large, max-video-preview:-1\" \/>\n<link rel=\"canonical\" href=\"https:\/\/quehacerpolitico.mx\/?p=15615\" \/>\n<meta property=\"og:locale\" content=\"es_MX\" \/>\n<meta property=\"og:type\" content=\"article\" \/>\n<meta property=\"og:title\" content=\"AMLO truena contra Fitch y las calificadoras: \u00bfd\u00f3nde estaban cuando el saqueo de Pemex?, dice -\" \/>\n<meta property=\"og:description\" content=\"AMLO truena contra Fitch y las calificadoras: \u00bfd\u00f3nde estaban cuando el saqueo de Pemex?, dice Por Redacci\u00f3n QP\" \/>\n<meta property=\"og:url\" content=\"https:\/\/quehacerpolitico.mx\/?p=15615\" \/>\n<meta property=\"article:published_time\" content=\"2019-01-30T17:12:10+00:00\" \/>\n<meta name=\"author\" content=\"Redacci\u00f3n QP\" \/>\n<meta name=\"twitter:card\" content=\"summary_large_image\" \/>\n<meta name=\"twitter:label1\" content=\"Escrito por\" \/>\n\t<meta name=\"twitter:data1\" content=\"Redacci\u00f3n QP\" \/>\n\t<meta name=\"twitter:label2\" content=\"Tiempo de lectura\" \/>\n\t<meta name=\"twitter:data2\" content=\"5 minutos\" \/>\n<script type=\"application\/ld+json\" class=\"yoast-schema-graph\">{\"@context\":\"https:\\\/\\\/schema.org\",\"@graph\":[{\"@type\":\"Article\",\"@id\":\"https:\\\/\\\/quehacerpolitico.mx\\\/?p=15615#article\",\"isPartOf\":{\"@id\":\"https:\\\/\\\/quehacerpolitico.mx\\\/?p=15615\"},\"author\":{\"name\":\"Redacci\u00f3n QP\",\"@id\":\"https:\\\/\\\/quehacerpolitico.mx\\\/#\\\/schema\\\/person\\\/496d8ad2d1d3f8036101dca7ee39e585\"},\"headline\":\"AMLO truena contra Fitch y las calificadoras: \u00bfd\u00f3nde estaban cuando el saqueo de Pemex?, dice\",\"datePublished\":\"2019-01-30T17:12:10+00:00\",\"mainEntityOfPage\":{\"@id\":\"https:\\\/\\\/quehacerpolitico.mx\\\/?p=15615\"},\"wordCount\":966,\"commentCount\":0,\"image\":{\"@id\":\"https:\\\/\\\/quehacerpolitico.mx\\\/?p=15615#primaryimage\"},\"thumbnailUrl\":\"\",\"articleSection\":[\"Noticias\"],\"inLanguage\":\"es\",\"potentialAction\":[{\"@type\":\"CommentAction\",\"name\":\"Comment\",\"target\":[\"https:\\\/\\\/quehacerpolitico.mx\\\/?p=15615#respond\"]}]},{\"@type\":\"WebPage\",\"@id\":\"https:\\\/\\\/quehacerpolitico.mx\\\/?p=15615\",\"url\":\"https:\\\/\\\/quehacerpolitico.mx\\\/?p=15615\",\"name\":\"AMLO truena contra Fitch y las calificadoras: \u00bfd\u00f3nde estaban cuando el saqueo de Pemex?, dice -\",\"isPartOf\":{\"@id\":\"https:\\\/\\\/quehacerpolitico.mx\\\/#website\"},\"primaryImageOfPage\":{\"@id\":\"https:\\\/\\\/quehacerpolitico.mx\\\/?p=15615#primaryimage\"},\"image\":{\"@id\":\"https:\\\/\\\/quehacerpolitico.mx\\\/?p=15615#primaryimage\"},\"thumbnailUrl\":\"\",\"datePublished\":\"2019-01-30T17:12:10+00:00\",\"author\":{\"@id\":\"https:\\\/\\\/quehacerpolitico.mx\\\/#\\\/schema\\\/person\\\/496d8ad2d1d3f8036101dca7ee39e585\"},\"breadcrumb\":{\"@id\":\"https:\\\/\\\/quehacerpolitico.mx\\\/?p=15615#breadcrumb\"},\"inLanguage\":\"es\",\"potentialAction\":[{\"@type\":\"ReadAction\",\"target\":[\"https:\\\/\\\/quehacerpolitico.mx\\\/?p=15615\"]}]},{\"@type\":\"ImageObject\",\"inLanguage\":\"es\",\"@id\":\"https:\\\/\\\/quehacerpolitico.mx\\\/?p=15615#primaryimage\",\"url\":\"\",\"contentUrl\":\"\"},{\"@type\":\"BreadcrumbList\",\"@id\":\"https:\\\/\\\/quehacerpolitico.mx\\\/?p=15615#breadcrumb\",\"itemListElement\":[{\"@type\":\"ListItem\",\"position\":1,\"name\":\"Inicio\",\"item\":\"https:\\\/\\\/quehacerpolitico.mx\\\/\"},{\"@type\":\"ListItem\",\"position\":2,\"name\":\"AMLO truena contra Fitch y las calificadoras: \u00bfd\u00f3nde estaban cuando el saqueo de Pemex?, dice\"}]},{\"@type\":\"WebSite\",\"@id\":\"https:\\\/\\\/quehacerpolitico.mx\\\/#website\",\"url\":\"https:\\\/\\\/quehacerpolitico.mx\\\/\",\"name\":\"\",\"description\":\"\",\"potentialAction\":[{\"@type\":\"SearchAction\",\"target\":{\"@type\":\"EntryPoint\",\"urlTemplate\":\"https:\\\/\\\/quehacerpolitico.mx\\\/?s={search_term_string}\"},\"query-input\":{\"@type\":\"PropertyValueSpecification\",\"valueRequired\":true,\"valueName\":\"search_term_string\"}}],\"inLanguage\":\"es\"},{\"@type\":\"Person\",\"@id\":\"https:\\\/\\\/quehacerpolitico.mx\\\/#\\\/schema\\\/person\\\/496d8ad2d1d3f8036101dca7ee39e585\",\"name\":\"Redacci\u00f3n QP\",\"image\":{\"@type\":\"ImageObject\",\"inLanguage\":\"es\",\"@id\":\"https:\\\/\\\/secure.gravatar.com\\\/avatar\\\/c7164ed6fdec453195284ad24a5ae5b6e1eed2b848477fa2a4787ba9adf39a41?s=96&d=mm&r=g\",\"url\":\"https:\\\/\\\/secure.gravatar.com\\\/avatar\\\/c7164ed6fdec453195284ad24a5ae5b6e1eed2b848477fa2a4787ba9adf39a41?s=96&d=mm&r=g\",\"contentUrl\":\"https:\\\/\\\/secure.gravatar.com\\\/avatar\\\/c7164ed6fdec453195284ad24a5ae5b6e1eed2b848477fa2a4787ba9adf39a41?s=96&d=mm&r=g\",\"caption\":\"Redacci\u00f3n QP\"},\"url\":\"https:\\\/\\\/quehacerpolitico.mx\\\/?author=2\"}]}<\/script>\n<!-- \/ Yoast SEO plugin. -->","yoast_head_json":{"title":"AMLO truena contra Fitch y las calificadoras: \u00bfd\u00f3nde estaban cuando el saqueo de Pemex?, dice -","robots":{"index":"index","follow":"follow","max-snippet":"max-snippet:-1","max-image-preview":"max-image-preview:large","max-video-preview":"max-video-preview:-1"},"canonical":"https:\/\/quehacerpolitico.mx\/?p=15615","og_locale":"es_MX","og_type":"article","og_title":"AMLO truena contra Fitch y las calificadoras: \u00bfd\u00f3nde estaban cuando el saqueo de Pemex?, dice -","og_description":"AMLO truena contra Fitch y las calificadoras: \u00bfd\u00f3nde estaban cuando el saqueo de Pemex?, dice Por Redacci\u00f3n QP","og_url":"https:\/\/quehacerpolitico.mx\/?p=15615","article_published_time":"2019-01-30T17:12:10+00:00","author":"Redacci\u00f3n QP","twitter_card":"summary_large_image","twitter_misc":{"Escrito por":"Redacci\u00f3n QP","Tiempo de lectura":"5 minutos"},"schema":{"@context":"https:\/\/schema.org","@graph":[{"@type":"Article","@id":"https:\/\/quehacerpolitico.mx\/?p=15615#article","isPartOf":{"@id":"https:\/\/quehacerpolitico.mx\/?p=15615"},"author":{"name":"Redacci\u00f3n QP","@id":"https:\/\/quehacerpolitico.mx\/#\/schema\/person\/496d8ad2d1d3f8036101dca7ee39e585"},"headline":"AMLO truena contra Fitch y las calificadoras: \u00bfd\u00f3nde estaban cuando el saqueo de Pemex?, dice","datePublished":"2019-01-30T17:12:10+00:00","mainEntityOfPage":{"@id":"https:\/\/quehacerpolitico.mx\/?p=15615"},"wordCount":966,"commentCount":0,"image":{"@id":"https:\/\/quehacerpolitico.mx\/?p=15615#primaryimage"},"thumbnailUrl":"","articleSection":["Noticias"],"inLanguage":"es","potentialAction":[{"@type":"CommentAction","name":"Comment","target":["https:\/\/quehacerpolitico.mx\/?p=15615#respond"]}]},{"@type":"WebPage","@id":"https:\/\/quehacerpolitico.mx\/?p=15615","url":"https:\/\/quehacerpolitico.mx\/?p=15615","name":"AMLO truena contra Fitch y las calificadoras: \u00bfd\u00f3nde estaban cuando el saqueo de Pemex?, dice -","isPartOf":{"@id":"https:\/\/quehacerpolitico.mx\/#website"},"primaryImageOfPage":{"@id":"https:\/\/quehacerpolitico.mx\/?p=15615#primaryimage"},"image":{"@id":"https:\/\/quehacerpolitico.mx\/?p=15615#primaryimage"},"thumbnailUrl":"","datePublished":"2019-01-30T17:12:10+00:00","author":{"@id":"https:\/\/quehacerpolitico.mx\/#\/schema\/person\/496d8ad2d1d3f8036101dca7ee39e585"},"breadcrumb":{"@id":"https:\/\/quehacerpolitico.mx\/?p=15615#breadcrumb"},"inLanguage":"es","potentialAction":[{"@type":"ReadAction","target":["https:\/\/quehacerpolitico.mx\/?p=15615"]}]},{"@type":"ImageObject","inLanguage":"es","@id":"https:\/\/quehacerpolitico.mx\/?p=15615#primaryimage","url":"","contentUrl":""},{"@type":"BreadcrumbList","@id":"https:\/\/quehacerpolitico.mx\/?p=15615#breadcrumb","itemListElement":[{"@type":"ListItem","position":1,"name":"Inicio","item":"https:\/\/quehacerpolitico.mx\/"},{"@type":"ListItem","position":2,"name":"AMLO truena contra Fitch y las calificadoras: \u00bfd\u00f3nde estaban cuando el saqueo de Pemex?, dice"}]},{"@type":"WebSite","@id":"https:\/\/quehacerpolitico.mx\/#website","url":"https:\/\/quehacerpolitico.mx\/","name":"","description":"","potentialAction":[{"@type":"SearchAction","target":{"@type":"EntryPoint","urlTemplate":"https:\/\/quehacerpolitico.mx\/?s={search_term_string}"},"query-input":{"@type":"PropertyValueSpecification","valueRequired":true,"valueName":"search_term_string"}}],"inLanguage":"es"},{"@type":"Person","@id":"https:\/\/quehacerpolitico.mx\/#\/schema\/person\/496d8ad2d1d3f8036101dca7ee39e585","name":"Redacci\u00f3n QP","image":{"@type":"ImageObject","inLanguage":"es","@id":"https:\/\/secure.gravatar.com\/avatar\/c7164ed6fdec453195284ad24a5ae5b6e1eed2b848477fa2a4787ba9adf39a41?s=96&d=mm&r=g","url":"https:\/\/secure.gravatar.com\/avatar\/c7164ed6fdec453195284ad24a5ae5b6e1eed2b848477fa2a4787ba9adf39a41?s=96&d=mm&r=g","contentUrl":"https:\/\/secure.gravatar.com\/avatar\/c7164ed6fdec453195284ad24a5ae5b6e1eed2b848477fa2a4787ba9adf39a41?s=96&d=mm&r=g","caption":"Redacci\u00f3n QP"},"url":"https:\/\/quehacerpolitico.mx\/?author=2"}]}},"featured_image_urls":{"full":"","thumbnail":"","medium":"","medium_large":"","large":"","1536x1536":"","2048x2048":"","covernews-featured":"","covernews-medium":""},"author_info":{"display_name":"Redacci\u00f3n QP","author_link":"https:\/\/quehacerpolitico.mx\/?author=2"},"category_info":"<a href=\"https:\/\/quehacerpolitico.mx\/?cat=2\" rel=\"category\">Noticias<\/a>","tag_info":"Noticias","comment_count":"0","_links":{"self":[{"href":"https:\/\/quehacerpolitico.mx\/index.php?rest_route=\/wp\/v2\/posts\/15615","targetHints":{"allow":["GET"]}}],"collection":[{"href":"https:\/\/quehacerpolitico.mx\/index.php?rest_route=\/wp\/v2\/posts"}],"about":[{"href":"https:\/\/quehacerpolitico.mx\/index.php?rest_route=\/wp\/v2\/types\/post"}],"author":[{"embeddable":true,"href":"https:\/\/quehacerpolitico.mx\/index.php?rest_route=\/wp\/v2\/users\/2"}],"replies":[{"embeddable":true,"href":"https:\/\/quehacerpolitico.mx\/index.php?rest_route=%2Fwp%2Fv2%2Fcomments&post=15615"}],"version-history":[{"count":0,"href":"https:\/\/quehacerpolitico.mx\/index.php?rest_route=\/wp\/v2\/posts\/15615\/revisions"}],"wp:featuredmedia":[{"embeddable":true,"href":"https:\/\/quehacerpolitico.mx\/index.php?rest_route=\/"}],"wp:attachment":[{"href":"https:\/\/quehacerpolitico.mx\/index.php?rest_route=%2Fwp%2Fv2%2Fmedia&parent=15615"}],"wp:term":[{"taxonomy":"category","embeddable":true,"href":"https:\/\/quehacerpolitico.mx\/index.php?rest_route=%2Fwp%2Fv2%2Fcategories&post=15615"},{"taxonomy":"post_tag","embeddable":true,"href":"https:\/\/quehacerpolitico.mx\/index.php?rest_route=%2Fwp%2Fv2%2Ftags&post=15615"}],"curies":[{"name":"wp","href":"https:\/\/api.w.org\/{rel}","templated":true}]}}